{"id":1153,"date":"2023-10-18T12:25:01","date_gmt":"2023-10-18T10:25:01","guid":{"rendered":"https:\/\/innova.campogalego.gal\/?p=1153"},"modified":"2023-10-18T12:25:01","modified_gmt":"2023-10-18T10:25:01","slug":"charla-sobre-huertos-urbanos-como-espacios-de-relacion","status":"publish","type":"post","link":"https:\/\/innova.campogalego.gal\/es\/agricultura-es\/charla-sobre-huertos-urbanos-como-espacios-de-relacion.html","title":{"rendered":"Charla sobre huertos urbanos como espacios de relaci\u00f3n"},"content":{"rendered":"<p><img decoding=\"async\" loading=\"lazy\" src=\"data:image\/gif;base64,R0lGODlhAQABAAAAACH5BAEKAAEALAAAAAABAAEAAAICTAEAOw==\" alt=\"\" width=\"263\" height=\"300\" class=\"alignright size-medium wp-image-1149 lazyload\" sizes=\"(max-width:767px) 263px, 263px\" data-src=\"https:\/\/innova.campogalego.gal\/wp-content\/uploads\/2023\/10\/vertical-charlahortas-2023-10-18-263x300.jpg\" data-srcset=\"https:\/\/innova.campogalego.gal\/wp-content\/uploads\/2023\/10\/vertical-charlahortas-2023-10-18-263x300.jpg 263w, https:\/\/innova.campogalego.gal\/wp-content\/uploads\/2023\/10\/vertical-charlahortas-2023-10-18.jpg 350w\"><br \/>\n&#8216;Los huertos urbanos como espacios relacionales&#8217;, as\u00ed se titula la ponencia, organizada por el Campus Terra (USC), que ofrecer\u00e1 el antrop\u00f3logo social y cultural y profesor en la Universidad Aut\u00f3noma de Barcelona Jos\u00e9 A. Mansilla. La sesi\u00f3n ser\u00e1 el jueves 19 de octubre y podr\u00e1 seguirse a trav\u00e9s de la plataforma <a href=\"https:\/\/bit.ly\/HuertosUrbanosEspRel2023?r=qr\" rel=\"noopener\" target=\"_blank\">Ms Teams<\/a>. <\/p>\n<p>Esta charla est\u00e1 al amparo del proyecto &#8216;Nuevos modelos de huertas en Lugo y su entorno: saber agroecol\u00f3gicos, seguridad alimentaria y resiliencia local&#8217;, que cuenta con la colaboraci\u00f3n del Campus Terra de la USC y en el que participan, entre otros investigadores, las profesoras Ana Cabana y Elena Freire. <\/p>\n","protected":false},"excerpt":{"rendered":"<p>&#8216;Los huertos urbanos como espacios relacionales&#8217;, as\u00ed se titula la ponencia, organizada por el Campus Terra (USC), que ofrecer\u00e1 el antrop\u00f3logo social y cultural y profesor<span class=\"excerpt-hellip\"> [\u2026]<\/span><\/p>\n","protected":false},"author":7,"featured_media":1147,"comment_status":"open","ping_status":"open","sticky":false,"template":"","format":"standard","meta":{"footnotes":""},"categories":[86],"tags":[183],"acf":[],"yoast_head":"<!-- This site is optimized with the Yoast SEO plugin v21.2 - https:\/\/yoast.com\/wordpress\/plugins\/seo\/ -->\n<title>Charla sobre huertos urbanos como espacios de relaci\u00f3n - Innova - Campo Galego<\/title>\n<meta name=\"robots\" content=\"index, follow, max-snippet:-1, max-image-preview:large, max-video-preview:-1\" \/>\n<link rel=\"canonical\" href=\"https:\/\/innova.campogalego.gal\/es\/agricultura-es\/charla-sobre-huertos-urbanos-como-espacios-de-relacion.html\" \/>\n<meta property=\"og:locale\" content=\"es_ES\" \/>\n<meta property=\"og:type\" content=\"article\" \/>\n<meta property=\"og:title\" content=\"Charla sobre huertos urbanos como espacios de relaci\u00f3n - Innova - Campo Galego\" \/>\n<meta property=\"og:description\" content=\"&#8216;Los huertos urbanos como espacios relacionales&#8217;, as\u00ed se titula la ponencia, organizada por el Campus Terra (USC), que ofrecer\u00e1 el antrop\u00f3logo social y cultural y profesor [\u2026]\" \/>\n<meta property=\"og:url\" content=\"https:\/\/innova.campogalego.gal\/es\/agricultura-es\/charla-sobre-huertos-urbanos-como-espacios-de-relacion.html\" \/>\n<meta property=\"og:site_name\" content=\"Innova - Campo Galego\" \/>\n<meta property=\"article:published_time\" content=\"2023-10-18T10:25:01+00:00\" \/>\n<meta property=\"og:image\" content=\"https:\/\/innova.campogalego.gal\/wp-content\/uploads\/2023\/10\/charla-hortas-usc-2023-10-18.jpg\" \/>\n\t<meta property=\"og:image:width\" content=\"1200\" \/>\n\t<meta property=\"og:image:height\" content=\"800\" \/>\n\t<meta property=\"og:image:type\" content=\"image\/jpeg\" \/>\n<meta name=\"author\" content=\"noelia\" \/>\n<meta name=\"twitter:card\" content=\"summary_large_image\" \/>\n<meta name=\"twitter:label1\" content=\"Escrito por\" \/>\n\t<meta name=\"twitter:data1\" content=\"noelia\" \/>\n\t<meta name=\"twitter:label2\" content=\"Tiempo de lectura\" \/>\n\t<meta name=\"twitter:data2\" content=\"1 minuto\" \/>\n<script type=\"application\/ld+json\" class=\"yoast-schema-graph\">{\"@context\":\"https:\/\/schema.org\",\"@graph\":[{\"@type\":\"WebPage\",\"@id\":\"https:\/\/innova.campogalego.gal\/es\/agricultura-es\/charla-sobre-huertos-urbanos-como-espacios-de-relacion.html\",\"url\":\"https:\/\/innova.campogalego.gal\/es\/agricultura-es\/charla-sobre-huertos-urbanos-como-espacios-de-relacion.html\",\"name\":\"Charla sobre huertos urbanos como espacios de relaci\u00f3n - Innova - Campo Galego\",\"isPartOf\":{\"@id\":\"https:\/\/innova.campogalego.gal\/es#website\"},\"datePublished\":\"2023-10-18T10:25:01+00:00\",\"dateModified\":\"2023-10-18T10:25:01+00:00\",\"author\":{\"@id\":\"https:\/\/innova.campogalego.gal\/es#\/schema\/person\/5f73832eaae2d2d2fe19cdf56f76e921\"},\"breadcrumb\":{\"@id\":\"https:\/\/innova.campogalego.gal\/es\/agricultura-es\/charla-sobre-huertos-urbanos-como-espacios-de-relacion.html#breadcrumb\"},\"inLanguage\":\"es\",\"potentialAction\":[{\"@type\":\"ReadAction\",\"target\":[\"https:\/\/innova.campogalego.gal\/es\/agricultura-es\/charla-sobre-huertos-urbanos-como-espacios-de-relacion.html\"]}]},{\"@type\":\"BreadcrumbList\",\"@id\":\"https:\/\/innova.campogalego.gal\/es\/agricultura-es\/charla-sobre-huertos-urbanos-como-espacios-de-relacion.html#breadcrumb\",\"itemListElement\":[{\"@type\":\"ListItem\",\"position\":1,\"name\":\"Portada\",\"item\":\"https:\/\/innova.campogalego.gal\/es\"},{\"@type\":\"ListItem\",\"position\":2,\"name\":\"Charla sobre huertos urbanos como espacios de relaci\u00f3n\"}]},{\"@type\":\"WebSite\",\"@id\":\"https:\/\/innova.campogalego.gal\/es#website\",\"url\":\"https:\/\/innova.campogalego.gal\/es\",\"name\":\"Innova - Campo Galego\",\"description\":\"\",\"potentialAction\":[{\"@type\":\"SearchAction\",\"target\":{\"@type\":\"EntryPoint\",\"urlTemplate\":\"https:\/\/innova.campogalego.gal\/es?s={search_term_string}\"},\"query-input\":\"required name=search_term_string\"}],\"inLanguage\":\"es\"},{\"@type\":\"Person\",\"@id\":\"https:\/\/innova.campogalego.gal\/es#\/schema\/person\/5f73832eaae2d2d2fe19cdf56f76e921\",\"name\":\"noelia\",\"image\":{\"@type\":\"ImageObject\",\"inLanguage\":\"es\",\"@id\":\"https:\/\/innova.campogalego.gal\/es#\/schema\/person\/image\/\",\"url\":\"https:\/\/secure.gravatar.com\/avatar\/b4912756e566b19c7962f96cfebbb102?s=96&d=mm&r=g\",\"contentUrl\":\"https:\/\/secure.gravatar.com\/avatar\/b4912756e566b19c7962f96cfebbb102?s=96&d=mm&r=g\",\"caption\":\"noelia\"},\"url\":\"https:\/\/innova.campogalego.gal\/es\/author\/noelia\"}]}<\/script>\n<!-- \/ Yoast SEO plugin. -->","yoast_head_json":{"title":"Charla sobre huertos urbanos como espacios de relaci\u00f3n - Innova - Campo Galego","robots":{"index":"index","follow":"follow","max-snippet":"max-snippet:-1","max-image-preview":"max-image-preview:large","max-video-preview":"max-video-preview:-1"},"canonical":"https:\/\/innova.campogalego.gal\/es\/agricultura-es\/charla-sobre-huertos-urbanos-como-espacios-de-relacion.html","og_locale":"es_ES","og_type":"article","og_title":"Charla sobre huertos urbanos como espacios de relaci\u00f3n - Innova - Campo Galego","og_description":"&#8216;Los huertos urbanos como espacios relacionales&#8217;, as\u00ed se titula la ponencia, organizada por el Campus Terra (USC), que ofrecer\u00e1 el antrop\u00f3logo social y cultural y profesor [\u2026]","og_url":"https:\/\/innova.campogalego.gal\/es\/agricultura-es\/charla-sobre-huertos-urbanos-como-espacios-de-relacion.html","og_site_name":"Innova - Campo Galego","article_published_time":"2023-10-18T10:25:01+00:00","og_image":[{"width":1200,"height":800,"url":"https:\/\/innova.campogalego.gal\/wp-content\/uploads\/2023\/10\/charla-hortas-usc-2023-10-18.jpg","type":"image\/jpeg"}],"author":"noelia","twitter_card":"summary_large_image","twitter_misc":{"Escrito por":"noelia","Tiempo de lectura":"1 minuto"},"schema":{"@context":"https:\/\/schema.org","@graph":[{"@type":"WebPage","@id":"https:\/\/innova.campogalego.gal\/es\/agricultura-es\/charla-sobre-huertos-urbanos-como-espacios-de-relacion.html","url":"https:\/\/innova.campogalego.gal\/es\/agricultura-es\/charla-sobre-huertos-urbanos-como-espacios-de-relacion.html","name":"Charla sobre huertos urbanos como espacios de relaci\u00f3n - Innova - Campo Galego","isPartOf":{"@id":"https:\/\/innova.campogalego.gal\/es#website"},"datePublished":"2023-10-18T10:25:01+00:00","dateModified":"2023-10-18T10:25:01+00:00","author":{"@id":"https:\/\/innova.campogalego.gal\/es#\/schema\/person\/5f73832eaae2d2d2fe19cdf56f76e921"},"breadcrumb":{"@id":"https:\/\/innova.campogalego.gal\/es\/agricultura-es\/charla-sobre-huertos-urbanos-como-espacios-de-relacion.html#breadcrumb"},"inLanguage":"es","potentialAction":[{"@type":"ReadAction","target":["https:\/\/innova.campogalego.gal\/es\/agricultura-es\/charla-sobre-huertos-urbanos-como-espacios-de-relacion.html"]}]},{"@type":"BreadcrumbList","@id":"https:\/\/innova.campogalego.gal\/es\/agricultura-es\/charla-sobre-huertos-urbanos-como-espacios-de-relacion.html#breadcrumb","itemListElement":[{"@type":"ListItem","position":1,"name":"Portada","item":"https:\/\/innova.campogalego.gal\/es"},{"@type":"ListItem","position":2,"name":"Charla sobre huertos urbanos como espacios de relaci\u00f3n"}]},{"@type":"WebSite","@id":"https:\/\/innova.campogalego.gal\/es#website","url":"https:\/\/innova.campogalego.gal\/es","name":"Innova - Campo Galego","description":"","potentialAction":[{"@type":"SearchAction","target":{"@type":"EntryPoint","urlTemplate":"https:\/\/innova.campogalego.gal\/es?s={search_term_string}"},"query-input":"required name=search_term_string"}],"inLanguage":"es"},{"@type":"Person","@id":"https:\/\/innova.campogalego.gal\/es#\/schema\/person\/5f73832eaae2d2d2fe19cdf56f76e921","name":"noelia","image":{"@type":"ImageObject","inLanguage":"es","@id":"https:\/\/innova.campogalego.gal\/es#\/schema\/person\/image\/","url":"https:\/\/secure.gravatar.com\/avatar\/b4912756e566b19c7962f96cfebbb102?s=96&d=mm&r=g","contentUrl":"https:\/\/secure.gravatar.com\/avatar\/b4912756e566b19c7962f96cfebbb102?s=96&d=mm&r=g","caption":"noelia"},"url":"https:\/\/innova.campogalego.gal\/es\/author\/noelia"}]}},"_links":{"self":[{"href":"https:\/\/innova.campogalego.gal\/es\/wp-json\/wp\/v2\/posts\/1153"}],"collection":[{"href":"https:\/\/innova.campogalego.gal\/es\/wp-json\/wp\/v2\/posts"}],"about":[{"href":"https:\/\/innova.campogalego.gal\/es\/wp-json\/wp\/v2\/types\/post"}],"author":[{"embeddable":true,"href":"https:\/\/innova.campogalego.gal\/es\/wp-json\/wp\/v2\/users\/7"}],"replies":[{"embeddable":true,"href":"https:\/\/innova.campogalego.gal\/es\/wp-json\/wp\/v2\/comments?post=1153"}],"version-history":[{"count":2,"href":"https:\/\/innova.campogalego.gal\/es\/wp-json\/wp\/v2\/posts\/1153\/revisions"}],"predecessor-version":[{"id":1184,"href":"https:\/\/innova.campogalego.gal\/es\/wp-json\/wp\/v2\/posts\/1153\/revisions\/1184"}],"wp:featuredmedia":[{"embeddable":true,"href":"https:\/\/innova.campogalego.gal\/es\/wp-json\/wp\/v2\/media\/1147"}],"wp:attachment":[{"href":"https:\/\/innova.campogalego.gal\/es\/wp-json\/wp\/v2\/media?parent=1153"}],"wp:term":[{"taxonomy":"category","embeddable":true,"href":"https:\/\/innova.campogalego.gal\/es\/wp-json\/wp\/v2\/categories?post=1153"},{"taxonomy":"post_tag","embeddable":true,"href":"https:\/\/innova.campogalego.gal\/es\/wp-json\/wp\/v2\/tags?post=1153"}],"curies":[{"name":"wp","href":"https:\/\/api.w.org\/{rel}","templated":true}]}}