{"id":1438,"date":"2023-11-07T11:08:44","date_gmt":"2023-11-07T10:08:44","guid":{"rendered":"https:\/\/innova.campogalego.gal\/?p=1438"},"modified":"2023-11-07T11:08:44","modified_gmt":"2023-11-07T10:08:44","slug":"se-abre-la-convocatoria-de-la-iii-terra-creative-jam-en-la-que-buscan-proyectos-para-reinventar-el-medio-rural","status":"publish","type":"post","link":"https:\/\/innova.campogalego.gal\/es\/campus-terra-es\/se-abre-la-convocatoria-de-la-iii-terra-creative-jam-en-la-que-buscan-proyectos-para-reinventar-el-medio-rural.html","title":{"rendered":"Se abre la convocatoria de la III Terra Creative Jam en la que buscan proyectos para reinventar el medio rural"},"content":{"rendered":"<div id=\"attachment_1434\" style=\"width: 1210px\" class=\"wp-caption aligncenter\"><img aria-describedby=\"caption-attachment-1434\" decoding=\"async\" loading=\"lazy\" class=\"size-full wp-image-1434 lazyload\" src=\"data:image\/gif;base64,R0lGODlhAQABAAAAACH5BAEKAAEALAAAAAABAAEAAAICTAEAOw==\" alt=\"\" width=\"1200\" height=\"750\" sizes=\"(max-width:767px) 480px, (max-width:1200px) 100vw, 1200px\" data-src=\"https:\/\/innova.campogalego.gal\/wp-content\/uploads\/2023\/11\/interior_terraUSC.jpg\" data-srcset=\"https:\/\/innova.campogalego.gal\/wp-content\/uploads\/2023\/11\/interior_terraUSC.jpg 1200w, https:\/\/innova.campogalego.gal\/wp-content\/uploads\/2023\/11\/interior_terraUSC-300x188.jpg 300w, https:\/\/innova.campogalego.gal\/wp-content\/uploads\/2023\/11\/interior_terraUSC-1024x640.jpg 1024w\"><p id=\"caption-attachment-1434\" class=\"wp-caption-text\">Participantes de la segunda edici\u00f3n de la Terra Creative Jam<\/p><\/div>\n<p>La residencia universitaria Jes\u00fas Bal y Gay, de la sede de la Universidad de Santiago de Compostela (USC) de Lugo, acoger\u00e1 la tercera edici\u00f3n de la <strong><a href=\"https:\/\/terracreativejam.com\/\" target=\"_blank\" rel=\"noopener\">Terra Creative Jam<\/a><\/strong>, un evento creativo y de generaci\u00f3n de ideas innovadoras para reinventar el rural. Esta actividad est\u00e1 organizada por el Campus Terra de la USC y el \u00e1rea de Valorizaci\u00f3n, Transferencia y Emprendimiento (AVTE) de la USC junto con la incubadora Lug Open Factory. El <strong><a href=\"https:\/\/terracreativejam.com\/programa\/\" target=\"_blank\" rel=\"noopener\">programa<\/a><\/strong> se llevar\u00e1 a cabo los d\u00edas 18 y 19 de noviembre y ya se puede formalizar la <strong><a href=\"https:\/\/terracreativejam.com\/rexistro\/\" target=\"_blank\" rel=\"noopener\">inscripci\u00f3n<\/a><\/strong> hasta el 17 de noviembre a las 14:00 horas y es totalmente gratuita.<\/p>\n<p>La III Terra Creative Jam est\u00e1 dirigida a estudiantes y titulados de la sede universitaria luguesa y tambi\u00e9n de los campus de Compostela. El programa abordar\u00e1 varias tem\u00e1ticas como la econom\u00eda verde, la producci\u00f3n eficiente y sostenible; la educaci\u00f3n inclusiva y de igualdad; el emprendimiento digital y uso de las TICS en el rural; las industrias creativas y sector audiovisual; la alimentaci\u00f3n y vida saludable y la busca del bienestar animal y mejora de los ecosistemas. Todos los servicios y productos que desarrollen deber\u00e1n estar ligados a las tem\u00e1ticas propuestas.<\/p>\n<p><strong>Premios para los mejores proyectos<\/strong><br \/>\nLos participantes tendr\u00e1n que hacer equipo y contar\u00e1n con una primera jornada de ideaci\u00f3n, con juegos de creaci\u00f3n de ideas y proyectos sostenibles, formaci\u00f3n con <em>workshops<\/em> espec\u00edficos, prototipos con m\u00e1quinas 3D, gamificaci\u00f3n, drones, realidad virtual y podcast y actividades deportivas con kayak en el r\u00edo y escalada en el roc\u00f3dromo. La segunda jornada consistir\u00e1 en un Hackaton, en el que las personas participantes, agrupadas por equipos, trabajar\u00e1n en su prototipo para crear su soluci\u00f3n y exponerla delante del jurado.<\/p>\n<p>Los tres mejores prototipos de proyecto tendr\u00e1n una plaza para todo equipo en la Residencia formativa Lof Talent y en el Programa de emprendimiento Explorer USC. Adem\u00e1s, cada uno de los miembros del equipo ganador recibir\u00e1 varios premios como c\u00e1maras tipo GoPro, impresoras 3D-mini y tablets, entre otros.<\/p>\n","protected":false},"excerpt":{"rendered":"<p>La residencia universitaria Jes\u00fas Bal y Gay, de la sede de la Universidad de Santiago de Compostela (USC) de Lugo, acoger\u00e1 la tercera edici\u00f3n de la<span class=\"excerpt-hellip\"> [\u2026]<\/span><\/p>\n","protected":false},"author":7,"featured_media":1436,"comment_status":"open","ping_status":"open","sticky":false,"template":"","format":"standard","meta":{"footnotes":""},"categories":[92],"tags":[230],"acf":[],"yoast_head":"<!-- This site is optimized with the Yoast SEO plugin v21.2 - https:\/\/yoast.com\/wordpress\/plugins\/seo\/ -->\n<title>Se abre la convocatoria de la III Terra Creative Jam en la que buscan proyectos para reinventar el medio rural - Innova - Campo Galego<\/title>\n<meta name=\"robots\" content=\"index, follow, max-snippet:-1, max-image-preview:large, max-video-preview:-1\" \/>\n<link rel=\"canonical\" href=\"https:\/\/innova.campogalego.gal\/es\/campus-terra-es\/se-abre-la-convocatoria-de-la-iii-terra-creative-jam-en-la-que-buscan-proyectos-para-reinventar-el-medio-rural.html\" \/>\n<meta property=\"og:locale\" content=\"es_ES\" \/>\n<meta property=\"og:type\" content=\"article\" \/>\n<meta property=\"og:title\" content=\"Se abre la convocatoria de la III Terra Creative Jam en la que buscan proyectos para reinventar el medio rural - Innova - Campo Galego\" \/>\n<meta property=\"og:description\" content=\"La residencia universitaria Jes\u00fas Bal y Gay, de la sede de la Universidad de Santiago de Compostela (USC) de Lugo, acoger\u00e1 la tercera edici\u00f3n de la [\u2026]\" \/>\n<meta property=\"og:url\" content=\"https:\/\/innova.campogalego.gal\/es\/campus-terra-es\/se-abre-la-convocatoria-de-la-iii-terra-creative-jam-en-la-que-buscan-proyectos-para-reinventar-el-medio-rural.html\" \/>\n<meta property=\"og:site_name\" content=\"Innova - Campo Galego\" \/>\n<meta property=\"article:published_time\" content=\"2023-11-07T10:08:44+00:00\" \/>\n<meta property=\"og:image\" content=\"https:\/\/innova.campogalego.gal\/wp-content\/uploads\/2023\/11\/portada_terra.jpg\" \/>\n\t<meta property=\"og:image:width\" content=\"1200\" \/>\n\t<meta property=\"og:image:height\" content=\"800\" \/>\n\t<meta property=\"og:image:type\" content=\"image\/jpeg\" \/>\n<meta name=\"author\" content=\"noelia\" \/>\n<meta name=\"twitter:card\" content=\"summary_large_image\" \/>\n<meta name=\"twitter:label1\" content=\"Escrito por\" \/>\n\t<meta name=\"twitter:data1\" content=\"noelia\" \/>\n\t<meta name=\"twitter:label2\" content=\"Tiempo de lectura\" \/>\n\t<meta name=\"twitter:data2\" content=\"3 minutos\" \/>\n<script type=\"application\/ld+json\" class=\"yoast-schema-graph\">{\"@context\":\"https:\/\/schema.org\",\"@graph\":[{\"@type\":\"WebPage\",\"@id\":\"https:\/\/innova.campogalego.gal\/es\/campus-terra-es\/se-abre-la-convocatoria-de-la-iii-terra-creative-jam-en-la-que-buscan-proyectos-para-reinventar-el-medio-rural.html\",\"url\":\"https:\/\/innova.campogalego.gal\/es\/campus-terra-es\/se-abre-la-convocatoria-de-la-iii-terra-creative-jam-en-la-que-buscan-proyectos-para-reinventar-el-medio-rural.html\",\"name\":\"Se abre la convocatoria de la III Terra Creative Jam en la que buscan proyectos para reinventar el medio rural - Innova - Campo Galego\",\"isPartOf\":{\"@id\":\"https:\/\/innova.campogalego.gal\/es#website\"},\"datePublished\":\"2023-11-07T10:08:44+00:00\",\"dateModified\":\"2023-11-07T10:08:44+00:00\",\"author\":{\"@id\":\"https:\/\/innova.campogalego.gal\/es#\/schema\/person\/5f73832eaae2d2d2fe19cdf56f76e921\"},\"breadcrumb\":{\"@id\":\"https:\/\/innova.campogalego.gal\/es\/campus-terra-es\/se-abre-la-convocatoria-de-la-iii-terra-creative-jam-en-la-que-buscan-proyectos-para-reinventar-el-medio-rural.html#breadcrumb\"},\"inLanguage\":\"es\",\"potentialAction\":[{\"@type\":\"ReadAction\",\"target\":[\"https:\/\/innova.campogalego.gal\/es\/campus-terra-es\/se-abre-la-convocatoria-de-la-iii-terra-creative-jam-en-la-que-buscan-proyectos-para-reinventar-el-medio-rural.html\"]}]},{\"@type\":\"BreadcrumbList\",\"@id\":\"https:\/\/innova.campogalego.gal\/es\/campus-terra-es\/se-abre-la-convocatoria-de-la-iii-terra-creative-jam-en-la-que-buscan-proyectos-para-reinventar-el-medio-rural.html#breadcrumb\",\"itemListElement\":[{\"@type\":\"ListItem\",\"position\":1,\"name\":\"Portada\",\"item\":\"https:\/\/innova.campogalego.gal\/es\"},{\"@type\":\"ListItem\",\"position\":2,\"name\":\"Se abre la convocatoria de la III Terra Creative Jam en la que buscan proyectos para reinventar el medio rural\"}]},{\"@type\":\"WebSite\",\"@id\":\"https:\/\/innova.campogalego.gal\/es#website\",\"url\":\"https:\/\/innova.campogalego.gal\/es\",\"name\":\"Innova - Campo Galego\",\"description\":\"\",\"potentialAction\":[{\"@type\":\"SearchAction\",\"target\":{\"@type\":\"EntryPoint\",\"urlTemplate\":\"https:\/\/innova.campogalego.gal\/es?s={search_term_string}\"},\"query-input\":\"required name=search_term_string\"}],\"inLanguage\":\"es\"},{\"@type\":\"Person\",\"@id\":\"https:\/\/innova.campogalego.gal\/es#\/schema\/person\/5f73832eaae2d2d2fe19cdf56f76e921\",\"name\":\"noelia\",\"image\":{\"@type\":\"ImageObject\",\"inLanguage\":\"es\",\"@id\":\"https:\/\/innova.campogalego.gal\/es#\/schema\/person\/image\/\",\"url\":\"https:\/\/secure.gravatar.com\/avatar\/b4912756e566b19c7962f96cfebbb102?s=96&d=mm&r=g\",\"contentUrl\":\"https:\/\/secure.gravatar.com\/avatar\/b4912756e566b19c7962f96cfebbb102?s=96&d=mm&r=g\",\"caption\":\"noelia\"},\"url\":\"https:\/\/innova.campogalego.gal\/es\/author\/noelia\"}]}<\/script>\n<!-- \/ Yoast SEO plugin. -->","yoast_head_json":{"title":"Se abre la convocatoria de la III Terra Creative Jam en la que buscan proyectos para reinventar el medio rural - Innova - Campo Galego","robots":{"index":"index","follow":"follow","max-snippet":"max-snippet:-1","max-image-preview":"max-image-preview:large","max-video-preview":"max-video-preview:-1"},"canonical":"https:\/\/innova.campogalego.gal\/es\/campus-terra-es\/se-abre-la-convocatoria-de-la-iii-terra-creative-jam-en-la-que-buscan-proyectos-para-reinventar-el-medio-rural.html","og_locale":"es_ES","og_type":"article","og_title":"Se abre la convocatoria de la III Terra Creative Jam en la que buscan proyectos para reinventar el medio rural - Innova - Campo Galego","og_description":"La residencia universitaria Jes\u00fas Bal y Gay, de la sede de la Universidad de Santiago de Compostela (USC) de Lugo, acoger\u00e1 la tercera edici\u00f3n de la [\u2026]","og_url":"https:\/\/innova.campogalego.gal\/es\/campus-terra-es\/se-abre-la-convocatoria-de-la-iii-terra-creative-jam-en-la-que-buscan-proyectos-para-reinventar-el-medio-rural.html","og_site_name":"Innova - Campo Galego","article_published_time":"2023-11-07T10:08:44+00:00","og_image":[{"width":1200,"height":800,"url":"https:\/\/innova.campogalego.gal\/wp-content\/uploads\/2023\/11\/portada_terra.jpg","type":"image\/jpeg"}],"author":"noelia","twitter_card":"summary_large_image","twitter_misc":{"Escrito por":"noelia","Tiempo de lectura":"3 minutos"},"schema":{"@context":"https:\/\/schema.org","@graph":[{"@type":"WebPage","@id":"https:\/\/innova.campogalego.gal\/es\/campus-terra-es\/se-abre-la-convocatoria-de-la-iii-terra-creative-jam-en-la-que-buscan-proyectos-para-reinventar-el-medio-rural.html","url":"https:\/\/innova.campogalego.gal\/es\/campus-terra-es\/se-abre-la-convocatoria-de-la-iii-terra-creative-jam-en-la-que-buscan-proyectos-para-reinventar-el-medio-rural.html","name":"Se abre la convocatoria de la III Terra Creative Jam en la que buscan proyectos para reinventar el medio rural - Innova - Campo Galego","isPartOf":{"@id":"https:\/\/innova.campogalego.gal\/es#website"},"datePublished":"2023-11-07T10:08:44+00:00","dateModified":"2023-11-07T10:08:44+00:00","author":{"@id":"https:\/\/innova.campogalego.gal\/es#\/schema\/person\/5f73832eaae2d2d2fe19cdf56f76e921"},"breadcrumb":{"@id":"https:\/\/innova.campogalego.gal\/es\/campus-terra-es\/se-abre-la-convocatoria-de-la-iii-terra-creative-jam-en-la-que-buscan-proyectos-para-reinventar-el-medio-rural.html#breadcrumb"},"inLanguage":"es","potentialAction":[{"@type":"ReadAction","target":["https:\/\/innova.campogalego.gal\/es\/campus-terra-es\/se-abre-la-convocatoria-de-la-iii-terra-creative-jam-en-la-que-buscan-proyectos-para-reinventar-el-medio-rural.html"]}]},{"@type":"BreadcrumbList","@id":"https:\/\/innova.campogalego.gal\/es\/campus-terra-es\/se-abre-la-convocatoria-de-la-iii-terra-creative-jam-en-la-que-buscan-proyectos-para-reinventar-el-medio-rural.html#breadcrumb","itemListElement":[{"@type":"ListItem","position":1,"name":"Portada","item":"https:\/\/innova.campogalego.gal\/es"},{"@type":"ListItem","position":2,"name":"Se abre la convocatoria de la III Terra Creative Jam en la que buscan proyectos para reinventar el medio rural"}]},{"@type":"WebSite","@id":"https:\/\/innova.campogalego.gal\/es#website","url":"https:\/\/innova.campogalego.gal\/es","name":"Innova - Campo Galego","description":"","potentialAction":[{"@type":"SearchAction","target":{"@type":"EntryPoint","urlTemplate":"https:\/\/innova.campogalego.gal\/es?s={search_term_string}"},"query-input":"required name=search_term_string"}],"inLanguage":"es"},{"@type":"Person","@id":"https:\/\/innova.campogalego.gal\/es#\/schema\/person\/5f73832eaae2d2d2fe19cdf56f76e921","name":"noelia","image":{"@type":"ImageObject","inLanguage":"es","@id":"https:\/\/innova.campogalego.gal\/es#\/schema\/person\/image\/","url":"https:\/\/secure.gravatar.com\/avatar\/b4912756e566b19c7962f96cfebbb102?s=96&d=mm&r=g","contentUrl":"https:\/\/secure.gravatar.com\/avatar\/b4912756e566b19c7962f96cfebbb102?s=96&d=mm&r=g","caption":"noelia"},"url":"https:\/\/innova.campogalego.gal\/es\/author\/noelia"}]}},"_links":{"self":[{"href":"https:\/\/innova.campogalego.gal\/es\/wp-json\/wp\/v2\/posts\/1438"}],"collection":[{"href":"https:\/\/innova.campogalego.gal\/es\/wp-json\/wp\/v2\/posts"}],"about":[{"href":"https:\/\/innova.campogalego.gal\/es\/wp-json\/wp\/v2\/types\/post"}],"author":[{"embeddable":true,"href":"https:\/\/innova.campogalego.gal\/es\/wp-json\/wp\/v2\/users\/7"}],"replies":[{"embeddable":true,"href":"https:\/\/innova.campogalego.gal\/es\/wp-json\/wp\/v2\/comments?post=1438"}],"version-history":[{"count":2,"href":"https:\/\/innova.campogalego.gal\/es\/wp-json\/wp\/v2\/posts\/1438\/revisions"}],"predecessor-version":[{"id":1444,"href":"https:\/\/innova.campogalego.gal\/es\/wp-json\/wp\/v2\/posts\/1438\/revisions\/1444"}],"wp:featuredmedia":[{"embeddable":true,"href":"https:\/\/innova.campogalego.gal\/es\/wp-json\/wp\/v2\/media\/1436"}],"wp:attachment":[{"href":"https:\/\/innova.campogalego.gal\/es\/wp-json\/wp\/v2\/media?parent=1438"}],"wp:term":[{"taxonomy":"category","embeddable":true,"href":"https:\/\/innova.campogalego.gal\/es\/wp-json\/wp\/v2\/categories?post=1438"},{"taxonomy":"post_tag","embeddable":true,"href":"https:\/\/innova.campogalego.gal\/es\/wp-json\/wp\/v2\/tags?post=1438"}],"curies":[{"name":"wp","href":"https:\/\/api.w.org\/{rel}","templated":true}]}}