{"id":1451,"date":"2023-11-07T12:08:43","date_gmt":"2023-11-07T11:08:43","guid":{"rendered":"https:\/\/innova.campogalego.gal\/?p=1451"},"modified":"2023-11-07T12:12:58","modified_gmt":"2023-11-07T11:12:58","slug":"jornada-sobre-fertilizacion-sostenible-y-estado-nutricional-de-los-suelos-viticolas-gallegos","status":"publish","type":"post","link":"https:\/\/innova.campogalego.gal\/es\/vina-es\/jornada-sobre-fertilizacion-sostenible-y-estado-nutricional-de-los-suelos-viticolas-gallegos.html","title":{"rendered":"Jornada sobre fertilizaci\u00f3n sostenible y estado nutricional de los suelos vit\u00edcolas gallegos"},"content":{"rendered":"<p><strong><a href=\"https:\/\/costeira.wine\/\" target=\"_blank\" rel=\"noopener\">Vi\u00f1a Costeira<\/a><\/strong>, <strong><a href=\"https:\/\/pacolola.com\/\" target=\"_blank\" rel=\"noopener\">Cooperativa Vitivin\u00edcola Arousana<\/a><\/strong>, <strong><a href=\"https:\/\/evega.xunta.gal\/\" target=\"_blank\" rel=\"noopener\">Estaci\u00f3n de Viticultura y Enolog\u00eda de Galicia (AGACAL-EVEGA)<\/a><\/strong> y <strong><a href=\"https:\/\/www.usc.gal\/es\" target=\"_blank\" rel=\"noopener\">Universidad de Santiago de Compostela (USC)<\/a><\/strong>, a trav\u00e9s del grupo de Proyectos y Planificaci\u00f3n, integran el proyecto piloto <strong>Vi\u00f1@SoStible<\/strong>. Esta iniciativa expondr\u00e1 los trabajos llevados a cabo hasta el momento en un acto que tendr\u00e1 lugar en el Pazo de Toubes el 23 de noviembre a las 10:00 horas. Para asistir es necesario hacer previa <strong><a href=\"https:\/\/forms.office.com\/pages\/responsepage.aspx?id=4gx-Ad_6PUezkXmwKcMA_YdQy4dSX5RGh-1FZ2zSl81UM1I0UjBUTVZQSjdJOU1EWkdMWFo3T1dPQi4u\" target=\"_blank\" rel=\"noopener\">inscripci\u00f3n<\/a><\/strong>, ya que cuenta con 60 plazas.<\/p>\n<p>El proyecto surgi\u00f3 en 2021 con el objetivo de valorar la viabilidad de obtenci\u00f3n de vinos de calidad altamente sostenibles en base al empleo de subproductos vitivin\u00edcolas como mejorantes de la fertilidad del suelo. Trabajaron con dos coproductos susceptibles de valorizar, como son los restos de madera procedentes de la poda de la vid y el bagazo resultante de los procesos enol\u00f3gicos.<\/p>\n<p>As\u00ed mismo, abordar\u00e1n el proyecto Fertisos en el que se encuentra la EVEGA. Esta iniciativa naci\u00f3 2022 con la finalidad de dise\u00f1ar un nuevo programa de fertilizaci\u00f3n org\u00e1nica sostenible para cultivos de secano y regad\u00edo mediante el empleo de diferentes tipos de pur\u00edn procedentes de explotaciones ganaderas.<\/p>\n<p>El evento contar\u00e1 con las ponencias de los cuatro integrantes, a los que se suma la colaboraci\u00f3n de la <strong><a href=\"https:\/\/www.feuga.es\/\">Fundaci\u00f3n Empresa Universidad de Galicia<\/a><\/strong>. Adem\u00e1s, habr\u00e1 una ponente invitada que profundizar\u00e1 sobre los retos de la fertilizaci\u00f3n de los vi\u00f1edos gallegos.<\/p>\n<p>El proyecto dispone de un presupuesto total de 187.499 euros y tiene subvencionados 149.999 euros. Est\u00e1 financiado por la convocatoria de ayudas para el apoyo de proyectos piloto, desarrollo de nuevos productos, pr\u00e1cticas, procesos y tecnolog\u00eda en el \u00e1mbito agroforestal, cofinanciadas en un 75 % por el Fondo Europeo Agr\u00edcola de Desarrollo Rural (FEADER), en el marco del Programa de Desarrollo Rural (PDR) de Galicia 2014-2020.<br \/>\n<img decoding=\"async\" loading=\"lazy\" class=\"aligncenter size-full wp-image-1448 lazyload\" src=\"data:image\/gif;base64,R0lGODlhAQABAAAAACH5BAEKAAEALAAAAAABAAEAAAICTAEAOw==\" alt=\"\" width=\"800\" height=\"1200\" sizes=\"(max-width:767px) 480px, (max-width:800px) 100vw, 800px\" data-src=\"https:\/\/innova.campogalego.gal\/wp-content\/uploads\/2023\/11\/Programa-VinaSoStible.jpg\" data-srcset=\"https:\/\/innova.campogalego.gal\/wp-content\/uploads\/2023\/11\/Programa-VinaSoStible.jpg 800w, https:\/\/innova.campogalego.gal\/wp-content\/uploads\/2023\/11\/Programa-VinaSoStible-200x300.jpg 200w, https:\/\/innova.campogalego.gal\/wp-content\/uploads\/2023\/11\/Programa-VinaSoStible-683x1024.jpg 683w\"><\/p>\n","protected":false},"excerpt":{"rendered":"<p>Vi\u00f1a Costeira, Cooperativa Vitivin\u00edcola Arousana, Estaci\u00f3n de Viticultura y Enolog\u00eda de Galicia (AGACAL-EVEGA) y Universidad de Santiago de Compostela (USC), a trav\u00e9s del grupo de Proyectos<span class=\"excerpt-hellip\"> [\u2026]<\/span><\/p>\n","protected":false},"author":7,"featured_media":1458,"comment_status":"open","ping_status":"open","sticky":false,"template":"","format":"standard","meta":{"footnotes":""},"categories":[91],"tags":[188,177,232],"acf":[],"yoast_head":"<!-- This site is optimized with the Yoast SEO plugin v21.2 - https:\/\/yoast.com\/wordpress\/plugins\/seo\/ -->\n<title>Jornada sobre fertilizaci\u00f3n sostenible y estado nutricional de los suelos vit\u00edcolas gallegos - Innova - Campo Galego<\/title>\n<meta name=\"robots\" content=\"index, follow, max-snippet:-1, max-image-preview:large, max-video-preview:-1\" \/>\n<link rel=\"canonical\" href=\"https:\/\/innova.campogalego.gal\/es\/vina-es\/jornada-sobre-fertilizacion-sostenible-y-estado-nutricional-de-los-suelos-viticolas-gallegos.html\" \/>\n<meta property=\"og:locale\" content=\"es_ES\" \/>\n<meta property=\"og:type\" content=\"article\" \/>\n<meta property=\"og:title\" content=\"Jornada sobre fertilizaci\u00f3n sostenible y estado nutricional de los suelos vit\u00edcolas gallegos - Innova - Campo Galego\" \/>\n<meta property=\"og:description\" content=\"Vi\u00f1a Costeira, Cooperativa Vitivin\u00edcola Arousana, Estaci\u00f3n de Viticultura y Enolog\u00eda de Galicia (AGACAL-EVEGA) y Universidad de Santiago de Compostela (USC), a trav\u00e9s del grupo de Proyectos [\u2026]\" \/>\n<meta property=\"og:url\" content=\"https:\/\/innova.campogalego.gal\/es\/vina-es\/jornada-sobre-fertilizacion-sostenible-y-estado-nutricional-de-los-suelos-viticolas-gallegos.html\" \/>\n<meta property=\"og:site_name\" content=\"Innova - Campo Galego\" \/>\n<meta property=\"article:published_time\" content=\"2023-11-07T11:08:43+00:00\" \/>\n<meta property=\"article:modified_time\" content=\"2023-11-07T11:12:58+00:00\" \/>\n<meta property=\"og:image\" content=\"https:\/\/innova.campogalego.gal\/wp-content\/uploads\/2023\/11\/valdeorras-vinedo-primavera-cepado-1.jpg\" \/>\n\t<meta property=\"og:image:width\" content=\"660\" \/>\n\t<meta property=\"og:image:height\" content=\"440\" \/>\n\t<meta property=\"og:image:type\" content=\"image\/jpeg\" \/>\n<meta name=\"author\" content=\"noelia\" \/>\n<meta name=\"twitter:card\" content=\"summary_large_image\" \/>\n<meta name=\"twitter:label1\" content=\"Escrito por\" \/>\n\t<meta name=\"twitter:data1\" content=\"noelia\" \/>\n\t<meta name=\"twitter:label2\" content=\"Tiempo de lectura\" \/>\n\t<meta name=\"twitter:data2\" content=\"2 minutos\" \/>\n<script type=\"application\/ld+json\" class=\"yoast-schema-graph\">{\"@context\":\"https:\/\/schema.org\",\"@graph\":[{\"@type\":\"WebPage\",\"@id\":\"https:\/\/innova.campogalego.gal\/es\/vina-es\/jornada-sobre-fertilizacion-sostenible-y-estado-nutricional-de-los-suelos-viticolas-gallegos.html\",\"url\":\"https:\/\/innova.campogalego.gal\/es\/vina-es\/jornada-sobre-fertilizacion-sostenible-y-estado-nutricional-de-los-suelos-viticolas-gallegos.html\",\"name\":\"Jornada sobre fertilizaci\u00f3n sostenible y estado nutricional de los suelos vit\u00edcolas gallegos - Innova - Campo Galego\",\"isPartOf\":{\"@id\":\"https:\/\/innova.campogalego.gal\/es#website\"},\"datePublished\":\"2023-11-07T11:08:43+00:00\",\"dateModified\":\"2023-11-07T11:12:58+00:00\",\"author\":{\"@id\":\"https:\/\/innova.campogalego.gal\/es#\/schema\/person\/5f73832eaae2d2d2fe19cdf56f76e921\"},\"breadcrumb\":{\"@id\":\"https:\/\/innova.campogalego.gal\/es\/vina-es\/jornada-sobre-fertilizacion-sostenible-y-estado-nutricional-de-los-suelos-viticolas-gallegos.html#breadcrumb\"},\"inLanguage\":\"es\",\"potentialAction\":[{\"@type\":\"ReadAction\",\"target\":[\"https:\/\/innova.campogalego.gal\/es\/vina-es\/jornada-sobre-fertilizacion-sostenible-y-estado-nutricional-de-los-suelos-viticolas-gallegos.html\"]}]},{\"@type\":\"BreadcrumbList\",\"@id\":\"https:\/\/innova.campogalego.gal\/es\/vina-es\/jornada-sobre-fertilizacion-sostenible-y-estado-nutricional-de-los-suelos-viticolas-gallegos.html#breadcrumb\",\"itemListElement\":[{\"@type\":\"ListItem\",\"position\":1,\"name\":\"Portada\",\"item\":\"https:\/\/innova.campogalego.gal\/es\"},{\"@type\":\"ListItem\",\"position\":2,\"name\":\"Jornada sobre fertilizaci\u00f3n sostenible y estado nutricional de los suelos vit\u00edcolas gallegos\"}]},{\"@type\":\"WebSite\",\"@id\":\"https:\/\/innova.campogalego.gal\/es#website\",\"url\":\"https:\/\/innova.campogalego.gal\/es\",\"name\":\"Innova - Campo Galego\",\"description\":\"\",\"potentialAction\":[{\"@type\":\"SearchAction\",\"target\":{\"@type\":\"EntryPoint\",\"urlTemplate\":\"https:\/\/innova.campogalego.gal\/es?s={search_term_string}\"},\"query-input\":\"required name=search_term_string\"}],\"inLanguage\":\"es\"},{\"@type\":\"Person\",\"@id\":\"https:\/\/innova.campogalego.gal\/es#\/schema\/person\/5f73832eaae2d2d2fe19cdf56f76e921\",\"name\":\"noelia\",\"image\":{\"@type\":\"ImageObject\",\"inLanguage\":\"es\",\"@id\":\"https:\/\/innova.campogalego.gal\/es#\/schema\/person\/image\/\",\"url\":\"https:\/\/secure.gravatar.com\/avatar\/b4912756e566b19c7962f96cfebbb102?s=96&d=mm&r=g\",\"contentUrl\":\"https:\/\/secure.gravatar.com\/avatar\/b4912756e566b19c7962f96cfebbb102?s=96&d=mm&r=g\",\"caption\":\"noelia\"},\"url\":\"https:\/\/innova.campogalego.gal\/es\/author\/noelia\"}]}<\/script>\n<!-- \/ Yoast SEO plugin. -->","yoast_head_json":{"title":"Jornada sobre fertilizaci\u00f3n sostenible y estado nutricional de los suelos vit\u00edcolas gallegos - Innova - Campo Galego","robots":{"index":"index","follow":"follow","max-snippet":"max-snippet:-1","max-image-preview":"max-image-preview:large","max-video-preview":"max-video-preview:-1"},"canonical":"https:\/\/innova.campogalego.gal\/es\/vina-es\/jornada-sobre-fertilizacion-sostenible-y-estado-nutricional-de-los-suelos-viticolas-gallegos.html","og_locale":"es_ES","og_type":"article","og_title":"Jornada sobre fertilizaci\u00f3n sostenible y estado nutricional de los suelos vit\u00edcolas gallegos - Innova - Campo Galego","og_description":"Vi\u00f1a Costeira, Cooperativa Vitivin\u00edcola Arousana, Estaci\u00f3n de Viticultura y Enolog\u00eda de Galicia (AGACAL-EVEGA) y Universidad de Santiago de Compostela (USC), a trav\u00e9s del grupo de Proyectos [\u2026]","og_url":"https:\/\/innova.campogalego.gal\/es\/vina-es\/jornada-sobre-fertilizacion-sostenible-y-estado-nutricional-de-los-suelos-viticolas-gallegos.html","og_site_name":"Innova - Campo Galego","article_published_time":"2023-11-07T11:08:43+00:00","article_modified_time":"2023-11-07T11:12:58+00:00","og_image":[{"width":660,"height":440,"url":"https:\/\/innova.campogalego.gal\/wp-content\/uploads\/2023\/11\/valdeorras-vinedo-primavera-cepado-1.jpg","type":"image\/jpeg"}],"author":"noelia","twitter_card":"summary_large_image","twitter_misc":{"Escrito por":"noelia","Tiempo de lectura":"2 minutos"},"schema":{"@context":"https:\/\/schema.org","@graph":[{"@type":"WebPage","@id":"https:\/\/innova.campogalego.gal\/es\/vina-es\/jornada-sobre-fertilizacion-sostenible-y-estado-nutricional-de-los-suelos-viticolas-gallegos.html","url":"https:\/\/innova.campogalego.gal\/es\/vina-es\/jornada-sobre-fertilizacion-sostenible-y-estado-nutricional-de-los-suelos-viticolas-gallegos.html","name":"Jornada sobre fertilizaci\u00f3n sostenible y estado nutricional de los suelos vit\u00edcolas gallegos - Innova - Campo Galego","isPartOf":{"@id":"https:\/\/innova.campogalego.gal\/es#website"},"datePublished":"2023-11-07T11:08:43+00:00","dateModified":"2023-11-07T11:12:58+00:00","author":{"@id":"https:\/\/innova.campogalego.gal\/es#\/schema\/person\/5f73832eaae2d2d2fe19cdf56f76e921"},"breadcrumb":{"@id":"https:\/\/innova.campogalego.gal\/es\/vina-es\/jornada-sobre-fertilizacion-sostenible-y-estado-nutricional-de-los-suelos-viticolas-gallegos.html#breadcrumb"},"inLanguage":"es","potentialAction":[{"@type":"ReadAction","target":["https:\/\/innova.campogalego.gal\/es\/vina-es\/jornada-sobre-fertilizacion-sostenible-y-estado-nutricional-de-los-suelos-viticolas-gallegos.html"]}]},{"@type":"BreadcrumbList","@id":"https:\/\/innova.campogalego.gal\/es\/vina-es\/jornada-sobre-fertilizacion-sostenible-y-estado-nutricional-de-los-suelos-viticolas-gallegos.html#breadcrumb","itemListElement":[{"@type":"ListItem","position":1,"name":"Portada","item":"https:\/\/innova.campogalego.gal\/es"},{"@type":"ListItem","position":2,"name":"Jornada sobre fertilizaci\u00f3n sostenible y estado nutricional de los suelos vit\u00edcolas gallegos"}]},{"@type":"WebSite","@id":"https:\/\/innova.campogalego.gal\/es#website","url":"https:\/\/innova.campogalego.gal\/es","name":"Innova - Campo Galego","description":"","potentialAction":[{"@type":"SearchAction","target":{"@type":"EntryPoint","urlTemplate":"https:\/\/innova.campogalego.gal\/es?s={search_term_string}"},"query-input":"required name=search_term_string"}],"inLanguage":"es"},{"@type":"Person","@id":"https:\/\/innova.campogalego.gal\/es#\/schema\/person\/5f73832eaae2d2d2fe19cdf56f76e921","name":"noelia","image":{"@type":"ImageObject","inLanguage":"es","@id":"https:\/\/innova.campogalego.gal\/es#\/schema\/person\/image\/","url":"https:\/\/secure.gravatar.com\/avatar\/b4912756e566b19c7962f96cfebbb102?s=96&d=mm&r=g","contentUrl":"https:\/\/secure.gravatar.com\/avatar\/b4912756e566b19c7962f96cfebbb102?s=96&d=mm&r=g","caption":"noelia"},"url":"https:\/\/innova.campogalego.gal\/es\/author\/noelia"}]}},"_links":{"self":[{"href":"https:\/\/innova.campogalego.gal\/es\/wp-json\/wp\/v2\/posts\/1451"}],"collection":[{"href":"https:\/\/innova.campogalego.gal\/es\/wp-json\/wp\/v2\/posts"}],"about":[{"href":"https:\/\/innova.campogalego.gal\/es\/wp-json\/wp\/v2\/types\/post"}],"author":[{"embeddable":true,"href":"https:\/\/innova.campogalego.gal\/es\/wp-json\/wp\/v2\/users\/7"}],"replies":[{"embeddable":true,"href":"https:\/\/innova.campogalego.gal\/es\/wp-json\/wp\/v2\/comments?post=1451"}],"version-history":[{"count":2,"href":"https:\/\/innova.campogalego.gal\/es\/wp-json\/wp\/v2\/posts\/1451\/revisions"}],"predecessor-version":[{"id":1461,"href":"https:\/\/innova.campogalego.gal\/es\/wp-json\/wp\/v2\/posts\/1451\/revisions\/1461"}],"wp:featuredmedia":[{"embeddable":true,"href":"https:\/\/innova.campogalego.gal\/es\/wp-json\/wp\/v2\/media\/1458"}],"wp:attachment":[{"href":"https:\/\/innova.campogalego.gal\/es\/wp-json\/wp\/v2\/media?parent=1451"}],"wp:term":[{"taxonomy":"category","embeddable":true,"href":"https:\/\/innova.campogalego.gal\/es\/wp-json\/wp\/v2\/categories?post=1451"},{"taxonomy":"post_tag","embeddable":true,"href":"https:\/\/innova.campogalego.gal\/es\/wp-json\/wp\/v2\/tags?post=1451"}],"curies":[{"name":"wp","href":"https:\/\/api.w.org\/{rel}","templated":true}]}}