{"id":1527,"date":"2023-11-14T19:13:17","date_gmt":"2023-11-14T18:13:17","guid":{"rendered":"https:\/\/innova.campogalego.gal\/?p=1527"},"modified":"2023-11-15T16:31:32","modified_gmt":"2023-11-15T15:31:32","slug":"finaliza-el-foro-sobre-experiencias-del-programa-leader","status":"publish","type":"post","link":"https:\/\/innova.campogalego.gal\/es\/campus-terra-es\/finaliza-el-foro-sobre-experiencias-del-programa-leader.html","title":{"rendered":"Finaliza el foro sobre experiencias del programa Leader"},"content":{"rendered":"<p><div id=\"attachment_1524\" style=\"width: 1210px\" class=\"wp-caption aligncenter\"><img aria-describedby=\"caption-attachment-1524\" decoding=\"async\" loading=\"lazy\" src=\"data:image\/gif;base64,R0lGODlhAQABAAAAACH5BAEKAAEALAAAAAABAAEAAAICTAEAOw==\" alt=\"\" width=\"1200\" height=\"800\" class=\"size-full wp-image-1524 lazyload\" sizes=\"(max-width:767px) 480px, (max-width:1200px) 100vw, 1200px\" data-src=\"https:\/\/innova.campogalego.gal\/wp-content\/uploads\/2023\/11\/EPSE_LEADER_Particpantes.jpg\" data-srcset=\"https:\/\/innova.campogalego.gal\/wp-content\/uploads\/2023\/11\/EPSE_LEADER_Particpantes.jpg 1200w, https:\/\/innova.campogalego.gal\/wp-content\/uploads\/2023\/11\/EPSE_LEADER_Particpantes-300x200.jpg 300w, https:\/\/innova.campogalego.gal\/wp-content\/uploads\/2023\/11\/EPSE_LEADER_Particpantes-1024x683.jpg 1024w\"><p id=\"caption-attachment-1524\" class=\"wp-caption-text\">Participantes en la jornada de clausura del foro<\/p><\/div><br \/>\nResponsables y t\u00e9cnicos de grupos de desarrollo rural de Galicia y Asturias participaron en las jornadas del foro de intercambio de experiencias y conocimientos del programa Leader, que tuvo lugar en el Campus Terra de la Universidad de Santiago de Compostela (USC). El an\u00e1lisis y el debate de los avances y posibilidades de desarrollo que ofrece el programa LEADER para el per\u00edodo 2023-2027 fueron los objetivos de esta junta.<\/p>\n<p>La directora de la Escuela Polit\u00e9cnica Superior de Ingenier\u00eda del Campus Terra de la USC reivindic\u00f3 el \u00abcometido esencial\u00bb que desarrollan los profesionales t\u00e9cnicos formados a trav\u00e9s de las ingenier\u00edas agroforestales y civil para avanzar en la transformaci\u00f3n del medio rural hacia una \u00abentorno vivo, sostenible y con futuro\u00bb. En la jornada, entre otras autoridades, tambi\u00e9n intervino la directora General de la Agencia Gallega de Desarrollo Rural (Agader) de la Xunta de Galicia, In\u00e9s Sant\u00e9, quien adelant\u00f3 que este nuevo quinquenio de aplicaci\u00f3n de los fondos de la Pol\u00edtica Agraria Com\u00fan (PAC) incluye la incorporaci\u00f3n del enfoque Leader como una intervenci\u00f3n dentro del programa de cooperaci\u00f3n.<\/p>\n<p>Este nuevo escenario supone tambi\u00e9n una adaptaci\u00f3n del Leader, un programa que deber\u00e1 asumir una serie de retos en materia de formalizaci\u00f3n de nuevos acuerdos de colaboraci\u00f3n entre los grupos de desarrollo rural y los organismos responsables de cada comunidad aut\u00f3noma. La definici\u00f3n de este nuevo modelo de participaci\u00f3n de los grupos de desarrollo rural, a fin de que se conviertan en elementos llave de crecimiento de las \u00e1reas rurales en las que trabajan, constituye otra de las prioridades de estas jornadas de trabajo.<\/p>\n<p>En el encuentro, el p\u00fablico participante tambi\u00e9n tuvo la oportunidad de conocer de primera mano el proyecto Ecocomedores durante la visita realizada en turno de tarde al CEIP de Riotorto.<\/p>\n<p><strong>Proyecci\u00f3n en la EPSE<\/strong><br \/>\nDentro de los Encuentros de Luna Llena, programan un an\u00e1lisis del futuro del Campus de Lugo en el marco del sistema universitario de titulaciones. El debate informal, promovido por el colectivo Prox\u00e9ctate en Galego, ser\u00e1 este jueves a partir de las 19.30 horas, en la cafeter\u00eda de la EPSE del Campus Terra.<\/p>\n<p>En la sesi\u00f3n se abordar\u00e1 el escenario abierto tras el acuerdo para el mapa de titulaciones del Sistema Universitario Gallego (SUG) firmado en 2021. Tambi\u00e9n se reflexionar\u00e1 sobre las consecuencias que depara este documento para la sede universitaria luguesa. Contar\u00e1 como ponentes con los profesores Celia Besteiro y Carlos Herrero, dos docentes de la sed universitaria luguesa que tienen una amplia experiencia en gesti\u00f3n universitaria.<\/p>\n","protected":false},"excerpt":{"rendered":"<p>Responsables y t\u00e9cnicos de grupos de desarrollo rural de Galicia y Asturias participaron en las jornadas del foro de intercambio de experiencias y conocimientos del programa<span class=\"excerpt-hellip\"> [\u2026]<\/span><\/p>\n","protected":false},"author":7,"featured_media":1522,"comment_status":"open","ping_status":"open","sticky":false,"template":"","format":"standard","meta":{"footnotes":""},"categories":[92],"tags":[238,239],"acf":[],"yoast_head":"<!-- This site is optimized with the Yoast SEO plugin v21.2 - https:\/\/yoast.com\/wordpress\/plugins\/seo\/ -->\n<title>Finaliza el foro sobre experiencias del programa Leader - Innova - Campo Galego<\/title>\n<meta name=\"robots\" content=\"index, follow, max-snippet:-1, max-image-preview:large, max-video-preview:-1\" \/>\n<link rel=\"canonical\" href=\"https:\/\/innova.campogalego.gal\/es\/campus-terra-es\/finaliza-el-foro-sobre-experiencias-del-programa-leader.html\" \/>\n<meta property=\"og:locale\" content=\"es_ES\" \/>\n<meta property=\"og:type\" content=\"article\" \/>\n<meta property=\"og:title\" content=\"Finaliza el foro sobre experiencias del programa Leader - Innova - Campo Galego\" \/>\n<meta property=\"og:description\" content=\"Responsables y t\u00e9cnicos de grupos de desarrollo rural de Galicia y Asturias participaron en las jornadas del foro de intercambio de experiencias y conocimientos del programa [\u2026]\" \/>\n<meta property=\"og:url\" content=\"https:\/\/innova.campogalego.gal\/es\/campus-terra-es\/finaliza-el-foro-sobre-experiencias-del-programa-leader.html\" \/>\n<meta property=\"og:site_name\" content=\"Innova - Campo Galego\" \/>\n<meta property=\"article:published_time\" content=\"2023-11-14T18:13:17+00:00\" \/>\n<meta property=\"article:modified_time\" content=\"2023-11-15T15:31:32+00:00\" \/>\n<meta property=\"og:image\" content=\"https:\/\/innova.campogalego.gal\/wp-content\/uploads\/2023\/11\/EPSE_LEADER.jpg\" \/>\n\t<meta property=\"og:image:width\" content=\"1200\" \/>\n\t<meta property=\"og:image:height\" content=\"800\" \/>\n\t<meta property=\"og:image:type\" content=\"image\/jpeg\" \/>\n<meta name=\"author\" content=\"noelia\" \/>\n<meta name=\"twitter:card\" content=\"summary_large_image\" \/>\n<meta name=\"twitter:label1\" content=\"Escrito por\" \/>\n\t<meta name=\"twitter:data1\" content=\"noelia\" \/>\n\t<meta name=\"twitter:label2\" content=\"Tiempo de lectura\" \/>\n\t<meta name=\"twitter:data2\" content=\"3 minutos\" \/>\n<script type=\"application\/ld+json\" class=\"yoast-schema-graph\">{\"@context\":\"https:\/\/schema.org\",\"@graph\":[{\"@type\":\"WebPage\",\"@id\":\"https:\/\/innova.campogalego.gal\/es\/campus-terra-es\/finaliza-el-foro-sobre-experiencias-del-programa-leader.html\",\"url\":\"https:\/\/innova.campogalego.gal\/es\/campus-terra-es\/finaliza-el-foro-sobre-experiencias-del-programa-leader.html\",\"name\":\"Finaliza el foro sobre experiencias del programa Leader - Innova - Campo Galego\",\"isPartOf\":{\"@id\":\"https:\/\/innova.campogalego.gal\/es#website\"},\"datePublished\":\"2023-11-14T18:13:17+00:00\",\"dateModified\":\"2023-11-15T15:31:32+00:00\",\"author\":{\"@id\":\"https:\/\/innova.campogalego.gal\/es#\/schema\/person\/5f73832eaae2d2d2fe19cdf56f76e921\"},\"breadcrumb\":{\"@id\":\"https:\/\/innova.campogalego.gal\/es\/campus-terra-es\/finaliza-el-foro-sobre-experiencias-del-programa-leader.html#breadcrumb\"},\"inLanguage\":\"es\",\"potentialAction\":[{\"@type\":\"ReadAction\",\"target\":[\"https:\/\/innova.campogalego.gal\/es\/campus-terra-es\/finaliza-el-foro-sobre-experiencias-del-programa-leader.html\"]}]},{\"@type\":\"BreadcrumbList\",\"@id\":\"https:\/\/innova.campogalego.gal\/es\/campus-terra-es\/finaliza-el-foro-sobre-experiencias-del-programa-leader.html#breadcrumb\",\"itemListElement\":[{\"@type\":\"ListItem\",\"position\":1,\"name\":\"Portada\",\"item\":\"https:\/\/innova.campogalego.gal\/es\"},{\"@type\":\"ListItem\",\"position\":2,\"name\":\"Finaliza el foro sobre experiencias del programa Leader\"}]},{\"@type\":\"WebSite\",\"@id\":\"https:\/\/innova.campogalego.gal\/es#website\",\"url\":\"https:\/\/innova.campogalego.gal\/es\",\"name\":\"Innova - Campo Galego\",\"description\":\"\",\"potentialAction\":[{\"@type\":\"SearchAction\",\"target\":{\"@type\":\"EntryPoint\",\"urlTemplate\":\"https:\/\/innova.campogalego.gal\/es?s={search_term_string}\"},\"query-input\":\"required name=search_term_string\"}],\"inLanguage\":\"es\"},{\"@type\":\"Person\",\"@id\":\"https:\/\/innova.campogalego.gal\/es#\/schema\/person\/5f73832eaae2d2d2fe19cdf56f76e921\",\"name\":\"noelia\",\"image\":{\"@type\":\"ImageObject\",\"inLanguage\":\"es\",\"@id\":\"https:\/\/innova.campogalego.gal\/es#\/schema\/person\/image\/\",\"url\":\"https:\/\/secure.gravatar.com\/avatar\/b4912756e566b19c7962f96cfebbb102?s=96&d=mm&r=g\",\"contentUrl\":\"https:\/\/secure.gravatar.com\/avatar\/b4912756e566b19c7962f96cfebbb102?s=96&d=mm&r=g\",\"caption\":\"noelia\"},\"url\":\"https:\/\/innova.campogalego.gal\/es\/author\/noelia\"}]}<\/script>\n<!-- \/ Yoast SEO plugin. -->","yoast_head_json":{"title":"Finaliza el foro sobre experiencias del programa Leader - Innova - Campo Galego","robots":{"index":"index","follow":"follow","max-snippet":"max-snippet:-1","max-image-preview":"max-image-preview:large","max-video-preview":"max-video-preview:-1"},"canonical":"https:\/\/innova.campogalego.gal\/es\/campus-terra-es\/finaliza-el-foro-sobre-experiencias-del-programa-leader.html","og_locale":"es_ES","og_type":"article","og_title":"Finaliza el foro sobre experiencias del programa Leader - Innova - Campo Galego","og_description":"Responsables y t\u00e9cnicos de grupos de desarrollo rural de Galicia y Asturias participaron en las jornadas del foro de intercambio de experiencias y conocimientos del programa [\u2026]","og_url":"https:\/\/innova.campogalego.gal\/es\/campus-terra-es\/finaliza-el-foro-sobre-experiencias-del-programa-leader.html","og_site_name":"Innova - Campo Galego","article_published_time":"2023-11-14T18:13:17+00:00","article_modified_time":"2023-11-15T15:31:32+00:00","og_image":[{"width":1200,"height":800,"url":"https:\/\/innova.campogalego.gal\/wp-content\/uploads\/2023\/11\/EPSE_LEADER.jpg","type":"image\/jpeg"}],"author":"noelia","twitter_card":"summary_large_image","twitter_misc":{"Escrito por":"noelia","Tiempo de lectura":"3 minutos"},"schema":{"@context":"https:\/\/schema.org","@graph":[{"@type":"WebPage","@id":"https:\/\/innova.campogalego.gal\/es\/campus-terra-es\/finaliza-el-foro-sobre-experiencias-del-programa-leader.html","url":"https:\/\/innova.campogalego.gal\/es\/campus-terra-es\/finaliza-el-foro-sobre-experiencias-del-programa-leader.html","name":"Finaliza el foro sobre experiencias del programa Leader - Innova - Campo Galego","isPartOf":{"@id":"https:\/\/innova.campogalego.gal\/es#website"},"datePublished":"2023-11-14T18:13:17+00:00","dateModified":"2023-11-15T15:31:32+00:00","author":{"@id":"https:\/\/innova.campogalego.gal\/es#\/schema\/person\/5f73832eaae2d2d2fe19cdf56f76e921"},"breadcrumb":{"@id":"https:\/\/innova.campogalego.gal\/es\/campus-terra-es\/finaliza-el-foro-sobre-experiencias-del-programa-leader.html#breadcrumb"},"inLanguage":"es","potentialAction":[{"@type":"ReadAction","target":["https:\/\/innova.campogalego.gal\/es\/campus-terra-es\/finaliza-el-foro-sobre-experiencias-del-programa-leader.html"]}]},{"@type":"BreadcrumbList","@id":"https:\/\/innova.campogalego.gal\/es\/campus-terra-es\/finaliza-el-foro-sobre-experiencias-del-programa-leader.html#breadcrumb","itemListElement":[{"@type":"ListItem","position":1,"name":"Portada","item":"https:\/\/innova.campogalego.gal\/es"},{"@type":"ListItem","position":2,"name":"Finaliza el foro sobre experiencias del programa Leader"}]},{"@type":"WebSite","@id":"https:\/\/innova.campogalego.gal\/es#website","url":"https:\/\/innova.campogalego.gal\/es","name":"Innova - Campo Galego","description":"","potentialAction":[{"@type":"SearchAction","target":{"@type":"EntryPoint","urlTemplate":"https:\/\/innova.campogalego.gal\/es?s={search_term_string}"},"query-input":"required name=search_term_string"}],"inLanguage":"es"},{"@type":"Person","@id":"https:\/\/innova.campogalego.gal\/es#\/schema\/person\/5f73832eaae2d2d2fe19cdf56f76e921","name":"noelia","image":{"@type":"ImageObject","inLanguage":"es","@id":"https:\/\/innova.campogalego.gal\/es#\/schema\/person\/image\/","url":"https:\/\/secure.gravatar.com\/avatar\/b4912756e566b19c7962f96cfebbb102?s=96&d=mm&r=g","contentUrl":"https:\/\/secure.gravatar.com\/avatar\/b4912756e566b19c7962f96cfebbb102?s=96&d=mm&r=g","caption":"noelia"},"url":"https:\/\/innova.campogalego.gal\/es\/author\/noelia"}]}},"_links":{"self":[{"href":"https:\/\/innova.campogalego.gal\/es\/wp-json\/wp\/v2\/posts\/1527"}],"collection":[{"href":"https:\/\/innova.campogalego.gal\/es\/wp-json\/wp\/v2\/posts"}],"about":[{"href":"https:\/\/innova.campogalego.gal\/es\/wp-json\/wp\/v2\/types\/post"}],"author":[{"embeddable":true,"href":"https:\/\/innova.campogalego.gal\/es\/wp-json\/wp\/v2\/users\/7"}],"replies":[{"embeddable":true,"href":"https:\/\/innova.campogalego.gal\/es\/wp-json\/wp\/v2\/comments?post=1527"}],"version-history":[{"count":2,"href":"https:\/\/innova.campogalego.gal\/es\/wp-json\/wp\/v2\/posts\/1527\/revisions"}],"predecessor-version":[{"id":1553,"href":"https:\/\/innova.campogalego.gal\/es\/wp-json\/wp\/v2\/posts\/1527\/revisions\/1553"}],"wp:featuredmedia":[{"embeddable":true,"href":"https:\/\/innova.campogalego.gal\/es\/wp-json\/wp\/v2\/media\/1522"}],"wp:attachment":[{"href":"https:\/\/innova.campogalego.gal\/es\/wp-json\/wp\/v2\/media?parent=1527"}],"wp:term":[{"taxonomy":"category","embeddable":true,"href":"https:\/\/innova.campogalego.gal\/es\/wp-json\/wp\/v2\/categories?post=1527"},{"taxonomy":"post_tag","embeddable":true,"href":"https:\/\/innova.campogalego.gal\/es\/wp-json\/wp\/v2\/tags?post=1527"}],"curies":[{"name":"wp","href":"https:\/\/api.w.org\/{rel}","templated":true}]}}