{"id":1578,"date":"2023-12-15T14:08:07","date_gmt":"2023-12-15T13:08:07","guid":{"rendered":"https:\/\/innova.campogalego.gal\/?p=1578"},"modified":"2023-12-15T14:08:07","modified_gmt":"2023-12-15T13:08:07","slug":"biotecnologia-forestal-un-paso-para-lograr-arboles-mas-productivas-y-adaptadas-al-cambio-climatico","status":"publish","type":"post","link":"https:\/\/innova.campogalego.gal\/es\/forestal-es\/biotecnologia-forestal-un-paso-para-lograr-arboles-mas-productivas-y-adaptadas-al-cambio-climatico.html","title":{"rendered":"Biotecnolog\u00eda forestal, un paso para lograr \u00e1rboles m\u00e1s productivas y adaptadas al cambio clim\u00e1tico"},"content":{"rendered":"<p><img decoding=\"async\" loading=\"lazy\" src=\"data:image\/gif;base64,R0lGODlhAQABAAAAACH5BAEKAAEALAAAAAABAAEAAAICTAEAOw==\" alt=\"\" width=\"1200\" height=\"800\" class=\"aligncenter size-full wp-image-1561 lazyload\" sizes=\"(max-width:767px) 480px, (max-width:1200px) 100vw, 1200px\" data-src=\"https:\/\/innova.campogalego.gal\/wp-content\/uploads\/2023\/11\/Paloma.jpg\" data-srcset=\"https:\/\/innova.campogalego.gal\/wp-content\/uploads\/2023\/11\/Paloma.jpg 1200w, https:\/\/innova.campogalego.gal\/wp-content\/uploads\/2023\/11\/Paloma-300x200.jpg 300w, https:\/\/innova.campogalego.gal\/wp-content\/uploads\/2023\/11\/Paloma-1024x683.jpg 1024w\"><\/p>\n<p>Actualmente existe un escenario de aumento de temperaturas, baja disponibilidad de agua y un descenso claro tanto de la supervivencia como de la productividad de las especies forestales. Por eso, es necesario combinar t\u00e9cnicas de mejora tradicionales con nuevas herramientas biotecnol\u00f3gicas como el cultivo in vitro, principalmente a trav\u00e9s de la organog\u00e9nesis y de la embriog\u00e9nesis som\u00e1tica. <\/p>\n<p>Paloma Moncale\u00e1n, investigadora principal de Neiker, particip\u00f3 en una jornada sobre frondosas en Oleiros (A Coru\u00f1a) en la que abord\u00f3 la biotecnolog\u00eda vegetal como herramienta para el desarrollo del sector. \u201cDesde diversos \u00e1mbitos nos instan a los investigadores a mejorar la productividad y la calidad de los \u00e1rboles que tenemos en nuestros bosques y la mejor opci\u00f3n para obtener un \u00e1rbol de calidad es la multiplicaci\u00f3n vegetativa\u201d, coment\u00f3 Moncale\u00e1n. Su investigaci\u00f3n se centra en con\u00edferas, pero puntualiza que se puede aplicar perfectamente a frondosas. <\/p>\n<blockquote><p>Con la embriog\u00e9nesis som\u00e1tica, de un \u00e1rbol madre puedes obtener cientos de clones exactamente iguales<\/p><\/blockquote>\n<p>Inicialmente, desarrollaron numerosos sistemas in vitro de producci\u00f3n de plantas de variedades de pino y especies de con\u00edferas que ten\u00edan importancia desde el norte hasta el sur de Europa.  Utilizaron semillas como material inicial para empezar un proceso de propagaci\u00f3n. \u201cTratamos de desarrollar procedimientos que nos permitieran clonar o propagar vegetativamente \u00e1rboles adultos\u201d, indica la investigadora.<\/p>\n<div id=\"attachment_1565\" style=\"width: 1210px\" class=\"wp-caption aligncenter\"><img aria-describedby=\"caption-attachment-1565\" decoding=\"async\" loading=\"lazy\" src=\"data:image\/gif;base64,R0lGODlhAQABAAAAACH5BAEKAAEALAAAAAABAAEAAAICTAEAOw==\" alt=\"\" width=\"1200\" height=\"800\" class=\"size-full wp-image-1565 lazyload\" sizes=\"(max-width:767px) 480px, (max-width:1200px) 100vw, 1200px\" data-src=\"https:\/\/innova.campogalego.gal\/wp-content\/uploads\/2023\/11\/Embriogenesis.jpg\" data-srcset=\"https:\/\/innova.campogalego.gal\/wp-content\/uploads\/2023\/11\/Embriogenesis.jpg 1200w, https:\/\/innova.campogalego.gal\/wp-content\/uploads\/2023\/11\/Embriogenesis-300x200.jpg 300w, https:\/\/innova.campogalego.gal\/wp-content\/uploads\/2023\/11\/Embriogenesis-1024x683.jpg 1024w\"><p id=\"caption-attachment-1565\" class=\"wp-caption-text\">Proceso de embriog\u00e9nesis som\u00e1tica en un casta\u00f1o. Foto de Paloma Moncale\u00e1n<\/p><\/div>\n<p>Para perfeccionar la t\u00e9cnica visitaron pa\u00edses como Canad\u00e1 o Holanda donde utilizaban una t\u00e9cnica llamada embriog\u00e9nesis som\u00e1tica (proceso por el cual se produce un embri\u00f3n a partir de una c\u00e9lula som\u00e1tica de la semilla). \u201cEn una silvicultura convencional, eliges un \u00e1rbol recoges la semilla y de ese \u00e1rbol tienes otro \u00e1rbol. Con la embriog\u00e9nesis som\u00e1tica pasa un poco distinto\u201d, puntualiza. En este caso escoges un \u00e1rbol madre o varios y a partir de una semilla puedes tener cientos de clones exactamente iguales. En este punto se pueden plantar en el campo y evaluarlos, o congelarlos y cuando un ingeniero de montes solicite un clon que le interese descongelar la l\u00ednea y propagar.<\/p>\n<p><strong>Proceso de la embriog\u00e9nesis som\u00e1tica<\/strong><br \/>\nEl proceso consiste en hacer una selecci\u00f3n de padres \u00e9lite, \u201ccon un trabajo de campo extraordinario\u201d. Despu\u00e9s hay que llevar a cabo una polinizaci\u00f3n controlada que, \u201cen determinadas especies no es f\u00e1cil\u201d. Posteriormente se lleva a cabo la embriog\u00e9nesis som\u00e1tica, se congela el material que se est\u00e1 dividiendo, se propaga y se planta.<\/p>\n<p>Una de las ventajas extraordinarias de esta t\u00e9cnica es que \u201ccuando nosotros queremos hacer la puesta en el mercado de un material que provenga de un huerto semillero, tardamos unos 17 a\u00f1os\u201d, expone la investigadora y a\u00f1ade que \u201csi trabajamos con la t\u00e9cnica de embriog\u00e9nesis som\u00e1tica, en 7 a\u00f1os los \u00e1rboles madre ya pueden entrar en producci\u00f3n comercial\u201d. Esto significa un gran avance para las empresas que se dedican a la producci\u00f3n de plantas.<\/p>\n<div id=\"attachment_1559\" style=\"width: 1210px\" class=\"wp-caption aligncenter\"><img aria-describedby=\"caption-attachment-1559\" decoding=\"async\" loading=\"lazy\" src=\"data:image\/gif;base64,R0lGODlhAQABAAAAACH5BAEKAAEALAAAAAABAAEAAAICTAEAOw==\" alt=\"\" width=\"1200\" height=\"680\" class=\"size-full wp-image-1559 lazyload\" sizes=\"(max-width:767px) 480px, (max-width:1200px) 100vw, 1200px\" data-src=\"https:\/\/innova.campogalego.gal\/wp-content\/uploads\/2023\/11\/fasesembriogenesis.jpg\" data-srcset=\"https:\/\/innova.campogalego.gal\/wp-content\/uploads\/2023\/11\/fasesembriogenesis.jpg 1200w, https:\/\/innova.campogalego.gal\/wp-content\/uploads\/2023\/11\/fasesembriogenesis-300x170.jpg 300w, https:\/\/innova.campogalego.gal\/wp-content\/uploads\/2023\/11\/fasesembriogenesis-1024x580.jpg 1024w\"><p id=\"caption-attachment-1559\" class=\"wp-caption-text\">Fases de la embriog\u00e9nesis som\u00e1tica. Foto de Paloma Moncale\u00e1n<\/p><\/div>\n<p>En datos, aclara que de un gramo de tejido embriog\u00e9nico se obtiene una media de 1.500 embriones que se podr\u00edan transformar en plantas. Tras a\u00f1os de investigaci\u00f3n y ajustando el procedimiento, obtienen un \u00e9xito de germinaci\u00f3n del 95 %. Adem\u00e1s, el gramo de tejido cuando se descongela se puede propagar las veces que se quiera, as\u00ed se puede tener otra vez todos los gramos necesarios y, de nuevo, todos los embriones.<\/p>\n<p><strong>Tecnolog\u00eda avanzada para el proceso<\/strong><br \/>\nMoncale\u00e1n explic\u00f3 que los costes son elevados para este proceso, pero hay empresas que se encargan de hacer todo de manera automatizada. Puso de ejemplo SweetTree Technologies. El proceso empieza con la transformaci\u00f3n del tejido embriog\u00e9nico hasta obtener las c\u00e9lulas y posteriormente los embriones. La propia maquinaria, a trav\u00e9s de un software, separa el embri\u00f3n v\u00e1lido, que va a germinarse, y el no v\u00e1lido, que se descarta. Finalmente lo coloca en un papel con substancias para sobrevivir hasta ser plantado. Todo el proceso se realiza de forma automatizada.<\/p>\n<p>As\u00ed mismo, para su conservaci\u00f3n mostr\u00f3 unas c\u00e1psulas con nutrientes y antiplagas que le permiten germinar a los embriones.  <\/p>\n<div id=\"attachment_1557\" style=\"width: 1210px\" class=\"wp-caption aligncenter\"><img aria-describedby=\"caption-attachment-1557\" decoding=\"async\" loading=\"lazy\" src=\"data:image\/gif;base64,R0lGODlhAQABAAAAACH5BAEKAAEALAAAAAABAAEAAAICTAEAOw==\" alt=\"\" width=\"1200\" height=\"680\" class=\"size-full wp-image-1557 lazyload\" sizes=\"(max-width:767px) 480px, (max-width:1200px) 100vw, 1200px\" data-src=\"https:\/\/innova.campogalego.gal\/wp-content\/uploads\/2023\/11\/capsula.jpg\" data-srcset=\"https:\/\/innova.campogalego.gal\/wp-content\/uploads\/2023\/11\/capsula.jpg 1200w, https:\/\/innova.campogalego.gal\/wp-content\/uploads\/2023\/11\/capsula-300x170.jpg 300w, https:\/\/innova.campogalego.gal\/wp-content\/uploads\/2023\/11\/capsula-1024x580.jpg 1024w\"><p id=\"caption-attachment-1557\" class=\"wp-caption-text\">C\u00e1psula donde se conservan los embriones. Foto de Paloma Moncale\u00e1n<\/p><\/div>\n<p><strong>Adaptaciones a condiciones extremas<\/strong><br \/>\nLas nuevas t\u00e9cnics de biotecnolog\u00eda no s\u00f3lo facilitan la multiplicaci\u00f3n del material existente, sino tambi\u00e9n su mejora. Desde Neiker empezaron a trabajar en la inducci\u00f3n de tolerancias a diferentes estreses en la fase de embriog\u00e9nesis som\u00e1tica. \u201cSab\u00edamos que \u00e1rboles gen\u00e9ticamente id\u00e9nticos plantados en varias zonas clim\u00e1ticas produc\u00edan semillas que ten\u00edan diferente tolerancia al estr\u00e9s por temperatura\u201d, explica la investigadora. <\/p>\n<p>En el desarrollo de la investigaci\u00f3n, durante las fases iniciales del proceso embriog\u00e9nico, aplicaron diferentes temperaturas y provocaron diferentes disponibilidades de agua en el medio de cultivo. \u201cLo que ve\u00edamos es que produc\u00edan un claro efecto a largo plazo\u201d. Aplicaron temperaturas de 18 y 28 grados que luego subieron hasta 50 grados. \u201cEl efecto era m\u00e1s marcado y as\u00ed analizamos todos los mecanismos que estaban involucrados en que unos tejidos sometidos a altas temperaturas y otros respondieran diferente en el invernadero cuando aplic\u00e1bamos el estr\u00e9s\u201d, indica y a\u00f1ade que \u201chab\u00eda una expresi\u00f3n diferencial de genes clar\u00edsima que explicaba que unos toleraran m\u00e1s las condiciones de estr\u00e9s h\u00eddrico que otros\u201d.<\/p>\n<p>Finalmente, observaron que las plantas originadas a partir de l\u00edneas celulares sometidas en su proceso de maduraci\u00f3n a 40 y 50 grados ten\u00edan una adaptaci\u00f3n a la sequ\u00eda dos a\u00f1os despu\u00e9s en el invernadero mucho mayor que las otras. <\/p>\n<p>Ahora mismo se encuentran investigando estreses bi\u00f3ticos, para ello someter\u00e1n los embriones a pat\u00f3genos y estudiar\u00e1n si logran convivir con ellos. <\/p>\n","protected":false},"excerpt":{"rendered":"<p>Actualmente existe un escenario de aumento de temperaturas, baja disponibilidad de agua y un descenso claro tanto de la supervivencia como de la productividad de las<span class=\"excerpt-hellip\"> [\u2026]<\/span><\/p>\n","protected":false},"author":7,"featured_media":1561,"comment_status":"open","ping_status":"open","sticky":false,"template":"","format":"standard","meta":{"footnotes":""},"categories":[88],"tags":[],"acf":[],"yoast_head":"<!-- This site is optimized with the Yoast SEO plugin v21.2 - https:\/\/yoast.com\/wordpress\/plugins\/seo\/ -->\n<title>Biotecnolog\u00eda forestal, un paso para lograr \u00e1rboles m\u00e1s productivas y adaptadas al cambio clim\u00e1tico - Innova - Campo Galego<\/title>\n<meta name=\"robots\" content=\"index, follow, max-snippet:-1, max-image-preview:large, max-video-preview:-1\" \/>\n<link rel=\"canonical\" href=\"https:\/\/innova.campogalego.gal\/es\/forestal-es\/biotecnologia-forestal-un-paso-para-lograr-arboles-mas-productivas-y-adaptadas-al-cambio-climatico.html\" \/>\n<meta property=\"og:locale\" content=\"es_ES\" \/>\n<meta property=\"og:type\" content=\"article\" \/>\n<meta property=\"og:title\" content=\"Biotecnolog\u00eda forestal, un paso para lograr \u00e1rboles m\u00e1s productivas y adaptadas al cambio clim\u00e1tico - Innova - Campo Galego\" \/>\n<meta property=\"og:description\" content=\"Actualmente existe un escenario de aumento de temperaturas, baja disponibilidad de agua y un descenso claro tanto de la supervivencia como de la productividad de las [\u2026]\" \/>\n<meta property=\"og:url\" content=\"https:\/\/innova.campogalego.gal\/es\/forestal-es\/biotecnologia-forestal-un-paso-para-lograr-arboles-mas-productivas-y-adaptadas-al-cambio-climatico.html\" \/>\n<meta property=\"og:site_name\" content=\"Innova - Campo Galego\" \/>\n<meta property=\"article:published_time\" content=\"2023-12-15T13:08:07+00:00\" \/>\n<meta property=\"og:image\" content=\"https:\/\/innova.campogalego.gal\/wp-content\/uploads\/2023\/11\/Paloma.jpg\" \/>\n\t<meta property=\"og:image:width\" content=\"1200\" \/>\n\t<meta property=\"og:image:height\" content=\"800\" \/>\n\t<meta property=\"og:image:type\" content=\"image\/jpeg\" \/>\n<meta name=\"author\" content=\"noelia\" \/>\n<meta name=\"twitter:card\" content=\"summary_large_image\" \/>\n<meta name=\"twitter:label1\" content=\"Escrito por\" \/>\n\t<meta name=\"twitter:data1\" content=\"noelia\" \/>\n\t<meta name=\"twitter:label2\" content=\"Tiempo de lectura\" \/>\n\t<meta name=\"twitter:data2\" content=\"6 minutos\" \/>\n<script type=\"application\/ld+json\" class=\"yoast-schema-graph\">{\"@context\":\"https:\/\/schema.org\",\"@graph\":[{\"@type\":\"WebPage\",\"@id\":\"https:\/\/innova.campogalego.gal\/es\/forestal-es\/biotecnologia-forestal-un-paso-para-lograr-arboles-mas-productivas-y-adaptadas-al-cambio-climatico.html\",\"url\":\"https:\/\/innova.campogalego.gal\/es\/forestal-es\/biotecnologia-forestal-un-paso-para-lograr-arboles-mas-productivas-y-adaptadas-al-cambio-climatico.html\",\"name\":\"Biotecnolog\u00eda forestal, un paso para lograr \u00e1rboles m\u00e1s productivas y adaptadas al cambio clim\u00e1tico - Innova - Campo Galego\",\"isPartOf\":{\"@id\":\"https:\/\/innova.campogalego.gal\/es#website\"},\"datePublished\":\"2023-12-15T13:08:07+00:00\",\"dateModified\":\"2023-12-15T13:08:07+00:00\",\"author\":{\"@id\":\"https:\/\/innova.campogalego.gal\/es#\/schema\/person\/5f73832eaae2d2d2fe19cdf56f76e921\"},\"breadcrumb\":{\"@id\":\"https:\/\/innova.campogalego.gal\/es\/forestal-es\/biotecnologia-forestal-un-paso-para-lograr-arboles-mas-productivas-y-adaptadas-al-cambio-climatico.html#breadcrumb\"},\"inLanguage\":\"es\",\"potentialAction\":[{\"@type\":\"ReadAction\",\"target\":[\"https:\/\/innova.campogalego.gal\/es\/forestal-es\/biotecnologia-forestal-un-paso-para-lograr-arboles-mas-productivas-y-adaptadas-al-cambio-climatico.html\"]}]},{\"@type\":\"BreadcrumbList\",\"@id\":\"https:\/\/innova.campogalego.gal\/es\/forestal-es\/biotecnologia-forestal-un-paso-para-lograr-arboles-mas-productivas-y-adaptadas-al-cambio-climatico.html#breadcrumb\",\"itemListElement\":[{\"@type\":\"ListItem\",\"position\":1,\"name\":\"Portada\",\"item\":\"https:\/\/innova.campogalego.gal\/es\"},{\"@type\":\"ListItem\",\"position\":2,\"name\":\"Biotecnolog\u00eda forestal, un paso para lograr \u00e1rboles m\u00e1s productivas y adaptadas al cambio clim\u00e1tico\"}]},{\"@type\":\"WebSite\",\"@id\":\"https:\/\/innova.campogalego.gal\/es#website\",\"url\":\"https:\/\/innova.campogalego.gal\/es\",\"name\":\"Innova - Campo Galego\",\"description\":\"\",\"potentialAction\":[{\"@type\":\"SearchAction\",\"target\":{\"@type\":\"EntryPoint\",\"urlTemplate\":\"https:\/\/innova.campogalego.gal\/es?s={search_term_string}\"},\"query-input\":\"required name=search_term_string\"}],\"inLanguage\":\"es\"},{\"@type\":\"Person\",\"@id\":\"https:\/\/innova.campogalego.gal\/es#\/schema\/person\/5f73832eaae2d2d2fe19cdf56f76e921\",\"name\":\"noelia\",\"image\":{\"@type\":\"ImageObject\",\"inLanguage\":\"es\",\"@id\":\"https:\/\/innova.campogalego.gal\/es#\/schema\/person\/image\/\",\"url\":\"https:\/\/secure.gravatar.com\/avatar\/b4912756e566b19c7962f96cfebbb102?s=96&d=mm&r=g\",\"contentUrl\":\"https:\/\/secure.gravatar.com\/avatar\/b4912756e566b19c7962f96cfebbb102?s=96&d=mm&r=g\",\"caption\":\"noelia\"},\"url\":\"https:\/\/innova.campogalego.gal\/es\/author\/noelia\"}]}<\/script>\n<!-- \/ Yoast SEO plugin. -->","yoast_head_json":{"title":"Biotecnolog\u00eda forestal, un paso para lograr \u00e1rboles m\u00e1s productivas y adaptadas al cambio clim\u00e1tico - Innova - Campo Galego","robots":{"index":"index","follow":"follow","max-snippet":"max-snippet:-1","max-image-preview":"max-image-preview:large","max-video-preview":"max-video-preview:-1"},"canonical":"https:\/\/innova.campogalego.gal\/es\/forestal-es\/biotecnologia-forestal-un-paso-para-lograr-arboles-mas-productivas-y-adaptadas-al-cambio-climatico.html","og_locale":"es_ES","og_type":"article","og_title":"Biotecnolog\u00eda forestal, un paso para lograr \u00e1rboles m\u00e1s productivas y adaptadas al cambio clim\u00e1tico - Innova - Campo Galego","og_description":"Actualmente existe un escenario de aumento de temperaturas, baja disponibilidad de agua y un descenso claro tanto de la supervivencia como de la productividad de las [\u2026]","og_url":"https:\/\/innova.campogalego.gal\/es\/forestal-es\/biotecnologia-forestal-un-paso-para-lograr-arboles-mas-productivas-y-adaptadas-al-cambio-climatico.html","og_site_name":"Innova - Campo Galego","article_published_time":"2023-12-15T13:08:07+00:00","og_image":[{"width":1200,"height":800,"url":"https:\/\/innova.campogalego.gal\/wp-content\/uploads\/2023\/11\/Paloma.jpg","type":"image\/jpeg"}],"author":"noelia","twitter_card":"summary_large_image","twitter_misc":{"Escrito por":"noelia","Tiempo de lectura":"6 minutos"},"schema":{"@context":"https:\/\/schema.org","@graph":[{"@type":"WebPage","@id":"https:\/\/innova.campogalego.gal\/es\/forestal-es\/biotecnologia-forestal-un-paso-para-lograr-arboles-mas-productivas-y-adaptadas-al-cambio-climatico.html","url":"https:\/\/innova.campogalego.gal\/es\/forestal-es\/biotecnologia-forestal-un-paso-para-lograr-arboles-mas-productivas-y-adaptadas-al-cambio-climatico.html","name":"Biotecnolog\u00eda forestal, un paso para lograr \u00e1rboles m\u00e1s productivas y adaptadas al cambio clim\u00e1tico - Innova - Campo Galego","isPartOf":{"@id":"https:\/\/innova.campogalego.gal\/es#website"},"datePublished":"2023-12-15T13:08:07+00:00","dateModified":"2023-12-15T13:08:07+00:00","author":{"@id":"https:\/\/innova.campogalego.gal\/es#\/schema\/person\/5f73832eaae2d2d2fe19cdf56f76e921"},"breadcrumb":{"@id":"https:\/\/innova.campogalego.gal\/es\/forestal-es\/biotecnologia-forestal-un-paso-para-lograr-arboles-mas-productivas-y-adaptadas-al-cambio-climatico.html#breadcrumb"},"inLanguage":"es","potentialAction":[{"@type":"ReadAction","target":["https:\/\/innova.campogalego.gal\/es\/forestal-es\/biotecnologia-forestal-un-paso-para-lograr-arboles-mas-productivas-y-adaptadas-al-cambio-climatico.html"]}]},{"@type":"BreadcrumbList","@id":"https:\/\/innova.campogalego.gal\/es\/forestal-es\/biotecnologia-forestal-un-paso-para-lograr-arboles-mas-productivas-y-adaptadas-al-cambio-climatico.html#breadcrumb","itemListElement":[{"@type":"ListItem","position":1,"name":"Portada","item":"https:\/\/innova.campogalego.gal\/es"},{"@type":"ListItem","position":2,"name":"Biotecnolog\u00eda forestal, un paso para lograr \u00e1rboles m\u00e1s productivas y adaptadas al cambio clim\u00e1tico"}]},{"@type":"WebSite","@id":"https:\/\/innova.campogalego.gal\/es#website","url":"https:\/\/innova.campogalego.gal\/es","name":"Innova - Campo Galego","description":"","potentialAction":[{"@type":"SearchAction","target":{"@type":"EntryPoint","urlTemplate":"https:\/\/innova.campogalego.gal\/es?s={search_term_string}"},"query-input":"required name=search_term_string"}],"inLanguage":"es"},{"@type":"Person","@id":"https:\/\/innova.campogalego.gal\/es#\/schema\/person\/5f73832eaae2d2d2fe19cdf56f76e921","name":"noelia","image":{"@type":"ImageObject","inLanguage":"es","@id":"https:\/\/innova.campogalego.gal\/es#\/schema\/person\/image\/","url":"https:\/\/secure.gravatar.com\/avatar\/b4912756e566b19c7962f96cfebbb102?s=96&d=mm&r=g","contentUrl":"https:\/\/secure.gravatar.com\/avatar\/b4912756e566b19c7962f96cfebbb102?s=96&d=mm&r=g","caption":"noelia"},"url":"https:\/\/innova.campogalego.gal\/es\/author\/noelia"}]}},"_links":{"self":[{"href":"https:\/\/innova.campogalego.gal\/es\/wp-json\/wp\/v2\/posts\/1578"}],"collection":[{"href":"https:\/\/innova.campogalego.gal\/es\/wp-json\/wp\/v2\/posts"}],"about":[{"href":"https:\/\/innova.campogalego.gal\/es\/wp-json\/wp\/v2\/types\/post"}],"author":[{"embeddable":true,"href":"https:\/\/innova.campogalego.gal\/es\/wp-json\/wp\/v2\/users\/7"}],"replies":[{"embeddable":true,"href":"https:\/\/innova.campogalego.gal\/es\/wp-json\/wp\/v2\/comments?post=1578"}],"version-history":[{"count":2,"href":"https:\/\/innova.campogalego.gal\/es\/wp-json\/wp\/v2\/posts\/1578\/revisions"}],"predecessor-version":[{"id":2200,"href":"https:\/\/innova.campogalego.gal\/es\/wp-json\/wp\/v2\/posts\/1578\/revisions\/2200"}],"wp:featuredmedia":[{"embeddable":true,"href":"https:\/\/innova.campogalego.gal\/es\/wp-json\/wp\/v2\/media\/1561"}],"wp:attachment":[{"href":"https:\/\/innova.campogalego.gal\/es\/wp-json\/wp\/v2\/media?parent=1578"}],"wp:term":[{"taxonomy":"category","embeddable":true,"href":"https:\/\/innova.campogalego.gal\/es\/wp-json\/wp\/v2\/categories?post=1578"},{"taxonomy":"post_tag","embeddable":true,"href":"https:\/\/innova.campogalego.gal\/es\/wp-json\/wp\/v2\/tags?post=1578"}],"curies":[{"name":"wp","href":"https:\/\/api.w.org\/{rel}","templated":true}]}}