{"id":1611,"date":"2023-11-23T11:17:26","date_gmt":"2023-11-23T10:17:26","guid":{"rendered":"https:\/\/innova.campogalego.gal\/?p=1611"},"modified":"2023-11-23T11:17:26","modified_gmt":"2023-11-23T10:17:26","slug":"avances-en-la-elaboracion-de-productos-cosmeticos-a-partir-de-semillas-de-camelia","status":"publish","type":"post","link":"https:\/\/innova.campogalego.gal\/es\/agricultura-es\/avances-en-la-elaboracion-de-productos-cosmeticos-a-partir-de-semillas-de-camelia.html","title":{"rendered":"Avances en la elaboraci\u00f3n de productos cosm\u00e9ticos a partir de semillas de camelia"},"content":{"rendered":"<p>Los estudios sobre nuevos productos de cosm\u00e9tica elaborados con aceite extra\u00eddo de semillas de camelias cultivadas en la provincia de Pontevedra avanzan con buen ritmo. Esta semana se celebr\u00f3 una comisi\u00f3n de seguimiento entre el diputado delegado de Reto Demogr\u00e1fico, Juventud y Desarrollo Rural, Jorge Cubela, y la comunidad del Mosteiro de Armenteira de Meis. El encuentro mantenido sirvi\u00f3 para estudiar la evoluci\u00f3n de este proyecto, con vigencia hasta 2025, durante esta anualidad.<\/p>\n<div id=\"attachment_1606\" style=\"width: 1210px\" class=\"wp-caption aligncenter\"><img aria-describedby=\"caption-attachment-1606\" decoding=\"async\" loading=\"lazy\" src=\"data:image\/gif;base64,R0lGODlhAQABAAAAACH5BAEKAAEALAAAAAABAAEAAAICTAEAOw==\" alt=\"\" width=\"1200\" height=\"800\" class=\"size-full wp-image-1606 lazyload\" sizes=\"(max-width:767px) 480px, (max-width:1200px) 100vw, 1200px\" data-src=\"https:\/\/innova.campogalego.gal\/wp-content\/uploads\/2023\/11\/ProxectoCamelia_Cubela.jpg\" data-srcset=\"https:\/\/innova.campogalego.gal\/wp-content\/uploads\/2023\/11\/ProxectoCamelia_Cubela.jpg 1200w, https:\/\/innova.campogalego.gal\/wp-content\/uploads\/2023\/11\/ProxectoCamelia_Cubela-300x200.jpg 300w, https:\/\/innova.campogalego.gal\/wp-content\/uploads\/2023\/11\/ProxectoCamelia_Cubela-1024x683.jpg 1024w\"><p id=\"caption-attachment-1606\" class=\"wp-caption-text\">Reuni\u00f3n entre el deputado Jorge Cubela y la comunidad del monasterio<\/p><\/div>\n<p>La finalidad del proyecto es determinar la rentabilidad de las plantaciones de camelia y de sus semillas en Galicia. Tambi\u00e9n se eval\u00faa la calidad de su aceite, extra\u00eddo por prensado en fr\u00edo, para su uso cosm\u00e9tico, concretamente para la elaboraci\u00f3n de productos naturales como jabones, aceite puro cosm\u00e9tico, b\u00e1lsamos labiales o cremas corporales. Desde la administraci\u00f3n provincial buscan concretar la producci\u00f3n de semillas por planta y el tiempo que cada una tardar\u00eda en llegar a su m\u00e1xima producci\u00f3n. <\/p>\n<p>El trabajo conjunto de la Deputaci\u00f3n de Pontevedra, a trav\u00e9s de la Estaci\u00f3n Fitopatol\u00f3gica del Areeiro, y la comunidad del Mosterio de Armenteira, abre nuevas posibilidades de aprovechamiento del medio rural de la provincia. La comunidad se encuentra registrada en Actividades Econ\u00f3micas, concretamente en el ep\u00edgrafe de fabricaci\u00f3n de jab\u00f3n y productos de perfumer\u00eda, por lo que se reconoce la calidad del aceite de camelia y sus beneficios para el cuidado de la piel.<\/p>\n","protected":false},"excerpt":{"rendered":"<p>Los estudios sobre nuevos productos de cosm\u00e9tica elaborados con aceite extra\u00eddo de semillas de camelias cultivadas en la provincia de Pontevedra avanzan con buen ritmo. Esta<span class=\"excerpt-hellip\"> [\u2026]<\/span><\/p>\n","protected":false},"author":7,"featured_media":1606,"comment_status":"open","ping_status":"open","sticky":false,"template":"","format":"standard","meta":{"footnotes":""},"categories":[86],"tags":[253],"acf":[],"yoast_head":"<!-- This site is optimized with the Yoast SEO plugin v21.2 - https:\/\/yoast.com\/wordpress\/plugins\/seo\/ -->\n<title>Avances en la elaboraci\u00f3n de productos cosm\u00e9ticos a partir de semillas de camelia - Innova - Campo Galego<\/title>\n<meta name=\"robots\" content=\"index, follow, max-snippet:-1, max-image-preview:large, max-video-preview:-1\" \/>\n<link rel=\"canonical\" href=\"https:\/\/innova.campogalego.gal\/es\/agricultura-es\/avances-en-la-elaboracion-de-productos-cosmeticos-a-partir-de-semillas-de-camelia.html\" \/>\n<meta property=\"og:locale\" content=\"es_ES\" \/>\n<meta property=\"og:type\" content=\"article\" \/>\n<meta property=\"og:title\" content=\"Avances en la elaboraci\u00f3n de productos cosm\u00e9ticos a partir de semillas de camelia - Innova - Campo Galego\" \/>\n<meta property=\"og:description\" content=\"Los estudios sobre nuevos productos de cosm\u00e9tica elaborados con aceite extra\u00eddo de semillas de camelias cultivadas en la provincia de Pontevedra avanzan con buen ritmo. Esta [\u2026]\" \/>\n<meta property=\"og:url\" content=\"https:\/\/innova.campogalego.gal\/es\/agricultura-es\/avances-en-la-elaboracion-de-productos-cosmeticos-a-partir-de-semillas-de-camelia.html\" \/>\n<meta property=\"og:site_name\" content=\"Innova - Campo Galego\" \/>\n<meta property=\"article:published_time\" content=\"2023-11-23T10:17:26+00:00\" \/>\n<meta property=\"og:image\" content=\"https:\/\/innova.campogalego.gal\/wp-content\/uploads\/2023\/11\/ProxectoCamelia_Cubela.jpg\" \/>\n\t<meta property=\"og:image:width\" content=\"1200\" \/>\n\t<meta property=\"og:image:height\" content=\"800\" \/>\n\t<meta property=\"og:image:type\" content=\"image\/jpeg\" \/>\n<meta name=\"author\" content=\"noelia\" \/>\n<meta name=\"twitter:card\" content=\"summary_large_image\" \/>\n<meta name=\"twitter:label1\" content=\"Escrito por\" \/>\n\t<meta name=\"twitter:data1\" content=\"noelia\" \/>\n\t<meta name=\"twitter:label2\" content=\"Tiempo de lectura\" \/>\n\t<meta name=\"twitter:data2\" content=\"2 minutos\" \/>\n<script type=\"application\/ld+json\" class=\"yoast-schema-graph\">{\"@context\":\"https:\/\/schema.org\",\"@graph\":[{\"@type\":\"WebPage\",\"@id\":\"https:\/\/innova.campogalego.gal\/es\/agricultura-es\/avances-en-la-elaboracion-de-productos-cosmeticos-a-partir-de-semillas-de-camelia.html\",\"url\":\"https:\/\/innova.campogalego.gal\/es\/agricultura-es\/avances-en-la-elaboracion-de-productos-cosmeticos-a-partir-de-semillas-de-camelia.html\",\"name\":\"Avances en la elaboraci\u00f3n de productos cosm\u00e9ticos a partir de semillas de camelia - Innova - Campo Galego\",\"isPartOf\":{\"@id\":\"https:\/\/innova.campogalego.gal\/es#website\"},\"datePublished\":\"2023-11-23T10:17:26+00:00\",\"dateModified\":\"2023-11-23T10:17:26+00:00\",\"author\":{\"@id\":\"https:\/\/innova.campogalego.gal\/es#\/schema\/person\/5f73832eaae2d2d2fe19cdf56f76e921\"},\"breadcrumb\":{\"@id\":\"https:\/\/innova.campogalego.gal\/es\/agricultura-es\/avances-en-la-elaboracion-de-productos-cosmeticos-a-partir-de-semillas-de-camelia.html#breadcrumb\"},\"inLanguage\":\"es\",\"potentialAction\":[{\"@type\":\"ReadAction\",\"target\":[\"https:\/\/innova.campogalego.gal\/es\/agricultura-es\/avances-en-la-elaboracion-de-productos-cosmeticos-a-partir-de-semillas-de-camelia.html\"]}]},{\"@type\":\"BreadcrumbList\",\"@id\":\"https:\/\/innova.campogalego.gal\/es\/agricultura-es\/avances-en-la-elaboracion-de-productos-cosmeticos-a-partir-de-semillas-de-camelia.html#breadcrumb\",\"itemListElement\":[{\"@type\":\"ListItem\",\"position\":1,\"name\":\"Portada\",\"item\":\"https:\/\/innova.campogalego.gal\/es\"},{\"@type\":\"ListItem\",\"position\":2,\"name\":\"Avances en la elaboraci\u00f3n de productos cosm\u00e9ticos a partir de semillas de camelia\"}]},{\"@type\":\"WebSite\",\"@id\":\"https:\/\/innova.campogalego.gal\/es#website\",\"url\":\"https:\/\/innova.campogalego.gal\/es\",\"name\":\"Innova - Campo Galego\",\"description\":\"\",\"potentialAction\":[{\"@type\":\"SearchAction\",\"target\":{\"@type\":\"EntryPoint\",\"urlTemplate\":\"https:\/\/innova.campogalego.gal\/es?s={search_term_string}\"},\"query-input\":\"required name=search_term_string\"}],\"inLanguage\":\"es\"},{\"@type\":\"Person\",\"@id\":\"https:\/\/innova.campogalego.gal\/es#\/schema\/person\/5f73832eaae2d2d2fe19cdf56f76e921\",\"name\":\"noelia\",\"image\":{\"@type\":\"ImageObject\",\"inLanguage\":\"es\",\"@id\":\"https:\/\/innova.campogalego.gal\/es#\/schema\/person\/image\/\",\"url\":\"https:\/\/secure.gravatar.com\/avatar\/b4912756e566b19c7962f96cfebbb102?s=96&d=mm&r=g\",\"contentUrl\":\"https:\/\/secure.gravatar.com\/avatar\/b4912756e566b19c7962f96cfebbb102?s=96&d=mm&r=g\",\"caption\":\"noelia\"},\"url\":\"https:\/\/innova.campogalego.gal\/es\/author\/noelia\"}]}<\/script>\n<!-- \/ Yoast SEO plugin. -->","yoast_head_json":{"title":"Avances en la elaboraci\u00f3n de productos cosm\u00e9ticos a partir de semillas de camelia - Innova - Campo Galego","robots":{"index":"index","follow":"follow","max-snippet":"max-snippet:-1","max-image-preview":"max-image-preview:large","max-video-preview":"max-video-preview:-1"},"canonical":"https:\/\/innova.campogalego.gal\/es\/agricultura-es\/avances-en-la-elaboracion-de-productos-cosmeticos-a-partir-de-semillas-de-camelia.html","og_locale":"es_ES","og_type":"article","og_title":"Avances en la elaboraci\u00f3n de productos cosm\u00e9ticos a partir de semillas de camelia - Innova - Campo Galego","og_description":"Los estudios sobre nuevos productos de cosm\u00e9tica elaborados con aceite extra\u00eddo de semillas de camelias cultivadas en la provincia de Pontevedra avanzan con buen ritmo. Esta [\u2026]","og_url":"https:\/\/innova.campogalego.gal\/es\/agricultura-es\/avances-en-la-elaboracion-de-productos-cosmeticos-a-partir-de-semillas-de-camelia.html","og_site_name":"Innova - Campo Galego","article_published_time":"2023-11-23T10:17:26+00:00","og_image":[{"width":1200,"height":800,"url":"https:\/\/innova.campogalego.gal\/wp-content\/uploads\/2023\/11\/ProxectoCamelia_Cubela.jpg","type":"image\/jpeg"}],"author":"noelia","twitter_card":"summary_large_image","twitter_misc":{"Escrito por":"noelia","Tiempo de lectura":"2 minutos"},"schema":{"@context":"https:\/\/schema.org","@graph":[{"@type":"WebPage","@id":"https:\/\/innova.campogalego.gal\/es\/agricultura-es\/avances-en-la-elaboracion-de-productos-cosmeticos-a-partir-de-semillas-de-camelia.html","url":"https:\/\/innova.campogalego.gal\/es\/agricultura-es\/avances-en-la-elaboracion-de-productos-cosmeticos-a-partir-de-semillas-de-camelia.html","name":"Avances en la elaboraci\u00f3n de productos cosm\u00e9ticos a partir de semillas de camelia - Innova - Campo Galego","isPartOf":{"@id":"https:\/\/innova.campogalego.gal\/es#website"},"datePublished":"2023-11-23T10:17:26+00:00","dateModified":"2023-11-23T10:17:26+00:00","author":{"@id":"https:\/\/innova.campogalego.gal\/es#\/schema\/person\/5f73832eaae2d2d2fe19cdf56f76e921"},"breadcrumb":{"@id":"https:\/\/innova.campogalego.gal\/es\/agricultura-es\/avances-en-la-elaboracion-de-productos-cosmeticos-a-partir-de-semillas-de-camelia.html#breadcrumb"},"inLanguage":"es","potentialAction":[{"@type":"ReadAction","target":["https:\/\/innova.campogalego.gal\/es\/agricultura-es\/avances-en-la-elaboracion-de-productos-cosmeticos-a-partir-de-semillas-de-camelia.html"]}]},{"@type":"BreadcrumbList","@id":"https:\/\/innova.campogalego.gal\/es\/agricultura-es\/avances-en-la-elaboracion-de-productos-cosmeticos-a-partir-de-semillas-de-camelia.html#breadcrumb","itemListElement":[{"@type":"ListItem","position":1,"name":"Portada","item":"https:\/\/innova.campogalego.gal\/es"},{"@type":"ListItem","position":2,"name":"Avances en la elaboraci\u00f3n de productos cosm\u00e9ticos a partir de semillas de camelia"}]},{"@type":"WebSite","@id":"https:\/\/innova.campogalego.gal\/es#website","url":"https:\/\/innova.campogalego.gal\/es","name":"Innova - Campo Galego","description":"","potentialAction":[{"@type":"SearchAction","target":{"@type":"EntryPoint","urlTemplate":"https:\/\/innova.campogalego.gal\/es?s={search_term_string}"},"query-input":"required name=search_term_string"}],"inLanguage":"es"},{"@type":"Person","@id":"https:\/\/innova.campogalego.gal\/es#\/schema\/person\/5f73832eaae2d2d2fe19cdf56f76e921","name":"noelia","image":{"@type":"ImageObject","inLanguage":"es","@id":"https:\/\/innova.campogalego.gal\/es#\/schema\/person\/image\/","url":"https:\/\/secure.gravatar.com\/avatar\/b4912756e566b19c7962f96cfebbb102?s=96&d=mm&r=g","contentUrl":"https:\/\/secure.gravatar.com\/avatar\/b4912756e566b19c7962f96cfebbb102?s=96&d=mm&r=g","caption":"noelia"},"url":"https:\/\/innova.campogalego.gal\/es\/author\/noelia"}]}},"_links":{"self":[{"href":"https:\/\/innova.campogalego.gal\/es\/wp-json\/wp\/v2\/posts\/1611"}],"collection":[{"href":"https:\/\/innova.campogalego.gal\/es\/wp-json\/wp\/v2\/posts"}],"about":[{"href":"https:\/\/innova.campogalego.gal\/es\/wp-json\/wp\/v2\/types\/post"}],"author":[{"embeddable":true,"href":"https:\/\/innova.campogalego.gal\/es\/wp-json\/wp\/v2\/users\/7"}],"replies":[{"embeddable":true,"href":"https:\/\/innova.campogalego.gal\/es\/wp-json\/wp\/v2\/comments?post=1611"}],"version-history":[{"count":2,"href":"https:\/\/innova.campogalego.gal\/es\/wp-json\/wp\/v2\/posts\/1611\/revisions"}],"predecessor-version":[{"id":1639,"href":"https:\/\/innova.campogalego.gal\/es\/wp-json\/wp\/v2\/posts\/1611\/revisions\/1639"}],"wp:featuredmedia":[{"embeddable":true,"href":"https:\/\/innova.campogalego.gal\/es\/wp-json\/wp\/v2\/media\/1606"}],"wp:attachment":[{"href":"https:\/\/innova.campogalego.gal\/es\/wp-json\/wp\/v2\/media?parent=1611"}],"wp:term":[{"taxonomy":"category","embeddable":true,"href":"https:\/\/innova.campogalego.gal\/es\/wp-json\/wp\/v2\/categories?post=1611"},{"taxonomy":"post_tag","embeddable":true,"href":"https:\/\/innova.campogalego.gal\/es\/wp-json\/wp\/v2\/tags?post=1611"}],"curies":[{"name":"wp","href":"https:\/\/api.w.org\/{rel}","templated":true}]}}