{"id":1679,"date":"2023-11-28T15:49:18","date_gmt":"2023-11-28T14:49:18","guid":{"rendered":"https:\/\/innova.campogalego.gal\/?p=1679"},"modified":"2023-11-28T15:49:18","modified_gmt":"2023-11-28T14:49:18","slug":"investigan-los-efectos-del-cambio-climatico-en-el-bienestar-del-ganado-y-factores-de-emision-de-metano-en-vacuno-de-leche","status":"publish","type":"post","link":"https:\/\/innova.campogalego.gal\/es\/campus-terra-es\/investigan-los-efectos-del-cambio-climatico-en-el-bienestar-del-ganado-y-factores-de-emision-de-metano-en-vacuno-de-leche.html","title":{"rendered":"Investigan los efectos del cambio clim\u00e1tico en el bienestar del ganado y factores de emisi\u00f3n de metano en vacuno de leche"},"content":{"rendered":"<p><div id=\"attachment_1676\" style=\"width: 1210px\" class=\"wp-caption aligncenter\"><img aria-describedby=\"caption-attachment-1676\" decoding=\"async\" loading=\"lazy\" src=\"data:image\/gif;base64,R0lGODlhAQABAAAAACH5BAEKAAEALAAAAAABAAEAAAICTAEAOw==\" alt=\"\" width=\"1200\" height=\"800\" class=\"size-full wp-image-1676 lazyload\" sizes=\"(max-width:767px) 480px, (max-width:1200px) 100vw, 1200px\" data-src=\"https:\/\/innova.campogalego.gal\/wp-content\/uploads\/2023\/11\/USC_investigadoraIraqui.jpg\" data-srcset=\"https:\/\/innova.campogalego.gal\/wp-content\/uploads\/2023\/11\/USC_investigadoraIraqui.jpg 1200w, https:\/\/innova.campogalego.gal\/wp-content\/uploads\/2023\/11\/USC_investigadoraIraqui-300x200.jpg 300w, https:\/\/innova.campogalego.gal\/wp-content\/uploads\/2023\/11\/USC_investigadoraIraqui-1024x683.jpg 1024w\"><p id=\"caption-attachment-1676\" class=\"wp-caption-text\">Los catedr\u00e1ticos de la USC con la investigadora iraqu\u00ed<\/p><\/div><br \/>\nProfundizar en el estudio y en la definici\u00f3n de los factores de emisi\u00f3n de metano ent\u00e9rico en ganado lechero de Galicia es la tem\u00e1tica de la investigaci\u00f3n llevada a cabo por la profesora iraqu\u00ed Ghasaq Sami Mshary. La investigadora, procedente de la Universidad AL_Muthnna, est\u00e1 completando una estad\u00eda de investigaci\u00f3n en la Facultad de Veterinaria del Campus Terra de la Universidad de Santiago de Compostela.<\/p>\n<p>El estudio se encuadra dentro del proyecto de investigaci\u00f3n liderado por Rodrigo Mui\u00f1o Otero, que aborda los efectos del cambio clim\u00e1tico en el bienestar del ganado y la valoraci\u00f3n y cuantificaci\u00f3n de la implicaci\u00f3n de las explotaciones bovinas lecheras de alta producci\u00f3n, en el que alcanza emisiones de gases de efecto invernadero. Este docente del \u00e1rea de Cirug\u00eda Animal de la USC, junto con la catedr\u00e1tica Cristina Castillo, son los responsables de la supervisi\u00f3n y coordinaci\u00f3n de las investigaciones que acaba de empezar la investigadora iraqu\u00ed y que, previsiblemente, culminar\u00e1n en la futura presentaci\u00f3n de una tesis de doctorado.<\/p>\n<blockquote><p>Galicia es la primera Comunidad Aut\u00f3noma de Espa\u00f1a que lanza estudios para medir las emisiones de metano en ganado vacuno<\/p><\/blockquote>\n<p>Mui\u00f1o explica que la investigaci\u00f3n constata que el sector vacuno lechero constituye una herramienta cohesionadora del campo gallego que \u00abno se puede obviar y aspira a acercar resultados para responder a las acusaciones que responsabilizan a las explotaciones intensivas lecheras de bovino del calentamiento global por ser uno de los principales focos de emisi\u00f3n antropog\u00e9nica de metano\u00bb. El proyecto de tesis de doctorado desarrollar\u00e1 un modelo capaz de presagiar el c\u00e1lculo de los factores de emisi\u00f3n de metano ent\u00e9rico en explotaciones de vacuno de leche de alta producci\u00f3n lechera localizadas en Galicia. La finalidad es poder registrar as\u00ed las emisiones de gases con efecto invernadero (GEI). <\/p>\n<p>El profesor a\u00f1ade que a partir de los datos obtenidos se podr\u00e1n establecer medidas correctoras de acuerdo a los criterios establecidos por la COP-27 y en l\u00ednea con los criterios establecidos por el Panel Intergubernamental para el cambio Clim\u00e1tico (IPCC). Tambi\u00e9n apunta que Galicia es la primera Comunidad Aut\u00f3noma de Espa\u00f1a que activa herramientas o estudios para medir las emisiones de metano en ganado vacuno. Este investigador de la Facultad de Veterinaria de Lugo espera adem\u00e1s que los resultados obtenidos en esta investigaci\u00f3n posibiliten extender este tipo de valoraciones la otros rumiantes.<\/p>\n","protected":false},"excerpt":{"rendered":"<p>Profundizar en el estudio y en la definici\u00f3n de los factores de emisi\u00f3n de metano ent\u00e9rico en ganado lechero de Galicia es la tem\u00e1tica de la<span class=\"excerpt-hellip\"> [\u2026]<\/span><\/p>\n","protected":false},"author":7,"featured_media":1676,"comment_status":"open","ping_status":"open","sticky":false,"template":"","format":"standard","meta":{"footnotes":""},"categories":[92,89],"tags":[264,263],"acf":[],"yoast_head":"<!-- This site is optimized with the Yoast SEO plugin v21.2 - https:\/\/yoast.com\/wordpress\/plugins\/seo\/ -->\n<title>Investigan los efectos del cambio clim\u00e1tico en el bienestar del ganado y factores de emisi\u00f3n de metano en vacuno de leche - Innova - Campo Galego<\/title>\n<meta name=\"robots\" content=\"index, follow, max-snippet:-1, max-image-preview:large, max-video-preview:-1\" \/>\n<link rel=\"canonical\" href=\"https:\/\/innova.campogalego.gal\/es\/campus-terra-es\/investigan-los-efectos-del-cambio-climatico-en-el-bienestar-del-ganado-y-factores-de-emision-de-metano-en-vacuno-de-leche.html\" \/>\n<meta property=\"og:locale\" content=\"es_ES\" \/>\n<meta property=\"og:type\" content=\"article\" \/>\n<meta property=\"og:title\" content=\"Investigan los efectos del cambio clim\u00e1tico en el bienestar del ganado y factores de emisi\u00f3n de metano en vacuno de leche - Innova - Campo Galego\" \/>\n<meta property=\"og:description\" content=\"Profundizar en el estudio y en la definici\u00f3n de los factores de emisi\u00f3n de metano ent\u00e9rico en ganado lechero de Galicia es la tem\u00e1tica de la [\u2026]\" \/>\n<meta property=\"og:url\" content=\"https:\/\/innova.campogalego.gal\/es\/campus-terra-es\/investigan-los-efectos-del-cambio-climatico-en-el-bienestar-del-ganado-y-factores-de-emision-de-metano-en-vacuno-de-leche.html\" \/>\n<meta property=\"og:site_name\" content=\"Innova - Campo Galego\" \/>\n<meta property=\"article:published_time\" content=\"2023-11-28T14:49:18+00:00\" \/>\n<meta property=\"og:image\" content=\"https:\/\/innova.campogalego.gal\/wp-content\/uploads\/2023\/11\/USC_investigadoraIraqui.jpg\" \/>\n\t<meta property=\"og:image:width\" content=\"1200\" \/>\n\t<meta property=\"og:image:height\" content=\"800\" \/>\n\t<meta property=\"og:image:type\" content=\"image\/jpeg\" \/>\n<meta name=\"author\" content=\"noelia\" \/>\n<meta name=\"twitter:card\" content=\"summary_large_image\" \/>\n<meta name=\"twitter:label1\" content=\"Escrito por\" \/>\n\t<meta name=\"twitter:data1\" content=\"noelia\" \/>\n\t<meta name=\"twitter:label2\" content=\"Tiempo de lectura\" \/>\n\t<meta name=\"twitter:data2\" content=\"3 minutos\" \/>\n<script type=\"application\/ld+json\" class=\"yoast-schema-graph\">{\"@context\":\"https:\/\/schema.org\",\"@graph\":[{\"@type\":\"WebPage\",\"@id\":\"https:\/\/innova.campogalego.gal\/es\/campus-terra-es\/investigan-los-efectos-del-cambio-climatico-en-el-bienestar-del-ganado-y-factores-de-emision-de-metano-en-vacuno-de-leche.html\",\"url\":\"https:\/\/innova.campogalego.gal\/es\/campus-terra-es\/investigan-los-efectos-del-cambio-climatico-en-el-bienestar-del-ganado-y-factores-de-emision-de-metano-en-vacuno-de-leche.html\",\"name\":\"Investigan los efectos del cambio clim\u00e1tico en el bienestar del ganado y factores de emisi\u00f3n de metano en vacuno de leche - Innova - Campo Galego\",\"isPartOf\":{\"@id\":\"https:\/\/innova.campogalego.gal\/es#website\"},\"datePublished\":\"2023-11-28T14:49:18+00:00\",\"dateModified\":\"2023-11-28T14:49:18+00:00\",\"author\":{\"@id\":\"https:\/\/innova.campogalego.gal\/es#\/schema\/person\/5f73832eaae2d2d2fe19cdf56f76e921\"},\"breadcrumb\":{\"@id\":\"https:\/\/innova.campogalego.gal\/es\/campus-terra-es\/investigan-los-efectos-del-cambio-climatico-en-el-bienestar-del-ganado-y-factores-de-emision-de-metano-en-vacuno-de-leche.html#breadcrumb\"},\"inLanguage\":\"es\",\"potentialAction\":[{\"@type\":\"ReadAction\",\"target\":[\"https:\/\/innova.campogalego.gal\/es\/campus-terra-es\/investigan-los-efectos-del-cambio-climatico-en-el-bienestar-del-ganado-y-factores-de-emision-de-metano-en-vacuno-de-leche.html\"]}]},{\"@type\":\"BreadcrumbList\",\"@id\":\"https:\/\/innova.campogalego.gal\/es\/campus-terra-es\/investigan-los-efectos-del-cambio-climatico-en-el-bienestar-del-ganado-y-factores-de-emision-de-metano-en-vacuno-de-leche.html#breadcrumb\",\"itemListElement\":[{\"@type\":\"ListItem\",\"position\":1,\"name\":\"Portada\",\"item\":\"https:\/\/innova.campogalego.gal\/es\"},{\"@type\":\"ListItem\",\"position\":2,\"name\":\"Investigan los efectos del cambio clim\u00e1tico en el bienestar del ganado y factores de emisi\u00f3n de metano en vacuno de leche\"}]},{\"@type\":\"WebSite\",\"@id\":\"https:\/\/innova.campogalego.gal\/es#website\",\"url\":\"https:\/\/innova.campogalego.gal\/es\",\"name\":\"Innova - Campo Galego\",\"description\":\"\",\"potentialAction\":[{\"@type\":\"SearchAction\",\"target\":{\"@type\":\"EntryPoint\",\"urlTemplate\":\"https:\/\/innova.campogalego.gal\/es?s={search_term_string}\"},\"query-input\":\"required name=search_term_string\"}],\"inLanguage\":\"es\"},{\"@type\":\"Person\",\"@id\":\"https:\/\/innova.campogalego.gal\/es#\/schema\/person\/5f73832eaae2d2d2fe19cdf56f76e921\",\"name\":\"noelia\",\"image\":{\"@type\":\"ImageObject\",\"inLanguage\":\"es\",\"@id\":\"https:\/\/innova.campogalego.gal\/es#\/schema\/person\/image\/\",\"url\":\"https:\/\/secure.gravatar.com\/avatar\/b4912756e566b19c7962f96cfebbb102?s=96&d=mm&r=g\",\"contentUrl\":\"https:\/\/secure.gravatar.com\/avatar\/b4912756e566b19c7962f96cfebbb102?s=96&d=mm&r=g\",\"caption\":\"noelia\"},\"url\":\"https:\/\/innova.campogalego.gal\/es\/author\/noelia\"}]}<\/script>\n<!-- \/ Yoast SEO plugin. -->","yoast_head_json":{"title":"Investigan los efectos del cambio clim\u00e1tico en el bienestar del ganado y factores de emisi\u00f3n de metano en vacuno de leche - Innova - Campo Galego","robots":{"index":"index","follow":"follow","max-snippet":"max-snippet:-1","max-image-preview":"max-image-preview:large","max-video-preview":"max-video-preview:-1"},"canonical":"https:\/\/innova.campogalego.gal\/es\/campus-terra-es\/investigan-los-efectos-del-cambio-climatico-en-el-bienestar-del-ganado-y-factores-de-emision-de-metano-en-vacuno-de-leche.html","og_locale":"es_ES","og_type":"article","og_title":"Investigan los efectos del cambio clim\u00e1tico en el bienestar del ganado y factores de emisi\u00f3n de metano en vacuno de leche - Innova - Campo Galego","og_description":"Profundizar en el estudio y en la definici\u00f3n de los factores de emisi\u00f3n de metano ent\u00e9rico en ganado lechero de Galicia es la tem\u00e1tica de la [\u2026]","og_url":"https:\/\/innova.campogalego.gal\/es\/campus-terra-es\/investigan-los-efectos-del-cambio-climatico-en-el-bienestar-del-ganado-y-factores-de-emision-de-metano-en-vacuno-de-leche.html","og_site_name":"Innova - Campo Galego","article_published_time":"2023-11-28T14:49:18+00:00","og_image":[{"width":1200,"height":800,"url":"https:\/\/innova.campogalego.gal\/wp-content\/uploads\/2023\/11\/USC_investigadoraIraqui.jpg","type":"image\/jpeg"}],"author":"noelia","twitter_card":"summary_large_image","twitter_misc":{"Escrito por":"noelia","Tiempo de lectura":"3 minutos"},"schema":{"@context":"https:\/\/schema.org","@graph":[{"@type":"WebPage","@id":"https:\/\/innova.campogalego.gal\/es\/campus-terra-es\/investigan-los-efectos-del-cambio-climatico-en-el-bienestar-del-ganado-y-factores-de-emision-de-metano-en-vacuno-de-leche.html","url":"https:\/\/innova.campogalego.gal\/es\/campus-terra-es\/investigan-los-efectos-del-cambio-climatico-en-el-bienestar-del-ganado-y-factores-de-emision-de-metano-en-vacuno-de-leche.html","name":"Investigan los efectos del cambio clim\u00e1tico en el bienestar del ganado y factores de emisi\u00f3n de metano en vacuno de leche - Innova - Campo Galego","isPartOf":{"@id":"https:\/\/innova.campogalego.gal\/es#website"},"datePublished":"2023-11-28T14:49:18+00:00","dateModified":"2023-11-28T14:49:18+00:00","author":{"@id":"https:\/\/innova.campogalego.gal\/es#\/schema\/person\/5f73832eaae2d2d2fe19cdf56f76e921"},"breadcrumb":{"@id":"https:\/\/innova.campogalego.gal\/es\/campus-terra-es\/investigan-los-efectos-del-cambio-climatico-en-el-bienestar-del-ganado-y-factores-de-emision-de-metano-en-vacuno-de-leche.html#breadcrumb"},"inLanguage":"es","potentialAction":[{"@type":"ReadAction","target":["https:\/\/innova.campogalego.gal\/es\/campus-terra-es\/investigan-los-efectos-del-cambio-climatico-en-el-bienestar-del-ganado-y-factores-de-emision-de-metano-en-vacuno-de-leche.html"]}]},{"@type":"BreadcrumbList","@id":"https:\/\/innova.campogalego.gal\/es\/campus-terra-es\/investigan-los-efectos-del-cambio-climatico-en-el-bienestar-del-ganado-y-factores-de-emision-de-metano-en-vacuno-de-leche.html#breadcrumb","itemListElement":[{"@type":"ListItem","position":1,"name":"Portada","item":"https:\/\/innova.campogalego.gal\/es"},{"@type":"ListItem","position":2,"name":"Investigan los efectos del cambio clim\u00e1tico en el bienestar del ganado y factores de emisi\u00f3n de metano en vacuno de leche"}]},{"@type":"WebSite","@id":"https:\/\/innova.campogalego.gal\/es#website","url":"https:\/\/innova.campogalego.gal\/es","name":"Innova - Campo Galego","description":"","potentialAction":[{"@type":"SearchAction","target":{"@type":"EntryPoint","urlTemplate":"https:\/\/innova.campogalego.gal\/es?s={search_term_string}"},"query-input":"required name=search_term_string"}],"inLanguage":"es"},{"@type":"Person","@id":"https:\/\/innova.campogalego.gal\/es#\/schema\/person\/5f73832eaae2d2d2fe19cdf56f76e921","name":"noelia","image":{"@type":"ImageObject","inLanguage":"es","@id":"https:\/\/innova.campogalego.gal\/es#\/schema\/person\/image\/","url":"https:\/\/secure.gravatar.com\/avatar\/b4912756e566b19c7962f96cfebbb102?s=96&d=mm&r=g","contentUrl":"https:\/\/secure.gravatar.com\/avatar\/b4912756e566b19c7962f96cfebbb102?s=96&d=mm&r=g","caption":"noelia"},"url":"https:\/\/innova.campogalego.gal\/es\/author\/noelia"}]}},"_links":{"self":[{"href":"https:\/\/innova.campogalego.gal\/es\/wp-json\/wp\/v2\/posts\/1679"}],"collection":[{"href":"https:\/\/innova.campogalego.gal\/es\/wp-json\/wp\/v2\/posts"}],"about":[{"href":"https:\/\/innova.campogalego.gal\/es\/wp-json\/wp\/v2\/types\/post"}],"author":[{"embeddable":true,"href":"https:\/\/innova.campogalego.gal\/es\/wp-json\/wp\/v2\/users\/7"}],"replies":[{"embeddable":true,"href":"https:\/\/innova.campogalego.gal\/es\/wp-json\/wp\/v2\/comments?post=1679"}],"version-history":[{"count":1,"href":"https:\/\/innova.campogalego.gal\/es\/wp-json\/wp\/v2\/posts\/1679\/revisions"}],"predecessor-version":[{"id":1680,"href":"https:\/\/innova.campogalego.gal\/es\/wp-json\/wp\/v2\/posts\/1679\/revisions\/1680"}],"wp:featuredmedia":[{"embeddable":true,"href":"https:\/\/innova.campogalego.gal\/es\/wp-json\/wp\/v2\/media\/1676"}],"wp:attachment":[{"href":"https:\/\/innova.campogalego.gal\/es\/wp-json\/wp\/v2\/media?parent=1679"}],"wp:term":[{"taxonomy":"category","embeddable":true,"href":"https:\/\/innova.campogalego.gal\/es\/wp-json\/wp\/v2\/categories?post=1679"},{"taxonomy":"post_tag","embeddable":true,"href":"https:\/\/innova.campogalego.gal\/es\/wp-json\/wp\/v2\/tags?post=1679"}],"curies":[{"name":"wp","href":"https:\/\/api.w.org\/{rel}","templated":true}]}}