{"id":1711,"date":"2023-11-29T20:01:21","date_gmt":"2023-11-29T19:01:21","guid":{"rendered":"https:\/\/innova.campogalego.gal\/?p=1711"},"modified":"2023-11-29T20:01:21","modified_gmt":"2023-11-29T19:01:21","slug":"potencial-del-chopo-gran-productor-de-madera-y-capturador-de-carbono","status":"publish","type":"post","link":"https:\/\/innova.campogalego.gal\/es\/forestal-es\/potencial-del-chopo-gran-productor-de-madera-y-capturador-de-carbono.html","title":{"rendered":"Potencial del chopo, gran productor de madera y capturador de carbono"},"content":{"rendered":"<p><img decoding=\"async\" loading=\"lazy\" src=\"data:image\/gif;base64,R0lGODlhAQABAAAAACH5BAEKAAEALAAAAAABAAEAAAICTAEAOw==\" alt=\"\" width=\"660\" height=\"440\" class=\"aligncenter size-full wp-image-1716 lazyload\" sizes=\"(max-width:767px) 480px, 660px\" data-src=\"https:\/\/innova.campogalego.gal\/wp-content\/uploads\/2023\/11\/Chopoeira-.jpg\" data-srcset=\"https:\/\/innova.campogalego.gal\/wp-content\/uploads\/2023\/11\/Chopoeira-.jpg 660w, https:\/\/innova.campogalego.gal\/wp-content\/uploads\/2023\/11\/Chopoeira--300x200.jpg 300w\"><\/p>\n<p>La tesis de doctorado de la ingeniera Alicia Fuertes S\u00e1nchez concluye que las <strong><a href=\"https:\/\/www.campogalego.gal\/pode-ser-o-chopo-unha-opcion-para-plantar-en-galicia\/\" rel=\"noopener\" target=\"_blank\">plantaciones de chopo<\/a><\/strong> gestionadas en alta densidad y turno corto consiguen una alta productividad en un corto per\u00edodo de tiempo. Demuestran adem\u00e1s buen resultado tanto para la producci\u00f3n de madera, necesaria para la industria, como para la captura de carbono a corto y medio plazo. Son dos de los par\u00e1metros que se antojan como pilares fundamentales para avanzar hacia una bioeconom\u00eda baja en carbono.<br \/>\n<div id=\"attachment_1708\" style=\"width: 1210px\" class=\"wp-caption aligncenter\"><img aria-describedby=\"caption-attachment-1708\" decoding=\"async\" loading=\"lazy\" src=\"data:image\/gif;base64,R0lGODlhAQABAAAAACH5BAEKAAEALAAAAAABAAEAAAICTAEAOw==\" alt=\"\" width=\"1200\" height=\"800\" class=\"size-full wp-image-1708 lazyload\" sizes=\"(max-width:767px) 480px, (max-width:1200px) 100vw, 1200px\" data-src=\"https:\/\/innova.campogalego.gal\/wp-content\/uploads\/2023\/11\/Alicia-Fuertes.jpg\" data-srcset=\"https:\/\/innova.campogalego.gal\/wp-content\/uploads\/2023\/11\/Alicia-Fuertes.jpg 1200w, https:\/\/innova.campogalego.gal\/wp-content\/uploads\/2023\/11\/Alicia-Fuertes-300x200.jpg 300w, https:\/\/innova.campogalego.gal\/wp-content\/uploads\/2023\/11\/Alicia-Fuertes-1024x683.jpg 1024w\"><p id=\"caption-attachment-1708\" class=\"wp-caption-text\">Alicia Fuertes durante la presentaci\u00f3n de la tesis de doctoramiento en la EPS de Lugo<\/p><\/div><br \/>\nFuertes S\u00e1nchez, quien form\u00f3 parte del grupo Unidad de Gesti\u00f3n Ambiental y Forestal Sostenible (Uxafores) de la USC, llev\u00f3 a cabo la tesis bajo el t\u00edtulo &#8216;Evaluaci\u00f3n del potencial de las plantaciones de dopo de turno corto para una bioeconom\u00eda baja en carbono: modelizaci\u00f3n de la biomasa lignocelul\u00f3sica sostenible y reservas de carbono en condiciones de limitaci\u00f3n de agua&#8217;. Esta investigaci\u00f3n est\u00e1 dirigida por Nerea Oliveira Rodr\u00edguez, Roque Rodr\u00edguez Soalleiro y Hortensia Sixto Blanco. Su finalidad es mejorar las previsiones de biomasa en la zona mediterr\u00e1nea mediante un modelo sensible al clima que tiene en cuenta condiciones de riego tanto excelentes como restrictivas. <\/p>\n<p>Dentro de la propia investigaci\u00f3n se incluye un an\u00e1lisis econ\u00f3mico que identifica los costes operativos m\u00e1s relevantes y cuantifica uno de los servicios ecosist\u00e9micos m\u00e1s solicitados en la actualidad, como la captura de carbono. La investigadora destaca que las aportaciones buscan optimizar la eficiencia de las plantaciones al tiempo que ofrecen s\u00f3lidas herramientas de gesti\u00f3n adaptadas al contexto del cambio clim\u00e1tico y a las <strong><a href=\"https:\/\/www.campogalego.gal\/plantar-chopo-e-viable-economicamente-hai-unha-gran-demanda-desta-madeira\/\" rel=\"noopener\" target=\"_blank\">demandas del mercado<\/a><\/strong>.<\/p>\n<p>La investigaci\u00f3n fue presentada en la EPS de Ingenier\u00eda del Campus Terra y se encuadra en el proyecto RTA: &#8216;Biomasa para la bioeconom\u00eda, producir, cuantificar y valorar cultivos forestales&#8217;. Se trata de una iniciativa de I+D que posibilit\u00f3 una estrecha colaboraci\u00f3n entre diferentes entidades, tales como son el Instituto de Ciencias Forestales (INIA-CSIC) y el Uxafores de la USC.<\/p>\n<blockquote class=\"wp-embedded-content\" data-secret=\"nHOzaLqUyW\"><p><a href=\"https:\/\/www.campogalego.gal\/plantar-chopo-e-viable-economicamente-hai-unha-gran-demanda-desta-madeira\/\">&#8220;Plantar chopo \u00e9 viable economicamente, hai unha gran demanda desta madeira&#8221;<\/a><\/p><\/blockquote>\n<p><iframe class=\"wp-embedded-content lazyload\" sandbox=\"allow-scripts\" security=\"restricted\" style=\"position: absolute; clip: rect(1px, 1px, 1px, 1px);\" title=\"&#8220;&#8220;Plantar chopo \u00e9 viable economicamente, hai unha gran demanda desta madeira&#8221;&#8221; &#8212; Campo Galego\" src=\"about:blank\" data-secret=\"nHOzaLqUyW\" width=\"600\" height=\"338\" frameborder=\"0\" marginwidth=\"0\" marginheight=\"0\" scrolling=\"no\" data-src=\"https:\/\/www.campogalego.gal\/plantar-chopo-e-viable-economicamente-hai-unha-gran-demanda-desta-madeira\/embed\/#?secret=nHOzaLqUyW\"><\/iframe><\/p>\n","protected":false},"excerpt":{"rendered":"<p>La tesis de doctorado de la ingeniera Alicia Fuertes S\u00e1nchez concluye que las plantaciones de chopo gestionadas en alta densidad y turno corto consiguen una alta<span class=\"excerpt-hellip\"> [\u2026]<\/span><\/p>\n","protected":false},"author":7,"featured_media":1716,"comment_status":"open","ping_status":"open","sticky":false,"template":"","format":"standard","meta":{"footnotes":""},"categories":[92,88],"tags":[270,239],"acf":[],"yoast_head":"<!-- This site is optimized with the Yoast SEO plugin v21.2 - https:\/\/yoast.com\/wordpress\/plugins\/seo\/ -->\n<title>Potencial del chopo, gran productor de madera y capturador de carbono - Innova - Campo Galego<\/title>\n<meta name=\"robots\" content=\"index, follow, max-snippet:-1, max-image-preview:large, max-video-preview:-1\" \/>\n<link rel=\"canonical\" href=\"https:\/\/innova.campogalego.gal\/es\/forestal-es\/potencial-del-chopo-gran-productor-de-madera-y-capturador-de-carbono.html\" \/>\n<meta property=\"og:locale\" content=\"es_ES\" \/>\n<meta property=\"og:type\" content=\"article\" \/>\n<meta property=\"og:title\" content=\"Potencial del chopo, gran productor de madera y capturador de carbono - Innova - Campo Galego\" \/>\n<meta property=\"og:description\" content=\"La tesis de doctorado de la ingeniera Alicia Fuertes S\u00e1nchez concluye que las plantaciones de chopo gestionadas en alta densidad y turno corto consiguen una alta [\u2026]\" \/>\n<meta property=\"og:url\" content=\"https:\/\/innova.campogalego.gal\/es\/forestal-es\/potencial-del-chopo-gran-productor-de-madera-y-capturador-de-carbono.html\" \/>\n<meta property=\"og:site_name\" content=\"Innova - Campo Galego\" \/>\n<meta property=\"article:published_time\" content=\"2023-11-29T19:01:21+00:00\" \/>\n<meta property=\"og:image\" content=\"https:\/\/innova.campogalego.gal\/wp-content\/uploads\/2023\/11\/Chopoeira-.jpg\" \/>\n\t<meta property=\"og:image:width\" content=\"660\" \/>\n\t<meta property=\"og:image:height\" content=\"440\" \/>\n\t<meta property=\"og:image:type\" content=\"image\/jpeg\" \/>\n<meta name=\"author\" content=\"noelia\" \/>\n<meta name=\"twitter:card\" content=\"summary_large_image\" \/>\n<meta name=\"twitter:label1\" content=\"Escrito por\" \/>\n\t<meta name=\"twitter:data1\" content=\"noelia\" \/>\n\t<meta name=\"twitter:label2\" content=\"Tiempo de lectura\" \/>\n\t<meta name=\"twitter:data2\" content=\"2 minutos\" \/>\n<script type=\"application\/ld+json\" class=\"yoast-schema-graph\">{\"@context\":\"https:\/\/schema.org\",\"@graph\":[{\"@type\":\"WebPage\",\"@id\":\"https:\/\/innova.campogalego.gal\/es\/forestal-es\/potencial-del-chopo-gran-productor-de-madera-y-capturador-de-carbono.html\",\"url\":\"https:\/\/innova.campogalego.gal\/es\/forestal-es\/potencial-del-chopo-gran-productor-de-madera-y-capturador-de-carbono.html\",\"name\":\"Potencial del chopo, gran productor de madera y capturador de carbono - Innova - Campo Galego\",\"isPartOf\":{\"@id\":\"https:\/\/innova.campogalego.gal\/es#website\"},\"datePublished\":\"2023-11-29T19:01:21+00:00\",\"dateModified\":\"2023-11-29T19:01:21+00:00\",\"author\":{\"@id\":\"https:\/\/innova.campogalego.gal\/es#\/schema\/person\/5f73832eaae2d2d2fe19cdf56f76e921\"},\"breadcrumb\":{\"@id\":\"https:\/\/innova.campogalego.gal\/es\/forestal-es\/potencial-del-chopo-gran-productor-de-madera-y-capturador-de-carbono.html#breadcrumb\"},\"inLanguage\":\"es\",\"potentialAction\":[{\"@type\":\"ReadAction\",\"target\":[\"https:\/\/innova.campogalego.gal\/es\/forestal-es\/potencial-del-chopo-gran-productor-de-madera-y-capturador-de-carbono.html\"]}]},{\"@type\":\"BreadcrumbList\",\"@id\":\"https:\/\/innova.campogalego.gal\/es\/forestal-es\/potencial-del-chopo-gran-productor-de-madera-y-capturador-de-carbono.html#breadcrumb\",\"itemListElement\":[{\"@type\":\"ListItem\",\"position\":1,\"name\":\"Portada\",\"item\":\"https:\/\/innova.campogalego.gal\/es\"},{\"@type\":\"ListItem\",\"position\":2,\"name\":\"Potencial del chopo, gran productor de madera y capturador de carbono\"}]},{\"@type\":\"WebSite\",\"@id\":\"https:\/\/innova.campogalego.gal\/es#website\",\"url\":\"https:\/\/innova.campogalego.gal\/es\",\"name\":\"Innova - Campo Galego\",\"description\":\"\",\"potentialAction\":[{\"@type\":\"SearchAction\",\"target\":{\"@type\":\"EntryPoint\",\"urlTemplate\":\"https:\/\/innova.campogalego.gal\/es?s={search_term_string}\"},\"query-input\":\"required name=search_term_string\"}],\"inLanguage\":\"es\"},{\"@type\":\"Person\",\"@id\":\"https:\/\/innova.campogalego.gal\/es#\/schema\/person\/5f73832eaae2d2d2fe19cdf56f76e921\",\"name\":\"noelia\",\"image\":{\"@type\":\"ImageObject\",\"inLanguage\":\"es\",\"@id\":\"https:\/\/innova.campogalego.gal\/es#\/schema\/person\/image\/\",\"url\":\"https:\/\/secure.gravatar.com\/avatar\/b4912756e566b19c7962f96cfebbb102?s=96&d=mm&r=g\",\"contentUrl\":\"https:\/\/secure.gravatar.com\/avatar\/b4912756e566b19c7962f96cfebbb102?s=96&d=mm&r=g\",\"caption\":\"noelia\"},\"url\":\"https:\/\/innova.campogalego.gal\/es\/author\/noelia\"}]}<\/script>\n<!-- \/ Yoast SEO plugin. -->","yoast_head_json":{"title":"Potencial del chopo, gran productor de madera y capturador de carbono - Innova - Campo Galego","robots":{"index":"index","follow":"follow","max-snippet":"max-snippet:-1","max-image-preview":"max-image-preview:large","max-video-preview":"max-video-preview:-1"},"canonical":"https:\/\/innova.campogalego.gal\/es\/forestal-es\/potencial-del-chopo-gran-productor-de-madera-y-capturador-de-carbono.html","og_locale":"es_ES","og_type":"article","og_title":"Potencial del chopo, gran productor de madera y capturador de carbono - Innova - Campo Galego","og_description":"La tesis de doctorado de la ingeniera Alicia Fuertes S\u00e1nchez concluye que las plantaciones de chopo gestionadas en alta densidad y turno corto consiguen una alta [\u2026]","og_url":"https:\/\/innova.campogalego.gal\/es\/forestal-es\/potencial-del-chopo-gran-productor-de-madera-y-capturador-de-carbono.html","og_site_name":"Innova - Campo Galego","article_published_time":"2023-11-29T19:01:21+00:00","og_image":[{"width":660,"height":440,"url":"https:\/\/innova.campogalego.gal\/wp-content\/uploads\/2023\/11\/Chopoeira-.jpg","type":"image\/jpeg"}],"author":"noelia","twitter_card":"summary_large_image","twitter_misc":{"Escrito por":"noelia","Tiempo de lectura":"2 minutos"},"schema":{"@context":"https:\/\/schema.org","@graph":[{"@type":"WebPage","@id":"https:\/\/innova.campogalego.gal\/es\/forestal-es\/potencial-del-chopo-gran-productor-de-madera-y-capturador-de-carbono.html","url":"https:\/\/innova.campogalego.gal\/es\/forestal-es\/potencial-del-chopo-gran-productor-de-madera-y-capturador-de-carbono.html","name":"Potencial del chopo, gran productor de madera y capturador de carbono - Innova - Campo Galego","isPartOf":{"@id":"https:\/\/innova.campogalego.gal\/es#website"},"datePublished":"2023-11-29T19:01:21+00:00","dateModified":"2023-11-29T19:01:21+00:00","author":{"@id":"https:\/\/innova.campogalego.gal\/es#\/schema\/person\/5f73832eaae2d2d2fe19cdf56f76e921"},"breadcrumb":{"@id":"https:\/\/innova.campogalego.gal\/es\/forestal-es\/potencial-del-chopo-gran-productor-de-madera-y-capturador-de-carbono.html#breadcrumb"},"inLanguage":"es","potentialAction":[{"@type":"ReadAction","target":["https:\/\/innova.campogalego.gal\/es\/forestal-es\/potencial-del-chopo-gran-productor-de-madera-y-capturador-de-carbono.html"]}]},{"@type":"BreadcrumbList","@id":"https:\/\/innova.campogalego.gal\/es\/forestal-es\/potencial-del-chopo-gran-productor-de-madera-y-capturador-de-carbono.html#breadcrumb","itemListElement":[{"@type":"ListItem","position":1,"name":"Portada","item":"https:\/\/innova.campogalego.gal\/es"},{"@type":"ListItem","position":2,"name":"Potencial del chopo, gran productor de madera y capturador de carbono"}]},{"@type":"WebSite","@id":"https:\/\/innova.campogalego.gal\/es#website","url":"https:\/\/innova.campogalego.gal\/es","name":"Innova - Campo Galego","description":"","potentialAction":[{"@type":"SearchAction","target":{"@type":"EntryPoint","urlTemplate":"https:\/\/innova.campogalego.gal\/es?s={search_term_string}"},"query-input":"required name=search_term_string"}],"inLanguage":"es"},{"@type":"Person","@id":"https:\/\/innova.campogalego.gal\/es#\/schema\/person\/5f73832eaae2d2d2fe19cdf56f76e921","name":"noelia","image":{"@type":"ImageObject","inLanguage":"es","@id":"https:\/\/innova.campogalego.gal\/es#\/schema\/person\/image\/","url":"https:\/\/secure.gravatar.com\/avatar\/b4912756e566b19c7962f96cfebbb102?s=96&d=mm&r=g","contentUrl":"https:\/\/secure.gravatar.com\/avatar\/b4912756e566b19c7962f96cfebbb102?s=96&d=mm&r=g","caption":"noelia"},"url":"https:\/\/innova.campogalego.gal\/es\/author\/noelia"}]}},"_links":{"self":[{"href":"https:\/\/innova.campogalego.gal\/es\/wp-json\/wp\/v2\/posts\/1711"}],"collection":[{"href":"https:\/\/innova.campogalego.gal\/es\/wp-json\/wp\/v2\/posts"}],"about":[{"href":"https:\/\/innova.campogalego.gal\/es\/wp-json\/wp\/v2\/types\/post"}],"author":[{"embeddable":true,"href":"https:\/\/innova.campogalego.gal\/es\/wp-json\/wp\/v2\/users\/7"}],"replies":[{"embeddable":true,"href":"https:\/\/innova.campogalego.gal\/es\/wp-json\/wp\/v2\/comments?post=1711"}],"version-history":[{"count":2,"href":"https:\/\/innova.campogalego.gal\/es\/wp-json\/wp\/v2\/posts\/1711\/revisions"}],"predecessor-version":[{"id":1720,"href":"https:\/\/innova.campogalego.gal\/es\/wp-json\/wp\/v2\/posts\/1711\/revisions\/1720"}],"wp:featuredmedia":[{"embeddable":true,"href":"https:\/\/innova.campogalego.gal\/es\/wp-json\/wp\/v2\/media\/1716"}],"wp:attachment":[{"href":"https:\/\/innova.campogalego.gal\/es\/wp-json\/wp\/v2\/media?parent=1711"}],"wp:term":[{"taxonomy":"category","embeddable":true,"href":"https:\/\/innova.campogalego.gal\/es\/wp-json\/wp\/v2\/categories?post=1711"},{"taxonomy":"post_tag","embeddable":true,"href":"https:\/\/innova.campogalego.gal\/es\/wp-json\/wp\/v2\/tags?post=1711"}],"curies":[{"name":"wp","href":"https:\/\/api.w.org\/{rel}","templated":true}]}}