{"id":2205,"date":"2023-12-18T13:34:26","date_gmt":"2023-12-18T12:34:26","guid":{"rendered":"https:\/\/innova.campogalego.gal\/?p=2205"},"modified":"2023-12-18T14:04:52","modified_gmt":"2023-12-18T13:04:52","slug":"la-escuela-politecnica-de-lugo-lidera-un-proyecto-europeo-para-optimizar-el-uso-del-agua-regenerada-en-cultivos","status":"publish","type":"post","link":"https:\/\/innova.campogalego.gal\/es\/campus-terra-es\/la-escuela-politecnica-de-lugo-lidera-un-proyecto-europeo-para-optimizar-el-uso-del-agua-regenerada-en-cultivos.html","title":{"rendered":"La Escuela Polit\u00e9cnica de Lugo lidera un proyecto europeo para optimizar el uso del agua regenerada en cultivos"},"content":{"rendered":"<p><img decoding=\"async\" loading=\"lazy\" class=\"alignnone size-medium wp-image-2543 lazyload\" src=\"data:image\/gif;base64,R0lGODlhAQABAAAAACH5BAEKAAEALAAAAAABAAEAAAICTAEAOw==\" alt=\"\" width=\"300\" height=\"200\" sizes=\"(max-width:767px) 300px, 300px\" data-src=\"https:\/\/innova.campogalego.gal\/wp-content\/uploads\/2023\/12\/MILLO_REGA_CARTELOS_-tubos-secundarios_1-dia-despois_13-xullo-2016-300x200.jpg\" data-srcset=\"https:\/\/innova.campogalego.gal\/wp-content\/uploads\/2023\/12\/MILLO_REGA_CARTELOS_-tubos-secundarios_1-dia-despois_13-xullo-2016-300x200.jpg 300w, https:\/\/innova.campogalego.gal\/wp-content\/uploads\/2023\/12\/MILLO_REGA_CARTELOS_-tubos-secundarios_1-dia-despois_13-xullo-2016.jpg 660w\"><br \/>\nLa Escuela Polit\u00e9cnica Superior de Ingenier\u00eda del <strong><a href=\"https:\/\/www.usc.gal\/gl\/campusterra\" target=\"_blank\" rel=\"noopener\">Campus Terra<\/a><\/strong> lidera una iniciativa europea para optimizar el aprovechamiento de agua regenerada para usos agr\u00edcolas. La prioridad del proyecto es preservar el capital natural, para reforzar su adaptaci\u00f3n al cambio clim\u00e1tico, adem\u00e1s de la promoci\u00f3n del acceso al agua y una gesti\u00f3n sostenible de los recursos h\u00eddricos.<\/p>\n<p>El proyecto se titula &#8216;I-ReWater Gesti\u00f3n sostenible de los recursos h\u00eddricos en la agricultura de regad\u00edo en el espacio SUDOE&#8217;, este nombre indica la regi\u00f3n que conforma la Pen\u00ednsula Ib\u00e9rica, Principado de Andorra y sur de Francia. Est\u00e1 coordinado por el profesor de la Universidad de Santiago de Compostela Javier Cancela Barrio, quien tambi\u00e9n es investigador del grupo Proyectos y Planificaci\u00f3n (<strong><a href=\"https:\/\/investigacion.usc.gal\/grupos\/4666\/detalle?lang=es\" target=\"_blank\" rel=\"noopener\">PROePLA<\/a><\/strong>).<\/p>\n<p>Destacan la importancia de la investigaci\u00f3n ya que, seg\u00fan indican, las estimaciones derivan en que el empleo de agua regenerada en la agricultura de regad\u00edo podr\u00eda implicar un ahorro del 10 % de los recursos h\u00eddricos dedicados en la actualidad la tal fin.<\/p>\n<p><strong>Primeros pasos<\/strong><br \/>\nEl proyecto se iniciar\u00e1 a mediados de febrero de 2024 en el Campus Terra, donde se dar\u00e1n cita representantes de los 16 socios beneficiarios del programa, entre los que se encuentran la Fundaci\u00f3n Juana de Vega y la empresa Gestagua. Esta sesi\u00f3n inaugural servir\u00e1 para favorecer la interacci\u00f3n entre los distintos socios, as\u00ed como para perfilar e intercambiar informaci\u00f3n sobre las diferentes experiencias de aprovechamiento de agua regenera en parcelas de agricultura de riego que se desarrollar\u00e1n en 16 localizaciones del territorio SUDOE a lo largo del trienio 2024-2026.<\/p>\n<blockquote><p>Con los resultados obtenidos elaborar\u00e1n una estrategia de actuaci\u00f3n a nivel internacional y definir\u00e1n las distintas etapas a seguir para incorporar las aguas regeneradas a regad\u00edo<\/p><\/blockquote>\n<p>El personal analizar\u00e1 el estado actual de los recursos h\u00eddricos en los territorios que conforman el llamado espacio SUDOE. Prestar\u00e1n especial atenci\u00f3n al uso de aguas regeneradas en la agricultura de regad\u00edo, as\u00ed como nos efectos en la producci\u00f3n y calidad de los cultivos. La finalidad es favorecer la resiliencia y la seguridad de las aguas.<\/p>\n<p>Los resultados de las distintas acciones parciales desarrolladas permitir\u00e1n la posterior elaboraci\u00f3n de una estrategia de actuaci\u00f3n a nivel internacional. Esta l\u00ednea permitir\u00e1 definir las distintas etapas a seguir en el progresivo proceso de incorporaci\u00f3n de las aguas regeneradas al conjunto de recursos h\u00eddricos disponibles destinados a regad\u00edo. Tambi\u00e9n se posibilitar\u00e1 el desarrollo de herramientas para la mejora de toma de decisiones, a trav\u00e9s de la integraci\u00f3n de modelos y aplicaciones ya existentes en la actualidad.<\/p>\n","protected":false},"excerpt":{"rendered":"<p>La Escuela Polit\u00e9cnica Superior de Ingenier\u00eda del Campus Terra lidera una iniciativa europea para optimizar el aprovechamiento de agua regenerada para usos agr\u00edcolas. La prioridad del<span class=\"excerpt-hellip\"> [\u2026]<\/span><\/p>\n","protected":false},"author":7,"featured_media":2543,"comment_status":"open","ping_status":"open","sticky":false,"template":"","format":"standard","meta":{"footnotes":""},"categories":[92],"tags":[257,284],"acf":[],"yoast_head":"<!-- This site is optimized with the Yoast SEO plugin v21.2 - https:\/\/yoast.com\/wordpress\/plugins\/seo\/ -->\n<title>La Escuela Polit\u00e9cnica de Lugo lidera un proyecto europeo para optimizar el uso del agua regenerada en cultivos - Innova - Campo Galego<\/title>\n<meta name=\"robots\" content=\"index, follow, max-snippet:-1, max-image-preview:large, max-video-preview:-1\" \/>\n<link rel=\"canonical\" href=\"https:\/\/innova.campogalego.gal\/es\/campus-terra-es\/la-escuela-politecnica-de-lugo-lidera-un-proyecto-europeo-para-optimizar-el-uso-del-agua-regenerada-en-cultivos.html\" \/>\n<meta property=\"og:locale\" content=\"es_ES\" \/>\n<meta property=\"og:type\" content=\"article\" \/>\n<meta property=\"og:title\" content=\"La Escuela Polit\u00e9cnica de Lugo lidera un proyecto europeo para optimizar el uso del agua regenerada en cultivos - Innova - Campo Galego\" \/>\n<meta property=\"og:description\" content=\"La Escuela Polit\u00e9cnica Superior de Ingenier\u00eda del Campus Terra lidera una iniciativa europea para optimizar el aprovechamiento de agua regenerada para usos agr\u00edcolas. La prioridad del [\u2026]\" \/>\n<meta property=\"og:url\" content=\"https:\/\/innova.campogalego.gal\/es\/campus-terra-es\/la-escuela-politecnica-de-lugo-lidera-un-proyecto-europeo-para-optimizar-el-uso-del-agua-regenerada-en-cultivos.html\" \/>\n<meta property=\"og:site_name\" content=\"Innova - Campo Galego\" \/>\n<meta property=\"article:published_time\" content=\"2023-12-18T12:34:26+00:00\" \/>\n<meta property=\"article:modified_time\" content=\"2023-12-18T13:04:52+00:00\" \/>\n<meta property=\"og:image\" content=\"https:\/\/innova.campogalego.gal\/wp-content\/uploads\/2023\/12\/MILLO_REGA_CARTELOS_-tubos-secundarios_1-dia-despois_13-xullo-2016.jpg\" \/>\n\t<meta property=\"og:image:width\" content=\"660\" \/>\n\t<meta property=\"og:image:height\" content=\"440\" \/>\n\t<meta property=\"og:image:type\" content=\"image\/jpeg\" \/>\n<meta name=\"author\" content=\"noelia\" \/>\n<meta name=\"twitter:card\" content=\"summary_large_image\" \/>\n<meta name=\"twitter:label1\" content=\"Escrito por\" \/>\n\t<meta name=\"twitter:data1\" content=\"noelia\" \/>\n\t<meta name=\"twitter:label2\" content=\"Tiempo de lectura\" \/>\n\t<meta name=\"twitter:data2\" content=\"3 minutos\" \/>\n<script type=\"application\/ld+json\" class=\"yoast-schema-graph\">{\"@context\":\"https:\/\/schema.org\",\"@graph\":[{\"@type\":\"WebPage\",\"@id\":\"https:\/\/innova.campogalego.gal\/es\/campus-terra-es\/la-escuela-politecnica-de-lugo-lidera-un-proyecto-europeo-para-optimizar-el-uso-del-agua-regenerada-en-cultivos.html\",\"url\":\"https:\/\/innova.campogalego.gal\/es\/campus-terra-es\/la-escuela-politecnica-de-lugo-lidera-un-proyecto-europeo-para-optimizar-el-uso-del-agua-regenerada-en-cultivos.html\",\"name\":\"La Escuela Polit\u00e9cnica de Lugo lidera un proyecto europeo para optimizar el uso del agua regenerada en cultivos - Innova - Campo Galego\",\"isPartOf\":{\"@id\":\"https:\/\/innova.campogalego.gal\/es#website\"},\"datePublished\":\"2023-12-18T12:34:26+00:00\",\"dateModified\":\"2023-12-18T13:04:52+00:00\",\"author\":{\"@id\":\"https:\/\/innova.campogalego.gal\/es#\/schema\/person\/5f73832eaae2d2d2fe19cdf56f76e921\"},\"breadcrumb\":{\"@id\":\"https:\/\/innova.campogalego.gal\/es\/campus-terra-es\/la-escuela-politecnica-de-lugo-lidera-un-proyecto-europeo-para-optimizar-el-uso-del-agua-regenerada-en-cultivos.html#breadcrumb\"},\"inLanguage\":\"es\",\"potentialAction\":[{\"@type\":\"ReadAction\",\"target\":[\"https:\/\/innova.campogalego.gal\/es\/campus-terra-es\/la-escuela-politecnica-de-lugo-lidera-un-proyecto-europeo-para-optimizar-el-uso-del-agua-regenerada-en-cultivos.html\"]}]},{\"@type\":\"BreadcrumbList\",\"@id\":\"https:\/\/innova.campogalego.gal\/es\/campus-terra-es\/la-escuela-politecnica-de-lugo-lidera-un-proyecto-europeo-para-optimizar-el-uso-del-agua-regenerada-en-cultivos.html#breadcrumb\",\"itemListElement\":[{\"@type\":\"ListItem\",\"position\":1,\"name\":\"Portada\",\"item\":\"https:\/\/innova.campogalego.gal\/es\"},{\"@type\":\"ListItem\",\"position\":2,\"name\":\"La Escuela Polit\u00e9cnica de Lugo lidera un proyecto europeo para optimizar el uso del agua regenerada en cultivos\"}]},{\"@type\":\"WebSite\",\"@id\":\"https:\/\/innova.campogalego.gal\/es#website\",\"url\":\"https:\/\/innova.campogalego.gal\/es\",\"name\":\"Innova - Campo Galego\",\"description\":\"\",\"potentialAction\":[{\"@type\":\"SearchAction\",\"target\":{\"@type\":\"EntryPoint\",\"urlTemplate\":\"https:\/\/innova.campogalego.gal\/es?s={search_term_string}\"},\"query-input\":\"required name=search_term_string\"}],\"inLanguage\":\"es\"},{\"@type\":\"Person\",\"@id\":\"https:\/\/innova.campogalego.gal\/es#\/schema\/person\/5f73832eaae2d2d2fe19cdf56f76e921\",\"name\":\"noelia\",\"image\":{\"@type\":\"ImageObject\",\"inLanguage\":\"es\",\"@id\":\"https:\/\/innova.campogalego.gal\/es#\/schema\/person\/image\/\",\"url\":\"https:\/\/secure.gravatar.com\/avatar\/b4912756e566b19c7962f96cfebbb102?s=96&d=mm&r=g\",\"contentUrl\":\"https:\/\/secure.gravatar.com\/avatar\/b4912756e566b19c7962f96cfebbb102?s=96&d=mm&r=g\",\"caption\":\"noelia\"},\"url\":\"https:\/\/innova.campogalego.gal\/es\/author\/noelia\"}]}<\/script>\n<!-- \/ Yoast SEO plugin. -->","yoast_head_json":{"title":"La Escuela Polit\u00e9cnica de Lugo lidera un proyecto europeo para optimizar el uso del agua regenerada en cultivos - Innova - Campo Galego","robots":{"index":"index","follow":"follow","max-snippet":"max-snippet:-1","max-image-preview":"max-image-preview:large","max-video-preview":"max-video-preview:-1"},"canonical":"https:\/\/innova.campogalego.gal\/es\/campus-terra-es\/la-escuela-politecnica-de-lugo-lidera-un-proyecto-europeo-para-optimizar-el-uso-del-agua-regenerada-en-cultivos.html","og_locale":"es_ES","og_type":"article","og_title":"La Escuela Polit\u00e9cnica de Lugo lidera un proyecto europeo para optimizar el uso del agua regenerada en cultivos - Innova - Campo Galego","og_description":"La Escuela Polit\u00e9cnica Superior de Ingenier\u00eda del Campus Terra lidera una iniciativa europea para optimizar el aprovechamiento de agua regenerada para usos agr\u00edcolas. La prioridad del [\u2026]","og_url":"https:\/\/innova.campogalego.gal\/es\/campus-terra-es\/la-escuela-politecnica-de-lugo-lidera-un-proyecto-europeo-para-optimizar-el-uso-del-agua-regenerada-en-cultivos.html","og_site_name":"Innova - Campo Galego","article_published_time":"2023-12-18T12:34:26+00:00","article_modified_time":"2023-12-18T13:04:52+00:00","og_image":[{"width":660,"height":440,"url":"https:\/\/innova.campogalego.gal\/wp-content\/uploads\/2023\/12\/MILLO_REGA_CARTELOS_-tubos-secundarios_1-dia-despois_13-xullo-2016.jpg","type":"image\/jpeg"}],"author":"noelia","twitter_card":"summary_large_image","twitter_misc":{"Escrito por":"noelia","Tiempo de lectura":"3 minutos"},"schema":{"@context":"https:\/\/schema.org","@graph":[{"@type":"WebPage","@id":"https:\/\/innova.campogalego.gal\/es\/campus-terra-es\/la-escuela-politecnica-de-lugo-lidera-un-proyecto-europeo-para-optimizar-el-uso-del-agua-regenerada-en-cultivos.html","url":"https:\/\/innova.campogalego.gal\/es\/campus-terra-es\/la-escuela-politecnica-de-lugo-lidera-un-proyecto-europeo-para-optimizar-el-uso-del-agua-regenerada-en-cultivos.html","name":"La Escuela Polit\u00e9cnica de Lugo lidera un proyecto europeo para optimizar el uso del agua regenerada en cultivos - Innova - Campo Galego","isPartOf":{"@id":"https:\/\/innova.campogalego.gal\/es#website"},"datePublished":"2023-12-18T12:34:26+00:00","dateModified":"2023-12-18T13:04:52+00:00","author":{"@id":"https:\/\/innova.campogalego.gal\/es#\/schema\/person\/5f73832eaae2d2d2fe19cdf56f76e921"},"breadcrumb":{"@id":"https:\/\/innova.campogalego.gal\/es\/campus-terra-es\/la-escuela-politecnica-de-lugo-lidera-un-proyecto-europeo-para-optimizar-el-uso-del-agua-regenerada-en-cultivos.html#breadcrumb"},"inLanguage":"es","potentialAction":[{"@type":"ReadAction","target":["https:\/\/innova.campogalego.gal\/es\/campus-terra-es\/la-escuela-politecnica-de-lugo-lidera-un-proyecto-europeo-para-optimizar-el-uso-del-agua-regenerada-en-cultivos.html"]}]},{"@type":"BreadcrumbList","@id":"https:\/\/innova.campogalego.gal\/es\/campus-terra-es\/la-escuela-politecnica-de-lugo-lidera-un-proyecto-europeo-para-optimizar-el-uso-del-agua-regenerada-en-cultivos.html#breadcrumb","itemListElement":[{"@type":"ListItem","position":1,"name":"Portada","item":"https:\/\/innova.campogalego.gal\/es"},{"@type":"ListItem","position":2,"name":"La Escuela Polit\u00e9cnica de Lugo lidera un proyecto europeo para optimizar el uso del agua regenerada en cultivos"}]},{"@type":"WebSite","@id":"https:\/\/innova.campogalego.gal\/es#website","url":"https:\/\/innova.campogalego.gal\/es","name":"Innova - Campo Galego","description":"","potentialAction":[{"@type":"SearchAction","target":{"@type":"EntryPoint","urlTemplate":"https:\/\/innova.campogalego.gal\/es?s={search_term_string}"},"query-input":"required name=search_term_string"}],"inLanguage":"es"},{"@type":"Person","@id":"https:\/\/innova.campogalego.gal\/es#\/schema\/person\/5f73832eaae2d2d2fe19cdf56f76e921","name":"noelia","image":{"@type":"ImageObject","inLanguage":"es","@id":"https:\/\/innova.campogalego.gal\/es#\/schema\/person\/image\/","url":"https:\/\/secure.gravatar.com\/avatar\/b4912756e566b19c7962f96cfebbb102?s=96&d=mm&r=g","contentUrl":"https:\/\/secure.gravatar.com\/avatar\/b4912756e566b19c7962f96cfebbb102?s=96&d=mm&r=g","caption":"noelia"},"url":"https:\/\/innova.campogalego.gal\/es\/author\/noelia"}]}},"_links":{"self":[{"href":"https:\/\/innova.campogalego.gal\/es\/wp-json\/wp\/v2\/posts\/2205"}],"collection":[{"href":"https:\/\/innova.campogalego.gal\/es\/wp-json\/wp\/v2\/posts"}],"about":[{"href":"https:\/\/innova.campogalego.gal\/es\/wp-json\/wp\/v2\/types\/post"}],"author":[{"embeddable":true,"href":"https:\/\/innova.campogalego.gal\/es\/wp-json\/wp\/v2\/users\/7"}],"replies":[{"embeddable":true,"href":"https:\/\/innova.campogalego.gal\/es\/wp-json\/wp\/v2\/comments?post=2205"}],"version-history":[{"count":2,"href":"https:\/\/innova.campogalego.gal\/es\/wp-json\/wp\/v2\/posts\/2205\/revisions"}],"predecessor-version":[{"id":2549,"href":"https:\/\/innova.campogalego.gal\/es\/wp-json\/wp\/v2\/posts\/2205\/revisions\/2549"}],"wp:featuredmedia":[{"embeddable":true,"href":"https:\/\/innova.campogalego.gal\/es\/wp-json\/wp\/v2\/media\/2543"}],"wp:attachment":[{"href":"https:\/\/innova.campogalego.gal\/es\/wp-json\/wp\/v2\/media?parent=2205"}],"wp:term":[{"taxonomy":"category","embeddable":true,"href":"https:\/\/innova.campogalego.gal\/es\/wp-json\/wp\/v2\/categories?post=2205"},{"taxonomy":"post_tag","embeddable":true,"href":"https:\/\/innova.campogalego.gal\/es\/wp-json\/wp\/v2\/tags?post=2205"}],"curies":[{"name":"wp","href":"https:\/\/api.w.org\/{rel}","templated":true}]}}