{"id":2576,"date":"2023-12-21T13:07:14","date_gmt":"2023-12-21T12:07:14","guid":{"rendered":"https:\/\/innova.campogalego.gal\/?p=2576"},"modified":"2023-12-21T13:07:14","modified_gmt":"2023-12-21T12:07:14","slug":"galicia-participa-en-un-proyecto-sobre-uso-de-la-inteligencia-artificial-para-alertas-tempranas-de-incendios-forestales","status":"publish","type":"post","link":"https:\/\/innova.campogalego.gal\/es\/forestal-es\/galicia-participa-en-un-proyecto-sobre-uso-de-la-inteligencia-artificial-para-alertas-tempranas-de-incendios-forestales.html","title":{"rendered":"Galicia participa en un proyecto sobre uso de la inteligencia artificial para alertas tempranas de incendios forestales"},"content":{"rendered":"<p>El proyecto europeo Interreg est\u00e1 centrado en la gesti\u00f3n conjunta de servicios relacionados con las nuevas tecnolog\u00edas para la prevenci\u00f3n, preparaci\u00f3n y repuesta frente las cat\u00e1strofes naturales e incendios forestales. La <strong><a href=\"https:\/\/www.xunta.gal\/portada\" target=\"_blank\" rel=\"noopener\">Xunta de Galicia<\/a><\/strong>, a trav\u00e9s de la Direcci\u00f3n General de Defensa del Monte de la Conseller\u00eda del Medio Rural, participa en esta investigaci\u00f3n. Se trata de un proyecto de cooperaci\u00f3n para el desarrollo de infraestructuras digitales transfronterizas de datos, nubes conjuntas y nuevos sistemas espaciales.<\/p>\n<p>&#8216;Redes de alertas tempranas para la teledetecci\u00f3n de riesgos derivados del cambio&#8217; es el t\u00edtulo de la investigaci\u00f3n en la que participan, adem\u00e1s de la Xunta, la Direcci\u00f3n General de Protecci\u00f3n Civil de Castilla y Le\u00f3n, la <strong><a href=\"https:\/\/www.unex.es\/\" target=\"_blank\" rel=\"noopener\">Universidad de Extremadura<\/a><\/strong>, el <strong><a href=\"http:\/\/cicytex.juntaex.es\/es\/\" target=\"_blank\" rel=\"noopener\">Centro de Investigaciones Cient\u00edficas y Tecnol\u00f3gicas de Extremadura<\/a><\/strong>, <strong><a href=\"https:\/\/www2.cruzroja.es\/\" target=\"_blank\" rel=\"noopener\">Cruz Roja<\/a><\/strong>, la <strong><a href=\"https:\/\/apambiente.pt\/\" target=\"_blank\" rel=\"noopener\">Agencia Portuguesa del Ambiente (APA)<\/a><\/strong>, la <strong><a href=\"https:\/\/www.ua.pt\/\" target=\"_blank\" rel=\"noopener\">Universidad de Aveiro<\/a><\/strong> y la <strong><a href=\"https:\/\/www.juntadeandalucia.es\/\" target=\"_blank\" rel=\"noopener\">Junta de Andaluc\u00eda<\/a><\/strong>.<\/p>\n<div id=\"attachment_2574\" style=\"width: 1210px\" class=\"wp-caption aligncenter\"><img aria-describedby=\"caption-attachment-2574\" decoding=\"async\" loading=\"lazy\" class=\"size-full wp-image-2574 lazyload\" src=\"data:image\/gif;base64,R0lGODlhAQABAAAAACH5BAEKAAEALAAAAAABAAEAAAICTAEAOw==\" alt=\"\" width=\"1200\" height=\"800\" sizes=\"(max-width:767px) 480px, (max-width:1200px) 100vw, 1200px\" data-src=\"https:\/\/innova.campogalego.gal\/wp-content\/uploads\/2023\/12\/Proxecto-Interreg.jpg\" data-srcset=\"https:\/\/innova.campogalego.gal\/wp-content\/uploads\/2023\/12\/Proxecto-Interreg.jpg 1200w, https:\/\/innova.campogalego.gal\/wp-content\/uploads\/2023\/12\/Proxecto-Interreg-300x200.jpg 300w, https:\/\/innova.campogalego.gal\/wp-content\/uploads\/2023\/12\/Proxecto-Interreg-1024x683.jpg 1024w\"><p id=\"caption-attachment-2574\" class=\"wp-caption-text\">Reuni\u00f3n del director general de Defensa del Monte, Manuel Rodr\u00edguez, con los diferentes participantes del proyecto<\/p><\/div>\n<p>El beneficiario principal, que es la Direcci\u00f3n General de Emergencias, Protecci\u00f3n Civil e Interior de Extremadura, dispone de una estaci\u00f3n de descarga directa de datos de los sat\u00e9lites de observaci\u00f3n de la tierra (Aqua, Terra, S-NPP y NOAA 20 de la NASA y Copernicus de la ESA). Con este sistema configurar\u00e1n, desarrollar\u00e1n y monitorizar\u00e1n mediante inteligencia artificial diversos algoritmos (humedad, clorofila, etc.) para modelos f\u00edsicos que automaticen redes de alerta temprana. Estos datos servir\u00e1n, entre otras finalidades, para la teledetecci\u00f3n de incendios forestales.<\/p>\n<p>De este modo, la Direcci\u00f3n General de Defensa del Monte implementar\u00e1 el material inform\u00e1tico necesario para recibir y analizar los datos y poder contar con una red de alerta tempranera de detecci\u00f3n de fuegos transfronterizos y de la propia comunidad aut\u00f3noma gallega.<\/p>\n","protected":false},"excerpt":{"rendered":"<p>El proyecto europeo Interreg est\u00e1 centrado en la gesti\u00f3n conjunta de servicios relacionados con las nuevas tecnolog\u00edas para la prevenci\u00f3n, preparaci\u00f3n y repuesta frente las cat\u00e1strofes<span class=\"excerpt-hellip\"> [\u2026]<\/span><\/p>\n","protected":false},"author":7,"featured_media":2583,"comment_status":"open","ping_status":"open","sticky":false,"template":"","format":"standard","meta":{"footnotes":""},"categories":[88],"tags":[111,257],"acf":[],"yoast_head":"<!-- This site is optimized with the Yoast SEO plugin v21.2 - https:\/\/yoast.com\/wordpress\/plugins\/seo\/ -->\n<title>Galicia participa en un proyecto sobre uso de la inteligencia artificial para alertas tempranas de incendios forestales - Innova - Campo Galego<\/title>\n<meta name=\"robots\" content=\"index, follow, max-snippet:-1, max-image-preview:large, max-video-preview:-1\" \/>\n<link rel=\"canonical\" href=\"https:\/\/innova.campogalego.gal\/es\/forestal-es\/galicia-participa-en-un-proyecto-sobre-uso-de-la-inteligencia-artificial-para-alertas-tempranas-de-incendios-forestales.html\" \/>\n<meta property=\"og:locale\" content=\"es_ES\" \/>\n<meta property=\"og:type\" content=\"article\" \/>\n<meta property=\"og:title\" content=\"Galicia participa en un proyecto sobre uso de la inteligencia artificial para alertas tempranas de incendios forestales - Innova - Campo Galego\" \/>\n<meta property=\"og:description\" content=\"El proyecto europeo Interreg est\u00e1 centrado en la gesti\u00f3n conjunta de servicios relacionados con las nuevas tecnolog\u00edas para la prevenci\u00f3n, preparaci\u00f3n y repuesta frente las cat\u00e1strofes [\u2026]\" \/>\n<meta property=\"og:url\" content=\"https:\/\/innova.campogalego.gal\/es\/forestal-es\/galicia-participa-en-un-proyecto-sobre-uso-de-la-inteligencia-artificial-para-alertas-tempranas-de-incendios-forestales.html\" \/>\n<meta property=\"og:site_name\" content=\"Innova - Campo Galego\" \/>\n<meta property=\"article:published_time\" content=\"2023-12-21T12:07:14+00:00\" \/>\n<meta property=\"og:image\" content=\"https:\/\/innova.campogalego.gal\/wp-content\/uploads\/2023\/12\/Portada.-Barreiros-unha-das-primeiras-zonas-do-incendio.-Foto-tomada-o-xoves-12-as-19.00h-min-1024x683-1.png\" \/>\n\t<meta property=\"og:image:width\" content=\"1024\" \/>\n\t<meta property=\"og:image:height\" content=\"683\" \/>\n\t<meta property=\"og:image:type\" content=\"image\/png\" \/>\n<meta name=\"author\" content=\"noelia\" \/>\n<meta name=\"twitter:card\" content=\"summary_large_image\" \/>\n<meta name=\"twitter:label1\" content=\"Escrito por\" \/>\n\t<meta name=\"twitter:data1\" content=\"noelia\" \/>\n\t<meta name=\"twitter:label2\" content=\"Tiempo de lectura\" \/>\n\t<meta name=\"twitter:data2\" content=\"2 minutos\" \/>\n<script type=\"application\/ld+json\" class=\"yoast-schema-graph\">{\"@context\":\"https:\/\/schema.org\",\"@graph\":[{\"@type\":\"WebPage\",\"@id\":\"https:\/\/innova.campogalego.gal\/es\/forestal-es\/galicia-participa-en-un-proyecto-sobre-uso-de-la-inteligencia-artificial-para-alertas-tempranas-de-incendios-forestales.html\",\"url\":\"https:\/\/innova.campogalego.gal\/es\/forestal-es\/galicia-participa-en-un-proyecto-sobre-uso-de-la-inteligencia-artificial-para-alertas-tempranas-de-incendios-forestales.html\",\"name\":\"Galicia participa en un proyecto sobre uso de la inteligencia artificial para alertas tempranas de incendios forestales - Innova - Campo Galego\",\"isPartOf\":{\"@id\":\"https:\/\/innova.campogalego.gal\/es#website\"},\"datePublished\":\"2023-12-21T12:07:14+00:00\",\"dateModified\":\"2023-12-21T12:07:14+00:00\",\"author\":{\"@id\":\"https:\/\/innova.campogalego.gal\/es#\/schema\/person\/5f73832eaae2d2d2fe19cdf56f76e921\"},\"breadcrumb\":{\"@id\":\"https:\/\/innova.campogalego.gal\/es\/forestal-es\/galicia-participa-en-un-proyecto-sobre-uso-de-la-inteligencia-artificial-para-alertas-tempranas-de-incendios-forestales.html#breadcrumb\"},\"inLanguage\":\"es\",\"potentialAction\":[{\"@type\":\"ReadAction\",\"target\":[\"https:\/\/innova.campogalego.gal\/es\/forestal-es\/galicia-participa-en-un-proyecto-sobre-uso-de-la-inteligencia-artificial-para-alertas-tempranas-de-incendios-forestales.html\"]}]},{\"@type\":\"BreadcrumbList\",\"@id\":\"https:\/\/innova.campogalego.gal\/es\/forestal-es\/galicia-participa-en-un-proyecto-sobre-uso-de-la-inteligencia-artificial-para-alertas-tempranas-de-incendios-forestales.html#breadcrumb\",\"itemListElement\":[{\"@type\":\"ListItem\",\"position\":1,\"name\":\"Portada\",\"item\":\"https:\/\/innova.campogalego.gal\/es\"},{\"@type\":\"ListItem\",\"position\":2,\"name\":\"Galicia participa en un proyecto sobre uso de la inteligencia artificial para alertas tempranas de incendios forestales\"}]},{\"@type\":\"WebSite\",\"@id\":\"https:\/\/innova.campogalego.gal\/es#website\",\"url\":\"https:\/\/innova.campogalego.gal\/es\",\"name\":\"Innova - Campo Galego\",\"description\":\"\",\"potentialAction\":[{\"@type\":\"SearchAction\",\"target\":{\"@type\":\"EntryPoint\",\"urlTemplate\":\"https:\/\/innova.campogalego.gal\/es?s={search_term_string}\"},\"query-input\":\"required name=search_term_string\"}],\"inLanguage\":\"es\"},{\"@type\":\"Person\",\"@id\":\"https:\/\/innova.campogalego.gal\/es#\/schema\/person\/5f73832eaae2d2d2fe19cdf56f76e921\",\"name\":\"noelia\",\"image\":{\"@type\":\"ImageObject\",\"inLanguage\":\"es\",\"@id\":\"https:\/\/innova.campogalego.gal\/es#\/schema\/person\/image\/\",\"url\":\"https:\/\/secure.gravatar.com\/avatar\/b4912756e566b19c7962f96cfebbb102?s=96&d=mm&r=g\",\"contentUrl\":\"https:\/\/secure.gravatar.com\/avatar\/b4912756e566b19c7962f96cfebbb102?s=96&d=mm&r=g\",\"caption\":\"noelia\"},\"url\":\"https:\/\/innova.campogalego.gal\/es\/author\/noelia\"}]}<\/script>\n<!-- \/ Yoast SEO plugin. -->","yoast_head_json":{"title":"Galicia participa en un proyecto sobre uso de la inteligencia artificial para alertas tempranas de incendios forestales - Innova - Campo Galego","robots":{"index":"index","follow":"follow","max-snippet":"max-snippet:-1","max-image-preview":"max-image-preview:large","max-video-preview":"max-video-preview:-1"},"canonical":"https:\/\/innova.campogalego.gal\/es\/forestal-es\/galicia-participa-en-un-proyecto-sobre-uso-de-la-inteligencia-artificial-para-alertas-tempranas-de-incendios-forestales.html","og_locale":"es_ES","og_type":"article","og_title":"Galicia participa en un proyecto sobre uso de la inteligencia artificial para alertas tempranas de incendios forestales - Innova - Campo Galego","og_description":"El proyecto europeo Interreg est\u00e1 centrado en la gesti\u00f3n conjunta de servicios relacionados con las nuevas tecnolog\u00edas para la prevenci\u00f3n, preparaci\u00f3n y repuesta frente las cat\u00e1strofes [\u2026]","og_url":"https:\/\/innova.campogalego.gal\/es\/forestal-es\/galicia-participa-en-un-proyecto-sobre-uso-de-la-inteligencia-artificial-para-alertas-tempranas-de-incendios-forestales.html","og_site_name":"Innova - Campo Galego","article_published_time":"2023-12-21T12:07:14+00:00","og_image":[{"width":1024,"height":683,"url":"https:\/\/innova.campogalego.gal\/wp-content\/uploads\/2023\/12\/Portada.-Barreiros-unha-das-primeiras-zonas-do-incendio.-Foto-tomada-o-xoves-12-as-19.00h-min-1024x683-1.png","type":"image\/png"}],"author":"noelia","twitter_card":"summary_large_image","twitter_misc":{"Escrito por":"noelia","Tiempo de lectura":"2 minutos"},"schema":{"@context":"https:\/\/schema.org","@graph":[{"@type":"WebPage","@id":"https:\/\/innova.campogalego.gal\/es\/forestal-es\/galicia-participa-en-un-proyecto-sobre-uso-de-la-inteligencia-artificial-para-alertas-tempranas-de-incendios-forestales.html","url":"https:\/\/innova.campogalego.gal\/es\/forestal-es\/galicia-participa-en-un-proyecto-sobre-uso-de-la-inteligencia-artificial-para-alertas-tempranas-de-incendios-forestales.html","name":"Galicia participa en un proyecto sobre uso de la inteligencia artificial para alertas tempranas de incendios forestales - Innova - Campo Galego","isPartOf":{"@id":"https:\/\/innova.campogalego.gal\/es#website"},"datePublished":"2023-12-21T12:07:14+00:00","dateModified":"2023-12-21T12:07:14+00:00","author":{"@id":"https:\/\/innova.campogalego.gal\/es#\/schema\/person\/5f73832eaae2d2d2fe19cdf56f76e921"},"breadcrumb":{"@id":"https:\/\/innova.campogalego.gal\/es\/forestal-es\/galicia-participa-en-un-proyecto-sobre-uso-de-la-inteligencia-artificial-para-alertas-tempranas-de-incendios-forestales.html#breadcrumb"},"inLanguage":"es","potentialAction":[{"@type":"ReadAction","target":["https:\/\/innova.campogalego.gal\/es\/forestal-es\/galicia-participa-en-un-proyecto-sobre-uso-de-la-inteligencia-artificial-para-alertas-tempranas-de-incendios-forestales.html"]}]},{"@type":"BreadcrumbList","@id":"https:\/\/innova.campogalego.gal\/es\/forestal-es\/galicia-participa-en-un-proyecto-sobre-uso-de-la-inteligencia-artificial-para-alertas-tempranas-de-incendios-forestales.html#breadcrumb","itemListElement":[{"@type":"ListItem","position":1,"name":"Portada","item":"https:\/\/innova.campogalego.gal\/es"},{"@type":"ListItem","position":2,"name":"Galicia participa en un proyecto sobre uso de la inteligencia artificial para alertas tempranas de incendios forestales"}]},{"@type":"WebSite","@id":"https:\/\/innova.campogalego.gal\/es#website","url":"https:\/\/innova.campogalego.gal\/es","name":"Innova - Campo Galego","description":"","potentialAction":[{"@type":"SearchAction","target":{"@type":"EntryPoint","urlTemplate":"https:\/\/innova.campogalego.gal\/es?s={search_term_string}"},"query-input":"required name=search_term_string"}],"inLanguage":"es"},{"@type":"Person","@id":"https:\/\/innova.campogalego.gal\/es#\/schema\/person\/5f73832eaae2d2d2fe19cdf56f76e921","name":"noelia","image":{"@type":"ImageObject","inLanguage":"es","@id":"https:\/\/innova.campogalego.gal\/es#\/schema\/person\/image\/","url":"https:\/\/secure.gravatar.com\/avatar\/b4912756e566b19c7962f96cfebbb102?s=96&d=mm&r=g","contentUrl":"https:\/\/secure.gravatar.com\/avatar\/b4912756e566b19c7962f96cfebbb102?s=96&d=mm&r=g","caption":"noelia"},"url":"https:\/\/innova.campogalego.gal\/es\/author\/noelia"}]}},"_links":{"self":[{"href":"https:\/\/innova.campogalego.gal\/es\/wp-json\/wp\/v2\/posts\/2576"}],"collection":[{"href":"https:\/\/innova.campogalego.gal\/es\/wp-json\/wp\/v2\/posts"}],"about":[{"href":"https:\/\/innova.campogalego.gal\/es\/wp-json\/wp\/v2\/types\/post"}],"author":[{"embeddable":true,"href":"https:\/\/innova.campogalego.gal\/es\/wp-json\/wp\/v2\/users\/7"}],"replies":[{"embeddable":true,"href":"https:\/\/innova.campogalego.gal\/es\/wp-json\/wp\/v2\/comments?post=2576"}],"version-history":[{"count":2,"href":"https:\/\/innova.campogalego.gal\/es\/wp-json\/wp\/v2\/posts\/2576\/revisions"}],"predecessor-version":[{"id":2585,"href":"https:\/\/innova.campogalego.gal\/es\/wp-json\/wp\/v2\/posts\/2576\/revisions\/2585"}],"wp:featuredmedia":[{"embeddable":true,"href":"https:\/\/innova.campogalego.gal\/es\/wp-json\/wp\/v2\/media\/2583"}],"wp:attachment":[{"href":"https:\/\/innova.campogalego.gal\/es\/wp-json\/wp\/v2\/media?parent=2576"}],"wp:term":[{"taxonomy":"category","embeddable":true,"href":"https:\/\/innova.campogalego.gal\/es\/wp-json\/wp\/v2\/categories?post=2576"},{"taxonomy":"post_tag","embeddable":true,"href":"https:\/\/innova.campogalego.gal\/es\/wp-json\/wp\/v2\/tags?post=2576"}],"curies":[{"name":"wp","href":"https:\/\/api.w.org\/{rel}","templated":true}]}}