{"id":2935,"date":"2024-01-16T11:14:33","date_gmt":"2024-01-16T10:14:33","guid":{"rendered":"https:\/\/innova.campogalego.gal\/?p=2935"},"modified":"2024-01-16T11:14:33","modified_gmt":"2024-01-16T10:14:33","slug":"investigadores-gallegos-trabajan-para-identificar-zonas-clave-en-la-prevencion-de-los-grandes-incendios","status":"publish","type":"post","link":"https:\/\/innova.campogalego.gal\/es\/forestal-es\/investigadores-gallegos-trabajan-para-identificar-zonas-clave-en-la-prevencion-de-los-grandes-incendios.html","title":{"rendered":"Investigadores gallegos trabajan para identificar zonas clave en la prevenci\u00f3n de los grandes incendios"},"content":{"rendered":"<p><div id=\"attachment_2929\" style=\"width: 1210px\" class=\"wp-caption aligncenter\"><img aria-describedby=\"caption-attachment-2929\" decoding=\"async\" loading=\"lazy\" src=\"data:image\/gif;base64,R0lGODlhAQABAAAAACH5BAEKAAEALAAAAAABAAEAAAICTAEAOw==\" alt=\"\" width=\"1200\" height=\"800\" class=\"size-full wp-image-2929 lazyload\" sizes=\"(max-width:767px) 480px, (max-width:1200px) 100vw, 1200px\" data-src=\"https:\/\/innova.campogalego.gal\/wp-content\/uploads\/2024\/01\/pofirepoctep1.jpg\" data-srcset=\"https:\/\/innova.campogalego.gal\/wp-content\/uploads\/2024\/01\/pofirepoctep1.jpg 1200w, https:\/\/innova.campogalego.gal\/wp-content\/uploads\/2024\/01\/pofirepoctep1-300x200.jpg 300w, https:\/\/innova.campogalego.gal\/wp-content\/uploads\/2024\/01\/pofirepoctep1-1024x683.jpg 1024w\"><p id=\"caption-attachment-2929\" class=\"wp-caption-text\">Investigadores de la EE Forestal que participan en el proyecto de investigaci\u00f3n. Imagen cedida<\/p><\/div>Identificar zonas clave en la prevenci\u00f3n y merma de los efectos de los llamados \u00abincendios forestales extremos\u00bb en las zonas fronterizas entre Espa\u00f1a y Portugal es el principal objetivo del proyecto Firepoctep +. Est\u00e1 liderado por la Escuela de Ingenier\u00eda Forestal de Pontevedra y en \u00e9l participan 17 instituciones y entidades de los dos pa\u00edses. <\/p>\n<p>El proyecto tiene como investigador principal al profesor de la EE Forestal Juan Picos y da continuidad a Firepoctep, que ten\u00eda como  objetivo el dise\u00f1o de una estrategia com\u00fan de actuaciones preventivas frente a los grandes incendios a ambos lados de la frontera de los dos pa\u00edses europeos m\u00e1s afectados por los fuegos forestales. Una de las l\u00edneas centrales de este trabajo previo fue el desarrollo metodol\u00f3gico para la identificaci\u00f3n de esas zonas estrat\u00e9gicas de gesti\u00f3n, que en este nuevo proyecto tratar\u00e1n de localizar en las diferentes \u00e1relas piloto establecidas a lo largo de la frontera. <\/p>\n<p>\u00abSe va a utilizar esa metodolog\u00eda para definir cu\u00e1les ser\u00edan las zonas estrat\u00e9gicas y que habr\u00eda que hacer en ellas\u00bb, se\u00f1ala Picos. El proyecto se extender\u00e1 hasta 2026 y buscar\u00e1, adem\u00e1s de identificar esos puntos clave en la lucha contra los grandes fuegos, definir que acciones pueden llevarse a cabo con la implicaci\u00f3n de los agentes locales. En ese sentido, otro de los objetivos es contribuir a la movilizaci\u00f3n \u00abde recursos end\u00f3genos con valor preventivo, consolidando una red de cortafuegos productivos\u00bb. Como recuerda Picos, este concepto hace referencia \u00aba un \u00e1rea en la que la vegetaci\u00f3n cambia\u00bb, lo que no implica necesariamente rozar \u00e1reas del terreno, sino que pueden promoverse otro tipo de actividades, desde la presencia de ganado a diferentes tipos de cultivos. \u00abLa idea es darle un valor productivo a los cortafuegos\u00bb, se\u00f1ala.<br \/>\n<div id=\"attachment_2931\" style=\"width: 1210px\" class=\"wp-caption aligncenter\"><img aria-describedby=\"caption-attachment-2931\" decoding=\"async\" loading=\"lazy\" src=\"data:image\/gif;base64,R0lGODlhAQABAAAAACH5BAEKAAEALAAAAAABAAEAAAICTAEAOw==\" alt=\"\" width=\"1200\" height=\"800\" class=\"size-full wp-image-2931 lazyload\" sizes=\"(max-width:767px) 480px, (max-width:1200px) 100vw, 1200px\" data-src=\"https:\/\/innova.campogalego.gal\/wp-content\/uploads\/2024\/01\/pofirepoctep2.jpg\" data-srcset=\"https:\/\/innova.campogalego.gal\/wp-content\/uploads\/2024\/01\/pofirepoctep2.jpg 1200w, https:\/\/innova.campogalego.gal\/wp-content\/uploads\/2024\/01\/pofirepoctep2-300x200.jpg 300w, https:\/\/innova.campogalego.gal\/wp-content\/uploads\/2024\/01\/pofirepoctep2-1024x683.jpg 1024w\"><p id=\"caption-attachment-2931\" class=\"wp-caption-text\">Participantes en el proyecto de Espa\u00f1a y Portugal. Imagen cedida<\/p><\/div><br \/>\nPicos destaca que poner el foco en dichas zonas clave implicar\u00eda tambi\u00e9n un \u00abcambio de estrategia\u00bb en el labor de los operativos de extinci\u00f3n. Se pasar\u00eda de tratar de aplicar la mayor fuerza posible al combate del fuego en su inicio a analizar \u00abcu\u00e1l es el potencial del incendio y como va a progresar\u00bb, puesto que, en el caso de los grandes fuegos, \u00abdonde vamos a tener oportunidades de atajarlo es en esas zonas estrat\u00e9gicas de gesti\u00f3n\u00bb. Esto lleva a su vez a que otro de los bloques de trabajo del proyecto sea contribuir a la formaci\u00f3n de los operativos. Del mismo modo, entre las l\u00edneas de trabajo est\u00e1 tambi\u00e9n la formaci\u00f3n y sensibilizaci\u00f3n de la \u00abpoblaci\u00f3n rural y otros sectores de inter\u00e9s\u00bb, \u00e1mbito en el que el proyecto contar\u00e1 con la participaci\u00f3n de la investigadora de la Mar\u00eda Isabel Doval, vicerrectora de Bienestar, Equidad y Diversidad de la UVigo. <\/p>\n<p><strong>Miembros y financiaci\u00f3n<\/strong><br \/>\nEn el proyecto, por parte de Galicia, participan la Universidad de Vigo, la Direcci\u00f3n General de Defensa del Monte de la Xunta, Feuga y Energylab. Asimismo, tambi\u00e9n forman parte de este proyecto las universidades de Extremadura, Huelva, C\u00f3rdoba y \u00c9vora; la Agencia de Medio Ambiente y Agua de Andaluc\u00eda; la Diputaci\u00f3n Provincial de \u00c1vila; las comunidades intermunicipales de la Regi\u00f3n de Co\u00edmbra, Alto Minho y Algarve; la Comisi\u00f3n de Coordinaci\u00f3n y Desarrollo Regional del Algarve, la Autoridad Nacional de Emergencias y Protecci\u00f3n Civil de Portugal; la Junta de Andaluc\u00eda y la Fundaci\u00f3n Finnova. <\/p>\n<p>Cuenta con un presupuesto de 3,3 millones euros y est\u00e1 cofinanciado por la Uni\u00f3n Europea a trav\u00e9s del Fondo Europeo de Desarrollo Rural (Feder), en el marco del Programa de Cooperaci\u00f3n Transfronteriza Interreg VI-A Espa\u00f1a Portugal 2021-2027 (POCTEP).<\/p>\n","protected":false},"excerpt":{"rendered":"<p>Identificar zonas clave en la prevenci\u00f3n y merma de los efectos de los llamados \u00abincendios forestales extremos\u00bb en las zonas fronterizas entre Espa\u00f1a y Portugal es<span class=\"excerpt-hellip\"> [\u2026]<\/span><\/p>\n","protected":false},"author":7,"featured_media":2929,"comment_status":"open","ping_status":"open","sticky":false,"template":"","format":"standard","meta":{"footnotes":""},"categories":[88],"tags":[276,257,235],"acf":[],"yoast_head":"<!-- This site is optimized with the Yoast SEO plugin v21.2 - https:\/\/yoast.com\/wordpress\/plugins\/seo\/ -->\n<title>Investigadores gallegos trabajan para identificar zonas clave en la prevenci\u00f3n de los grandes incendios - Innova - Campo Galego<\/title>\n<meta name=\"robots\" content=\"index, follow, max-snippet:-1, max-image-preview:large, max-video-preview:-1\" \/>\n<link rel=\"canonical\" href=\"https:\/\/innova.campogalego.gal\/es\/forestal-es\/investigadores-gallegos-trabajan-para-identificar-zonas-clave-en-la-prevencion-de-los-grandes-incendios.html\" \/>\n<meta property=\"og:locale\" content=\"es_ES\" \/>\n<meta property=\"og:type\" content=\"article\" \/>\n<meta property=\"og:title\" content=\"Investigadores gallegos trabajan para identificar zonas clave en la prevenci\u00f3n de los grandes incendios - Innova - Campo Galego\" \/>\n<meta property=\"og:description\" content=\"Identificar zonas clave en la prevenci\u00f3n y merma de los efectos de los llamados \u00abincendios forestales extremos\u00bb en las zonas fronterizas entre Espa\u00f1a y Portugal es [\u2026]\" \/>\n<meta property=\"og:url\" content=\"https:\/\/innova.campogalego.gal\/es\/forestal-es\/investigadores-gallegos-trabajan-para-identificar-zonas-clave-en-la-prevencion-de-los-grandes-incendios.html\" \/>\n<meta property=\"og:site_name\" content=\"Innova - Campo Galego\" \/>\n<meta property=\"article:published_time\" content=\"2024-01-16T10:14:33+00:00\" \/>\n<meta property=\"og:image\" content=\"https:\/\/innova.campogalego.gal\/wp-content\/uploads\/2024\/01\/pofirepoctep1.jpg\" \/>\n\t<meta property=\"og:image:width\" content=\"1200\" \/>\n\t<meta property=\"og:image:height\" content=\"800\" \/>\n\t<meta property=\"og:image:type\" content=\"image\/jpeg\" \/>\n<meta name=\"author\" content=\"noelia\" \/>\n<meta name=\"twitter:card\" content=\"summary_large_image\" \/>\n<meta name=\"twitter:label1\" content=\"Escrito por\" \/>\n\t<meta name=\"twitter:data1\" content=\"noelia\" \/>\n\t<meta name=\"twitter:label2\" content=\"Tiempo de lectura\" \/>\n\t<meta name=\"twitter:data2\" content=\"4 minutos\" \/>\n<script type=\"application\/ld+json\" class=\"yoast-schema-graph\">{\"@context\":\"https:\/\/schema.org\",\"@graph\":[{\"@type\":\"WebPage\",\"@id\":\"https:\/\/innova.campogalego.gal\/es\/forestal-es\/investigadores-gallegos-trabajan-para-identificar-zonas-clave-en-la-prevencion-de-los-grandes-incendios.html\",\"url\":\"https:\/\/innova.campogalego.gal\/es\/forestal-es\/investigadores-gallegos-trabajan-para-identificar-zonas-clave-en-la-prevencion-de-los-grandes-incendios.html\",\"name\":\"Investigadores gallegos trabajan para identificar zonas clave en la prevenci\u00f3n de los grandes incendios - Innova - Campo Galego\",\"isPartOf\":{\"@id\":\"https:\/\/innova.campogalego.gal\/es#website\"},\"datePublished\":\"2024-01-16T10:14:33+00:00\",\"dateModified\":\"2024-01-16T10:14:33+00:00\",\"author\":{\"@id\":\"https:\/\/innova.campogalego.gal\/es#\/schema\/person\/5f73832eaae2d2d2fe19cdf56f76e921\"},\"breadcrumb\":{\"@id\":\"https:\/\/innova.campogalego.gal\/es\/forestal-es\/investigadores-gallegos-trabajan-para-identificar-zonas-clave-en-la-prevencion-de-los-grandes-incendios.html#breadcrumb\"},\"inLanguage\":\"es\",\"potentialAction\":[{\"@type\":\"ReadAction\",\"target\":[\"https:\/\/innova.campogalego.gal\/es\/forestal-es\/investigadores-gallegos-trabajan-para-identificar-zonas-clave-en-la-prevencion-de-los-grandes-incendios.html\"]}]},{\"@type\":\"BreadcrumbList\",\"@id\":\"https:\/\/innova.campogalego.gal\/es\/forestal-es\/investigadores-gallegos-trabajan-para-identificar-zonas-clave-en-la-prevencion-de-los-grandes-incendios.html#breadcrumb\",\"itemListElement\":[{\"@type\":\"ListItem\",\"position\":1,\"name\":\"Portada\",\"item\":\"https:\/\/innova.campogalego.gal\/es\"},{\"@type\":\"ListItem\",\"position\":2,\"name\":\"Investigadores gallegos trabajan para identificar zonas clave en la prevenci\u00f3n de los grandes incendios\"}]},{\"@type\":\"WebSite\",\"@id\":\"https:\/\/innova.campogalego.gal\/es#website\",\"url\":\"https:\/\/innova.campogalego.gal\/es\",\"name\":\"Innova - Campo Galego\",\"description\":\"\",\"potentialAction\":[{\"@type\":\"SearchAction\",\"target\":{\"@type\":\"EntryPoint\",\"urlTemplate\":\"https:\/\/innova.campogalego.gal\/es?s={search_term_string}\"},\"query-input\":\"required name=search_term_string\"}],\"inLanguage\":\"es\"},{\"@type\":\"Person\",\"@id\":\"https:\/\/innova.campogalego.gal\/es#\/schema\/person\/5f73832eaae2d2d2fe19cdf56f76e921\",\"name\":\"noelia\",\"image\":{\"@type\":\"ImageObject\",\"inLanguage\":\"es\",\"@id\":\"https:\/\/innova.campogalego.gal\/es#\/schema\/person\/image\/\",\"url\":\"https:\/\/secure.gravatar.com\/avatar\/b4912756e566b19c7962f96cfebbb102?s=96&d=mm&r=g\",\"contentUrl\":\"https:\/\/secure.gravatar.com\/avatar\/b4912756e566b19c7962f96cfebbb102?s=96&d=mm&r=g\",\"caption\":\"noelia\"},\"url\":\"https:\/\/innova.campogalego.gal\/es\/author\/noelia\"}]}<\/script>\n<!-- \/ Yoast SEO plugin. -->","yoast_head_json":{"title":"Investigadores gallegos trabajan para identificar zonas clave en la prevenci\u00f3n de los grandes incendios - Innova - Campo Galego","robots":{"index":"index","follow":"follow","max-snippet":"max-snippet:-1","max-image-preview":"max-image-preview:large","max-video-preview":"max-video-preview:-1"},"canonical":"https:\/\/innova.campogalego.gal\/es\/forestal-es\/investigadores-gallegos-trabajan-para-identificar-zonas-clave-en-la-prevencion-de-los-grandes-incendios.html","og_locale":"es_ES","og_type":"article","og_title":"Investigadores gallegos trabajan para identificar zonas clave en la prevenci\u00f3n de los grandes incendios - Innova - Campo Galego","og_description":"Identificar zonas clave en la prevenci\u00f3n y merma de los efectos de los llamados \u00abincendios forestales extremos\u00bb en las zonas fronterizas entre Espa\u00f1a y Portugal es [\u2026]","og_url":"https:\/\/innova.campogalego.gal\/es\/forestal-es\/investigadores-gallegos-trabajan-para-identificar-zonas-clave-en-la-prevencion-de-los-grandes-incendios.html","og_site_name":"Innova - Campo Galego","article_published_time":"2024-01-16T10:14:33+00:00","og_image":[{"width":1200,"height":800,"url":"https:\/\/innova.campogalego.gal\/wp-content\/uploads\/2024\/01\/pofirepoctep1.jpg","type":"image\/jpeg"}],"author":"noelia","twitter_card":"summary_large_image","twitter_misc":{"Escrito por":"noelia","Tiempo de lectura":"4 minutos"},"schema":{"@context":"https:\/\/schema.org","@graph":[{"@type":"WebPage","@id":"https:\/\/innova.campogalego.gal\/es\/forestal-es\/investigadores-gallegos-trabajan-para-identificar-zonas-clave-en-la-prevencion-de-los-grandes-incendios.html","url":"https:\/\/innova.campogalego.gal\/es\/forestal-es\/investigadores-gallegos-trabajan-para-identificar-zonas-clave-en-la-prevencion-de-los-grandes-incendios.html","name":"Investigadores gallegos trabajan para identificar zonas clave en la prevenci\u00f3n de los grandes incendios - Innova - Campo Galego","isPartOf":{"@id":"https:\/\/innova.campogalego.gal\/es#website"},"datePublished":"2024-01-16T10:14:33+00:00","dateModified":"2024-01-16T10:14:33+00:00","author":{"@id":"https:\/\/innova.campogalego.gal\/es#\/schema\/person\/5f73832eaae2d2d2fe19cdf56f76e921"},"breadcrumb":{"@id":"https:\/\/innova.campogalego.gal\/es\/forestal-es\/investigadores-gallegos-trabajan-para-identificar-zonas-clave-en-la-prevencion-de-los-grandes-incendios.html#breadcrumb"},"inLanguage":"es","potentialAction":[{"@type":"ReadAction","target":["https:\/\/innova.campogalego.gal\/es\/forestal-es\/investigadores-gallegos-trabajan-para-identificar-zonas-clave-en-la-prevencion-de-los-grandes-incendios.html"]}]},{"@type":"BreadcrumbList","@id":"https:\/\/innova.campogalego.gal\/es\/forestal-es\/investigadores-gallegos-trabajan-para-identificar-zonas-clave-en-la-prevencion-de-los-grandes-incendios.html#breadcrumb","itemListElement":[{"@type":"ListItem","position":1,"name":"Portada","item":"https:\/\/innova.campogalego.gal\/es"},{"@type":"ListItem","position":2,"name":"Investigadores gallegos trabajan para identificar zonas clave en la prevenci\u00f3n de los grandes incendios"}]},{"@type":"WebSite","@id":"https:\/\/innova.campogalego.gal\/es#website","url":"https:\/\/innova.campogalego.gal\/es","name":"Innova - Campo Galego","description":"","potentialAction":[{"@type":"SearchAction","target":{"@type":"EntryPoint","urlTemplate":"https:\/\/innova.campogalego.gal\/es?s={search_term_string}"},"query-input":"required name=search_term_string"}],"inLanguage":"es"},{"@type":"Person","@id":"https:\/\/innova.campogalego.gal\/es#\/schema\/person\/5f73832eaae2d2d2fe19cdf56f76e921","name":"noelia","image":{"@type":"ImageObject","inLanguage":"es","@id":"https:\/\/innova.campogalego.gal\/es#\/schema\/person\/image\/","url":"https:\/\/secure.gravatar.com\/avatar\/b4912756e566b19c7962f96cfebbb102?s=96&d=mm&r=g","contentUrl":"https:\/\/secure.gravatar.com\/avatar\/b4912756e566b19c7962f96cfebbb102?s=96&d=mm&r=g","caption":"noelia"},"url":"https:\/\/innova.campogalego.gal\/es\/author\/noelia"}]}},"_links":{"self":[{"href":"https:\/\/innova.campogalego.gal\/es\/wp-json\/wp\/v2\/posts\/2935"}],"collection":[{"href":"https:\/\/innova.campogalego.gal\/es\/wp-json\/wp\/v2\/posts"}],"about":[{"href":"https:\/\/innova.campogalego.gal\/es\/wp-json\/wp\/v2\/types\/post"}],"author":[{"embeddable":true,"href":"https:\/\/innova.campogalego.gal\/es\/wp-json\/wp\/v2\/users\/7"}],"replies":[{"embeddable":true,"href":"https:\/\/innova.campogalego.gal\/es\/wp-json\/wp\/v2\/comments?post=2935"}],"version-history":[{"count":2,"href":"https:\/\/innova.campogalego.gal\/es\/wp-json\/wp\/v2\/posts\/2935\/revisions"}],"predecessor-version":[{"id":2942,"href":"https:\/\/innova.campogalego.gal\/es\/wp-json\/wp\/v2\/posts\/2935\/revisions\/2942"}],"wp:featuredmedia":[{"embeddable":true,"href":"https:\/\/innova.campogalego.gal\/es\/wp-json\/wp\/v2\/media\/2929"}],"wp:attachment":[{"href":"https:\/\/innova.campogalego.gal\/es\/wp-json\/wp\/v2\/media?parent=2935"}],"wp:term":[{"taxonomy":"category","embeddable":true,"href":"https:\/\/innova.campogalego.gal\/es\/wp-json\/wp\/v2\/categories?post=2935"},{"taxonomy":"post_tag","embeddable":true,"href":"https:\/\/innova.campogalego.gal\/es\/wp-json\/wp\/v2\/tags?post=2935"}],"curies":[{"name":"wp","href":"https:\/\/api.w.org\/{rel}","templated":true}]}}