{"id":2949,"date":"2024-01-16T14:01:48","date_gmt":"2024-01-16T13:01:48","guid":{"rendered":"https:\/\/innova.campogalego.gal\/?p=2949"},"modified":"2024-01-16T14:01:48","modified_gmt":"2024-01-16T13:01:48","slug":"el-campus-terra-lidera-un-proyecto-europeo-para-estudiar-la-salud-de-los-suelos","status":"publish","type":"post","link":"https:\/\/innova.campogalego.gal\/es\/campus-terra-es\/el-campus-terra-lidera-un-proyecto-europeo-para-estudiar-la-salud-de-los-suelos.html","title":{"rendered":"El Campus Terra lidera un proyecto europeo para estudiar la salud de los suelos"},"content":{"rendered":"<div id=\"attachment_2944\" style=\"width: 1210px\" class=\"wp-caption aligncenter\"><img aria-describedby=\"caption-attachment-2944\" decoding=\"async\" loading=\"lazy\" class=\"size-full wp-image-2944 lazyload\" src=\"data:image\/gif;base64,R0lGODlhAQABAAAAACH5BAEKAAEALAAAAAABAAEAAAICTAEAOw==\" alt=\"\" width=\"1200\" height=\"800\" sizes=\"(max-width:767px) 480px, (max-width:1200px) 100vw, 1200px\" data-src=\"https:\/\/innova.campogalego.gal\/wp-content\/uploads\/2024\/01\/RMosquera.jpg\" data-srcset=\"https:\/\/innova.campogalego.gal\/wp-content\/uploads\/2024\/01\/RMosquera.jpg 1200w, https:\/\/innova.campogalego.gal\/wp-content\/uploads\/2024\/01\/RMosquera-300x200.jpg 300w, https:\/\/innova.campogalego.gal\/wp-content\/uploads\/2024\/01\/RMosquera-1024x683.jpg 1024w\"><p id=\"caption-attachment-2944\" class=\"wp-caption-text\">Rosa Mosquera, catedr\u00e1tica del Departamento del Producci\u00f3n Vegetal y Proyectos de Ingenier\u00eda y coordinadora del proyecto<\/p><\/div>\n<p>La <strong><a href=\"https:\/\/www.usc.gal\/es\/centro\/escuela-politecnica-superior-ingenieria\" target=\"_blank\" rel=\"noopener\">Escuela Polit\u00e9cnica Superior de Ingenier\u00eda<\/a><\/strong> del <strong><a href=\"https:\/\/www.usc.gal\/gl\/campusterra\" target=\"_blank\" rel=\"noopener\">Campus Terra de la Universidad de Santiago de Compostela<\/a><\/strong> lidera el proyecto SUS-SOIL, una iniciativa orientada a estudiar la salud de los suelos, con el fin de determinar su grado de sostenibilidad. La catedr\u00e1tica del Departamento de Producci\u00f3n Vegetal y Proyectos de Ingenier\u00eda M\u00aa Rosa Mosquera Losada, se encuentra al frente de esta nueva iniciativa europea de I+D+i, que est\u00e1 impulsada por un consorcio de 25 socios, entre los que figuran la USC, Feuga, Gobierno de Murcia y UDC como representantes espa\u00f1oles, adem\u00e1s de otras entidades de un total de 15 pa\u00edses.<\/p>\n<p>El proyecto SUS-SOIL posibilitar\u00e1 analizar la salud de los suelos desde diversas perspectivas: f\u00edsica, qu\u00edmica, biol\u00f3gica&#8230;, al tiempo que servir\u00e1 para ampliar informaci\u00f3n y conocimiento sobre la existencia de residuos que puedan resultar nocivos para el medio ambiente e incluso t\u00f3xicos. Otro de los \u00e1mbitos de acci\u00f3n de este proyecto alcanza la evaluaci\u00f3n de pr\u00e1cticas de gesti\u00f3n agroecol\u00f3gica que se desarrollan en los distintos territorios.<\/p>\n<p>La iniciativa, incluida en el programa Horizonte Europa y dotada con 7 millones de euros de financiaci\u00f3n, tiene otro objetivo que es determinar la capacidad de los suelos para absorber el carbono. Esta dimensi\u00f3n presenta un especial inter\u00e9s para Galicia, dadas las caracter\u00edsticas singulares que presentan los suelos de la comunidad gallega.<br \/>\n<img decoding=\"async\" loading=\"lazy\" class=\"aligncenter size-full wp-image-2946 lazyload\" src=\"data:image\/gif;base64,R0lGODlhAQABAAAAACH5BAEKAAEALAAAAAABAAEAAAICTAEAOw==\" alt=\"\" width=\"1200\" height=\"800\" sizes=\"(max-width:767px) 480px, (max-width:1200px) 100vw, 1200px\" data-src=\"https:\/\/innova.campogalego.gal\/wp-content\/uploads\/2024\/01\/suelos.jpg\" data-srcset=\"https:\/\/innova.campogalego.gal\/wp-content\/uploads\/2024\/01\/suelos.jpg 1200w, https:\/\/innova.campogalego.gal\/wp-content\/uploads\/2024\/01\/suelos-300x200.jpg 300w, https:\/\/innova.campogalego.gal\/wp-content\/uploads\/2024\/01\/suelos-1024x683.jpg 1024w\"><\/p>\n<p><strong>Primeras actividades <\/strong><br \/>\nLas primeras acciones programadas al amparo del proyecto SUS-SOIL comenzar\u00e1n a desarrollarse a lo largo del oto\u00f1o de 2024. La USC, a trav\u00e9s del grupo en Sistemas Agroforestales y Agroecol\u00f3gicos, no solo act\u00faa como l\u00edder del proyecto, sino que gestionar\u00e1 de manera directa un presupuesto de alrededor de 800.000 euros.<\/p>\n<p>Respeto a la implicaci\u00f3n de la comunidad cient\u00edfica del Campus Terra en este nuevo programa europeo, Rosa Mosquera cifr\u00f3 en cerca de una docena el n\u00famero de docentes, investigadores y dem\u00e1s personal t\u00e9cnico de la sed universitaria luguesa que tendr\u00e1 una participaci\u00f3n activa en la gesti\u00f3n y en el desarrollo de SUS-SOIL. Luego, entre las personas implicadas se encuentran, adem\u00e1s de Mosquera, los tambi\u00e9n catedr\u00e1ticos de la USC Antonio Rigueiro, Esperanza \u00c1lvarez, adem\u00e1s de investigadores como Nuria Ferreiro o Javier Santiago. Divina V\u00e1zquez Varela y Teresa Pi\u00f1eiro se ocupar\u00e1n de las tareas de gesti\u00f3n, al igual que Pablo Fern\u00e1ndez y Manuel Condado desarrollar\u00e1n otros cometidos espec\u00edficos.<\/p>\n","protected":false},"excerpt":{"rendered":"<p>La Escuela Polit\u00e9cnica Superior de Ingenier\u00eda del Campus Terra de la Universidad de Santiago de Compostela lidera el proyecto SUS-SOIL, una iniciativa orientada a estudiar la<span class=\"excerpt-hellip\"> [\u2026]<\/span><\/p>\n","protected":false},"author":7,"featured_media":2946,"comment_status":"open","ping_status":"open","sticky":false,"template":"","format":"standard","meta":{"footnotes":""},"categories":[92],"tags":[238,257],"acf":[],"yoast_head":"<!-- This site is optimized with the Yoast SEO plugin v21.2 - https:\/\/yoast.com\/wordpress\/plugins\/seo\/ -->\n<title>El Campus Terra lidera un proyecto europeo para estudiar la salud de los suelos - Innova - Campo Galego<\/title>\n<meta name=\"robots\" content=\"index, follow, max-snippet:-1, max-image-preview:large, max-video-preview:-1\" \/>\n<link rel=\"canonical\" href=\"https:\/\/innova.campogalego.gal\/es\/campus-terra-es\/el-campus-terra-lidera-un-proyecto-europeo-para-estudiar-la-salud-de-los-suelos.html\" \/>\n<meta property=\"og:locale\" content=\"es_ES\" \/>\n<meta property=\"og:type\" content=\"article\" \/>\n<meta property=\"og:title\" content=\"El Campus Terra lidera un proyecto europeo para estudiar la salud de los suelos - Innova - Campo Galego\" \/>\n<meta property=\"og:description\" content=\"La Escuela Polit\u00e9cnica Superior de Ingenier\u00eda del Campus Terra de la Universidad de Santiago de Compostela lidera el proyecto SUS-SOIL, una iniciativa orientada a estudiar la [\u2026]\" \/>\n<meta property=\"og:url\" content=\"https:\/\/innova.campogalego.gal\/es\/campus-terra-es\/el-campus-terra-lidera-un-proyecto-europeo-para-estudiar-la-salud-de-los-suelos.html\" \/>\n<meta property=\"og:site_name\" content=\"Innova - Campo Galego\" \/>\n<meta property=\"article:published_time\" content=\"2024-01-16T13:01:48+00:00\" \/>\n<meta property=\"og:image\" content=\"https:\/\/innova.campogalego.gal\/wp-content\/uploads\/2024\/01\/suelos.jpg\" \/>\n\t<meta property=\"og:image:width\" content=\"1200\" \/>\n\t<meta property=\"og:image:height\" content=\"800\" \/>\n\t<meta property=\"og:image:type\" content=\"image\/jpeg\" \/>\n<meta name=\"author\" content=\"noelia\" \/>\n<meta name=\"twitter:card\" content=\"summary_large_image\" \/>\n<meta name=\"twitter:label1\" content=\"Escrito por\" \/>\n\t<meta name=\"twitter:data1\" content=\"noelia\" \/>\n\t<meta name=\"twitter:label2\" content=\"Tiempo de lectura\" \/>\n\t<meta name=\"twitter:data2\" content=\"3 minutos\" \/>\n<script type=\"application\/ld+json\" class=\"yoast-schema-graph\">{\"@context\":\"https:\/\/schema.org\",\"@graph\":[{\"@type\":\"WebPage\",\"@id\":\"https:\/\/innova.campogalego.gal\/es\/campus-terra-es\/el-campus-terra-lidera-un-proyecto-europeo-para-estudiar-la-salud-de-los-suelos.html\",\"url\":\"https:\/\/innova.campogalego.gal\/es\/campus-terra-es\/el-campus-terra-lidera-un-proyecto-europeo-para-estudiar-la-salud-de-los-suelos.html\",\"name\":\"El Campus Terra lidera un proyecto europeo para estudiar la salud de los suelos - Innova - Campo Galego\",\"isPartOf\":{\"@id\":\"https:\/\/innova.campogalego.gal\/es#website\"},\"datePublished\":\"2024-01-16T13:01:48+00:00\",\"dateModified\":\"2024-01-16T13:01:48+00:00\",\"author\":{\"@id\":\"https:\/\/innova.campogalego.gal\/es#\/schema\/person\/5f73832eaae2d2d2fe19cdf56f76e921\"},\"breadcrumb\":{\"@id\":\"https:\/\/innova.campogalego.gal\/es\/campus-terra-es\/el-campus-terra-lidera-un-proyecto-europeo-para-estudiar-la-salud-de-los-suelos.html#breadcrumb\"},\"inLanguage\":\"es\",\"potentialAction\":[{\"@type\":\"ReadAction\",\"target\":[\"https:\/\/innova.campogalego.gal\/es\/campus-terra-es\/el-campus-terra-lidera-un-proyecto-europeo-para-estudiar-la-salud-de-los-suelos.html\"]}]},{\"@type\":\"BreadcrumbList\",\"@id\":\"https:\/\/innova.campogalego.gal\/es\/campus-terra-es\/el-campus-terra-lidera-un-proyecto-europeo-para-estudiar-la-salud-de-los-suelos.html#breadcrumb\",\"itemListElement\":[{\"@type\":\"ListItem\",\"position\":1,\"name\":\"Portada\",\"item\":\"https:\/\/innova.campogalego.gal\/es\"},{\"@type\":\"ListItem\",\"position\":2,\"name\":\"El Campus Terra lidera un proyecto europeo para estudiar la salud de los suelos\"}]},{\"@type\":\"WebSite\",\"@id\":\"https:\/\/innova.campogalego.gal\/es#website\",\"url\":\"https:\/\/innova.campogalego.gal\/es\",\"name\":\"Innova - Campo Galego\",\"description\":\"\",\"potentialAction\":[{\"@type\":\"SearchAction\",\"target\":{\"@type\":\"EntryPoint\",\"urlTemplate\":\"https:\/\/innova.campogalego.gal\/es?s={search_term_string}\"},\"query-input\":\"required name=search_term_string\"}],\"inLanguage\":\"es\"},{\"@type\":\"Person\",\"@id\":\"https:\/\/innova.campogalego.gal\/es#\/schema\/person\/5f73832eaae2d2d2fe19cdf56f76e921\",\"name\":\"noelia\",\"image\":{\"@type\":\"ImageObject\",\"inLanguage\":\"es\",\"@id\":\"https:\/\/innova.campogalego.gal\/es#\/schema\/person\/image\/\",\"url\":\"https:\/\/secure.gravatar.com\/avatar\/b4912756e566b19c7962f96cfebbb102?s=96&d=mm&r=g\",\"contentUrl\":\"https:\/\/secure.gravatar.com\/avatar\/b4912756e566b19c7962f96cfebbb102?s=96&d=mm&r=g\",\"caption\":\"noelia\"},\"url\":\"https:\/\/innova.campogalego.gal\/es\/author\/noelia\"}]}<\/script>\n<!-- \/ Yoast SEO plugin. -->","yoast_head_json":{"title":"El Campus Terra lidera un proyecto europeo para estudiar la salud de los suelos - Innova - Campo Galego","robots":{"index":"index","follow":"follow","max-snippet":"max-snippet:-1","max-image-preview":"max-image-preview:large","max-video-preview":"max-video-preview:-1"},"canonical":"https:\/\/innova.campogalego.gal\/es\/campus-terra-es\/el-campus-terra-lidera-un-proyecto-europeo-para-estudiar-la-salud-de-los-suelos.html","og_locale":"es_ES","og_type":"article","og_title":"El Campus Terra lidera un proyecto europeo para estudiar la salud de los suelos - Innova - Campo Galego","og_description":"La Escuela Polit\u00e9cnica Superior de Ingenier\u00eda del Campus Terra de la Universidad de Santiago de Compostela lidera el proyecto SUS-SOIL, una iniciativa orientada a estudiar la [\u2026]","og_url":"https:\/\/innova.campogalego.gal\/es\/campus-terra-es\/el-campus-terra-lidera-un-proyecto-europeo-para-estudiar-la-salud-de-los-suelos.html","og_site_name":"Innova - Campo Galego","article_published_time":"2024-01-16T13:01:48+00:00","og_image":[{"width":1200,"height":800,"url":"https:\/\/innova.campogalego.gal\/wp-content\/uploads\/2024\/01\/suelos.jpg","type":"image\/jpeg"}],"author":"noelia","twitter_card":"summary_large_image","twitter_misc":{"Escrito por":"noelia","Tiempo de lectura":"3 minutos"},"schema":{"@context":"https:\/\/schema.org","@graph":[{"@type":"WebPage","@id":"https:\/\/innova.campogalego.gal\/es\/campus-terra-es\/el-campus-terra-lidera-un-proyecto-europeo-para-estudiar-la-salud-de-los-suelos.html","url":"https:\/\/innova.campogalego.gal\/es\/campus-terra-es\/el-campus-terra-lidera-un-proyecto-europeo-para-estudiar-la-salud-de-los-suelos.html","name":"El Campus Terra lidera un proyecto europeo para estudiar la salud de los suelos - Innova - Campo Galego","isPartOf":{"@id":"https:\/\/innova.campogalego.gal\/es#website"},"datePublished":"2024-01-16T13:01:48+00:00","dateModified":"2024-01-16T13:01:48+00:00","author":{"@id":"https:\/\/innova.campogalego.gal\/es#\/schema\/person\/5f73832eaae2d2d2fe19cdf56f76e921"},"breadcrumb":{"@id":"https:\/\/innova.campogalego.gal\/es\/campus-terra-es\/el-campus-terra-lidera-un-proyecto-europeo-para-estudiar-la-salud-de-los-suelos.html#breadcrumb"},"inLanguage":"es","potentialAction":[{"@type":"ReadAction","target":["https:\/\/innova.campogalego.gal\/es\/campus-terra-es\/el-campus-terra-lidera-un-proyecto-europeo-para-estudiar-la-salud-de-los-suelos.html"]}]},{"@type":"BreadcrumbList","@id":"https:\/\/innova.campogalego.gal\/es\/campus-terra-es\/el-campus-terra-lidera-un-proyecto-europeo-para-estudiar-la-salud-de-los-suelos.html#breadcrumb","itemListElement":[{"@type":"ListItem","position":1,"name":"Portada","item":"https:\/\/innova.campogalego.gal\/es"},{"@type":"ListItem","position":2,"name":"El Campus Terra lidera un proyecto europeo para estudiar la salud de los suelos"}]},{"@type":"WebSite","@id":"https:\/\/innova.campogalego.gal\/es#website","url":"https:\/\/innova.campogalego.gal\/es","name":"Innova - Campo Galego","description":"","potentialAction":[{"@type":"SearchAction","target":{"@type":"EntryPoint","urlTemplate":"https:\/\/innova.campogalego.gal\/es?s={search_term_string}"},"query-input":"required name=search_term_string"}],"inLanguage":"es"},{"@type":"Person","@id":"https:\/\/innova.campogalego.gal\/es#\/schema\/person\/5f73832eaae2d2d2fe19cdf56f76e921","name":"noelia","image":{"@type":"ImageObject","inLanguage":"es","@id":"https:\/\/innova.campogalego.gal\/es#\/schema\/person\/image\/","url":"https:\/\/secure.gravatar.com\/avatar\/b4912756e566b19c7962f96cfebbb102?s=96&d=mm&r=g","contentUrl":"https:\/\/secure.gravatar.com\/avatar\/b4912756e566b19c7962f96cfebbb102?s=96&d=mm&r=g","caption":"noelia"},"url":"https:\/\/innova.campogalego.gal\/es\/author\/noelia"}]}},"_links":{"self":[{"href":"https:\/\/innova.campogalego.gal\/es\/wp-json\/wp\/v2\/posts\/2949"}],"collection":[{"href":"https:\/\/innova.campogalego.gal\/es\/wp-json\/wp\/v2\/posts"}],"about":[{"href":"https:\/\/innova.campogalego.gal\/es\/wp-json\/wp\/v2\/types\/post"}],"author":[{"embeddable":true,"href":"https:\/\/innova.campogalego.gal\/es\/wp-json\/wp\/v2\/users\/7"}],"replies":[{"embeddable":true,"href":"https:\/\/innova.campogalego.gal\/es\/wp-json\/wp\/v2\/comments?post=2949"}],"version-history":[{"count":2,"href":"https:\/\/innova.campogalego.gal\/es\/wp-json\/wp\/v2\/posts\/2949\/revisions"}],"predecessor-version":[{"id":2953,"href":"https:\/\/innova.campogalego.gal\/es\/wp-json\/wp\/v2\/posts\/2949\/revisions\/2953"}],"wp:featuredmedia":[{"embeddable":true,"href":"https:\/\/innova.campogalego.gal\/es\/wp-json\/wp\/v2\/media\/2946"}],"wp:attachment":[{"href":"https:\/\/innova.campogalego.gal\/es\/wp-json\/wp\/v2\/media?parent=2949"}],"wp:term":[{"taxonomy":"category","embeddable":true,"href":"https:\/\/innova.campogalego.gal\/es\/wp-json\/wp\/v2\/categories?post=2949"},{"taxonomy":"post_tag","embeddable":true,"href":"https:\/\/innova.campogalego.gal\/es\/wp-json\/wp\/v2\/tags?post=2949"}],"curies":[{"name":"wp","href":"https:\/\/api.w.org\/{rel}","templated":true}]}}