{"id":3177,"date":"2024-02-07T15:33:32","date_gmt":"2024-02-07T14:33:32","guid":{"rendered":"https:\/\/innova.campogalego.gal\/?p=3177"},"modified":"2024-02-07T15:33:32","modified_gmt":"2024-02-07T14:33:32","slug":"alumnado-del-ies-anxel-fole-conoce-las-titulaciones-de-la-escuela-politecnica","status":"publish","type":"post","link":"https:\/\/innova.campogalego.gal\/es\/campus-terra-es\/alumnado-del-ies-anxel-fole-conoce-las-titulaciones-de-la-escuela-politecnica.html","title":{"rendered":"Alumnado del IES \u00c1nxel Fole conoce las titulaciones de la Escuela Polit\u00e9cnica"},"content":{"rendered":"<p><img decoding=\"async\" loading=\"lazy\" src=\"data:image\/gif;base64,R0lGODlhAQABAAAAACH5BAEKAAEALAAAAAABAAEAAAICTAEAOw==\" alt=\"\" width=\"1200\" height=\"800\" class=\"aligncenter size-full wp-image-3173 lazyload\" sizes=\"(max-width:767px) 480px, (max-width:1200px) 100vw, 1200px\" data-src=\"https:\/\/innova.campogalego.gal\/wp-content\/uploads\/2024\/02\/Talleres_Epse_MullerCiencia2.jpg\" data-srcset=\"https:\/\/innova.campogalego.gal\/wp-content\/uploads\/2024\/02\/Talleres_Epse_MullerCiencia2.jpg 1200w, https:\/\/innova.campogalego.gal\/wp-content\/uploads\/2024\/02\/Talleres_Epse_MullerCiencia2-300x200.jpg 300w, https:\/\/innova.campogalego.gal\/wp-content\/uploads\/2024\/02\/Talleres_Epse_MullerCiencia2-1024x683.jpg 1024w\"><br \/>\nLa iniciativa \u201cProtagonistas, las ingenieras\u201d permiti\u00f3 a cerca de medio centenar de estudiantes de ense\u00f1anza media en el IES \u00c1nxel Fole de Lugo acercarse a las titulaciones de car\u00e1cter cient\u00edfico y tecnol\u00f3gico (STEM, en sus siglas en ingl\u00e9s) en la Escuela Polit\u00e9cnica Superior. Pudieron participar en diversos talleres divulgativos sobre vuelo de drones, escaneado 3D, o de la asistencia a micro ponencias sobre velocidad, ciclo hidrol\u00f3gico, desarrollo de productos con madera estructural, as\u00ed como respeto de los puentes que conectan la ingenier\u00eda con el c\u00e1ncer.<\/p>\n<p>Este es un evento promovido por la Comisi\u00f3n de Igualdad de G\u00e9nero de la Escuela Polit\u00e9cnica Superior de Ingenier\u00eda del Campus Terra de la USC con el gallo del D\u00eda Internacional de la Mujer de la Ni\u00f1a de la Ciencia.  Est\u00e1 concebido como f\u00f3rmula para favorecer la incorporaci\u00f3n de m\u00e1s chicas a los estudios de ingenier\u00eda, tanto en lo que se refiere a ingenier\u00edas agr\u00edcolas y agroalimentarias, forestales y de medio natural, ingenier\u00eda civil, ingenier\u00eda de Montes, as\u00ed como de cualquiera otra disciplina universitaria de car\u00e1cter cient\u00edfico y tecnol\u00f3gico.<\/p>\n<p>Las promotoras del evento destacaron el inter\u00e9s de la juventud que tom\u00f3 parte en una jornada que ven necesaria para estimular y garantizar que la mujer disfrute de una presencia y sea protagonista en situaci\u00f3n de igualdad respeto de los hombres en la sociedad tecnol\u00f3gica que est\u00e1 por venir. Esta realidad, detallaron, aun se hace m\u00e1s urgente en la actualidad en Espa\u00f1a, donde, al otro lado de la falta de referentes femeninas, el porcentaje de mujeres que est\u00e1n completando estudios de ingenier\u00eda y o tecnolog\u00eda apenas representa el 13 %.<\/p>\n<p>Los talleres, de participaci\u00f3n libre y gratuitos en funci\u00f3n de las preferencias de la juventud, estuvieron impartidos por personal docente e investigador de la EPSE, un colectivo \u00edntegramente femenino. Estuvo formado por Cecilia Alonso, Beatriz Blanco, Cristina Cabaleiro, Adriana Conde, Mar\u00eda Bel\u00e9n Feijoo, Mar\u00eda Elena Fern\u00e1ndez, Mar\u00eda Dolores Fern\u00e1ndez, Mar\u00eda de la Luz Gil Docampo, Mar\u00eda Jos\u00e9 L\u00f3pez Villar, Mar\u00eda Portela, Mar\u00eda Flora Romay, Ana Dar\u00eda Ruiz, M\u00f3nica Ruy, Patricia Eva Tato de \u00e9l Valle, Mar\u00eda Teresa Teijeiro y Montserrat Valc\u00e1rcel.<\/p>\n","protected":false},"excerpt":{"rendered":"<p>La iniciativa \u201cProtagonistas, las ingenieras\u201d permiti\u00f3 a cerca de medio centenar de estudiantes de ense\u00f1anza media en el IES \u00c1nxel Fole de Lugo acercarse a las<span class=\"excerpt-hellip\"> [\u2026]<\/span><\/p>\n","protected":false},"author":7,"featured_media":3171,"comment_status":"open","ping_status":"open","sticky":false,"template":"","format":"standard","meta":{"footnotes":""},"categories":[92],"tags":[],"acf":[],"yoast_head":"<!-- This site is optimized with the Yoast SEO plugin v21.2 - https:\/\/yoast.com\/wordpress\/plugins\/seo\/ -->\n<title>Alumnado del IES \u00c1nxel Fole conoce las titulaciones de la Escuela Polit\u00e9cnica - Innova - Campo Galego<\/title>\n<meta name=\"robots\" content=\"index, follow, max-snippet:-1, max-image-preview:large, max-video-preview:-1\" \/>\n<link rel=\"canonical\" href=\"https:\/\/innova.campogalego.gal\/es\/campus-terra-es\/alumnado-del-ies-anxel-fole-conoce-las-titulaciones-de-la-escuela-politecnica.html\" \/>\n<meta property=\"og:locale\" content=\"es_ES\" \/>\n<meta property=\"og:type\" content=\"article\" \/>\n<meta property=\"og:title\" content=\"Alumnado del IES \u00c1nxel Fole conoce las titulaciones de la Escuela Polit\u00e9cnica - Innova - Campo Galego\" \/>\n<meta property=\"og:description\" content=\"La iniciativa \u201cProtagonistas, las ingenieras\u201d permiti\u00f3 a cerca de medio centenar de estudiantes de ense\u00f1anza media en el IES \u00c1nxel Fole de Lugo acercarse a las [\u2026]\" \/>\n<meta property=\"og:url\" content=\"https:\/\/innova.campogalego.gal\/es\/campus-terra-es\/alumnado-del-ies-anxel-fole-conoce-las-titulaciones-de-la-escuela-politecnica.html\" \/>\n<meta property=\"og:site_name\" content=\"Innova - Campo Galego\" \/>\n<meta property=\"article:published_time\" content=\"2024-02-07T14:33:32+00:00\" \/>\n<meta property=\"og:image\" content=\"https:\/\/innova.campogalego.gal\/wp-content\/uploads\/2024\/02\/Talleres_Epse_MullerCiencia.jpg\" \/>\n\t<meta property=\"og:image:width\" content=\"1200\" \/>\n\t<meta property=\"og:image:height\" content=\"800\" \/>\n\t<meta property=\"og:image:type\" content=\"image\/jpeg\" \/>\n<meta name=\"author\" content=\"noelia\" \/>\n<meta name=\"twitter:card\" content=\"summary_large_image\" \/>\n<meta name=\"twitter:label1\" content=\"Escrito por\" \/>\n\t<meta name=\"twitter:data1\" content=\"noelia\" \/>\n\t<meta name=\"twitter:label2\" content=\"Tiempo de lectura\" \/>\n\t<meta name=\"twitter:data2\" content=\"3 minutos\" \/>\n<script type=\"application\/ld+json\" class=\"yoast-schema-graph\">{\"@context\":\"https:\/\/schema.org\",\"@graph\":[{\"@type\":\"WebPage\",\"@id\":\"https:\/\/innova.campogalego.gal\/es\/campus-terra-es\/alumnado-del-ies-anxel-fole-conoce-las-titulaciones-de-la-escuela-politecnica.html\",\"url\":\"https:\/\/innova.campogalego.gal\/es\/campus-terra-es\/alumnado-del-ies-anxel-fole-conoce-las-titulaciones-de-la-escuela-politecnica.html\",\"name\":\"Alumnado del IES \u00c1nxel Fole conoce las titulaciones de la Escuela Polit\u00e9cnica - Innova - Campo Galego\",\"isPartOf\":{\"@id\":\"https:\/\/innova.campogalego.gal\/es#website\"},\"datePublished\":\"2024-02-07T14:33:32+00:00\",\"dateModified\":\"2024-02-07T14:33:32+00:00\",\"author\":{\"@id\":\"https:\/\/innova.campogalego.gal\/es#\/schema\/person\/5f73832eaae2d2d2fe19cdf56f76e921\"},\"breadcrumb\":{\"@id\":\"https:\/\/innova.campogalego.gal\/es\/campus-terra-es\/alumnado-del-ies-anxel-fole-conoce-las-titulaciones-de-la-escuela-politecnica.html#breadcrumb\"},\"inLanguage\":\"es\",\"potentialAction\":[{\"@type\":\"ReadAction\",\"target\":[\"https:\/\/innova.campogalego.gal\/es\/campus-terra-es\/alumnado-del-ies-anxel-fole-conoce-las-titulaciones-de-la-escuela-politecnica.html\"]}]},{\"@type\":\"BreadcrumbList\",\"@id\":\"https:\/\/innova.campogalego.gal\/es\/campus-terra-es\/alumnado-del-ies-anxel-fole-conoce-las-titulaciones-de-la-escuela-politecnica.html#breadcrumb\",\"itemListElement\":[{\"@type\":\"ListItem\",\"position\":1,\"name\":\"Portada\",\"item\":\"https:\/\/innova.campogalego.gal\/es\"},{\"@type\":\"ListItem\",\"position\":2,\"name\":\"Alumnado del IES \u00c1nxel Fole conoce las titulaciones de la Escuela Polit\u00e9cnica\"}]},{\"@type\":\"WebSite\",\"@id\":\"https:\/\/innova.campogalego.gal\/es#website\",\"url\":\"https:\/\/innova.campogalego.gal\/es\",\"name\":\"Innova - Campo Galego\",\"description\":\"\",\"potentialAction\":[{\"@type\":\"SearchAction\",\"target\":{\"@type\":\"EntryPoint\",\"urlTemplate\":\"https:\/\/innova.campogalego.gal\/es?s={search_term_string}\"},\"query-input\":\"required name=search_term_string\"}],\"inLanguage\":\"es\"},{\"@type\":\"Person\",\"@id\":\"https:\/\/innova.campogalego.gal\/es#\/schema\/person\/5f73832eaae2d2d2fe19cdf56f76e921\",\"name\":\"noelia\",\"image\":{\"@type\":\"ImageObject\",\"inLanguage\":\"es\",\"@id\":\"https:\/\/innova.campogalego.gal\/es#\/schema\/person\/image\/\",\"url\":\"https:\/\/secure.gravatar.com\/avatar\/b4912756e566b19c7962f96cfebbb102?s=96&d=mm&r=g\",\"contentUrl\":\"https:\/\/secure.gravatar.com\/avatar\/b4912756e566b19c7962f96cfebbb102?s=96&d=mm&r=g\",\"caption\":\"noelia\"},\"url\":\"https:\/\/innova.campogalego.gal\/es\/author\/noelia\"}]}<\/script>\n<!-- \/ Yoast SEO plugin. -->","yoast_head_json":{"title":"Alumnado del IES \u00c1nxel Fole conoce las titulaciones de la Escuela Polit\u00e9cnica - Innova - Campo Galego","robots":{"index":"index","follow":"follow","max-snippet":"max-snippet:-1","max-image-preview":"max-image-preview:large","max-video-preview":"max-video-preview:-1"},"canonical":"https:\/\/innova.campogalego.gal\/es\/campus-terra-es\/alumnado-del-ies-anxel-fole-conoce-las-titulaciones-de-la-escuela-politecnica.html","og_locale":"es_ES","og_type":"article","og_title":"Alumnado del IES \u00c1nxel Fole conoce las titulaciones de la Escuela Polit\u00e9cnica - Innova - Campo Galego","og_description":"La iniciativa \u201cProtagonistas, las ingenieras\u201d permiti\u00f3 a cerca de medio centenar de estudiantes de ense\u00f1anza media en el IES \u00c1nxel Fole de Lugo acercarse a las [\u2026]","og_url":"https:\/\/innova.campogalego.gal\/es\/campus-terra-es\/alumnado-del-ies-anxel-fole-conoce-las-titulaciones-de-la-escuela-politecnica.html","og_site_name":"Innova - Campo Galego","article_published_time":"2024-02-07T14:33:32+00:00","og_image":[{"width":1200,"height":800,"url":"https:\/\/innova.campogalego.gal\/wp-content\/uploads\/2024\/02\/Talleres_Epse_MullerCiencia.jpg","type":"image\/jpeg"}],"author":"noelia","twitter_card":"summary_large_image","twitter_misc":{"Escrito por":"noelia","Tiempo de lectura":"3 minutos"},"schema":{"@context":"https:\/\/schema.org","@graph":[{"@type":"WebPage","@id":"https:\/\/innova.campogalego.gal\/es\/campus-terra-es\/alumnado-del-ies-anxel-fole-conoce-las-titulaciones-de-la-escuela-politecnica.html","url":"https:\/\/innova.campogalego.gal\/es\/campus-terra-es\/alumnado-del-ies-anxel-fole-conoce-las-titulaciones-de-la-escuela-politecnica.html","name":"Alumnado del IES \u00c1nxel Fole conoce las titulaciones de la Escuela Polit\u00e9cnica - Innova - Campo Galego","isPartOf":{"@id":"https:\/\/innova.campogalego.gal\/es#website"},"datePublished":"2024-02-07T14:33:32+00:00","dateModified":"2024-02-07T14:33:32+00:00","author":{"@id":"https:\/\/innova.campogalego.gal\/es#\/schema\/person\/5f73832eaae2d2d2fe19cdf56f76e921"},"breadcrumb":{"@id":"https:\/\/innova.campogalego.gal\/es\/campus-terra-es\/alumnado-del-ies-anxel-fole-conoce-las-titulaciones-de-la-escuela-politecnica.html#breadcrumb"},"inLanguage":"es","potentialAction":[{"@type":"ReadAction","target":["https:\/\/innova.campogalego.gal\/es\/campus-terra-es\/alumnado-del-ies-anxel-fole-conoce-las-titulaciones-de-la-escuela-politecnica.html"]}]},{"@type":"BreadcrumbList","@id":"https:\/\/innova.campogalego.gal\/es\/campus-terra-es\/alumnado-del-ies-anxel-fole-conoce-las-titulaciones-de-la-escuela-politecnica.html#breadcrumb","itemListElement":[{"@type":"ListItem","position":1,"name":"Portada","item":"https:\/\/innova.campogalego.gal\/es"},{"@type":"ListItem","position":2,"name":"Alumnado del IES \u00c1nxel Fole conoce las titulaciones de la Escuela Polit\u00e9cnica"}]},{"@type":"WebSite","@id":"https:\/\/innova.campogalego.gal\/es#website","url":"https:\/\/innova.campogalego.gal\/es","name":"Innova - Campo Galego","description":"","potentialAction":[{"@type":"SearchAction","target":{"@type":"EntryPoint","urlTemplate":"https:\/\/innova.campogalego.gal\/es?s={search_term_string}"},"query-input":"required name=search_term_string"}],"inLanguage":"es"},{"@type":"Person","@id":"https:\/\/innova.campogalego.gal\/es#\/schema\/person\/5f73832eaae2d2d2fe19cdf56f76e921","name":"noelia","image":{"@type":"ImageObject","inLanguage":"es","@id":"https:\/\/innova.campogalego.gal\/es#\/schema\/person\/image\/","url":"https:\/\/secure.gravatar.com\/avatar\/b4912756e566b19c7962f96cfebbb102?s=96&d=mm&r=g","contentUrl":"https:\/\/secure.gravatar.com\/avatar\/b4912756e566b19c7962f96cfebbb102?s=96&d=mm&r=g","caption":"noelia"},"url":"https:\/\/innova.campogalego.gal\/es\/author\/noelia"}]}},"_links":{"self":[{"href":"https:\/\/innova.campogalego.gal\/es\/wp-json\/wp\/v2\/posts\/3177"}],"collection":[{"href":"https:\/\/innova.campogalego.gal\/es\/wp-json\/wp\/v2\/posts"}],"about":[{"href":"https:\/\/innova.campogalego.gal\/es\/wp-json\/wp\/v2\/types\/post"}],"author":[{"embeddable":true,"href":"https:\/\/innova.campogalego.gal\/es\/wp-json\/wp\/v2\/users\/7"}],"replies":[{"embeddable":true,"href":"https:\/\/innova.campogalego.gal\/es\/wp-json\/wp\/v2\/comments?post=3177"}],"version-history":[{"count":1,"href":"https:\/\/innova.campogalego.gal\/es\/wp-json\/wp\/v2\/posts\/3177\/revisions"}],"predecessor-version":[{"id":3178,"href":"https:\/\/innova.campogalego.gal\/es\/wp-json\/wp\/v2\/posts\/3177\/revisions\/3178"}],"wp:featuredmedia":[{"embeddable":true,"href":"https:\/\/innova.campogalego.gal\/es\/wp-json\/wp\/v2\/media\/3171"}],"wp:attachment":[{"href":"https:\/\/innova.campogalego.gal\/es\/wp-json\/wp\/v2\/media?parent=3177"}],"wp:term":[{"taxonomy":"category","embeddable":true,"href":"https:\/\/innova.campogalego.gal\/es\/wp-json\/wp\/v2\/categories?post=3177"},{"taxonomy":"post_tag","embeddable":true,"href":"https:\/\/innova.campogalego.gal\/es\/wp-json\/wp\/v2\/tags?post=3177"}],"curies":[{"name":"wp","href":"https:\/\/api.w.org\/{rel}","templated":true}]}}