{"id":3442,"date":"2024-03-12T17:45:12","date_gmt":"2024-03-12T16:45:12","guid":{"rendered":"https:\/\/innova.campogalego.gal\/?p=3442"},"modified":"2024-03-12T17:45:12","modified_gmt":"2024-03-12T16:45:12","slug":"el-campus-terra-y-el-laboratorio-de-sanidad-vegetal-abren-nuevas-vias-de-colaboracion","status":"publish","type":"post","link":"https:\/\/innova.campogalego.gal\/es\/campus-terra-es\/el-campus-terra-y-el-laboratorio-de-sanidad-vegetal-abren-nuevas-vias-de-colaboracion.html","title":{"rendered":"El Campus Terra y el Laboratorio de Sanidad Vegetal abren nuevas v\u00edas de colaboraci\u00f3n"},"content":{"rendered":"<p><img decoding=\"async\" loading=\"lazy\" class=\"aligncenter size-full wp-image-3438 lazyload\" src=\"data:image\/gif;base64,R0lGODlhAQABAAAAACH5BAEKAAEALAAAAAABAAEAAAICTAEAOw==\" alt=\"\" width=\"1200\" height=\"800\" sizes=\"(max-width:767px) 480px, (max-width:1200px) 100vw, 1200px\" data-src=\"https:\/\/innova.campogalego.gal\/wp-content\/uploads\/2024\/03\/svegetal.jpg\" data-srcset=\"https:\/\/innova.campogalego.gal\/wp-content\/uploads\/2024\/03\/svegetal.jpg 1200w, https:\/\/innova.campogalego.gal\/wp-content\/uploads\/2024\/03\/svegetal-300x200.jpg 300w, https:\/\/innova.campogalego.gal\/wp-content\/uploads\/2024\/03\/svegetal-1024x683.jpg 1024w\"><br \/>\nEl Campus Terra de la Universidad de Santiago y el Laboratorio Nacional de Sanidad Vegetal (LNSV), dependiente del Ministerio de Agricultura, exploran posibles v\u00edas de colaboraci\u00f3n en actividades de I+D+i. En ese sentido, celebrar\u00e1n una jornada t\u00e9cnica de car\u00e1cter divulgativo el martes 19 de marzo en la sed lucense del LNSV.<\/p>\n<p>La directora del Laboratorio, Irene Su\u00e1rez, abrir\u00e1 el programa con una sesi\u00f3n expositiva en la que dar\u00e1 cuenta de los objetivos, as\u00ed como de las distintas actividades organizadas y de la situaci\u00f3n actual del LNSV. Luego, la responsable t\u00e9cnica de sanidad vegetal del organismo ministerial, Vanesa Ferreiroa Mart\u00ednez, realizar\u00e1 un ensayo sobre la detecci\u00f3n del fruto rugoso marr\u00f3n del tomate (<em>ToBRFV<\/em>) por RT-PCR en tiempo real en semillas de tomate y pimiento.<\/p>\n<p>Las docentes e investigadoras del \u00e1rea de Producci\u00f3n Vegetal en la EPSE, M\u00aa Josefa Lombardero y Cristina Cabaleiro, tratar\u00e1n en sus respectivas intervenciones las interacciones entre la especie invasora <em>Dryocosmus kuriphilus<\/em> y el casta\u00f1o en Galicia, as\u00ed como las ventajas y los riesgos de las t\u00e9cnicas r\u00e1pidas, econ\u00f3micas y de uso f\u00e1cil para diagnosticar virus en estudios epidemiol\u00f3gicos.<\/p>\n<p>La detecci\u00f3n de <em>Escherichia coli<\/em> productora de toxinas <em>Shiga<\/em> (STEC) por PCR en tiempo real en productos vegetales y agua centrar\u00e1 un ensayo que realizar\u00e1 la responsable t\u00e9cnica en el \u00e1mbito de la higiene vegetal del LNSV, Alexandra Herrera Est\u00e9vez. Asemade, la t\u00e9cnico responsable de la caracterizaci\u00f3n molecular en este ente del Ministerio de Agricultura, Karola B\u00f6hme, presentar\u00e1 en esta sesi\u00f3n las distintas tecnolog\u00edas: secuenciaci\u00f3n gen\u00f3mica y espectrometr\u00eda de masas MALDI-Tof empleadas en el LNSV para la caracterizaci\u00f3n molecular. Una ponencia sobre el control de calidad en el LNSV y su sistema integrado de gesti\u00f3n, a cargo de la jefa de servicio de este centro, Mar\u00eda Arias Iglesias, cerrar\u00e1 el programa de intervenciones.<\/p>\n<p>La intervenci\u00f3n de la delegada del rector de la USC en el Campus Terra, Elvira L\u00f3pez Mosquera, servir\u00e1 de colof\u00f3n de la primera acci\u00f3n conjunta programada entre la USC y el LNSV.<\/p>\n<p><a href=\"http:\/\/bzn-lnsv@mapa.es\" target=\"_blank\" rel=\"noopener\"><strong>Inscripciones<\/strong><\/a><br \/>\nLas personas interesadas en participar en la jornada, que se desarrollar\u00e1 en turno de ma\u00f1ana, de 9.30 a 13.30 horas, pueden formalizar ya su inscripci\u00f3n gratis on line, a trav\u00e9s de la direcci\u00f3n y correo electr\u00f3nico <strong><a href=\"mailto:bzn-lnsv@mapa.es\" target=\"_blank\" rel=\"noopener\">bzn-lnsv@mapa.es<\/a><\/strong>.<br \/>\n<img decoding=\"async\" loading=\"lazy\" class=\"aligncenter size-full wp-image-3440 lazyload\" src=\"data:image\/gif;base64,R0lGODlhAQABAAAAACH5BAEKAAEALAAAAAABAAEAAAICTAEAOw==\" alt=\"\" width=\"1241\" height=\"1755\" sizes=\"(max-width:767px) 480px, (max-width:1241px) 100vw, 1241px\" data-src=\"https:\/\/innova.campogalego.gal\/wp-content\/uploads\/2024\/03\/LNSV.jpg\" data-srcset=\"https:\/\/innova.campogalego.gal\/wp-content\/uploads\/2024\/03\/LNSV.jpg 1241w, https:\/\/innova.campogalego.gal\/wp-content\/uploads\/2024\/03\/LNSV-212x300.jpg 212w, https:\/\/innova.campogalego.gal\/wp-content\/uploads\/2024\/03\/LNSV-724x1024.jpg 724w\"><\/p>\n","protected":false},"excerpt":{"rendered":"<p>El Campus Terra de la Universidad de Santiago y el Laboratorio Nacional de Sanidad Vegetal (LNSV), dependiente del Ministerio de Agricultura, exploran posibles v\u00edas de colaboraci\u00f3n<span class=\"excerpt-hellip\"> [\u2026]<\/span><\/p>\n","protected":false},"author":7,"featured_media":3438,"comment_status":"open","ping_status":"open","sticky":false,"template":"","format":"standard","meta":{"footnotes":""},"categories":[92],"tags":[],"acf":[],"yoast_head":"<!-- This site is optimized with the Yoast SEO plugin v21.2 - https:\/\/yoast.com\/wordpress\/plugins\/seo\/ -->\n<title>El Campus Terra y el Laboratorio de Sanidad Vegetal abren nuevas v\u00edas de colaboraci\u00f3n - Innova - Campo Galego<\/title>\n<meta name=\"robots\" content=\"index, follow, max-snippet:-1, max-image-preview:large, max-video-preview:-1\" \/>\n<link rel=\"canonical\" href=\"https:\/\/innova.campogalego.gal\/es\/campus-terra-es\/el-campus-terra-y-el-laboratorio-de-sanidad-vegetal-abren-nuevas-vias-de-colaboracion.html\" \/>\n<meta property=\"og:locale\" content=\"es_ES\" \/>\n<meta property=\"og:type\" content=\"article\" \/>\n<meta property=\"og:title\" content=\"El Campus Terra y el Laboratorio de Sanidad Vegetal abren nuevas v\u00edas de colaboraci\u00f3n - Innova - Campo Galego\" \/>\n<meta property=\"og:description\" content=\"El Campus Terra de la Universidad de Santiago y el Laboratorio Nacional de Sanidad Vegetal (LNSV), dependiente del Ministerio de Agricultura, exploran posibles v\u00edas de colaboraci\u00f3n [\u2026]\" \/>\n<meta property=\"og:url\" content=\"https:\/\/innova.campogalego.gal\/es\/campus-terra-es\/el-campus-terra-y-el-laboratorio-de-sanidad-vegetal-abren-nuevas-vias-de-colaboracion.html\" \/>\n<meta property=\"og:site_name\" content=\"Innova - Campo Galego\" \/>\n<meta property=\"article:published_time\" content=\"2024-03-12T16:45:12+00:00\" \/>\n<meta property=\"og:image\" content=\"https:\/\/innova.campogalego.gal\/wp-content\/uploads\/2024\/03\/svegetal.jpg\" \/>\n\t<meta property=\"og:image:width\" content=\"1200\" \/>\n\t<meta property=\"og:image:height\" content=\"800\" \/>\n\t<meta property=\"og:image:type\" content=\"image\/jpeg\" \/>\n<meta name=\"author\" content=\"noelia\" \/>\n<meta name=\"twitter:card\" content=\"summary_large_image\" \/>\n<meta name=\"twitter:label1\" content=\"Escrito por\" \/>\n\t<meta name=\"twitter:data1\" content=\"noelia\" \/>\n\t<meta name=\"twitter:label2\" content=\"Tiempo de lectura\" \/>\n\t<meta name=\"twitter:data2\" content=\"3 minutos\" \/>\n<script type=\"application\/ld+json\" class=\"yoast-schema-graph\">{\"@context\":\"https:\/\/schema.org\",\"@graph\":[{\"@type\":\"WebPage\",\"@id\":\"https:\/\/innova.campogalego.gal\/es\/campus-terra-es\/el-campus-terra-y-el-laboratorio-de-sanidad-vegetal-abren-nuevas-vias-de-colaboracion.html\",\"url\":\"https:\/\/innova.campogalego.gal\/es\/campus-terra-es\/el-campus-terra-y-el-laboratorio-de-sanidad-vegetal-abren-nuevas-vias-de-colaboracion.html\",\"name\":\"El Campus Terra y el Laboratorio de Sanidad Vegetal abren nuevas v\u00edas de colaboraci\u00f3n - Innova - Campo Galego\",\"isPartOf\":{\"@id\":\"https:\/\/innova.campogalego.gal\/es#website\"},\"datePublished\":\"2024-03-12T16:45:12+00:00\",\"dateModified\":\"2024-03-12T16:45:12+00:00\",\"author\":{\"@id\":\"https:\/\/innova.campogalego.gal\/es#\/schema\/person\/5f73832eaae2d2d2fe19cdf56f76e921\"},\"breadcrumb\":{\"@id\":\"https:\/\/innova.campogalego.gal\/es\/campus-terra-es\/el-campus-terra-y-el-laboratorio-de-sanidad-vegetal-abren-nuevas-vias-de-colaboracion.html#breadcrumb\"},\"inLanguage\":\"es\",\"potentialAction\":[{\"@type\":\"ReadAction\",\"target\":[\"https:\/\/innova.campogalego.gal\/es\/campus-terra-es\/el-campus-terra-y-el-laboratorio-de-sanidad-vegetal-abren-nuevas-vias-de-colaboracion.html\"]}]},{\"@type\":\"BreadcrumbList\",\"@id\":\"https:\/\/innova.campogalego.gal\/es\/campus-terra-es\/el-campus-terra-y-el-laboratorio-de-sanidad-vegetal-abren-nuevas-vias-de-colaboracion.html#breadcrumb\",\"itemListElement\":[{\"@type\":\"ListItem\",\"position\":1,\"name\":\"Portada\",\"item\":\"https:\/\/innova.campogalego.gal\/es\"},{\"@type\":\"ListItem\",\"position\":2,\"name\":\"El Campus Terra y el Laboratorio de Sanidad Vegetal abren nuevas v\u00edas de colaboraci\u00f3n\"}]},{\"@type\":\"WebSite\",\"@id\":\"https:\/\/innova.campogalego.gal\/es#website\",\"url\":\"https:\/\/innova.campogalego.gal\/es\",\"name\":\"Innova - Campo Galego\",\"description\":\"\",\"potentialAction\":[{\"@type\":\"SearchAction\",\"target\":{\"@type\":\"EntryPoint\",\"urlTemplate\":\"https:\/\/innova.campogalego.gal\/es?s={search_term_string}\"},\"query-input\":\"required name=search_term_string\"}],\"inLanguage\":\"es\"},{\"@type\":\"Person\",\"@id\":\"https:\/\/innova.campogalego.gal\/es#\/schema\/person\/5f73832eaae2d2d2fe19cdf56f76e921\",\"name\":\"noelia\",\"image\":{\"@type\":\"ImageObject\",\"inLanguage\":\"es\",\"@id\":\"https:\/\/innova.campogalego.gal\/es#\/schema\/person\/image\/\",\"url\":\"https:\/\/secure.gravatar.com\/avatar\/b4912756e566b19c7962f96cfebbb102?s=96&d=mm&r=g\",\"contentUrl\":\"https:\/\/secure.gravatar.com\/avatar\/b4912756e566b19c7962f96cfebbb102?s=96&d=mm&r=g\",\"caption\":\"noelia\"},\"url\":\"https:\/\/innova.campogalego.gal\/es\/author\/noelia\"}]}<\/script>\n<!-- \/ Yoast SEO plugin. -->","yoast_head_json":{"title":"El Campus Terra y el Laboratorio de Sanidad Vegetal abren nuevas v\u00edas de colaboraci\u00f3n - Innova - Campo Galego","robots":{"index":"index","follow":"follow","max-snippet":"max-snippet:-1","max-image-preview":"max-image-preview:large","max-video-preview":"max-video-preview:-1"},"canonical":"https:\/\/innova.campogalego.gal\/es\/campus-terra-es\/el-campus-terra-y-el-laboratorio-de-sanidad-vegetal-abren-nuevas-vias-de-colaboracion.html","og_locale":"es_ES","og_type":"article","og_title":"El Campus Terra y el Laboratorio de Sanidad Vegetal abren nuevas v\u00edas de colaboraci\u00f3n - Innova - Campo Galego","og_description":"El Campus Terra de la Universidad de Santiago y el Laboratorio Nacional de Sanidad Vegetal (LNSV), dependiente del Ministerio de Agricultura, exploran posibles v\u00edas de colaboraci\u00f3n [\u2026]","og_url":"https:\/\/innova.campogalego.gal\/es\/campus-terra-es\/el-campus-terra-y-el-laboratorio-de-sanidad-vegetal-abren-nuevas-vias-de-colaboracion.html","og_site_name":"Innova - Campo Galego","article_published_time":"2024-03-12T16:45:12+00:00","og_image":[{"width":1200,"height":800,"url":"https:\/\/innova.campogalego.gal\/wp-content\/uploads\/2024\/03\/svegetal.jpg","type":"image\/jpeg"}],"author":"noelia","twitter_card":"summary_large_image","twitter_misc":{"Escrito por":"noelia","Tiempo de lectura":"3 minutos"},"schema":{"@context":"https:\/\/schema.org","@graph":[{"@type":"WebPage","@id":"https:\/\/innova.campogalego.gal\/es\/campus-terra-es\/el-campus-terra-y-el-laboratorio-de-sanidad-vegetal-abren-nuevas-vias-de-colaboracion.html","url":"https:\/\/innova.campogalego.gal\/es\/campus-terra-es\/el-campus-terra-y-el-laboratorio-de-sanidad-vegetal-abren-nuevas-vias-de-colaboracion.html","name":"El Campus Terra y el Laboratorio de Sanidad Vegetal abren nuevas v\u00edas de colaboraci\u00f3n - Innova - Campo Galego","isPartOf":{"@id":"https:\/\/innova.campogalego.gal\/es#website"},"datePublished":"2024-03-12T16:45:12+00:00","dateModified":"2024-03-12T16:45:12+00:00","author":{"@id":"https:\/\/innova.campogalego.gal\/es#\/schema\/person\/5f73832eaae2d2d2fe19cdf56f76e921"},"breadcrumb":{"@id":"https:\/\/innova.campogalego.gal\/es\/campus-terra-es\/el-campus-terra-y-el-laboratorio-de-sanidad-vegetal-abren-nuevas-vias-de-colaboracion.html#breadcrumb"},"inLanguage":"es","potentialAction":[{"@type":"ReadAction","target":["https:\/\/innova.campogalego.gal\/es\/campus-terra-es\/el-campus-terra-y-el-laboratorio-de-sanidad-vegetal-abren-nuevas-vias-de-colaboracion.html"]}]},{"@type":"BreadcrumbList","@id":"https:\/\/innova.campogalego.gal\/es\/campus-terra-es\/el-campus-terra-y-el-laboratorio-de-sanidad-vegetal-abren-nuevas-vias-de-colaboracion.html#breadcrumb","itemListElement":[{"@type":"ListItem","position":1,"name":"Portada","item":"https:\/\/innova.campogalego.gal\/es"},{"@type":"ListItem","position":2,"name":"El Campus Terra y el Laboratorio de Sanidad Vegetal abren nuevas v\u00edas de colaboraci\u00f3n"}]},{"@type":"WebSite","@id":"https:\/\/innova.campogalego.gal\/es#website","url":"https:\/\/innova.campogalego.gal\/es","name":"Innova - Campo Galego","description":"","potentialAction":[{"@type":"SearchAction","target":{"@type":"EntryPoint","urlTemplate":"https:\/\/innova.campogalego.gal\/es?s={search_term_string}"},"query-input":"required name=search_term_string"}],"inLanguage":"es"},{"@type":"Person","@id":"https:\/\/innova.campogalego.gal\/es#\/schema\/person\/5f73832eaae2d2d2fe19cdf56f76e921","name":"noelia","image":{"@type":"ImageObject","inLanguage":"es","@id":"https:\/\/innova.campogalego.gal\/es#\/schema\/person\/image\/","url":"https:\/\/secure.gravatar.com\/avatar\/b4912756e566b19c7962f96cfebbb102?s=96&d=mm&r=g","contentUrl":"https:\/\/secure.gravatar.com\/avatar\/b4912756e566b19c7962f96cfebbb102?s=96&d=mm&r=g","caption":"noelia"},"url":"https:\/\/innova.campogalego.gal\/es\/author\/noelia"}]}},"_links":{"self":[{"href":"https:\/\/innova.campogalego.gal\/es\/wp-json\/wp\/v2\/posts\/3442"}],"collection":[{"href":"https:\/\/innova.campogalego.gal\/es\/wp-json\/wp\/v2\/posts"}],"about":[{"href":"https:\/\/innova.campogalego.gal\/es\/wp-json\/wp\/v2\/types\/post"}],"author":[{"embeddable":true,"href":"https:\/\/innova.campogalego.gal\/es\/wp-json\/wp\/v2\/users\/7"}],"replies":[{"embeddable":true,"href":"https:\/\/innova.campogalego.gal\/es\/wp-json\/wp\/v2\/comments?post=3442"}],"version-history":[{"count":2,"href":"https:\/\/innova.campogalego.gal\/es\/wp-json\/wp\/v2\/posts\/3442\/revisions"}],"predecessor-version":[{"id":3447,"href":"https:\/\/innova.campogalego.gal\/es\/wp-json\/wp\/v2\/posts\/3442\/revisions\/3447"}],"wp:featuredmedia":[{"embeddable":true,"href":"https:\/\/innova.campogalego.gal\/es\/wp-json\/wp\/v2\/media\/3438"}],"wp:attachment":[{"href":"https:\/\/innova.campogalego.gal\/es\/wp-json\/wp\/v2\/media?parent=3442"}],"wp:term":[{"taxonomy":"category","embeddable":true,"href":"https:\/\/innova.campogalego.gal\/es\/wp-json\/wp\/v2\/categories?post=3442"},{"taxonomy":"post_tag","embeddable":true,"href":"https:\/\/innova.campogalego.gal\/es\/wp-json\/wp\/v2\/tags?post=3442"}],"curies":[{"name":"wp","href":"https:\/\/api.w.org\/{rel}","templated":true}]}}