{"id":3545,"date":"2024-03-22T17:54:02","date_gmt":"2024-03-22T16:54:02","guid":{"rendered":"https:\/\/innova.campogalego.gal\/?p=3545"},"modified":"2024-03-22T17:54:02","modified_gmt":"2024-03-22T16:54:02","slug":"el-xures-se-convierte-en-una-escuela-viva-para-celebrar-el-dia-de-los-bosques","status":"publish","type":"post","link":"https:\/\/innova.campogalego.gal\/es\/campus-terra-es\/el-xures-se-convierte-en-una-escuela-viva-para-celebrar-el-dia-de-los-bosques.html","title":{"rendered":"El Xur\u00e9s se convierte en una escuela viva para celebrar el D\u00eda de los Bosques"},"content":{"rendered":"<p><div id=\"attachment_3541\" style=\"width: 1210px\" class=\"wp-caption aligncenter\"><img aria-describedby=\"caption-attachment-3541\" decoding=\"async\" loading=\"lazy\" src=\"data:image\/gif;base64,R0lGODlhAQABAAAAACH5BAEKAAEALAAAAAABAAEAAAICTAEAOw==\" alt=\"\" width=\"1200\" height=\"800\" class=\"size-full wp-image-3541 lazyload\" sizes=\"(max-width:767px) 480px, (max-width:1200px) 100vw, 1200px\" data-src=\"https:\/\/innova.campogalego.gal\/wp-content\/uploads\/2024\/03\/Xornada_PlantandoCaraOlUme.jpg\" data-srcset=\"https:\/\/innova.campogalego.gal\/wp-content\/uploads\/2024\/03\/Xornada_PlantandoCaraOlUme.jpg 1200w, https:\/\/innova.campogalego.gal\/wp-content\/uploads\/2024\/03\/Xornada_PlantandoCaraOlUme-300x200.jpg 300w, https:\/\/innova.campogalego.gal\/wp-content\/uploads\/2024\/03\/Xornada_PlantandoCaraOlUme-1024x683.jpg 1024w\"><p id=\"caption-attachment-3541\" class=\"wp-caption-text\">Imagen cedida<\/p><\/div><br \/>\nEl proyecto de aprendizaje y servicio (APS) &#8216;Plantando cara ao lume&#8217; celebra el D\u00eda de los Bosques en la sierra del Xur\u00e9s, un enclave natural que se convertir\u00e1 durante dos d\u00edas en una escuela viva de sensibilizaci\u00f3n ambiental y aprendizaje de las actuaciones que hace falta desarrollar para evitar los fuegos forestales y, en su caso, para paliar los desastrosos efectos de las lapas con acciones de restauraci\u00f3n. La salida formativa programada desde la USC en colaboraci\u00f3n con el Colegio Mu\u00ed\u00f1os al amparo de este proyecto cita hasta este s\u00e1bado en la sierra ourensana una nutrida comitiva estudiantil.<\/p>\n<p>En las jornadas estar\u00e1n acompa\u00f1ados de t\u00e9cnicos e investigadores, as\u00ed como de estudiantado universitario, propietarios, comuneros y dem\u00e1s personas interesadas en la preservaci\u00f3n y restauraci\u00f3n ambiental, desarrollar\u00e1n proyectos y experiencias, a trav\u00e9s de las que conocer\u00e1n los efectos de los fuegos y tambi\u00e9n las posibilidades de recuperaci\u00f3n de las zonas de monte afectadas por las lapas.<br \/>\nDurante las primeras sesiones, se evaluaron las tareas de restauraci\u00f3n en espacios quemados del monte vecinal de Pi\u00f1oi y la puesta en com\u00fan de los resultados conseguidos. Tambi\u00e9n se procedi\u00f3 a la toma de muestras de agua del embalse para su posterior an\u00e1lisis. Todas estas acciones buscan involucrar a la ciudadan\u00eda en la problem\u00e1tica de los incendios, adem\u00e1s de transferir conocimientos cient\u00edficos y t\u00e9cnicos a trav\u00e9s de estrategias pedag\u00f3gicas orientadas a la juventud, subraya Agust\u00edn Merino coordinador del proyecto y catedr\u00e1tico en la Escuela Polit\u00e9cnica Superior de Ingenier\u00eda del Campus Terra.<\/p>\n<p>Las personas asistentes tambi\u00e9n tuvieron la oportunidad de conocer de buena tinta y en distintas charlas divulgativas el impacto que provocan los incendios forestales en el suelo, adem\u00e1s de identificar las distintas especies vegetales, calcular los efectos econ\u00f3micos del fuego y los cuestes derivados de la restauraci\u00f3n forestal, interpretar rutas&#8230;<\/p>\n<blockquote><p>El proyecto abarca otras regiones de Espa\u00f1a y contempla iniciativas de sensibilizaci\u00f3n en los diferentes territorios<\/p><\/blockquote>\n<p>Luego de una primera jornada de inmersi\u00f3n en el territorio, el programa del s\u00e1bado contempla un roteiro guiado por la sierra del Xur\u00e9s. A lo largo de este itinerario, las personas participantes podr\u00e1n visualizar la recuperaci\u00f3n de las distintas especies tras los incendios de 2016, adem\u00e1s de realizar una visita a la capilla de la Virgen del Xur\u00e9s, en la parroquia de Riocaldo.<\/p>\n<p>Las actividades deportivas y l\u00fadicas completan el intenso programa dise\u00f1ado al amparo del proyecto ApS &#8216;Plantando cara ao lume&#8217; y con el que tambi\u00e9n colaboran diversas entidades, tales como la Conseller\u00eda de Medio Rural, WWF, y el Ayuntamiento de Molinos y el CEIP y el club de pirag\u00fcismo de esta localidad.<\/p>\n<p>El profesor Merino Garc\u00eda explic\u00f3 que estudiantes del grado en Periodismo, coordinados por el docente Roi M\u00e9ndez, aprovecharon esta experiencia para hacer una pieza audiovisual de car\u00e1cter divulgativo. El coordinador de este proyecto ApS record\u00f3 tambi\u00e9n que &#8216;Plantando cara ao lume&#8217; se encuadra en un programa m\u00e1s amplio en el que toman parte una decena de comunidades aut\u00f3nomas espa\u00f1olas, que tambi\u00e9n desarrollan acciones formativas y de sensibilizaci\u00f3n nos sus respectivos territorios.<\/p>\n","protected":false},"excerpt":{"rendered":"<p>El proyecto de aprendizaje y servicio (APS) &#8216;Plantando cara ao lume&#8217; celebra el D\u00eda de los Bosques en la sierra del Xur\u00e9s, un enclave natural que<span class=\"excerpt-hellip\"> [\u2026]<\/span><\/p>\n","protected":false},"author":7,"featured_media":3541,"comment_status":"open","ping_status":"open","sticky":false,"template":"","format":"standard","meta":{"footnotes":""},"categories":[92],"tags":[],"acf":[],"yoast_head":"<!-- This site is optimized with the Yoast SEO plugin v21.2 - https:\/\/yoast.com\/wordpress\/plugins\/seo\/ -->\n<title>El Xur\u00e9s se convierte en una escuela viva para celebrar el D\u00eda de los Bosques - Innova - Campo Galego<\/title>\n<meta name=\"robots\" content=\"index, follow, max-snippet:-1, max-image-preview:large, max-video-preview:-1\" \/>\n<link rel=\"canonical\" href=\"https:\/\/innova.campogalego.gal\/es\/campus-terra-es\/el-xures-se-convierte-en-una-escuela-viva-para-celebrar-el-dia-de-los-bosques.html\" \/>\n<meta property=\"og:locale\" content=\"es_ES\" \/>\n<meta property=\"og:type\" content=\"article\" \/>\n<meta property=\"og:title\" content=\"El Xur\u00e9s se convierte en una escuela viva para celebrar el D\u00eda de los Bosques - Innova - Campo Galego\" \/>\n<meta property=\"og:description\" content=\"El proyecto de aprendizaje y servicio (APS) &#8216;Plantando cara ao lume&#8217; celebra el D\u00eda de los Bosques en la sierra del Xur\u00e9s, un enclave natural que [\u2026]\" \/>\n<meta property=\"og:url\" content=\"https:\/\/innova.campogalego.gal\/es\/campus-terra-es\/el-xures-se-convierte-en-una-escuela-viva-para-celebrar-el-dia-de-los-bosques.html\" \/>\n<meta property=\"og:site_name\" content=\"Innova - Campo Galego\" \/>\n<meta property=\"article:published_time\" content=\"2024-03-22T16:54:02+00:00\" \/>\n<meta property=\"og:image\" content=\"https:\/\/innova.campogalego.gal\/wp-content\/uploads\/2024\/03\/Xornada_PlantandoCaraOlUme.jpg\" \/>\n\t<meta property=\"og:image:width\" content=\"1200\" \/>\n\t<meta property=\"og:image:height\" content=\"800\" \/>\n\t<meta property=\"og:image:type\" content=\"image\/jpeg\" \/>\n<meta name=\"author\" content=\"noelia\" \/>\n<meta name=\"twitter:card\" content=\"summary_large_image\" \/>\n<meta name=\"twitter:label1\" content=\"Escrito por\" \/>\n\t<meta name=\"twitter:data1\" content=\"noelia\" \/>\n\t<meta name=\"twitter:label2\" content=\"Tiempo de lectura\" \/>\n\t<meta name=\"twitter:data2\" content=\"3 minutos\" \/>\n<script type=\"application\/ld+json\" class=\"yoast-schema-graph\">{\"@context\":\"https:\/\/schema.org\",\"@graph\":[{\"@type\":\"WebPage\",\"@id\":\"https:\/\/innova.campogalego.gal\/es\/campus-terra-es\/el-xures-se-convierte-en-una-escuela-viva-para-celebrar-el-dia-de-los-bosques.html\",\"url\":\"https:\/\/innova.campogalego.gal\/es\/campus-terra-es\/el-xures-se-convierte-en-una-escuela-viva-para-celebrar-el-dia-de-los-bosques.html\",\"name\":\"El Xur\u00e9s se convierte en una escuela viva para celebrar el D\u00eda de los Bosques - Innova - Campo Galego\",\"isPartOf\":{\"@id\":\"https:\/\/innova.campogalego.gal\/es#website\"},\"datePublished\":\"2024-03-22T16:54:02+00:00\",\"dateModified\":\"2024-03-22T16:54:02+00:00\",\"author\":{\"@id\":\"https:\/\/innova.campogalego.gal\/es#\/schema\/person\/5f73832eaae2d2d2fe19cdf56f76e921\"},\"breadcrumb\":{\"@id\":\"https:\/\/innova.campogalego.gal\/es\/campus-terra-es\/el-xures-se-convierte-en-una-escuela-viva-para-celebrar-el-dia-de-los-bosques.html#breadcrumb\"},\"inLanguage\":\"es\",\"potentialAction\":[{\"@type\":\"ReadAction\",\"target\":[\"https:\/\/innova.campogalego.gal\/es\/campus-terra-es\/el-xures-se-convierte-en-una-escuela-viva-para-celebrar-el-dia-de-los-bosques.html\"]}]},{\"@type\":\"BreadcrumbList\",\"@id\":\"https:\/\/innova.campogalego.gal\/es\/campus-terra-es\/el-xures-se-convierte-en-una-escuela-viva-para-celebrar-el-dia-de-los-bosques.html#breadcrumb\",\"itemListElement\":[{\"@type\":\"ListItem\",\"position\":1,\"name\":\"Portada\",\"item\":\"https:\/\/innova.campogalego.gal\/es\"},{\"@type\":\"ListItem\",\"position\":2,\"name\":\"El Xur\u00e9s se convierte en una escuela viva para celebrar el D\u00eda de los Bosques\"}]},{\"@type\":\"WebSite\",\"@id\":\"https:\/\/innova.campogalego.gal\/es#website\",\"url\":\"https:\/\/innova.campogalego.gal\/es\",\"name\":\"Innova - Campo Galego\",\"description\":\"\",\"potentialAction\":[{\"@type\":\"SearchAction\",\"target\":{\"@type\":\"EntryPoint\",\"urlTemplate\":\"https:\/\/innova.campogalego.gal\/es?s={search_term_string}\"},\"query-input\":\"required name=search_term_string\"}],\"inLanguage\":\"es\"},{\"@type\":\"Person\",\"@id\":\"https:\/\/innova.campogalego.gal\/es#\/schema\/person\/5f73832eaae2d2d2fe19cdf56f76e921\",\"name\":\"noelia\",\"image\":{\"@type\":\"ImageObject\",\"inLanguage\":\"es\",\"@id\":\"https:\/\/innova.campogalego.gal\/es#\/schema\/person\/image\/\",\"url\":\"https:\/\/secure.gravatar.com\/avatar\/b4912756e566b19c7962f96cfebbb102?s=96&d=mm&r=g\",\"contentUrl\":\"https:\/\/secure.gravatar.com\/avatar\/b4912756e566b19c7962f96cfebbb102?s=96&d=mm&r=g\",\"caption\":\"noelia\"},\"url\":\"https:\/\/innova.campogalego.gal\/es\/author\/noelia\"}]}<\/script>\n<!-- \/ Yoast SEO plugin. -->","yoast_head_json":{"title":"El Xur\u00e9s se convierte en una escuela viva para celebrar el D\u00eda de los Bosques - Innova - Campo Galego","robots":{"index":"index","follow":"follow","max-snippet":"max-snippet:-1","max-image-preview":"max-image-preview:large","max-video-preview":"max-video-preview:-1"},"canonical":"https:\/\/innova.campogalego.gal\/es\/campus-terra-es\/el-xures-se-convierte-en-una-escuela-viva-para-celebrar-el-dia-de-los-bosques.html","og_locale":"es_ES","og_type":"article","og_title":"El Xur\u00e9s se convierte en una escuela viva para celebrar el D\u00eda de los Bosques - Innova - Campo Galego","og_description":"El proyecto de aprendizaje y servicio (APS) &#8216;Plantando cara ao lume&#8217; celebra el D\u00eda de los Bosques en la sierra del Xur\u00e9s, un enclave natural que [\u2026]","og_url":"https:\/\/innova.campogalego.gal\/es\/campus-terra-es\/el-xures-se-convierte-en-una-escuela-viva-para-celebrar-el-dia-de-los-bosques.html","og_site_name":"Innova - Campo Galego","article_published_time":"2024-03-22T16:54:02+00:00","og_image":[{"width":1200,"height":800,"url":"https:\/\/innova.campogalego.gal\/wp-content\/uploads\/2024\/03\/Xornada_PlantandoCaraOlUme.jpg","type":"image\/jpeg"}],"author":"noelia","twitter_card":"summary_large_image","twitter_misc":{"Escrito por":"noelia","Tiempo de lectura":"3 minutos"},"schema":{"@context":"https:\/\/schema.org","@graph":[{"@type":"WebPage","@id":"https:\/\/innova.campogalego.gal\/es\/campus-terra-es\/el-xures-se-convierte-en-una-escuela-viva-para-celebrar-el-dia-de-los-bosques.html","url":"https:\/\/innova.campogalego.gal\/es\/campus-terra-es\/el-xures-se-convierte-en-una-escuela-viva-para-celebrar-el-dia-de-los-bosques.html","name":"El Xur\u00e9s se convierte en una escuela viva para celebrar el D\u00eda de los Bosques - Innova - Campo Galego","isPartOf":{"@id":"https:\/\/innova.campogalego.gal\/es#website"},"datePublished":"2024-03-22T16:54:02+00:00","dateModified":"2024-03-22T16:54:02+00:00","author":{"@id":"https:\/\/innova.campogalego.gal\/es#\/schema\/person\/5f73832eaae2d2d2fe19cdf56f76e921"},"breadcrumb":{"@id":"https:\/\/innova.campogalego.gal\/es\/campus-terra-es\/el-xures-se-convierte-en-una-escuela-viva-para-celebrar-el-dia-de-los-bosques.html#breadcrumb"},"inLanguage":"es","potentialAction":[{"@type":"ReadAction","target":["https:\/\/innova.campogalego.gal\/es\/campus-terra-es\/el-xures-se-convierte-en-una-escuela-viva-para-celebrar-el-dia-de-los-bosques.html"]}]},{"@type":"BreadcrumbList","@id":"https:\/\/innova.campogalego.gal\/es\/campus-terra-es\/el-xures-se-convierte-en-una-escuela-viva-para-celebrar-el-dia-de-los-bosques.html#breadcrumb","itemListElement":[{"@type":"ListItem","position":1,"name":"Portada","item":"https:\/\/innova.campogalego.gal\/es"},{"@type":"ListItem","position":2,"name":"El Xur\u00e9s se convierte en una escuela viva para celebrar el D\u00eda de los Bosques"}]},{"@type":"WebSite","@id":"https:\/\/innova.campogalego.gal\/es#website","url":"https:\/\/innova.campogalego.gal\/es","name":"Innova - Campo Galego","description":"","potentialAction":[{"@type":"SearchAction","target":{"@type":"EntryPoint","urlTemplate":"https:\/\/innova.campogalego.gal\/es?s={search_term_string}"},"query-input":"required name=search_term_string"}],"inLanguage":"es"},{"@type":"Person","@id":"https:\/\/innova.campogalego.gal\/es#\/schema\/person\/5f73832eaae2d2d2fe19cdf56f76e921","name":"noelia","image":{"@type":"ImageObject","inLanguage":"es","@id":"https:\/\/innova.campogalego.gal\/es#\/schema\/person\/image\/","url":"https:\/\/secure.gravatar.com\/avatar\/b4912756e566b19c7962f96cfebbb102?s=96&d=mm&r=g","contentUrl":"https:\/\/secure.gravatar.com\/avatar\/b4912756e566b19c7962f96cfebbb102?s=96&d=mm&r=g","caption":"noelia"},"url":"https:\/\/innova.campogalego.gal\/es\/author\/noelia"}]}},"_links":{"self":[{"href":"https:\/\/innova.campogalego.gal\/es\/wp-json\/wp\/v2\/posts\/3545"}],"collection":[{"href":"https:\/\/innova.campogalego.gal\/es\/wp-json\/wp\/v2\/posts"}],"about":[{"href":"https:\/\/innova.campogalego.gal\/es\/wp-json\/wp\/v2\/types\/post"}],"author":[{"embeddable":true,"href":"https:\/\/innova.campogalego.gal\/es\/wp-json\/wp\/v2\/users\/7"}],"replies":[{"embeddable":true,"href":"https:\/\/innova.campogalego.gal\/es\/wp-json\/wp\/v2\/comments?post=3545"}],"version-history":[{"count":2,"href":"https:\/\/innova.campogalego.gal\/es\/wp-json\/wp\/v2\/posts\/3545\/revisions"}],"predecessor-version":[{"id":3549,"href":"https:\/\/innova.campogalego.gal\/es\/wp-json\/wp\/v2\/posts\/3545\/revisions\/3549"}],"wp:featuredmedia":[{"embeddable":true,"href":"https:\/\/innova.campogalego.gal\/es\/wp-json\/wp\/v2\/media\/3541"}],"wp:attachment":[{"href":"https:\/\/innova.campogalego.gal\/es\/wp-json\/wp\/v2\/media?parent=3545"}],"wp:term":[{"taxonomy":"category","embeddable":true,"href":"https:\/\/innova.campogalego.gal\/es\/wp-json\/wp\/v2\/categories?post=3545"},{"taxonomy":"post_tag","embeddable":true,"href":"https:\/\/innova.campogalego.gal\/es\/wp-json\/wp\/v2\/tags?post=3545"}],"curies":[{"name":"wp","href":"https:\/\/api.w.org\/{rel}","templated":true}]}}