{"id":3770,"date":"2024-04-23T23:31:54","date_gmt":"2024-04-23T21:31:54","guid":{"rendered":"https:\/\/innova.campogalego.gal\/?p=3770"},"modified":"2024-04-23T23:31:54","modified_gmt":"2024-04-23T21:31:54","slug":"el-proyecto-firepoctep-avanza-en-la-prevencion-de-los-incendios-forestales-de-la-proxima-decada","status":"publish","type":"post","link":"https:\/\/innova.campogalego.gal\/es\/forestal-es\/el-proyecto-firepoctep-avanza-en-la-prevencion-de-los-incendios-forestales-de-la-proxima-decada.html","title":{"rendered":"El proyecto Firepoctep+ avanza en la prevenci\u00f3n de los incendios forestales de la pr\u00f3xima d\u00e9cada"},"content":{"rendered":"<p><img decoding=\"async\" loading=\"lazy\" class=\"aligncenter size-full wp-image-3767 lazyload\" src=\"data:image\/gif;base64,R0lGODlhAQABAAAAACH5BAEKAAEALAAAAAABAAEAAAICTAEAOw==\" alt=\"\" width=\"1200\" height=\"800\" sizes=\"(max-width:767px) 480px, (max-width:1200px) 100vw, 1200px\" data-src=\"https:\/\/innova.campogalego.gal\/wp-content\/uploads\/2024\/04\/pofirepoctep3.jpg\" data-srcset=\"https:\/\/innova.campogalego.gal\/wp-content\/uploads\/2024\/04\/pofirepoctep3.jpg 1200w, https:\/\/innova.campogalego.gal\/wp-content\/uploads\/2024\/04\/pofirepoctep3-300x200.jpg 300w, https:\/\/innova.campogalego.gal\/wp-content\/uploads\/2024\/04\/pofirepoctep3-1024x683.jpg 1024w\"><br \/>\nEl Museo de Pontevedra acogi\u00f3 la presentaci\u00f3n en Galicia del proyecto Firepoctep+ liderazgo por la Escuela de Ingenier\u00eda Forestal de la UVigo y en el que participan 17 instituciones y entidades de Espa\u00f1a y Portugal. Con la participaci\u00f3n de m\u00e1s de 40 representantes de los diferentes socios, esta junta ten\u00eda como objetivo la puesta en com\u00fan de las tareas que est\u00e1 previsto llevar a cabo en los diferentes paquetes de trabajo que se extender\u00e1n hasta 2026.<\/p>\n<p>\u00abNo basta prevenir los incendios del pr\u00f3ximo verano, debemos prevenir los incendios de la pr\u00f3xima d\u00e9cada\u00bb. Esta fue una de las ideas subrayadas en la tarde de este lunes por los responsables del proyecto Firepoctep+, que tiene como objetivo identificar zonas clave en la prevenci\u00f3n y merma de los efectos de los grandes incendios en las zonas fronterizas entre Espa\u00f1a y Portugal.<\/p>\n<p>El director en funciones de la EE Forestal, Juan Picos, se encarg\u00f3 de presentar las l\u00edneas centrales del proyecto, junto con los coordinadores de las diferentes actividades. Previamente, el encuentro arranc\u00f3 con una bienvenida institucional en la que participaron el rector de la UVigo, Manuel Reigosa,; el diputado provincial Roberto Carrero y el jefe provincial del Servicio de Prevenci\u00f3n de Incendios Forestales de la Xunta. A continuaci\u00f3n, la reuni\u00f3n se abri\u00f3 con una ponencia sobre la problem\u00e1tica de los incendios en Galicia y en el norte de Portugal, a cargo de Jos\u00e9 Antonio Vega, exdirector del Departamento de Incendios del CIF Louriz\u00e1n y exprofesor de la EE Forestal.<\/p>\n<p>Firepoctep+ tiene entre sus ejes de actuaci\u00f3n la identificaci\u00f3n de zonas estrat\u00e9gicas de gesti\u00f3n en diferentes \u00e1reas piloto a lo largo de la frontera. Se trata de puntos que resultan clave en el comportamiento de los grandes incendios y en los que una actuaci\u00f3n preventiva permitir\u00eda reducir su intensidad. En ese sentido, adem\u00e1s de localizarlos, el proyecto abarca tambi\u00e9n definir que acciones pueden llevarse a cabo en estos puntos con la implicaci\u00f3n de los agentes locales. La idea, explican sus responsables, es que en aquellos puntos estrat\u00e9gicos en los que sea necesario un cambio en la vegetaci\u00f3n, esta pueda ligarse a actividades productivas, como cultivos. De ah\u00ed que uno de sus pilares, como subray\u00f3 Picos, sea lo de \u00absembrar inteligencia preventiva en el territorio: saber dirigir las acciones preventivas a aquellos lugares donde sean m\u00e1s eficaces\u00bb y conseguir implantar en estos \u00abactividades productivas que garanticen su mantenimiento a largo plazo y refuercen el v\u00ednculo a la poblaci\u00f3n\u00bb.<\/p>\n<blockquote><p>Uno de los objetivos del proyecto es definir propuestas de mejora que permitan superar diferencias legislativas y de gesti\u00f3n<\/p><\/blockquote>\n<p>Otra de las \u00e1reas de trabajo es la formaci\u00f3n de los operativos de extinci\u00f3n, teniendo cuenta el \u00abcambio de estrategia\u00bb que supondr\u00eda poner el foco en las zonas estrat\u00e9gicas de gesti\u00f3n. \u00abNo se necesitan h\u00e9roes, se necesitan profesionales valorados, con conocimientos y medios adecuados, que puedan actuar con seguridad en un territorio preparado\u00bb, a\u00f1adi\u00f3 Picos. En ese sentido, otro de los objetivos del proyecto es definir propuestas de mejora que permitan superar diferencias legislativas y de gesti\u00f3n, junto con la formaci\u00f3n y sensibilizaci\u00f3n de la poblaci\u00f3n rural. \u00abPaisaje, paisanaje y profesionales\u00bb, concluy\u00f3 el responsable de este proyecto, constituyen \u00ablas tres palancas contra los grandes incendios forestales\u00bb.<\/p>\n<p><strong>Participantes del proyecto<\/strong><br \/>\nJunto a la UVigo y a las entidades coordinadoras de las diferentes l\u00edneas de trabajo, en este proyecto participan tambi\u00e9n la Direcci\u00f3n General de Defensa del Monte de la Xunta de Galicia; Feuga, responsable de las iniciativas de difusi\u00f3n; EnergyLab; las universidades de Huelva, C\u00f3rdoba y *\u00c9vora; la Diputaci\u00f3n Provincial de \u00c1vila; las comunidades intermunicipales de la Regi\u00f3n de Co\u00edmbra, Alto Minho y Algarve, la Comisi\u00f3n de Coordinaci\u00f3n y Desarrollo Regional del Algarve y la Junta de Andaluc\u00eda.<\/p>\n<p>Buena parte de estas entidades hab\u00edan formado previamente de Firepoctep, un proyecto financiado tambi\u00e9n por el programa Poctep que tuvo entre sus l\u00edneas centrales de trabajo el dise\u00f1o de metodolog\u00edas para la identificaci\u00f3n de las zonas estrat\u00e9gicas de gesti\u00f3n.<br \/>\nLa actividad continu\u00f3 con una salida de campo a la zona de Figueirido, Cotorredondo y lago Casti\u00f1eiras, dirigida a presentar los trabajos que los investigadores de la EE Forestal desarrollan en la \u00e1rela piloto sur de la provincia de Pontevedra.<\/p>\n","protected":false},"excerpt":{"rendered":"<p>El Museo de Pontevedra acogi\u00f3 la presentaci\u00f3n en Galicia del proyecto Firepoctep+ liderazgo por la Escuela de Ingenier\u00eda Forestal de la UVigo y en el que<span class=\"excerpt-hellip\"> [\u2026]<\/span><\/p>\n","protected":false},"author":7,"featured_media":3767,"comment_status":"open","ping_status":"open","sticky":false,"template":"","format":"standard","meta":{"footnotes":""},"categories":[88],"tags":[],"acf":[],"yoast_head":"<!-- This site is optimized with the Yoast SEO plugin v21.2 - https:\/\/yoast.com\/wordpress\/plugins\/seo\/ -->\n<title>El proyecto Firepoctep+ avanza en la prevenci\u00f3n de los incendios forestales de la pr\u00f3xima d\u00e9cada - Innova - Campo Galego<\/title>\n<meta name=\"robots\" content=\"index, follow, max-snippet:-1, max-image-preview:large, max-video-preview:-1\" \/>\n<link rel=\"canonical\" href=\"https:\/\/innova.campogalego.gal\/es\/forestal-es\/el-proyecto-firepoctep-avanza-en-la-prevencion-de-los-incendios-forestales-de-la-proxima-decada.html\" \/>\n<meta property=\"og:locale\" content=\"es_ES\" \/>\n<meta property=\"og:type\" content=\"article\" \/>\n<meta property=\"og:title\" content=\"El proyecto Firepoctep+ avanza en la prevenci\u00f3n de los incendios forestales de la pr\u00f3xima d\u00e9cada - Innova - Campo Galego\" \/>\n<meta property=\"og:description\" content=\"El Museo de Pontevedra acogi\u00f3 la presentaci\u00f3n en Galicia del proyecto Firepoctep+ liderazgo por la Escuela de Ingenier\u00eda Forestal de la UVigo y en el que [\u2026]\" \/>\n<meta property=\"og:url\" content=\"https:\/\/innova.campogalego.gal\/es\/forestal-es\/el-proyecto-firepoctep-avanza-en-la-prevencion-de-los-incendios-forestales-de-la-proxima-decada.html\" \/>\n<meta property=\"og:site_name\" content=\"Innova - Campo Galego\" \/>\n<meta property=\"article:published_time\" content=\"2024-04-23T21:31:54+00:00\" \/>\n<meta property=\"og:image\" content=\"https:\/\/innova.campogalego.gal\/wp-content\/uploads\/2024\/04\/pofirepoctep3.jpg\" \/>\n\t<meta property=\"og:image:width\" content=\"1200\" \/>\n\t<meta property=\"og:image:height\" content=\"800\" \/>\n\t<meta property=\"og:image:type\" content=\"image\/jpeg\" \/>\n<meta name=\"author\" content=\"noelia\" \/>\n<meta name=\"twitter:card\" content=\"summary_large_image\" \/>\n<meta name=\"twitter:label1\" content=\"Escrito por\" \/>\n\t<meta name=\"twitter:data1\" content=\"noelia\" \/>\n\t<meta name=\"twitter:label2\" content=\"Tiempo de lectura\" \/>\n\t<meta name=\"twitter:data2\" content=\"4 minutos\" \/>\n<script type=\"application\/ld+json\" class=\"yoast-schema-graph\">{\"@context\":\"https:\/\/schema.org\",\"@graph\":[{\"@type\":\"WebPage\",\"@id\":\"https:\/\/innova.campogalego.gal\/es\/forestal-es\/el-proyecto-firepoctep-avanza-en-la-prevencion-de-los-incendios-forestales-de-la-proxima-decada.html\",\"url\":\"https:\/\/innova.campogalego.gal\/es\/forestal-es\/el-proyecto-firepoctep-avanza-en-la-prevencion-de-los-incendios-forestales-de-la-proxima-decada.html\",\"name\":\"El proyecto Firepoctep+ avanza en la prevenci\u00f3n de los incendios forestales de la pr\u00f3xima d\u00e9cada - Innova - Campo Galego\",\"isPartOf\":{\"@id\":\"https:\/\/innova.campogalego.gal\/es#website\"},\"datePublished\":\"2024-04-23T21:31:54+00:00\",\"dateModified\":\"2024-04-23T21:31:54+00:00\",\"author\":{\"@id\":\"https:\/\/innova.campogalego.gal\/es#\/schema\/person\/5f73832eaae2d2d2fe19cdf56f76e921\"},\"breadcrumb\":{\"@id\":\"https:\/\/innova.campogalego.gal\/es\/forestal-es\/el-proyecto-firepoctep-avanza-en-la-prevencion-de-los-incendios-forestales-de-la-proxima-decada.html#breadcrumb\"},\"inLanguage\":\"es\",\"potentialAction\":[{\"@type\":\"ReadAction\",\"target\":[\"https:\/\/innova.campogalego.gal\/es\/forestal-es\/el-proyecto-firepoctep-avanza-en-la-prevencion-de-los-incendios-forestales-de-la-proxima-decada.html\"]}]},{\"@type\":\"BreadcrumbList\",\"@id\":\"https:\/\/innova.campogalego.gal\/es\/forestal-es\/el-proyecto-firepoctep-avanza-en-la-prevencion-de-los-incendios-forestales-de-la-proxima-decada.html#breadcrumb\",\"itemListElement\":[{\"@type\":\"ListItem\",\"position\":1,\"name\":\"Portada\",\"item\":\"https:\/\/innova.campogalego.gal\/es\"},{\"@type\":\"ListItem\",\"position\":2,\"name\":\"El proyecto Firepoctep+ avanza en la prevenci\u00f3n de los incendios forestales de la pr\u00f3xima d\u00e9cada\"}]},{\"@type\":\"WebSite\",\"@id\":\"https:\/\/innova.campogalego.gal\/es#website\",\"url\":\"https:\/\/innova.campogalego.gal\/es\",\"name\":\"Innova - Campo Galego\",\"description\":\"\",\"potentialAction\":[{\"@type\":\"SearchAction\",\"target\":{\"@type\":\"EntryPoint\",\"urlTemplate\":\"https:\/\/innova.campogalego.gal\/es?s={search_term_string}\"},\"query-input\":\"required name=search_term_string\"}],\"inLanguage\":\"es\"},{\"@type\":\"Person\",\"@id\":\"https:\/\/innova.campogalego.gal\/es#\/schema\/person\/5f73832eaae2d2d2fe19cdf56f76e921\",\"name\":\"noelia\",\"image\":{\"@type\":\"ImageObject\",\"inLanguage\":\"es\",\"@id\":\"https:\/\/innova.campogalego.gal\/es#\/schema\/person\/image\/\",\"url\":\"https:\/\/secure.gravatar.com\/avatar\/b4912756e566b19c7962f96cfebbb102?s=96&d=mm&r=g\",\"contentUrl\":\"https:\/\/secure.gravatar.com\/avatar\/b4912756e566b19c7962f96cfebbb102?s=96&d=mm&r=g\",\"caption\":\"noelia\"},\"url\":\"https:\/\/innova.campogalego.gal\/es\/author\/noelia\"}]}<\/script>\n<!-- \/ Yoast SEO plugin. -->","yoast_head_json":{"title":"El proyecto Firepoctep+ avanza en la prevenci\u00f3n de los incendios forestales de la pr\u00f3xima d\u00e9cada - Innova - Campo Galego","robots":{"index":"index","follow":"follow","max-snippet":"max-snippet:-1","max-image-preview":"max-image-preview:large","max-video-preview":"max-video-preview:-1"},"canonical":"https:\/\/innova.campogalego.gal\/es\/forestal-es\/el-proyecto-firepoctep-avanza-en-la-prevencion-de-los-incendios-forestales-de-la-proxima-decada.html","og_locale":"es_ES","og_type":"article","og_title":"El proyecto Firepoctep+ avanza en la prevenci\u00f3n de los incendios forestales de la pr\u00f3xima d\u00e9cada - Innova - Campo Galego","og_description":"El Museo de Pontevedra acogi\u00f3 la presentaci\u00f3n en Galicia del proyecto Firepoctep+ liderazgo por la Escuela de Ingenier\u00eda Forestal de la UVigo y en el que [\u2026]","og_url":"https:\/\/innova.campogalego.gal\/es\/forestal-es\/el-proyecto-firepoctep-avanza-en-la-prevencion-de-los-incendios-forestales-de-la-proxima-decada.html","og_site_name":"Innova - Campo Galego","article_published_time":"2024-04-23T21:31:54+00:00","og_image":[{"width":1200,"height":800,"url":"https:\/\/innova.campogalego.gal\/wp-content\/uploads\/2024\/04\/pofirepoctep3.jpg","type":"image\/jpeg"}],"author":"noelia","twitter_card":"summary_large_image","twitter_misc":{"Escrito por":"noelia","Tiempo de lectura":"4 minutos"},"schema":{"@context":"https:\/\/schema.org","@graph":[{"@type":"WebPage","@id":"https:\/\/innova.campogalego.gal\/es\/forestal-es\/el-proyecto-firepoctep-avanza-en-la-prevencion-de-los-incendios-forestales-de-la-proxima-decada.html","url":"https:\/\/innova.campogalego.gal\/es\/forestal-es\/el-proyecto-firepoctep-avanza-en-la-prevencion-de-los-incendios-forestales-de-la-proxima-decada.html","name":"El proyecto Firepoctep+ avanza en la prevenci\u00f3n de los incendios forestales de la pr\u00f3xima d\u00e9cada - Innova - Campo Galego","isPartOf":{"@id":"https:\/\/innova.campogalego.gal\/es#website"},"datePublished":"2024-04-23T21:31:54+00:00","dateModified":"2024-04-23T21:31:54+00:00","author":{"@id":"https:\/\/innova.campogalego.gal\/es#\/schema\/person\/5f73832eaae2d2d2fe19cdf56f76e921"},"breadcrumb":{"@id":"https:\/\/innova.campogalego.gal\/es\/forestal-es\/el-proyecto-firepoctep-avanza-en-la-prevencion-de-los-incendios-forestales-de-la-proxima-decada.html#breadcrumb"},"inLanguage":"es","potentialAction":[{"@type":"ReadAction","target":["https:\/\/innova.campogalego.gal\/es\/forestal-es\/el-proyecto-firepoctep-avanza-en-la-prevencion-de-los-incendios-forestales-de-la-proxima-decada.html"]}]},{"@type":"BreadcrumbList","@id":"https:\/\/innova.campogalego.gal\/es\/forestal-es\/el-proyecto-firepoctep-avanza-en-la-prevencion-de-los-incendios-forestales-de-la-proxima-decada.html#breadcrumb","itemListElement":[{"@type":"ListItem","position":1,"name":"Portada","item":"https:\/\/innova.campogalego.gal\/es"},{"@type":"ListItem","position":2,"name":"El proyecto Firepoctep+ avanza en la prevenci\u00f3n de los incendios forestales de la pr\u00f3xima d\u00e9cada"}]},{"@type":"WebSite","@id":"https:\/\/innova.campogalego.gal\/es#website","url":"https:\/\/innova.campogalego.gal\/es","name":"Innova - Campo Galego","description":"","potentialAction":[{"@type":"SearchAction","target":{"@type":"EntryPoint","urlTemplate":"https:\/\/innova.campogalego.gal\/es?s={search_term_string}"},"query-input":"required name=search_term_string"}],"inLanguage":"es"},{"@type":"Person","@id":"https:\/\/innova.campogalego.gal\/es#\/schema\/person\/5f73832eaae2d2d2fe19cdf56f76e921","name":"noelia","image":{"@type":"ImageObject","inLanguage":"es","@id":"https:\/\/innova.campogalego.gal\/es#\/schema\/person\/image\/","url":"https:\/\/secure.gravatar.com\/avatar\/b4912756e566b19c7962f96cfebbb102?s=96&d=mm&r=g","contentUrl":"https:\/\/secure.gravatar.com\/avatar\/b4912756e566b19c7962f96cfebbb102?s=96&d=mm&r=g","caption":"noelia"},"url":"https:\/\/innova.campogalego.gal\/es\/author\/noelia"}]}},"_links":{"self":[{"href":"https:\/\/innova.campogalego.gal\/es\/wp-json\/wp\/v2\/posts\/3770"}],"collection":[{"href":"https:\/\/innova.campogalego.gal\/es\/wp-json\/wp\/v2\/posts"}],"about":[{"href":"https:\/\/innova.campogalego.gal\/es\/wp-json\/wp\/v2\/types\/post"}],"author":[{"embeddable":true,"href":"https:\/\/innova.campogalego.gal\/es\/wp-json\/wp\/v2\/users\/7"}],"replies":[{"embeddable":true,"href":"https:\/\/innova.campogalego.gal\/es\/wp-json\/wp\/v2\/comments?post=3770"}],"version-history":[{"count":2,"href":"https:\/\/innova.campogalego.gal\/es\/wp-json\/wp\/v2\/posts\/3770\/revisions"}],"predecessor-version":[{"id":3777,"href":"https:\/\/innova.campogalego.gal\/es\/wp-json\/wp\/v2\/posts\/3770\/revisions\/3777"}],"wp:featuredmedia":[{"embeddable":true,"href":"https:\/\/innova.campogalego.gal\/es\/wp-json\/wp\/v2\/media\/3767"}],"wp:attachment":[{"href":"https:\/\/innova.campogalego.gal\/es\/wp-json\/wp\/v2\/media?parent=3770"}],"wp:term":[{"taxonomy":"category","embeddable":true,"href":"https:\/\/innova.campogalego.gal\/es\/wp-json\/wp\/v2\/categories?post=3770"},{"taxonomy":"post_tag","embeddable":true,"href":"https:\/\/innova.campogalego.gal\/es\/wp-json\/wp\/v2\/tags?post=3770"}],"curies":[{"name":"wp","href":"https:\/\/api.w.org\/{rel}","templated":true}]}}