{"id":3852,"date":"2024-05-07T18:08:04","date_gmt":"2024-05-07T16:08:04","guid":{"rendered":"https:\/\/innova.campogalego.gal\/?p=3852"},"modified":"2024-05-07T18:08:35","modified_gmt":"2024-05-07T16:08:35","slug":"la-futura-plataforma-tic-de-la-igp-ternera-gallega-llega-a-la-conferencia-de-la-red-pac-de-la-ue-en-estoril","status":"publish","type":"post","link":"https:\/\/innova.campogalego.gal\/es\/ganaderia-es\/la-futura-plataforma-tic-de-la-igp-ternera-gallega-llega-a-la-conferencia-de-la-red-pac-de-la-ue-en-estoril.html","title":{"rendered":"La futura plataforma TIC de la IGP Ternera Gallega llega a la Conferencia de la Red PAC de la UE en Estoril"},"content":{"rendered":"<p><img decoding=\"async\" loading=\"lazy\" class=\"aligncenter size-full wp-image-3853 lazyload\" src=\"data:image\/gif;base64,R0lGODlhAQABAAAAACH5BAEKAAEALAAAAAABAAEAAAICTAEAOw==\" alt=\"\" width=\"1200\" height=\"800\" sizes=\"(max-width:767px) 480px, (max-width:1200px) 100vw, 1200px\" data-src=\"https:\/\/innova.campogalego.gal\/wp-content\/uploads\/2024\/05\/ConferenciaEUPACEstoril-3.jpg\" data-srcset=\"https:\/\/innova.campogalego.gal\/wp-content\/uploads\/2024\/05\/ConferenciaEUPACEstoril-3.jpg 1200w, https:\/\/innova.campogalego.gal\/wp-content\/uploads\/2024\/05\/ConferenciaEUPACEstoril-3-300x200.jpg 300w, https:\/\/innova.campogalego.gal\/wp-content\/uploads\/2024\/05\/ConferenciaEUPACEstoril-3-1024x683.jpg 1024w\"><br \/>\nGO DIXITEGA (Digitalizaci\u00f3n de la cadena de valor de la IGP Ternera Gallega) ha sido uno de los seleccionados para contar con un estand propio en la Conferencia de la Red PAC de la UE \u00abGrupos Operativos EIP-AGRI: Innovaci\u00f3n en la pr\u00e1ctica\u201d (en ingl\u00e9s, EU CAP Network conference \u201cEIP-AGRI Operational Groups: Innovation in practice\u201d). El equipo ha sido elegido entre los 3.400 Grupos Operativos desarrollados desde 2012 en la Uni\u00f3n Europea. El encuentro sectorial se celebra hoy y ma\u00f1ana en Estoril (Portugal) con la asistencia prevista de unas 450 personas.<\/p>\n<p>El objetivo principal de la conferencia es doble. Por una parte, resaltar la implementaci\u00f3n exitosa de la Asociaci\u00f3n Europea de Innovaci\u00f3n (EIP-AGRI, European Innovation Partnership \u201cAgricultural Productivity and Sustainability\u201d, por su nombre en ingl\u00e9s) a trav\u00e9s de los Grupos Operativos, uno de sus principales pilares. Por la otra, aprender de esta experiencia para la implementaci\u00f3n de los proyectos en el marco de la PAC 2023-2027.<\/p>\n<p>Alfonso Ribas, director de Investigaci\u00f3n e Innovaci\u00f3n de la Fundaci\u00f3n Juana de Vega, entidad coordinadora del GO DIXITEGA, representar\u00e1 al consorcio y mostrar\u00e1 los resultados conseguidos hasta el momento, as\u00ed como las fases de trabajo que se han ido completando desde septiembre de 2022 y que culminar\u00e1n 25 meses despu\u00e9s, a finales de septiembre de 2024.<br \/>\nDesde el estand habilitado en el Centro de Congressos de Estoril, compartir\u00e1 un avance de la nueva plataforma TIC que re\u00fane en un \u00fanico lugar datos de diferentes fuentes para que los agentes de la cadena de valor de la IGP Ternera Gallega conozcan en tiempo real informaci\u00f3n relevante que les permita optimizar su trabajo diario.<\/p>\n<p>El objetivo final de DIXITEGA ha sido acercar soluciones pr\u00e1cticas e innovadoras que respondan a estas barreras para fomentar la competitividad, la productividad y la viabilidad de un sector estrat\u00e9gico para el medio rural de Galicia. En general, el sector c\u00e1rnico gallego aporta el 34% de la PFA (Producci\u00f3n Final Agraria). Est\u00e1 formado por unas 43.000 explotaciones y 192 industrias que facturan unos 1.400M euros\/a\u00f1o y emplean a unas 5.800 personas. Representa, asimismo, un papel esencial en la gesti\u00f3n del territorio y en la prevenci\u00f3n de los incendios forestales.<\/p>\n<p>A trav\u00e9s de esta aplicaci\u00f3n, productores, cooperativas, industrias alimentarias, cadenas de distribuci\u00f3n, organizaciones agrarias, centros tecnol\u00f3gicos, grupos de investigaci\u00f3n o administraciones p\u00fablicas podr\u00e1n interactuar y compartir informaci\u00f3n sobre el coste de materias primas, evoluci\u00f3n de precios, oferta y tipolog\u00eda de los animales disponibles para comercializaci\u00f3n, estad\u00edsticas de producci\u00f3n, sacrificio o consumo, entre otros.<\/p>\n<p><strong>Jornadas formativas en junio<\/strong><br \/>\nEn junio est\u00e1n previstas cuatro formaciones espec\u00edficas para el sector en Lugo ciudad, Becerre\u00e1, Vilalba, A Gudi\u00f1a y Santiago para que los principales usuarios aprendan a manejar la plataforma del GO DIXITEGA, y consoliden su uso como herramienta para mejora de la competitividad.<\/p>\n","protected":false},"excerpt":{"rendered":"<p>GO DIXITEGA (Digitalizaci\u00f3n de la cadena de valor de la IGP Ternera Gallega) ha sido uno de los seleccionados para contar con un estand propio en<span class=\"excerpt-hellip\"> [\u2026]<\/span><\/p>\n","protected":false},"author":7,"featured_media":3853,"comment_status":"open","ping_status":"open","sticky":false,"template":"","format":"standard","meta":{"footnotes":""},"categories":[89],"tags":[198],"acf":[],"yoast_head":"<!-- This site is optimized with the Yoast SEO plugin v21.2 - https:\/\/yoast.com\/wordpress\/plugins\/seo\/ -->\n<title>La futura plataforma TIC de la IGP Ternera Gallega llega a la Conferencia de la Red PAC de la UE en Estoril - Innova - Campo Galego<\/title>\n<meta name=\"robots\" content=\"index, follow, max-snippet:-1, max-image-preview:large, max-video-preview:-1\" \/>\n<link rel=\"canonical\" href=\"https:\/\/innova.campogalego.gal\/es\/ganaderia-es\/la-futura-plataforma-tic-de-la-igp-ternera-gallega-llega-a-la-conferencia-de-la-red-pac-de-la-ue-en-estoril.html\" \/>\n<meta property=\"og:locale\" content=\"es_ES\" \/>\n<meta property=\"og:type\" content=\"article\" \/>\n<meta property=\"og:title\" content=\"La futura plataforma TIC de la IGP Ternera Gallega llega a la Conferencia de la Red PAC de la UE en Estoril - Innova - Campo Galego\" \/>\n<meta property=\"og:description\" content=\"GO DIXITEGA (Digitalizaci\u00f3n de la cadena de valor de la IGP Ternera Gallega) ha sido uno de los seleccionados para contar con un estand propio en [\u2026]\" \/>\n<meta property=\"og:url\" content=\"https:\/\/innova.campogalego.gal\/es\/ganaderia-es\/la-futura-plataforma-tic-de-la-igp-ternera-gallega-llega-a-la-conferencia-de-la-red-pac-de-la-ue-en-estoril.html\" \/>\n<meta property=\"og:site_name\" content=\"Innova - Campo Galego\" \/>\n<meta property=\"article:published_time\" content=\"2024-05-07T16:08:04+00:00\" \/>\n<meta property=\"article:modified_time\" content=\"2024-05-07T16:08:35+00:00\" \/>\n<meta property=\"og:image\" content=\"https:\/\/innova.campogalego.gal\/wp-content\/uploads\/2024\/05\/ConferenciaEUPACEstoril-3.jpg\" \/>\n\t<meta property=\"og:image:width\" content=\"1200\" \/>\n\t<meta property=\"og:image:height\" content=\"800\" \/>\n\t<meta property=\"og:image:type\" content=\"image\/jpeg\" \/>\n<meta name=\"author\" content=\"noelia\" \/>\n<meta name=\"twitter:card\" content=\"summary_large_image\" \/>\n<meta name=\"twitter:label1\" content=\"Escrito por\" \/>\n\t<meta name=\"twitter:data1\" content=\"noelia\" \/>\n\t<meta name=\"twitter:label2\" content=\"Tiempo de lectura\" \/>\n\t<meta name=\"twitter:data2\" content=\"3 minutos\" \/>\n<script type=\"application\/ld+json\" class=\"yoast-schema-graph\">{\"@context\":\"https:\/\/schema.org\",\"@graph\":[{\"@type\":\"WebPage\",\"@id\":\"https:\/\/innova.campogalego.gal\/es\/ganaderia-es\/la-futura-plataforma-tic-de-la-igp-ternera-gallega-llega-a-la-conferencia-de-la-red-pac-de-la-ue-en-estoril.html\",\"url\":\"https:\/\/innova.campogalego.gal\/es\/ganaderia-es\/la-futura-plataforma-tic-de-la-igp-ternera-gallega-llega-a-la-conferencia-de-la-red-pac-de-la-ue-en-estoril.html\",\"name\":\"La futura plataforma TIC de la IGP Ternera Gallega llega a la Conferencia de la Red PAC de la UE en Estoril - Innova - Campo Galego\",\"isPartOf\":{\"@id\":\"https:\/\/innova.campogalego.gal\/es#website\"},\"datePublished\":\"2024-05-07T16:08:04+00:00\",\"dateModified\":\"2024-05-07T16:08:35+00:00\",\"author\":{\"@id\":\"https:\/\/innova.campogalego.gal\/es#\/schema\/person\/5f73832eaae2d2d2fe19cdf56f76e921\"},\"breadcrumb\":{\"@id\":\"https:\/\/innova.campogalego.gal\/es\/ganaderia-es\/la-futura-plataforma-tic-de-la-igp-ternera-gallega-llega-a-la-conferencia-de-la-red-pac-de-la-ue-en-estoril.html#breadcrumb\"},\"inLanguage\":\"es\",\"potentialAction\":[{\"@type\":\"ReadAction\",\"target\":[\"https:\/\/innova.campogalego.gal\/es\/ganaderia-es\/la-futura-plataforma-tic-de-la-igp-ternera-gallega-llega-a-la-conferencia-de-la-red-pac-de-la-ue-en-estoril.html\"]}]},{\"@type\":\"BreadcrumbList\",\"@id\":\"https:\/\/innova.campogalego.gal\/es\/ganaderia-es\/la-futura-plataforma-tic-de-la-igp-ternera-gallega-llega-a-la-conferencia-de-la-red-pac-de-la-ue-en-estoril.html#breadcrumb\",\"itemListElement\":[{\"@type\":\"ListItem\",\"position\":1,\"name\":\"Portada\",\"item\":\"https:\/\/innova.campogalego.gal\/es\"},{\"@type\":\"ListItem\",\"position\":2,\"name\":\"La futura plataforma TIC de la IGP Ternera Gallega llega a la Conferencia de la Red PAC de la UE en Estoril\"}]},{\"@type\":\"WebSite\",\"@id\":\"https:\/\/innova.campogalego.gal\/es#website\",\"url\":\"https:\/\/innova.campogalego.gal\/es\",\"name\":\"Innova - Campo Galego\",\"description\":\"\",\"potentialAction\":[{\"@type\":\"SearchAction\",\"target\":{\"@type\":\"EntryPoint\",\"urlTemplate\":\"https:\/\/innova.campogalego.gal\/es?s={search_term_string}\"},\"query-input\":\"required name=search_term_string\"}],\"inLanguage\":\"es\"},{\"@type\":\"Person\",\"@id\":\"https:\/\/innova.campogalego.gal\/es#\/schema\/person\/5f73832eaae2d2d2fe19cdf56f76e921\",\"name\":\"noelia\",\"image\":{\"@type\":\"ImageObject\",\"inLanguage\":\"es\",\"@id\":\"https:\/\/innova.campogalego.gal\/es#\/schema\/person\/image\/\",\"url\":\"https:\/\/secure.gravatar.com\/avatar\/b4912756e566b19c7962f96cfebbb102?s=96&d=mm&r=g\",\"contentUrl\":\"https:\/\/secure.gravatar.com\/avatar\/b4912756e566b19c7962f96cfebbb102?s=96&d=mm&r=g\",\"caption\":\"noelia\"},\"url\":\"https:\/\/innova.campogalego.gal\/es\/author\/noelia\"}]}<\/script>\n<!-- \/ Yoast SEO plugin. -->","yoast_head_json":{"title":"La futura plataforma TIC de la IGP Ternera Gallega llega a la Conferencia de la Red PAC de la UE en Estoril - Innova - Campo Galego","robots":{"index":"index","follow":"follow","max-snippet":"max-snippet:-1","max-image-preview":"max-image-preview:large","max-video-preview":"max-video-preview:-1"},"canonical":"https:\/\/innova.campogalego.gal\/es\/ganaderia-es\/la-futura-plataforma-tic-de-la-igp-ternera-gallega-llega-a-la-conferencia-de-la-red-pac-de-la-ue-en-estoril.html","og_locale":"es_ES","og_type":"article","og_title":"La futura plataforma TIC de la IGP Ternera Gallega llega a la Conferencia de la Red PAC de la UE en Estoril - Innova - Campo Galego","og_description":"GO DIXITEGA (Digitalizaci\u00f3n de la cadena de valor de la IGP Ternera Gallega) ha sido uno de los seleccionados para contar con un estand propio en [\u2026]","og_url":"https:\/\/innova.campogalego.gal\/es\/ganaderia-es\/la-futura-plataforma-tic-de-la-igp-ternera-gallega-llega-a-la-conferencia-de-la-red-pac-de-la-ue-en-estoril.html","og_site_name":"Innova - Campo Galego","article_published_time":"2024-05-07T16:08:04+00:00","article_modified_time":"2024-05-07T16:08:35+00:00","og_image":[{"width":1200,"height":800,"url":"https:\/\/innova.campogalego.gal\/wp-content\/uploads\/2024\/05\/ConferenciaEUPACEstoril-3.jpg","type":"image\/jpeg"}],"author":"noelia","twitter_card":"summary_large_image","twitter_misc":{"Escrito por":"noelia","Tiempo de lectura":"3 minutos"},"schema":{"@context":"https:\/\/schema.org","@graph":[{"@type":"WebPage","@id":"https:\/\/innova.campogalego.gal\/es\/ganaderia-es\/la-futura-plataforma-tic-de-la-igp-ternera-gallega-llega-a-la-conferencia-de-la-red-pac-de-la-ue-en-estoril.html","url":"https:\/\/innova.campogalego.gal\/es\/ganaderia-es\/la-futura-plataforma-tic-de-la-igp-ternera-gallega-llega-a-la-conferencia-de-la-red-pac-de-la-ue-en-estoril.html","name":"La futura plataforma TIC de la IGP Ternera Gallega llega a la Conferencia de la Red PAC de la UE en Estoril - Innova - Campo Galego","isPartOf":{"@id":"https:\/\/innova.campogalego.gal\/es#website"},"datePublished":"2024-05-07T16:08:04+00:00","dateModified":"2024-05-07T16:08:35+00:00","author":{"@id":"https:\/\/innova.campogalego.gal\/es#\/schema\/person\/5f73832eaae2d2d2fe19cdf56f76e921"},"breadcrumb":{"@id":"https:\/\/innova.campogalego.gal\/es\/ganaderia-es\/la-futura-plataforma-tic-de-la-igp-ternera-gallega-llega-a-la-conferencia-de-la-red-pac-de-la-ue-en-estoril.html#breadcrumb"},"inLanguage":"es","potentialAction":[{"@type":"ReadAction","target":["https:\/\/innova.campogalego.gal\/es\/ganaderia-es\/la-futura-plataforma-tic-de-la-igp-ternera-gallega-llega-a-la-conferencia-de-la-red-pac-de-la-ue-en-estoril.html"]}]},{"@type":"BreadcrumbList","@id":"https:\/\/innova.campogalego.gal\/es\/ganaderia-es\/la-futura-plataforma-tic-de-la-igp-ternera-gallega-llega-a-la-conferencia-de-la-red-pac-de-la-ue-en-estoril.html#breadcrumb","itemListElement":[{"@type":"ListItem","position":1,"name":"Portada","item":"https:\/\/innova.campogalego.gal\/es"},{"@type":"ListItem","position":2,"name":"La futura plataforma TIC de la IGP Ternera Gallega llega a la Conferencia de la Red PAC de la UE en Estoril"}]},{"@type":"WebSite","@id":"https:\/\/innova.campogalego.gal\/es#website","url":"https:\/\/innova.campogalego.gal\/es","name":"Innova - Campo Galego","description":"","potentialAction":[{"@type":"SearchAction","target":{"@type":"EntryPoint","urlTemplate":"https:\/\/innova.campogalego.gal\/es?s={search_term_string}"},"query-input":"required name=search_term_string"}],"inLanguage":"es"},{"@type":"Person","@id":"https:\/\/innova.campogalego.gal\/es#\/schema\/person\/5f73832eaae2d2d2fe19cdf56f76e921","name":"noelia","image":{"@type":"ImageObject","inLanguage":"es","@id":"https:\/\/innova.campogalego.gal\/es#\/schema\/person\/image\/","url":"https:\/\/secure.gravatar.com\/avatar\/b4912756e566b19c7962f96cfebbb102?s=96&d=mm&r=g","contentUrl":"https:\/\/secure.gravatar.com\/avatar\/b4912756e566b19c7962f96cfebbb102?s=96&d=mm&r=g","caption":"noelia"},"url":"https:\/\/innova.campogalego.gal\/es\/author\/noelia"}]}},"_links":{"self":[{"href":"https:\/\/innova.campogalego.gal\/es\/wp-json\/wp\/v2\/posts\/3852"}],"collection":[{"href":"https:\/\/innova.campogalego.gal\/es\/wp-json\/wp\/v2\/posts"}],"about":[{"href":"https:\/\/innova.campogalego.gal\/es\/wp-json\/wp\/v2\/types\/post"}],"author":[{"embeddable":true,"href":"https:\/\/innova.campogalego.gal\/es\/wp-json\/wp\/v2\/users\/7"}],"replies":[{"embeddable":true,"href":"https:\/\/innova.campogalego.gal\/es\/wp-json\/wp\/v2\/comments?post=3852"}],"version-history":[{"count":2,"href":"https:\/\/innova.campogalego.gal\/es\/wp-json\/wp\/v2\/posts\/3852\/revisions"}],"predecessor-version":[{"id":3868,"href":"https:\/\/innova.campogalego.gal\/es\/wp-json\/wp\/v2\/posts\/3852\/revisions\/3868"}],"wp:featuredmedia":[{"embeddable":true,"href":"https:\/\/innova.campogalego.gal\/es\/wp-json\/wp\/v2\/media\/3853"}],"wp:attachment":[{"href":"https:\/\/innova.campogalego.gal\/es\/wp-json\/wp\/v2\/media?parent=3852"}],"wp:term":[{"taxonomy":"category","embeddable":true,"href":"https:\/\/innova.campogalego.gal\/es\/wp-json\/wp\/v2\/categories?post=3852"},{"taxonomy":"post_tag","embeddable":true,"href":"https:\/\/innova.campogalego.gal\/es\/wp-json\/wp\/v2\/tags?post=3852"}],"curies":[{"name":"wp","href":"https:\/\/api.w.org\/{rel}","templated":true}]}}