{"id":3924,"date":"2024-05-15T18:29:50","date_gmt":"2024-05-15T16:29:50","guid":{"rendered":"https:\/\/innova.campogalego.gal\/?p=3924"},"modified":"2024-05-15T18:29:50","modified_gmt":"2024-05-15T16:29:50","slug":"curso-sobre-control-de-fraude-alimentario-en-lugo","status":"publish","type":"post","link":"https:\/\/innova.campogalego.gal\/es\/agroalimentacion-es\/curso-sobre-control-de-fraude-alimentario-en-lugo.html","title":{"rendered":"Curso sobre control de fraude alimentario en Lugo"},"content":{"rendered":"<p><img decoding=\"async\" loading=\"lazy\" src=\"data:image\/gif;base64,R0lGODlhAQABAAAAACH5BAEKAAEALAAAAAABAAEAAAICTAEAOw==\" alt=\"\" width=\"1200\" height=\"800\" class=\"aligncenter size-full wp-image-3922 lazyload\" sizes=\"(max-width:767px) 480px, (max-width:1200px) 100vw, 1200px\" data-src=\"https:\/\/innova.campogalego.gal\/wp-content\/uploads\/2024\/05\/Fotografia-curso-Veterinario-de-Explotacion.jpg\" data-srcset=\"https:\/\/innova.campogalego.gal\/wp-content\/uploads\/2024\/05\/Fotografia-curso-Veterinario-de-Explotacion.jpg 1200w, https:\/\/innova.campogalego.gal\/wp-content\/uploads\/2024\/05\/Fotografia-curso-Veterinario-de-Explotacion-300x200.jpg 300w, https:\/\/innova.campogalego.gal\/wp-content\/uploads\/2024\/05\/Fotografia-curso-Veterinario-de-Explotacion-1024x683.jpg 1024w\"><br \/>\nEl Colegio Oficial de Veterinarios de Lugo promueve una nueva acci\u00f3n formativa gratuita: \u2018Curso de etiquetado, calidad comercial de los alimentos y calidad diferenciada\u2019. Est\u00e1 dirigida a todas las personas veterinarias, as\u00ed como a otros profesionales relacionados con el \u00e1mbito de la alimentaci\u00f3n, tales como farmac\u00e9uticos, agr\u00f3nomos o trabajadores del \u00e1mbito de la tecnolog\u00eda de los alimentos.<br \/>\nLos interesados en participar en este seminario de cinco sesiones, que se celebrar\u00e1n los d\u00edas 21, 24, 29, 30 de mayo y 4 de junio en horario de 16:00 horas a 20:00 horas, podr\u00e1n hacerlo de modo presencial en el Sal\u00f3n de actos de la entidad lucense (R\u00faa Ram\u00f3n y Cajal, 2) u online a trav\u00e9s del correo lugo@colvet.es, aunque en ambos casos se exige una inscripci\u00f3n previa.<\/p>\n<p>En este programa formativo, que incluye 80 plazas presenciales y 100 telem\u00e1ticas, se abordar\u00e1n las competencias en materia de requisitos de calidad alimentaria, el marco normativo, el registro y el etiquetado de los alimentos y otros aspectos relacionados con el control del fraude alimentario. Seg\u00fan estad\u00edsticas de la FAO, unos 2.370 millones de personas afrontan en todo el mundo una inseguridad alimentaria moderada o grave, lo que supone una preocupaci\u00f3n que tambi\u00e9n tiene su reflejo en la normativa europea, estatal y auton\u00f3mica con la publicaci\u00f3n de la \u201cEstrategia de la Granja a la mesa\u201d, \u201cel Plan Nacional de la Cadena Alimentaria\u201d o la Ley 1\/2024 de Calidad Alimentaria, respectivamente.<\/p>\n<p>El presidente del Colegio Oficial de Veterinarios de Lugo, Jos\u00e9 Luis Benedito Castellote, anima a los profesionales del sector a implicarse activamente en esta cita, en la que podr\u00e1n obtener un diploma de asistencia, al tiempo que afirma que \u201cdesde nuestra entidad seguimos impulsando una oferta formativa amplia y variada de la mano de reputados expertos y, en esta ocasi\u00f3n, lo hacemos organizando un curso dirigido no solamente a nuestros miembros o a los de otros colegios gallegos, sino a personas de distintos \u00e1mbitos profesionales\u201d. <\/p>\n<p><strong>Organizaci\u00f3n del programa<\/strong><br \/>\nEl programa se divide en unas 20 sesiones relativas a trazabilidad alimentaria, carne y derivados c\u00e1rnicos, vinos, cervezas, etiquetado general, productos de la pesca y conservas, producci\u00f3n ecol\u00f3gica, etiquetado del pan o aceites vegetales, entre otras cuestiones. <\/p>\n<p>Los ponentes que impartir\u00e1n esta formaci\u00f3n, que coordinan Antonio Velilla de la Loma, Gonzalo Rodr\u00edguez Abu\u00edn o Jos\u00e9 Luis Benedito Castellote, son: Antonio Velilla De La Loma, Gonzalo Rodr\u00edguez Abu\u00edn, Antonio Troiti\u00f1o L\u00f3pez y Fernando V\u00e1zquez Mirando, de las \u00e1reas de Inspecci\u00f3n de defensa contra Fraudes y Calidad Alimentaria; Manuel Mar\u00eda Cancio \u00c1lvarez, director t\u00e9cnico de CRAEGA, y Jos\u00e9 Bra\u00f1a Rodr\u00edguez, sargento primero y jefe del Equipo de Protecci\u00f3n de la Naturaleza de Lugo.<\/p>\n","protected":false},"excerpt":{"rendered":"<p>El Colegio Oficial de Veterinarios de Lugo promueve una nueva acci\u00f3n formativa gratuita: \u2018Curso de etiquetado, calidad comercial de los alimentos y calidad diferenciada\u2019. Est\u00e1 dirigida<span class=\"excerpt-hellip\"> [\u2026]<\/span><\/p>\n","protected":false},"author":7,"featured_media":3922,"comment_status":"open","ping_status":"open","sticky":false,"template":"","format":"standard","meta":{"footnotes":""},"categories":[87,92],"tags":[],"acf":[],"yoast_head":"<!-- This site is optimized with the Yoast SEO plugin v21.2 - https:\/\/yoast.com\/wordpress\/plugins\/seo\/ -->\n<title>Curso sobre control de fraude alimentario en Lugo - Innova - Campo Galego<\/title>\n<meta name=\"robots\" content=\"index, follow, max-snippet:-1, max-image-preview:large, max-video-preview:-1\" \/>\n<link rel=\"canonical\" href=\"https:\/\/innova.campogalego.gal\/es\/agroalimentacion-es\/curso-sobre-control-de-fraude-alimentario-en-lugo.html\" \/>\n<meta property=\"og:locale\" content=\"es_ES\" \/>\n<meta property=\"og:type\" content=\"article\" \/>\n<meta property=\"og:title\" content=\"Curso sobre control de fraude alimentario en Lugo - Innova - Campo Galego\" \/>\n<meta property=\"og:description\" content=\"El Colegio Oficial de Veterinarios de Lugo promueve una nueva acci\u00f3n formativa gratuita: \u2018Curso de etiquetado, calidad comercial de los alimentos y calidad diferenciada\u2019. Est\u00e1 dirigida [\u2026]\" \/>\n<meta property=\"og:url\" content=\"https:\/\/innova.campogalego.gal\/es\/agroalimentacion-es\/curso-sobre-control-de-fraude-alimentario-en-lugo.html\" \/>\n<meta property=\"og:site_name\" content=\"Innova - Campo Galego\" \/>\n<meta property=\"article:published_time\" content=\"2024-05-15T16:29:50+00:00\" \/>\n<meta property=\"og:image\" content=\"https:\/\/innova.campogalego.gal\/wp-content\/uploads\/2024\/05\/Fotografia-curso-Veterinario-de-Explotacion.jpg\" \/>\n\t<meta property=\"og:image:width\" content=\"1200\" \/>\n\t<meta property=\"og:image:height\" content=\"800\" \/>\n\t<meta property=\"og:image:type\" content=\"image\/jpeg\" \/>\n<meta name=\"author\" content=\"noelia\" \/>\n<meta name=\"twitter:card\" content=\"summary_large_image\" \/>\n<meta name=\"twitter:label1\" content=\"Escrito por\" \/>\n\t<meta name=\"twitter:data1\" content=\"noelia\" \/>\n\t<meta name=\"twitter:label2\" content=\"Tiempo de lectura\" \/>\n\t<meta name=\"twitter:data2\" content=\"3 minutos\" \/>\n<script type=\"application\/ld+json\" class=\"yoast-schema-graph\">{\"@context\":\"https:\/\/schema.org\",\"@graph\":[{\"@type\":\"WebPage\",\"@id\":\"https:\/\/innova.campogalego.gal\/es\/agroalimentacion-es\/curso-sobre-control-de-fraude-alimentario-en-lugo.html\",\"url\":\"https:\/\/innova.campogalego.gal\/es\/agroalimentacion-es\/curso-sobre-control-de-fraude-alimentario-en-lugo.html\",\"name\":\"Curso sobre control de fraude alimentario en Lugo - Innova - Campo Galego\",\"isPartOf\":{\"@id\":\"https:\/\/innova.campogalego.gal\/es#website\"},\"datePublished\":\"2024-05-15T16:29:50+00:00\",\"dateModified\":\"2024-05-15T16:29:50+00:00\",\"author\":{\"@id\":\"https:\/\/innova.campogalego.gal\/es#\/schema\/person\/5f73832eaae2d2d2fe19cdf56f76e921\"},\"breadcrumb\":{\"@id\":\"https:\/\/innova.campogalego.gal\/es\/agroalimentacion-es\/curso-sobre-control-de-fraude-alimentario-en-lugo.html#breadcrumb\"},\"inLanguage\":\"es\",\"potentialAction\":[{\"@type\":\"ReadAction\",\"target\":[\"https:\/\/innova.campogalego.gal\/es\/agroalimentacion-es\/curso-sobre-control-de-fraude-alimentario-en-lugo.html\"]}]},{\"@type\":\"BreadcrumbList\",\"@id\":\"https:\/\/innova.campogalego.gal\/es\/agroalimentacion-es\/curso-sobre-control-de-fraude-alimentario-en-lugo.html#breadcrumb\",\"itemListElement\":[{\"@type\":\"ListItem\",\"position\":1,\"name\":\"Portada\",\"item\":\"https:\/\/innova.campogalego.gal\/es\"},{\"@type\":\"ListItem\",\"position\":2,\"name\":\"Curso sobre control de fraude alimentario en Lugo\"}]},{\"@type\":\"WebSite\",\"@id\":\"https:\/\/innova.campogalego.gal\/es#website\",\"url\":\"https:\/\/innova.campogalego.gal\/es\",\"name\":\"Innova - Campo Galego\",\"description\":\"\",\"potentialAction\":[{\"@type\":\"SearchAction\",\"target\":{\"@type\":\"EntryPoint\",\"urlTemplate\":\"https:\/\/innova.campogalego.gal\/es?s={search_term_string}\"},\"query-input\":\"required name=search_term_string\"}],\"inLanguage\":\"es\"},{\"@type\":\"Person\",\"@id\":\"https:\/\/innova.campogalego.gal\/es#\/schema\/person\/5f73832eaae2d2d2fe19cdf56f76e921\",\"name\":\"noelia\",\"image\":{\"@type\":\"ImageObject\",\"inLanguage\":\"es\",\"@id\":\"https:\/\/innova.campogalego.gal\/es#\/schema\/person\/image\/\",\"url\":\"https:\/\/secure.gravatar.com\/avatar\/b4912756e566b19c7962f96cfebbb102?s=96&d=mm&r=g\",\"contentUrl\":\"https:\/\/secure.gravatar.com\/avatar\/b4912756e566b19c7962f96cfebbb102?s=96&d=mm&r=g\",\"caption\":\"noelia\"},\"url\":\"https:\/\/innova.campogalego.gal\/es\/author\/noelia\"}]}<\/script>\n<!-- \/ Yoast SEO plugin. -->","yoast_head_json":{"title":"Curso sobre control de fraude alimentario en Lugo - Innova - Campo Galego","robots":{"index":"index","follow":"follow","max-snippet":"max-snippet:-1","max-image-preview":"max-image-preview:large","max-video-preview":"max-video-preview:-1"},"canonical":"https:\/\/innova.campogalego.gal\/es\/agroalimentacion-es\/curso-sobre-control-de-fraude-alimentario-en-lugo.html","og_locale":"es_ES","og_type":"article","og_title":"Curso sobre control de fraude alimentario en Lugo - Innova - Campo Galego","og_description":"El Colegio Oficial de Veterinarios de Lugo promueve una nueva acci\u00f3n formativa gratuita: \u2018Curso de etiquetado, calidad comercial de los alimentos y calidad diferenciada\u2019. Est\u00e1 dirigida [\u2026]","og_url":"https:\/\/innova.campogalego.gal\/es\/agroalimentacion-es\/curso-sobre-control-de-fraude-alimentario-en-lugo.html","og_site_name":"Innova - Campo Galego","article_published_time":"2024-05-15T16:29:50+00:00","og_image":[{"width":1200,"height":800,"url":"https:\/\/innova.campogalego.gal\/wp-content\/uploads\/2024\/05\/Fotografia-curso-Veterinario-de-Explotacion.jpg","type":"image\/jpeg"}],"author":"noelia","twitter_card":"summary_large_image","twitter_misc":{"Escrito por":"noelia","Tiempo de lectura":"3 minutos"},"schema":{"@context":"https:\/\/schema.org","@graph":[{"@type":"WebPage","@id":"https:\/\/innova.campogalego.gal\/es\/agroalimentacion-es\/curso-sobre-control-de-fraude-alimentario-en-lugo.html","url":"https:\/\/innova.campogalego.gal\/es\/agroalimentacion-es\/curso-sobre-control-de-fraude-alimentario-en-lugo.html","name":"Curso sobre control de fraude alimentario en Lugo - Innova - Campo Galego","isPartOf":{"@id":"https:\/\/innova.campogalego.gal\/es#website"},"datePublished":"2024-05-15T16:29:50+00:00","dateModified":"2024-05-15T16:29:50+00:00","author":{"@id":"https:\/\/innova.campogalego.gal\/es#\/schema\/person\/5f73832eaae2d2d2fe19cdf56f76e921"},"breadcrumb":{"@id":"https:\/\/innova.campogalego.gal\/es\/agroalimentacion-es\/curso-sobre-control-de-fraude-alimentario-en-lugo.html#breadcrumb"},"inLanguage":"es","potentialAction":[{"@type":"ReadAction","target":["https:\/\/innova.campogalego.gal\/es\/agroalimentacion-es\/curso-sobre-control-de-fraude-alimentario-en-lugo.html"]}]},{"@type":"BreadcrumbList","@id":"https:\/\/innova.campogalego.gal\/es\/agroalimentacion-es\/curso-sobre-control-de-fraude-alimentario-en-lugo.html#breadcrumb","itemListElement":[{"@type":"ListItem","position":1,"name":"Portada","item":"https:\/\/innova.campogalego.gal\/es"},{"@type":"ListItem","position":2,"name":"Curso sobre control de fraude alimentario en Lugo"}]},{"@type":"WebSite","@id":"https:\/\/innova.campogalego.gal\/es#website","url":"https:\/\/innova.campogalego.gal\/es","name":"Innova - Campo Galego","description":"","potentialAction":[{"@type":"SearchAction","target":{"@type":"EntryPoint","urlTemplate":"https:\/\/innova.campogalego.gal\/es?s={search_term_string}"},"query-input":"required name=search_term_string"}],"inLanguage":"es"},{"@type":"Person","@id":"https:\/\/innova.campogalego.gal\/es#\/schema\/person\/5f73832eaae2d2d2fe19cdf56f76e921","name":"noelia","image":{"@type":"ImageObject","inLanguage":"es","@id":"https:\/\/innova.campogalego.gal\/es#\/schema\/person\/image\/","url":"https:\/\/secure.gravatar.com\/avatar\/b4912756e566b19c7962f96cfebbb102?s=96&d=mm&r=g","contentUrl":"https:\/\/secure.gravatar.com\/avatar\/b4912756e566b19c7962f96cfebbb102?s=96&d=mm&r=g","caption":"noelia"},"url":"https:\/\/innova.campogalego.gal\/es\/author\/noelia"}]}},"_links":{"self":[{"href":"https:\/\/innova.campogalego.gal\/es\/wp-json\/wp\/v2\/posts\/3924"}],"collection":[{"href":"https:\/\/innova.campogalego.gal\/es\/wp-json\/wp\/v2\/posts"}],"about":[{"href":"https:\/\/innova.campogalego.gal\/es\/wp-json\/wp\/v2\/types\/post"}],"author":[{"embeddable":true,"href":"https:\/\/innova.campogalego.gal\/es\/wp-json\/wp\/v2\/users\/7"}],"replies":[{"embeddable":true,"href":"https:\/\/innova.campogalego.gal\/es\/wp-json\/wp\/v2\/comments?post=3924"}],"version-history":[{"count":1,"href":"https:\/\/innova.campogalego.gal\/es\/wp-json\/wp\/v2\/posts\/3924\/revisions"}],"predecessor-version":[{"id":3925,"href":"https:\/\/innova.campogalego.gal\/es\/wp-json\/wp\/v2\/posts\/3924\/revisions\/3925"}],"wp:featuredmedia":[{"embeddable":true,"href":"https:\/\/innova.campogalego.gal\/es\/wp-json\/wp\/v2\/media\/3922"}],"wp:attachment":[{"href":"https:\/\/innova.campogalego.gal\/es\/wp-json\/wp\/v2\/media?parent=3924"}],"wp:term":[{"taxonomy":"category","embeddable":true,"href":"https:\/\/innova.campogalego.gal\/es\/wp-json\/wp\/v2\/categories?post=3924"},{"taxonomy":"post_tag","embeddable":true,"href":"https:\/\/innova.campogalego.gal\/es\/wp-json\/wp\/v2\/tags?post=3924"}],"curies":[{"name":"wp","href":"https:\/\/api.w.org\/{rel}","templated":true}]}}