{"id":3931,"date":"2024-05-21T11:56:12","date_gmt":"2024-05-21T09:56:12","guid":{"rendered":"https:\/\/innova.campogalego.gal\/?p=3931"},"modified":"2024-05-21T11:56:12","modified_gmt":"2024-05-21T09:56:12","slug":"hasta-el-3-de-junio-esta-abierto-el-plazo-para-presentarse-al-iv-premio-camara-de-comercio-ence-a-la-innovacion-forestal","status":"publish","type":"post","link":"https:\/\/innova.campogalego.gal\/es\/forestal-es\/hasta-el-3-de-junio-esta-abierto-el-plazo-para-presentarse-al-iv-premio-camara-de-comercio-ence-a-la-innovacion-forestal.html","title":{"rendered":"Hasta el 3 de junio est\u00e1 abierto el plazo para presentarse al  \u2018IV Premio C\u00e1mara de Comercio &#8211; ENCE a la Innovaci\u00f3n Forestal\u2019"},"content":{"rendered":"<p>La C\u00e1mara de Comercio de Pontevedra, Vigo y Vilagarc\u00eda de Arousa convoca el<em><strong> \u2018IV Premio C\u00e1mara de Comercio &#8211; ENCE a la Innovaci\u00f3n Forestal\u2019<\/strong><\/em>, a trav\u00e9s del Programa Marco de Responsabilidad Social Corporativa de ENCE 2023.<\/p>\n<p>Este galard\u00f3n se convoca en colaboraci\u00f3n con el Instituto Galego de Promoci\u00f3n Econ\u00f3mica (IGAPE), la Escola de Enxe\u00f1ar\u00eda Forestal de Pontevedra, el Centro de Formaci\u00f3n y Experimentaci\u00f3n Agroforestal de Louriz\u00e1n, el Cluster da Madeira e o Dese\u00f1o de Galicia y la Asociaci\u00f3n Sectorial Forestal Galega.<\/p>\n<p>El Premio tiene como objetivo visibilizar iniciativas empresariales innovadoras en el sector forestal e impulsar a emprendedores y t\u00e9cnicos\/as en formaci\u00f3n en las Escuelas de Ingenier\u00eda Forestal y los distintos ciclos de Formaci\u00f3n Profesional que se imparten en Galicia.<br \/>\nSe valorar\u00e1 especialmente que estos proyectos planteen soluciones, modelos de gesti\u00f3n, productos y\/o servicios que se caractericen por la sostenibilidad del sector forestal.<\/p>\n<p>Para ello se convocan dos premios, con un acc\u00e9sit cada uno: un premio a la mejor iniciativa empresarial en el terreno de la innovaci\u00f3n para el sector forestal y un premio de investigaci\u00f3n para el mejor trabajo de posgrado en el mismo terreno. El galard\u00f3n a la iniciativa empresarial estar\u00e1 dotado con un importe de 5.000 euros y un acc\u00e9sit de 2.000, y el premio al mejor trabajo de investigaci\u00f3n de postgrado tendr\u00e1 una dotaci\u00f3n de 3.000 euros y un acc\u00e9sit de 1.000.<\/p>\n<p>Las candidaturas se pueden presentar f\u00edsicamente en las sedes de la C\u00e1mara de Comercio situadas en Vigo, Pontevedra y Vilagarc\u00eda, hasta el 3 de junio de 2024 a las 14.30 horas.<\/p>\n<h3><strong>Reconocimiento a proyectos que generen valor<\/strong><\/h3>\n<p>En el apartado a la mejor iniciativa empresarial, podr\u00e1 participar cualquier persona f\u00edsica o jur\u00eddica que cuente con un proyecto innovador en el sector forestal, referido tanto a procesos, como a productos o servicios que se traduzcan en una demostrada generaci\u00f3n de valor. La iniciativa puede estar ya en desarrollo, y corresponder a una empresa ya existente, siempre que el proyecto se haya ejecutado dentro de los \u00faltimos 24 meses, a contar desde la fecha de publicaci\u00f3n de esta convocatoria. Los proyectos a\u00fan no iniciados deben comenzar su actividad dentro de los 12 meses posteriores a la convocatoria.<\/p>\n<p>En el apartado del premio de investigaci\u00f3n para el mejor trabajo de postgrado, podr\u00e1n participar estudiantes de post-grado o post-doctorales con experiencia docente o investigadora inferior a 5 a\u00f1os, o grupos integrados por los mismos, con trabajos o publicaciones presentadas en los \u00faltimos 36 meses contando a partir de la fecha de publicaci\u00f3n de la convocatoria, y siempre que tales trabajos se refieran, al menos en parte, a la problem\u00e1tica forestal de Galicia.<\/p>\n<p><a href=\"https:\/\/www.camarapvv.com\/index.php?option=com_content&amp;view=article&amp;id=2998%3A2024-04-15-07-44-36&amp;catid=2%3Anovedades&amp;Itemid=127&amp;lang=es\" target=\"_blank\" rel=\"noopener\"><strong>CONSULTA LAS BASES<\/strong><\/a><\/p>\n<p><img decoding=\"async\" loading=\"lazy\" class=\"aligncenter size-full wp-image-3929 lazyload\" src=\"data:image\/gif;base64,R0lGODlhAQABAAAAACH5BAEKAAEALAAAAAABAAEAAAICTAEAOw==\" alt=\"\" width=\"2251\" height=\"2251\" sizes=\"(max-width:767px) 480px, (max-width:2251px) 100vw, 2251px\" data-src=\"https:\/\/innova.campogalego.gal\/wp-content\/uploads\/2024\/05\/Difusion_Premio_Camara_de_Comercio_ENCE.jpg\" data-srcset=\"https:\/\/innova.campogalego.gal\/wp-content\/uploads\/2024\/05\/Difusion_Premio_Camara_de_Comercio_ENCE.jpg 2251w, https:\/\/innova.campogalego.gal\/wp-content\/uploads\/2024\/05\/Difusion_Premio_Camara_de_Comercio_ENCE-300x300.jpg 300w, https:\/\/innova.campogalego.gal\/wp-content\/uploads\/2024\/05\/Difusion_Premio_Camara_de_Comercio_ENCE-1024x1024.jpg 1024w, https:\/\/innova.campogalego.gal\/wp-content\/uploads\/2024\/05\/Difusion_Premio_Camara_de_Comercio_ENCE-150x150.jpg 150w\"><\/p>\n","protected":false},"excerpt":{"rendered":"<p>La C\u00e1mara de Comercio de Pontevedra, Vigo y Vilagarc\u00eda de Arousa convoca el \u2018IV Premio C\u00e1mara de Comercio &#8211; ENCE a la Innovaci\u00f3n Forestal\u2019, a trav\u00e9s<span class=\"excerpt-hellip\"> [\u2026]<\/span><\/p>\n","protected":false},"author":8,"featured_media":2445,"comment_status":"open","ping_status":"open","sticky":false,"template":"","format":"standard","meta":{"footnotes":""},"categories":[88],"tags":[328],"acf":[],"yoast_head":"<!-- This site is optimized with the Yoast SEO plugin v21.2 - https:\/\/yoast.com\/wordpress\/plugins\/seo\/ -->\n<title>Hasta el 3 de junio est\u00e1 abierto el plazo para presentarse al \u2018IV Premio C\u00e1mara de Comercio - ENCE a la Innovaci\u00f3n Forestal\u2019 - Innova - Campo Galego<\/title>\n<meta name=\"robots\" content=\"index, follow, max-snippet:-1, max-image-preview:large, max-video-preview:-1\" \/>\n<link rel=\"canonical\" href=\"https:\/\/innova.campogalego.gal\/es\/forestal-es\/hasta-el-3-de-junio-esta-abierto-el-plazo-para-presentarse-al-iv-premio-camara-de-comercio-ence-a-la-innovacion-forestal.html\" \/>\n<meta property=\"og:locale\" content=\"es_ES\" \/>\n<meta property=\"og:type\" content=\"article\" \/>\n<meta property=\"og:title\" content=\"Hasta el 3 de junio est\u00e1 abierto el plazo para presentarse al \u2018IV Premio C\u00e1mara de Comercio - ENCE a la Innovaci\u00f3n Forestal\u2019 - Innova - Campo Galego\" \/>\n<meta property=\"og:description\" content=\"La C\u00e1mara de Comercio de Pontevedra, Vigo y Vilagarc\u00eda de Arousa convoca el \u2018IV Premio C\u00e1mara de Comercio &#8211; ENCE a la Innovaci\u00f3n Forestal\u2019, a trav\u00e9s [\u2026]\" \/>\n<meta property=\"og:url\" content=\"https:\/\/innova.campogalego.gal\/es\/forestal-es\/hasta-el-3-de-junio-esta-abierto-el-plazo-para-presentarse-al-iv-premio-camara-de-comercio-ence-a-la-innovacion-forestal.html\" \/>\n<meta property=\"og:site_name\" content=\"Innova - Campo Galego\" \/>\n<meta property=\"article:published_time\" content=\"2024-05-21T09:56:12+00:00\" \/>\n<meta property=\"og:image\" content=\"https:\/\/innova.campogalego.gal\/wp-content\/uploads\/2023\/12\/SELECCION-DE-MADEIRA-DE-PINEIRO-DE-GALICIA-MADEIRA-ESTRUCTURAL-1.jpg\" \/>\n\t<meta property=\"og:image:width\" content=\"1200\" \/>\n\t<meta property=\"og:image:height\" content=\"800\" \/>\n\t<meta property=\"og:image:type\" content=\"image\/jpeg\" \/>\n<meta name=\"author\" content=\"David Gonz\u00e1lez\" \/>\n<meta name=\"twitter:card\" content=\"summary_large_image\" \/>\n<meta name=\"twitter:label1\" content=\"Escrito por\" \/>\n\t<meta name=\"twitter:data1\" content=\"David Gonz\u00e1lez\" \/>\n\t<meta name=\"twitter:label2\" content=\"Tiempo de lectura\" \/>\n\t<meta name=\"twitter:data2\" content=\"3 minutos\" \/>\n<script type=\"application\/ld+json\" class=\"yoast-schema-graph\">{\"@context\":\"https:\/\/schema.org\",\"@graph\":[{\"@type\":\"WebPage\",\"@id\":\"https:\/\/innova.campogalego.gal\/es\/forestal-es\/hasta-el-3-de-junio-esta-abierto-el-plazo-para-presentarse-al-iv-premio-camara-de-comercio-ence-a-la-innovacion-forestal.html\",\"url\":\"https:\/\/innova.campogalego.gal\/es\/forestal-es\/hasta-el-3-de-junio-esta-abierto-el-plazo-para-presentarse-al-iv-premio-camara-de-comercio-ence-a-la-innovacion-forestal.html\",\"name\":\"Hasta el 3 de junio est\u00e1 abierto el plazo para presentarse al \u2018IV Premio C\u00e1mara de Comercio - ENCE a la Innovaci\u00f3n Forestal\u2019 - Innova - Campo Galego\",\"isPartOf\":{\"@id\":\"https:\/\/innova.campogalego.gal\/es#website\"},\"datePublished\":\"2024-05-21T09:56:12+00:00\",\"dateModified\":\"2024-05-21T09:56:12+00:00\",\"author\":{\"@id\":\"https:\/\/innova.campogalego.gal\/es#\/schema\/person\/9da4eb4e8b2916b8ccf46b6dd679f8fa\"},\"breadcrumb\":{\"@id\":\"https:\/\/innova.campogalego.gal\/es\/forestal-es\/hasta-el-3-de-junio-esta-abierto-el-plazo-para-presentarse-al-iv-premio-camara-de-comercio-ence-a-la-innovacion-forestal.html#breadcrumb\"},\"inLanguage\":\"es\",\"potentialAction\":[{\"@type\":\"ReadAction\",\"target\":[\"https:\/\/innova.campogalego.gal\/es\/forestal-es\/hasta-el-3-de-junio-esta-abierto-el-plazo-para-presentarse-al-iv-premio-camara-de-comercio-ence-a-la-innovacion-forestal.html\"]}]},{\"@type\":\"BreadcrumbList\",\"@id\":\"https:\/\/innova.campogalego.gal\/es\/forestal-es\/hasta-el-3-de-junio-esta-abierto-el-plazo-para-presentarse-al-iv-premio-camara-de-comercio-ence-a-la-innovacion-forestal.html#breadcrumb\",\"itemListElement\":[{\"@type\":\"ListItem\",\"position\":1,\"name\":\"Portada\",\"item\":\"https:\/\/innova.campogalego.gal\/es\"},{\"@type\":\"ListItem\",\"position\":2,\"name\":\"Hasta el 3 de junio est\u00e1 abierto el plazo para presentarse al \u2018IV Premio C\u00e1mara de Comercio &#8211; ENCE a la Innovaci\u00f3n Forestal\u2019\"}]},{\"@type\":\"WebSite\",\"@id\":\"https:\/\/innova.campogalego.gal\/es#website\",\"url\":\"https:\/\/innova.campogalego.gal\/es\",\"name\":\"Innova - Campo Galego\",\"description\":\"\",\"potentialAction\":[{\"@type\":\"SearchAction\",\"target\":{\"@type\":\"EntryPoint\",\"urlTemplate\":\"https:\/\/innova.campogalego.gal\/es?s={search_term_string}\"},\"query-input\":\"required name=search_term_string\"}],\"inLanguage\":\"es\"},{\"@type\":\"Person\",\"@id\":\"https:\/\/innova.campogalego.gal\/es#\/schema\/person\/9da4eb4e8b2916b8ccf46b6dd679f8fa\",\"name\":\"David Gonz\u00e1lez\",\"image\":{\"@type\":\"ImageObject\",\"inLanguage\":\"es\",\"@id\":\"https:\/\/innova.campogalego.gal\/es#\/schema\/person\/image\/\",\"url\":\"https:\/\/secure.gravatar.com\/avatar\/04102c824107627242b6f1350a10c01f?s=96&d=mm&r=g\",\"contentUrl\":\"https:\/\/secure.gravatar.com\/avatar\/04102c824107627242b6f1350a10c01f?s=96&d=mm&r=g\",\"caption\":\"David Gonz\u00e1lez\"},\"url\":\"https:\/\/innova.campogalego.gal\/es\/author\/david\"}]}<\/script>\n<!-- \/ Yoast SEO plugin. -->","yoast_head_json":{"title":"Hasta el 3 de junio est\u00e1 abierto el plazo para presentarse al \u2018IV Premio C\u00e1mara de Comercio - ENCE a la Innovaci\u00f3n Forestal\u2019 - Innova - Campo Galego","robots":{"index":"index","follow":"follow","max-snippet":"max-snippet:-1","max-image-preview":"max-image-preview:large","max-video-preview":"max-video-preview:-1"},"canonical":"https:\/\/innova.campogalego.gal\/es\/forestal-es\/hasta-el-3-de-junio-esta-abierto-el-plazo-para-presentarse-al-iv-premio-camara-de-comercio-ence-a-la-innovacion-forestal.html","og_locale":"es_ES","og_type":"article","og_title":"Hasta el 3 de junio est\u00e1 abierto el plazo para presentarse al \u2018IV Premio C\u00e1mara de Comercio - ENCE a la Innovaci\u00f3n Forestal\u2019 - Innova - Campo Galego","og_description":"La C\u00e1mara de Comercio de Pontevedra, Vigo y Vilagarc\u00eda de Arousa convoca el \u2018IV Premio C\u00e1mara de Comercio &#8211; ENCE a la Innovaci\u00f3n Forestal\u2019, a trav\u00e9s [\u2026]","og_url":"https:\/\/innova.campogalego.gal\/es\/forestal-es\/hasta-el-3-de-junio-esta-abierto-el-plazo-para-presentarse-al-iv-premio-camara-de-comercio-ence-a-la-innovacion-forestal.html","og_site_name":"Innova - Campo Galego","article_published_time":"2024-05-21T09:56:12+00:00","og_image":[{"width":1200,"height":800,"url":"https:\/\/innova.campogalego.gal\/wp-content\/uploads\/2023\/12\/SELECCION-DE-MADEIRA-DE-PINEIRO-DE-GALICIA-MADEIRA-ESTRUCTURAL-1.jpg","type":"image\/jpeg"}],"author":"David Gonz\u00e1lez","twitter_card":"summary_large_image","twitter_misc":{"Escrito por":"David Gonz\u00e1lez","Tiempo de lectura":"3 minutos"},"schema":{"@context":"https:\/\/schema.org","@graph":[{"@type":"WebPage","@id":"https:\/\/innova.campogalego.gal\/es\/forestal-es\/hasta-el-3-de-junio-esta-abierto-el-plazo-para-presentarse-al-iv-premio-camara-de-comercio-ence-a-la-innovacion-forestal.html","url":"https:\/\/innova.campogalego.gal\/es\/forestal-es\/hasta-el-3-de-junio-esta-abierto-el-plazo-para-presentarse-al-iv-premio-camara-de-comercio-ence-a-la-innovacion-forestal.html","name":"Hasta el 3 de junio est\u00e1 abierto el plazo para presentarse al \u2018IV Premio C\u00e1mara de Comercio - ENCE a la Innovaci\u00f3n Forestal\u2019 - Innova - Campo Galego","isPartOf":{"@id":"https:\/\/innova.campogalego.gal\/es#website"},"datePublished":"2024-05-21T09:56:12+00:00","dateModified":"2024-05-21T09:56:12+00:00","author":{"@id":"https:\/\/innova.campogalego.gal\/es#\/schema\/person\/9da4eb4e8b2916b8ccf46b6dd679f8fa"},"breadcrumb":{"@id":"https:\/\/innova.campogalego.gal\/es\/forestal-es\/hasta-el-3-de-junio-esta-abierto-el-plazo-para-presentarse-al-iv-premio-camara-de-comercio-ence-a-la-innovacion-forestal.html#breadcrumb"},"inLanguage":"es","potentialAction":[{"@type":"ReadAction","target":["https:\/\/innova.campogalego.gal\/es\/forestal-es\/hasta-el-3-de-junio-esta-abierto-el-plazo-para-presentarse-al-iv-premio-camara-de-comercio-ence-a-la-innovacion-forestal.html"]}]},{"@type":"BreadcrumbList","@id":"https:\/\/innova.campogalego.gal\/es\/forestal-es\/hasta-el-3-de-junio-esta-abierto-el-plazo-para-presentarse-al-iv-premio-camara-de-comercio-ence-a-la-innovacion-forestal.html#breadcrumb","itemListElement":[{"@type":"ListItem","position":1,"name":"Portada","item":"https:\/\/innova.campogalego.gal\/es"},{"@type":"ListItem","position":2,"name":"Hasta el 3 de junio est\u00e1 abierto el plazo para presentarse al \u2018IV Premio C\u00e1mara de Comercio &#8211; ENCE a la Innovaci\u00f3n Forestal\u2019"}]},{"@type":"WebSite","@id":"https:\/\/innova.campogalego.gal\/es#website","url":"https:\/\/innova.campogalego.gal\/es","name":"Innova - Campo Galego","description":"","potentialAction":[{"@type":"SearchAction","target":{"@type":"EntryPoint","urlTemplate":"https:\/\/innova.campogalego.gal\/es?s={search_term_string}"},"query-input":"required name=search_term_string"}],"inLanguage":"es"},{"@type":"Person","@id":"https:\/\/innova.campogalego.gal\/es#\/schema\/person\/9da4eb4e8b2916b8ccf46b6dd679f8fa","name":"David Gonz\u00e1lez","image":{"@type":"ImageObject","inLanguage":"es","@id":"https:\/\/innova.campogalego.gal\/es#\/schema\/person\/image\/","url":"https:\/\/secure.gravatar.com\/avatar\/04102c824107627242b6f1350a10c01f?s=96&d=mm&r=g","contentUrl":"https:\/\/secure.gravatar.com\/avatar\/04102c824107627242b6f1350a10c01f?s=96&d=mm&r=g","caption":"David Gonz\u00e1lez"},"url":"https:\/\/innova.campogalego.gal\/es\/author\/david"}]}},"_links":{"self":[{"href":"https:\/\/innova.campogalego.gal\/es\/wp-json\/wp\/v2\/posts\/3931"}],"collection":[{"href":"https:\/\/innova.campogalego.gal\/es\/wp-json\/wp\/v2\/posts"}],"about":[{"href":"https:\/\/innova.campogalego.gal\/es\/wp-json\/wp\/v2\/types\/post"}],"author":[{"embeddable":true,"href":"https:\/\/innova.campogalego.gal\/es\/wp-json\/wp\/v2\/users\/8"}],"replies":[{"embeddable":true,"href":"https:\/\/innova.campogalego.gal\/es\/wp-json\/wp\/v2\/comments?post=3931"}],"version-history":[{"count":1,"href":"https:\/\/innova.campogalego.gal\/es\/wp-json\/wp\/v2\/posts\/3931\/revisions"}],"predecessor-version":[{"id":3932,"href":"https:\/\/innova.campogalego.gal\/es\/wp-json\/wp\/v2\/posts\/3931\/revisions\/3932"}],"wp:featuredmedia":[{"embeddable":true,"href":"https:\/\/innova.campogalego.gal\/es\/wp-json\/wp\/v2\/media\/2445"}],"wp:attachment":[{"href":"https:\/\/innova.campogalego.gal\/es\/wp-json\/wp\/v2\/media?parent=3931"}],"wp:term":[{"taxonomy":"category","embeddable":true,"href":"https:\/\/innova.campogalego.gal\/es\/wp-json\/wp\/v2\/categories?post=3931"},{"taxonomy":"post_tag","embeddable":true,"href":"https:\/\/innova.campogalego.gal\/es\/wp-json\/wp\/v2\/tags?post=3931"}],"curies":[{"name":"wp","href":"https:\/\/api.w.org\/{rel}","templated":true}]}}