{"id":3965,"date":"2024-05-31T17:50:26","date_gmt":"2024-05-31T15:50:26","guid":{"rendered":"https:\/\/innova.campogalego.gal\/?p=3965"},"modified":"2024-05-31T17:50:26","modified_gmt":"2024-05-31T15:50:26","slug":"la-proteccion-de-los-bosques-primarios-es-clave-para-conseguir-la-neutralidad-climatica","status":"publish","type":"post","link":"https:\/\/innova.campogalego.gal\/es\/campus-terra-es\/la-proteccion-de-los-bosques-primarios-es-clave-para-conseguir-la-neutralidad-climatica.html","title":{"rendered":"La protecci\u00f3n de los bosques primarios es clave para conseguir la neutralidad clim\u00e1tica"},"content":{"rendered":"<p><div id=\"attachment_3963\" style=\"width: 1210px\" class=\"wp-caption aligncenter\"><img aria-describedby=\"caption-attachment-3963\" decoding=\"async\" loading=\"lazy\" src=\"data:image\/gif;base64,R0lGODlhAQABAAAAACH5BAEKAAEALAAAAAABAAEAAAICTAEAOw==\" alt=\"\" width=\"1200\" height=\"800\" class=\"size-full wp-image-3963 lazyload\" sizes=\"(max-width:767px) 480px, (max-width:1200px) 100vw, 1200px\" data-src=\"https:\/\/innova.campogalego.gal\/wp-content\/uploads\/2024\/05\/Cesar.jpg\" data-srcset=\"https:\/\/innova.campogalego.gal\/wp-content\/uploads\/2024\/05\/Cesar.jpg 1200w, https:\/\/innova.campogalego.gal\/wp-content\/uploads\/2024\/05\/Cesar-300x200.jpg 300w, https:\/\/innova.campogalego.gal\/wp-content\/uploads\/2024\/05\/Cesar-1024x683.jpg 1024w\"><p id=\"caption-attachment-3963\" class=\"wp-caption-text\">C\u00e9sar P\u00e9rez Cruzado, investigador en la Escuela Polit\u00e9cnica Superior de Ingenier\u00eda (EPSE)<\/p><\/div><br \/>\nUn equipo internacional, en el que participa el investigador de la Escuela Polit\u00e9cnica Superior de Ingenier\u00eda (EPSE) C\u00e9sar P\u00e9rez Cruzado, demuestra que la capacidad de absorci\u00f3n de carbono de los bosques primarios, aquellos que presentan el m\u00e1ximo grado de madurez sin influjo del ser humano, es clave para cumplir con los objetivos del Pacto Verde Europeo con el que se pretende conseguir la neutralidad clim\u00e1tica. P\u00e9rez Cruzado public\u00f3 los resultados obtenidos en el art\u00edculo que vio la luz en la revista del grupo <em>Nature Communications Earth &#038; Environment<\/em> y en el que se constat\u00f3, luego del estudio de 288.262 \u00e1rboles de 27 pa\u00edses, que la protecci\u00f3n y crecimiento continuo de estos bosques permitir\u00eda cumplir con los objetivos de eliminaci\u00f3n de di\u00f3xido de carbono para 2030.  <\/p>\n<p>Este estudio pionero en Europa revela que la ganancia de carbono derivada del cuidado de estas especies equivale la, aproximadamente, 300 megat\u00f3ns de di\u00f3xido de carbono por a\u00f1o. La investigaci\u00f3n implic\u00f3 el an\u00e1lisis de datos recopilados en varios tipos de h\u00e1bitats forestales en toda Europa y el c\u00e1lculo del carbono almacenado en la biomasa a\u00e9rea, subterr\u00e1nea y muerta. <\/p>\n<blockquote><p>Los \u00e1rboles grandes, con un di\u00e1metro superior a 60?cent\u00edmetros, representan el 50 % de la biomasa y son importantes reservas de carbono<\/p><\/blockquote>\n<p>El estudio evidencia, tal y como destacan desde el equipo investigador, que las reservas de carbono en los bosques primarios y antiguos de alta naturalidad \u00abfueron subestimadas en las pol\u00edticas clim\u00e1ticas y de gesti\u00f3n forestal\u00bb. El equipo investigador tambi\u00e9n ponen el foco en c\u00f3mo \u00abproteger y restaurar la biodiversidad forestal y la integridad ecol\u00f3gica ayudar\u00e1 a que Europa logre resultados sin\u00e9rgicos en materia de clima y biodiversidad\u00bb. <\/p>\n<p><strong>C\u00e1lculo de biomasa por hect\u00e1rea<\/strong><br \/>\nLa contabilidad del carbono en el sector terrestre requiere un nivel de referencia a partir del cual calcular las p\u00e9rdidas pasadas de carbono y el potencial de ganancias utilizando un objetivo basado en existencias de carbono. La capacidad de carga de carbono representada por las reservas de los bosques primarios es un nivel de referencia con base ecol\u00f3gica que permite estimar el potencial de mitigaci\u00f3n derivado de la protecci\u00f3n y restauraci\u00f3n de los bosques para aumentar sus reservas de carbono. <\/p>\n<p>El estudio en el que participa la USC analiz\u00f3 a trav\u00e9s de una red propia de seguimiento de masas maduras, literatura cient\u00edfica, investigaciones o inventarios forestales un total de 7.982 sitios en zonas ecol\u00f3gicas globales boreales, atemperadas y subtropicales dentro de Europa. \u00abCalculamos las existencias totales de carbono de biomasa por hect\u00e1rea (biomasa muerta a\u00e9rea y subterr\u00e1nea) y descubrimos que el potencial de acumulaci\u00f3n de carbono era 1,6 veces mayor en promedio que los mapas globales modelados para bosques primarios y 2,3 veces para todos los bosques\u00bb, explica C\u00e9sar P\u00e9rez Cruzado. <\/p>\n<p>De las conclusiones del estudio titulado <strong><a href=\"https:\/\/www.nature.com\/articles\/s43247-024-01416-5\" rel=\"noopener\" target=\"_blank\">&#8216;Carbon carrying capacity in primary forests shows potential for mitigation achieving the European Green Deal 2030 target&#8217;<\/a><\/strong> se indica que los \u00e1rboles grandes (con un di\u00e1metro superior a 60 cent\u00edmetros) representan el 50 % de la biomasa y son importantes reservas de carbono. \u00abLa protecci\u00f3n de los bosques maduros evita las emisiones a la atm\u00f3sfera y permite su uso como referencia para estimar el potencial de acumulaci\u00f3n de carbono de los sistemas forestales. Estas actuaciones deber\u00edan de ser combinadas con modelos de gesti\u00f3n orientados al secuestro de carbono en masas gestionadas, de forma que se aproveche al m\u00e1ximo el potencial de los bosques para mitigar el efecto invernadero\u00bb, matizan desde el equipo investigador. En esta l\u00ednea, el crecimiento de los bosques elimina el di\u00f3xido de carbono de la atm\u00f3sfera, creando un sumidero terrestre.<\/p>\n<p><strong>Equipo de la investigaci\u00f3n<\/strong><br \/>\nAdem\u00e1s de la USC, el equipo investigadorlo integran personal de la Griffith University, a Fundaci\u00f3n Wild Europe, Czech University of Life Sciences, Silva Tarouca Research Institute, Belovezhskaya Pushcha National Park, Transilvania University of Brasov, Helmholz Centre for Environmental Research UFZ, Instituto Pirenaico de Ecolog\u00eda (IPE-CSIC), University of Nottingham, Universit\u00e0 della Tuscia, University of Torino, Centre for Ecological Research, Berezinski Biosphere Reserve, Latvian State Forest Research Institute Silava, Institute of Forest Sciences (ICIFOR, INIA-CSIC), University of Forestry de Sof\u00eda, University of Suceava, National Academy of Science of Belarus y el Institute of Biodiversity and Ecosystem Research.<\/p>\n","protected":false},"excerpt":{"rendered":"<p>Un equipo internacional, en el que participa el investigador de la Escuela Polit\u00e9cnica Superior de Ingenier\u00eda (EPSE) C\u00e9sar P\u00e9rez Cruzado, demuestra que la capacidad de absorci\u00f3n<span class=\"excerpt-hellip\"> [\u2026]<\/span><\/p>\n","protected":false},"author":7,"featured_media":3963,"comment_status":"open","ping_status":"open","sticky":false,"template":"","format":"standard","meta":{"footnotes":""},"categories":[92],"tags":[239,257,177],"acf":[],"yoast_head":"<!-- This site is optimized with the Yoast SEO plugin v21.2 - https:\/\/yoast.com\/wordpress\/plugins\/seo\/ -->\n<title>La protecci\u00f3n de los bosques primarios es clave para conseguir la neutralidad clim\u00e1tica - Innova - Campo Galego<\/title>\n<meta name=\"robots\" content=\"index, follow, max-snippet:-1, max-image-preview:large, max-video-preview:-1\" \/>\n<link rel=\"canonical\" href=\"https:\/\/innova.campogalego.gal\/es\/campus-terra-es\/la-proteccion-de-los-bosques-primarios-es-clave-para-conseguir-la-neutralidad-climatica.html\" \/>\n<meta property=\"og:locale\" content=\"es_ES\" \/>\n<meta property=\"og:type\" content=\"article\" \/>\n<meta property=\"og:title\" content=\"La protecci\u00f3n de los bosques primarios es clave para conseguir la neutralidad clim\u00e1tica - Innova - Campo Galego\" \/>\n<meta property=\"og:description\" content=\"Un equipo internacional, en el que participa el investigador de la Escuela Polit\u00e9cnica Superior de Ingenier\u00eda (EPSE) C\u00e9sar P\u00e9rez Cruzado, demuestra que la capacidad de absorci\u00f3n [\u2026]\" \/>\n<meta property=\"og:url\" content=\"https:\/\/innova.campogalego.gal\/es\/campus-terra-es\/la-proteccion-de-los-bosques-primarios-es-clave-para-conseguir-la-neutralidad-climatica.html\" \/>\n<meta property=\"og:site_name\" content=\"Innova - Campo Galego\" \/>\n<meta property=\"article:published_time\" content=\"2024-05-31T15:50:26+00:00\" \/>\n<meta property=\"og:image\" content=\"https:\/\/innova.campogalego.gal\/wp-content\/uploads\/2024\/05\/Cesar.jpg\" \/>\n\t<meta property=\"og:image:width\" content=\"1200\" \/>\n\t<meta property=\"og:image:height\" content=\"800\" \/>\n\t<meta property=\"og:image:type\" content=\"image\/jpeg\" \/>\n<meta name=\"author\" content=\"noelia\" \/>\n<meta name=\"twitter:card\" content=\"summary_large_image\" \/>\n<meta name=\"twitter:label1\" content=\"Escrito por\" \/>\n\t<meta name=\"twitter:data1\" content=\"noelia\" \/>\n\t<meta name=\"twitter:label2\" content=\"Tiempo de lectura\" \/>\n\t<meta name=\"twitter:data2\" content=\"4 minutos\" \/>\n<script type=\"application\/ld+json\" class=\"yoast-schema-graph\">{\"@context\":\"https:\/\/schema.org\",\"@graph\":[{\"@type\":\"WebPage\",\"@id\":\"https:\/\/innova.campogalego.gal\/es\/campus-terra-es\/la-proteccion-de-los-bosques-primarios-es-clave-para-conseguir-la-neutralidad-climatica.html\",\"url\":\"https:\/\/innova.campogalego.gal\/es\/campus-terra-es\/la-proteccion-de-los-bosques-primarios-es-clave-para-conseguir-la-neutralidad-climatica.html\",\"name\":\"La protecci\u00f3n de los bosques primarios es clave para conseguir la neutralidad clim\u00e1tica - Innova - Campo Galego\",\"isPartOf\":{\"@id\":\"https:\/\/innova.campogalego.gal\/es#website\"},\"datePublished\":\"2024-05-31T15:50:26+00:00\",\"dateModified\":\"2024-05-31T15:50:26+00:00\",\"author\":{\"@id\":\"https:\/\/innova.campogalego.gal\/es#\/schema\/person\/5f73832eaae2d2d2fe19cdf56f76e921\"},\"breadcrumb\":{\"@id\":\"https:\/\/innova.campogalego.gal\/es\/campus-terra-es\/la-proteccion-de-los-bosques-primarios-es-clave-para-conseguir-la-neutralidad-climatica.html#breadcrumb\"},\"inLanguage\":\"es\",\"potentialAction\":[{\"@type\":\"ReadAction\",\"target\":[\"https:\/\/innova.campogalego.gal\/es\/campus-terra-es\/la-proteccion-de-los-bosques-primarios-es-clave-para-conseguir-la-neutralidad-climatica.html\"]}]},{\"@type\":\"BreadcrumbList\",\"@id\":\"https:\/\/innova.campogalego.gal\/es\/campus-terra-es\/la-proteccion-de-los-bosques-primarios-es-clave-para-conseguir-la-neutralidad-climatica.html#breadcrumb\",\"itemListElement\":[{\"@type\":\"ListItem\",\"position\":1,\"name\":\"Portada\",\"item\":\"https:\/\/innova.campogalego.gal\/es\"},{\"@type\":\"ListItem\",\"position\":2,\"name\":\"La protecci\u00f3n de los bosques primarios es clave para conseguir la neutralidad clim\u00e1tica\"}]},{\"@type\":\"WebSite\",\"@id\":\"https:\/\/innova.campogalego.gal\/es#website\",\"url\":\"https:\/\/innova.campogalego.gal\/es\",\"name\":\"Innova - Campo Galego\",\"description\":\"\",\"potentialAction\":[{\"@type\":\"SearchAction\",\"target\":{\"@type\":\"EntryPoint\",\"urlTemplate\":\"https:\/\/innova.campogalego.gal\/es?s={search_term_string}\"},\"query-input\":\"required name=search_term_string\"}],\"inLanguage\":\"es\"},{\"@type\":\"Person\",\"@id\":\"https:\/\/innova.campogalego.gal\/es#\/schema\/person\/5f73832eaae2d2d2fe19cdf56f76e921\",\"name\":\"noelia\",\"image\":{\"@type\":\"ImageObject\",\"inLanguage\":\"es\",\"@id\":\"https:\/\/innova.campogalego.gal\/es#\/schema\/person\/image\/\",\"url\":\"https:\/\/secure.gravatar.com\/avatar\/b4912756e566b19c7962f96cfebbb102?s=96&d=mm&r=g\",\"contentUrl\":\"https:\/\/secure.gravatar.com\/avatar\/b4912756e566b19c7962f96cfebbb102?s=96&d=mm&r=g\",\"caption\":\"noelia\"},\"url\":\"https:\/\/innova.campogalego.gal\/es\/author\/noelia\"}]}<\/script>\n<!-- \/ Yoast SEO plugin. -->","yoast_head_json":{"title":"La protecci\u00f3n de los bosques primarios es clave para conseguir la neutralidad clim\u00e1tica - Innova - Campo Galego","robots":{"index":"index","follow":"follow","max-snippet":"max-snippet:-1","max-image-preview":"max-image-preview:large","max-video-preview":"max-video-preview:-1"},"canonical":"https:\/\/innova.campogalego.gal\/es\/campus-terra-es\/la-proteccion-de-los-bosques-primarios-es-clave-para-conseguir-la-neutralidad-climatica.html","og_locale":"es_ES","og_type":"article","og_title":"La protecci\u00f3n de los bosques primarios es clave para conseguir la neutralidad clim\u00e1tica - Innova - Campo Galego","og_description":"Un equipo internacional, en el que participa el investigador de la Escuela Polit\u00e9cnica Superior de Ingenier\u00eda (EPSE) C\u00e9sar P\u00e9rez Cruzado, demuestra que la capacidad de absorci\u00f3n [\u2026]","og_url":"https:\/\/innova.campogalego.gal\/es\/campus-terra-es\/la-proteccion-de-los-bosques-primarios-es-clave-para-conseguir-la-neutralidad-climatica.html","og_site_name":"Innova - Campo Galego","article_published_time":"2024-05-31T15:50:26+00:00","og_image":[{"width":1200,"height":800,"url":"https:\/\/innova.campogalego.gal\/wp-content\/uploads\/2024\/05\/Cesar.jpg","type":"image\/jpeg"}],"author":"noelia","twitter_card":"summary_large_image","twitter_misc":{"Escrito por":"noelia","Tiempo de lectura":"4 minutos"},"schema":{"@context":"https:\/\/schema.org","@graph":[{"@type":"WebPage","@id":"https:\/\/innova.campogalego.gal\/es\/campus-terra-es\/la-proteccion-de-los-bosques-primarios-es-clave-para-conseguir-la-neutralidad-climatica.html","url":"https:\/\/innova.campogalego.gal\/es\/campus-terra-es\/la-proteccion-de-los-bosques-primarios-es-clave-para-conseguir-la-neutralidad-climatica.html","name":"La protecci\u00f3n de los bosques primarios es clave para conseguir la neutralidad clim\u00e1tica - Innova - Campo Galego","isPartOf":{"@id":"https:\/\/innova.campogalego.gal\/es#website"},"datePublished":"2024-05-31T15:50:26+00:00","dateModified":"2024-05-31T15:50:26+00:00","author":{"@id":"https:\/\/innova.campogalego.gal\/es#\/schema\/person\/5f73832eaae2d2d2fe19cdf56f76e921"},"breadcrumb":{"@id":"https:\/\/innova.campogalego.gal\/es\/campus-terra-es\/la-proteccion-de-los-bosques-primarios-es-clave-para-conseguir-la-neutralidad-climatica.html#breadcrumb"},"inLanguage":"es","potentialAction":[{"@type":"ReadAction","target":["https:\/\/innova.campogalego.gal\/es\/campus-terra-es\/la-proteccion-de-los-bosques-primarios-es-clave-para-conseguir-la-neutralidad-climatica.html"]}]},{"@type":"BreadcrumbList","@id":"https:\/\/innova.campogalego.gal\/es\/campus-terra-es\/la-proteccion-de-los-bosques-primarios-es-clave-para-conseguir-la-neutralidad-climatica.html#breadcrumb","itemListElement":[{"@type":"ListItem","position":1,"name":"Portada","item":"https:\/\/innova.campogalego.gal\/es"},{"@type":"ListItem","position":2,"name":"La protecci\u00f3n de los bosques primarios es clave para conseguir la neutralidad clim\u00e1tica"}]},{"@type":"WebSite","@id":"https:\/\/innova.campogalego.gal\/es#website","url":"https:\/\/innova.campogalego.gal\/es","name":"Innova - Campo Galego","description":"","potentialAction":[{"@type":"SearchAction","target":{"@type":"EntryPoint","urlTemplate":"https:\/\/innova.campogalego.gal\/es?s={search_term_string}"},"query-input":"required name=search_term_string"}],"inLanguage":"es"},{"@type":"Person","@id":"https:\/\/innova.campogalego.gal\/es#\/schema\/person\/5f73832eaae2d2d2fe19cdf56f76e921","name":"noelia","image":{"@type":"ImageObject","inLanguage":"es","@id":"https:\/\/innova.campogalego.gal\/es#\/schema\/person\/image\/","url":"https:\/\/secure.gravatar.com\/avatar\/b4912756e566b19c7962f96cfebbb102?s=96&d=mm&r=g","contentUrl":"https:\/\/secure.gravatar.com\/avatar\/b4912756e566b19c7962f96cfebbb102?s=96&d=mm&r=g","caption":"noelia"},"url":"https:\/\/innova.campogalego.gal\/es\/author\/noelia"}]}},"_links":{"self":[{"href":"https:\/\/innova.campogalego.gal\/es\/wp-json\/wp\/v2\/posts\/3965"}],"collection":[{"href":"https:\/\/innova.campogalego.gal\/es\/wp-json\/wp\/v2\/posts"}],"about":[{"href":"https:\/\/innova.campogalego.gal\/es\/wp-json\/wp\/v2\/types\/post"}],"author":[{"embeddable":true,"href":"https:\/\/innova.campogalego.gal\/es\/wp-json\/wp\/v2\/users\/7"}],"replies":[{"embeddable":true,"href":"https:\/\/innova.campogalego.gal\/es\/wp-json\/wp\/v2\/comments?post=3965"}],"version-history":[{"count":2,"href":"https:\/\/innova.campogalego.gal\/es\/wp-json\/wp\/v2\/posts\/3965\/revisions"}],"predecessor-version":[{"id":3969,"href":"https:\/\/innova.campogalego.gal\/es\/wp-json\/wp\/v2\/posts\/3965\/revisions\/3969"}],"wp:featuredmedia":[{"embeddable":true,"href":"https:\/\/innova.campogalego.gal\/es\/wp-json\/wp\/v2\/media\/3963"}],"wp:attachment":[{"href":"https:\/\/innova.campogalego.gal\/es\/wp-json\/wp\/v2\/media?parent=3965"}],"wp:term":[{"taxonomy":"category","embeddable":true,"href":"https:\/\/innova.campogalego.gal\/es\/wp-json\/wp\/v2\/categories?post=3965"},{"taxonomy":"post_tag","embeddable":true,"href":"https:\/\/innova.campogalego.gal\/es\/wp-json\/wp\/v2\/tags?post=3965"}],"curies":[{"name":"wp","href":"https:\/\/api.w.org\/{rel}","templated":true}]}}