{"id":4340,"date":"2024-08-07T13:34:01","date_gmt":"2024-08-07T11:34:01","guid":{"rendered":"https:\/\/innova.campogalego.gal\/?p=4340"},"modified":"2024-08-07T13:34:01","modified_gmt":"2024-08-07T11:34:01","slug":"apoyo-a-65-proyectos-innovadores-en-el-sector-agroalimentario-y-forestal","status":"publish","type":"post","link":"https:\/\/innova.campogalego.gal\/es\/agroalimentacion-es\/apoyo-a-65-proyectos-innovadores-en-el-sector-agroalimentario-y-forestal.html","title":{"rendered":"Apoyo a 65 proyectos innovadores en el sector agroalimentario y forestal"},"content":{"rendered":"<p><img decoding=\"async\" loading=\"lazy\" src=\"data:image\/gif;base64,R0lGODlhAQABAAAAACH5BAEKAAEALAAAAAABAAEAAAICTAEAOw==\" alt=\"\" width=\"1200\" height=\"800\" class=\"aligncenter size-full wp-image-4046 lazyload\" sizes=\"(max-width:767px) 480px, (max-width:1200px) 100vw, 1200px\" data-src=\"https:\/\/innova.campogalego.gal\/wp-content\/uploads\/2024\/06\/Ganaderia-Xuiz-vaca-pradeira-pastoreo-1.jpg\" data-srcset=\"https:\/\/innova.campogalego.gal\/wp-content\/uploads\/2024\/06\/Ganaderia-Xuiz-vaca-pradeira-pastoreo-1.jpg 1200w, https:\/\/innova.campogalego.gal\/wp-content\/uploads\/2024\/06\/Ganaderia-Xuiz-vaca-pradeira-pastoreo-1-300x200.jpg 300w, https:\/\/innova.campogalego.gal\/wp-content\/uploads\/2024\/06\/Ganaderia-Xuiz-vaca-pradeira-pastoreo-1-1024x683.jpg 1024w\"><br \/>\nEl Ministerio de Agricultura ha publicado la <strong><a href=\"https:\/\/www.mapa.gob.es\/es\/prensa\/ultimas-noticias\/detalle_noticias.aspx?tcm=tcm:30-691033\" rel=\"noopener\" target=\"_blank\">resoluci\u00f3n definitiva de la convocatoria de las ayudas para la preparaci\u00f3n y ejecuci\u00f3n de proyectos innovadores de inter\u00e9s general en el sector agroalimentario y forestal<\/a><\/strong>. En total, se recogen 65 proyectos, que recibir\u00e1n ayudas que suman 37,3 millones de euros.<\/p>\n<p>Estos proyectos ser\u00e1n ejecutados por grupos operativos supraauton\u00f3micos de la Asociaci\u00f3n Europea para la Innovaci\u00f3n en materia de productividad y sostenibilidad agr\u00edcola (AEI\u2013Agri o EIP). En un plazo de 20 d\u00edas h\u00e1biles se pueden presentar solicitudes de anticipos, que podr\u00e1n alcanzar hasta el 50 % del importe de la subvenci\u00f3n concedida.<\/p>\n<p>De las 151 solicitudes presentadas en esta convocatoria, la mayor\u00eda pertenecen al \u00e1mbito de la producci\u00f3n vegetal, seguida de la ganader\u00eda, la industria agroalimentaria, y, en menor medida, de los sectores de regad\u00edo, forestal y desarrollo rural.<\/p>\n<p>Los tres proyectos seleccionados con mayor puntuaci\u00f3n abordan tem\u00e1ticas como la ganader\u00eda extensiva o sistemas agrovoltaicos en la vid, y en ellos participan entidades relevantes de distintas comunidades aut\u00f3nomas.  <\/p>\n<p>Los proyectos aprobados evidencian que hay iniciativas innovadoras en todas las comunidades aut\u00f3nomas, si bien predominan los proyectos que prev\u00e9n ejecuci\u00f3n en Andaluc\u00eda, Castilla y Le\u00f3n, Comunidad Valenciana, Comunidad de Madrid y Extremadura.<\/p>\n<p>Las entidades que participan son muy variadas dentro del sector agroalimentario y forestal. As\u00ed, destacan con una mayor participaci\u00f3n las entidades privadas, seguidas por los entes sin \u00e1nimo de lucro (condici\u00f3n exigida para ser representante en la agrupaci\u00f3n, seg\u00fan se indica en la convocatoria) como son la Asociaci\u00f3n Plataforma Tecnol\u00f3gica del vino-PTV, Confederaci\u00f3n de Asociaciones de Frisona Espa\u00f1ola-CONAFE, Fundaci\u00f3n CESEFOR, Fundaci\u00f3n Empresa Universidad Gallega (FEUGA) o la Real Federaci\u00f3n Espa\u00f1ola de Asociaciones de Ganado Selecto (RFEAGAS).<\/p>\n<p>En el \u00e1mbito cient\u00edfico destacan aquellas entidades dependientes de comunidades aut\u00f3nomas, entre las que cabe mencionar el Centro de Investigaci\u00f3n y Tecnolog\u00eda Agroalimentaria de Arag\u00f3n (CITA), Centro de Investigaciones Cient\u00edficas y Tecnol\u00f3gicas de Extremadura (CICYTEX), Instituto Murciano de Investigaci\u00f3n y Desarrollo Agrario y Alimentario (IMIDA), NEIKER-Instituto Vasco de Investigaci\u00f3n y Desarrollo Agrario, as\u00ed como las universidades de Extremadura, C\u00f3rdoba, Zaragoza y Valladolid.<\/p>\n<p>Tambi\u00e9n se encuentran entre los miembros beneficiarios multitud de figuras asociativas, cooperativas agroalimentarias, centros tecnol\u00f3gicos y entidades cient\u00edficas de la Administraci\u00f3n General del Estado.<\/p>\n<p>Como consecuencia de la elevada demanda y calidad existente en esta l\u00ednea de subvenciones, el Ministerio de Agricultura, Pesca y Alimentaci\u00f3n tiene prevista la publicaci\u00f3n de una nueva convocatoria en 2025. Para ello, en la modificaci\u00f3n del Plan Estrat\u00e9gico de la Pol\u00edtica Agraria Com\u00fan (PAC) en curso se ha propuesto aumentar la dotaci\u00f3n de esta intervenci\u00f3n supraauton\u00f3mica de cooperaci\u00f3n de los 75 millones de euros programados inicialmente a 83,75 millones de euros para el periodo 2023-2027. As\u00ed, en 2025 se abrir\u00eda la convocatoria con la mayor dotaci\u00f3n de fondos para la innovaci\u00f3n en la historia de la PAC en Espa\u00f1a, con un cr\u00e9dito de 46,25 millones de euros de gasto p\u00fablico total en la que, previsiblemente, proyectos notables que se quedan sin financiaci\u00f3n por falta de cr\u00e9dito puedan actualizar su solicitud y cursarla nuevamente.<\/p>\n","protected":false},"excerpt":{"rendered":"<p>El Ministerio de Agricultura ha publicado la resoluci\u00f3n definitiva de la convocatoria de las ayudas para la preparaci\u00f3n y ejecuci\u00f3n de proyectos innovadores de inter\u00e9s general<span class=\"excerpt-hellip\"> [\u2026]<\/span><\/p>\n","protected":false},"author":7,"featured_media":4045,"comment_status":"open","ping_status":"open","sticky":false,"template":"","format":"standard","meta":{"footnotes":""},"categories":[87],"tags":[],"acf":[],"yoast_head":"<!-- This site is optimized with the Yoast SEO plugin v21.2 - https:\/\/yoast.com\/wordpress\/plugins\/seo\/ -->\n<title>Apoyo a 65 proyectos innovadores en el sector agroalimentario y forestal - Innova - Campo Galego<\/title>\n<meta name=\"robots\" content=\"index, follow, max-snippet:-1, max-image-preview:large, max-video-preview:-1\" \/>\n<link rel=\"canonical\" href=\"https:\/\/innova.campogalego.gal\/es\/agroalimentacion-es\/apoyo-a-65-proyectos-innovadores-en-el-sector-agroalimentario-y-forestal.html\" \/>\n<meta property=\"og:locale\" content=\"es_ES\" \/>\n<meta property=\"og:type\" content=\"article\" \/>\n<meta property=\"og:title\" content=\"Apoyo a 65 proyectos innovadores en el sector agroalimentario y forestal - Innova - Campo Galego\" \/>\n<meta property=\"og:description\" content=\"El Ministerio de Agricultura ha publicado la resoluci\u00f3n definitiva de la convocatoria de las ayudas para la preparaci\u00f3n y ejecuci\u00f3n de proyectos innovadores de inter\u00e9s general [\u2026]\" \/>\n<meta property=\"og:url\" content=\"https:\/\/innova.campogalego.gal\/es\/agroalimentacion-es\/apoyo-a-65-proyectos-innovadores-en-el-sector-agroalimentario-y-forestal.html\" \/>\n<meta property=\"og:site_name\" content=\"Innova - Campo Galego\" \/>\n<meta property=\"article:published_time\" content=\"2024-08-07T11:34:01+00:00\" \/>\n<meta property=\"og:image\" content=\"https:\/\/innova.campogalego.gal\/wp-content\/uploads\/2024\/06\/Ganaderia-Xuiz-vaca-pradeira-pastoreo-1.jpg\" \/>\n\t<meta property=\"og:image:width\" content=\"1200\" \/>\n\t<meta property=\"og:image:height\" content=\"800\" \/>\n\t<meta property=\"og:image:type\" content=\"image\/jpeg\" \/>\n<meta name=\"author\" content=\"noelia\" \/>\n<meta name=\"twitter:card\" content=\"summary_large_image\" \/>\n<meta name=\"twitter:label1\" content=\"Escrito por\" \/>\n\t<meta name=\"twitter:data1\" content=\"noelia\" \/>\n\t<meta name=\"twitter:label2\" content=\"Tiempo de lectura\" \/>\n\t<meta name=\"twitter:data2\" content=\"3 minutos\" \/>\n<script type=\"application\/ld+json\" class=\"yoast-schema-graph\">{\"@context\":\"https:\/\/schema.org\",\"@graph\":[{\"@type\":\"WebPage\",\"@id\":\"https:\/\/innova.campogalego.gal\/es\/agroalimentacion-es\/apoyo-a-65-proyectos-innovadores-en-el-sector-agroalimentario-y-forestal.html\",\"url\":\"https:\/\/innova.campogalego.gal\/es\/agroalimentacion-es\/apoyo-a-65-proyectos-innovadores-en-el-sector-agroalimentario-y-forestal.html\",\"name\":\"Apoyo a 65 proyectos innovadores en el sector agroalimentario y forestal - Innova - Campo Galego\",\"isPartOf\":{\"@id\":\"https:\/\/innova.campogalego.gal\/es#website\"},\"datePublished\":\"2024-08-07T11:34:01+00:00\",\"dateModified\":\"2024-08-07T11:34:01+00:00\",\"author\":{\"@id\":\"https:\/\/innova.campogalego.gal\/es#\/schema\/person\/5f73832eaae2d2d2fe19cdf56f76e921\"},\"breadcrumb\":{\"@id\":\"https:\/\/innova.campogalego.gal\/es\/agroalimentacion-es\/apoyo-a-65-proyectos-innovadores-en-el-sector-agroalimentario-y-forestal.html#breadcrumb\"},\"inLanguage\":\"es\",\"potentialAction\":[{\"@type\":\"ReadAction\",\"target\":[\"https:\/\/innova.campogalego.gal\/es\/agroalimentacion-es\/apoyo-a-65-proyectos-innovadores-en-el-sector-agroalimentario-y-forestal.html\"]}]},{\"@type\":\"BreadcrumbList\",\"@id\":\"https:\/\/innova.campogalego.gal\/es\/agroalimentacion-es\/apoyo-a-65-proyectos-innovadores-en-el-sector-agroalimentario-y-forestal.html#breadcrumb\",\"itemListElement\":[{\"@type\":\"ListItem\",\"position\":1,\"name\":\"Portada\",\"item\":\"https:\/\/innova.campogalego.gal\/es\"},{\"@type\":\"ListItem\",\"position\":2,\"name\":\"Apoyo a 65 proyectos innovadores en el sector agroalimentario y forestal\"}]},{\"@type\":\"WebSite\",\"@id\":\"https:\/\/innova.campogalego.gal\/es#website\",\"url\":\"https:\/\/innova.campogalego.gal\/es\",\"name\":\"Innova - Campo Galego\",\"description\":\"\",\"potentialAction\":[{\"@type\":\"SearchAction\",\"target\":{\"@type\":\"EntryPoint\",\"urlTemplate\":\"https:\/\/innova.campogalego.gal\/es?s={search_term_string}\"},\"query-input\":\"required name=search_term_string\"}],\"inLanguage\":\"es\"},{\"@type\":\"Person\",\"@id\":\"https:\/\/innova.campogalego.gal\/es#\/schema\/person\/5f73832eaae2d2d2fe19cdf56f76e921\",\"name\":\"noelia\",\"image\":{\"@type\":\"ImageObject\",\"inLanguage\":\"es\",\"@id\":\"https:\/\/innova.campogalego.gal\/es#\/schema\/person\/image\/\",\"url\":\"https:\/\/secure.gravatar.com\/avatar\/b4912756e566b19c7962f96cfebbb102?s=96&d=mm&r=g\",\"contentUrl\":\"https:\/\/secure.gravatar.com\/avatar\/b4912756e566b19c7962f96cfebbb102?s=96&d=mm&r=g\",\"caption\":\"noelia\"},\"url\":\"https:\/\/innova.campogalego.gal\/es\/author\/noelia\"}]}<\/script>\n<!-- \/ Yoast SEO plugin. -->","yoast_head_json":{"title":"Apoyo a 65 proyectos innovadores en el sector agroalimentario y forestal - Innova - Campo Galego","robots":{"index":"index","follow":"follow","max-snippet":"max-snippet:-1","max-image-preview":"max-image-preview:large","max-video-preview":"max-video-preview:-1"},"canonical":"https:\/\/innova.campogalego.gal\/es\/agroalimentacion-es\/apoyo-a-65-proyectos-innovadores-en-el-sector-agroalimentario-y-forestal.html","og_locale":"es_ES","og_type":"article","og_title":"Apoyo a 65 proyectos innovadores en el sector agroalimentario y forestal - Innova - Campo Galego","og_description":"El Ministerio de Agricultura ha publicado la resoluci\u00f3n definitiva de la convocatoria de las ayudas para la preparaci\u00f3n y ejecuci\u00f3n de proyectos innovadores de inter\u00e9s general [\u2026]","og_url":"https:\/\/innova.campogalego.gal\/es\/agroalimentacion-es\/apoyo-a-65-proyectos-innovadores-en-el-sector-agroalimentario-y-forestal.html","og_site_name":"Innova - Campo Galego","article_published_time":"2024-08-07T11:34:01+00:00","og_image":[{"width":1200,"height":800,"url":"https:\/\/innova.campogalego.gal\/wp-content\/uploads\/2024\/06\/Ganaderia-Xuiz-vaca-pradeira-pastoreo-1.jpg","type":"image\/jpeg"}],"author":"noelia","twitter_card":"summary_large_image","twitter_misc":{"Escrito por":"noelia","Tiempo de lectura":"3 minutos"},"schema":{"@context":"https:\/\/schema.org","@graph":[{"@type":"WebPage","@id":"https:\/\/innova.campogalego.gal\/es\/agroalimentacion-es\/apoyo-a-65-proyectos-innovadores-en-el-sector-agroalimentario-y-forestal.html","url":"https:\/\/innova.campogalego.gal\/es\/agroalimentacion-es\/apoyo-a-65-proyectos-innovadores-en-el-sector-agroalimentario-y-forestal.html","name":"Apoyo a 65 proyectos innovadores en el sector agroalimentario y forestal - Innova - Campo Galego","isPartOf":{"@id":"https:\/\/innova.campogalego.gal\/es#website"},"datePublished":"2024-08-07T11:34:01+00:00","dateModified":"2024-08-07T11:34:01+00:00","author":{"@id":"https:\/\/innova.campogalego.gal\/es#\/schema\/person\/5f73832eaae2d2d2fe19cdf56f76e921"},"breadcrumb":{"@id":"https:\/\/innova.campogalego.gal\/es\/agroalimentacion-es\/apoyo-a-65-proyectos-innovadores-en-el-sector-agroalimentario-y-forestal.html#breadcrumb"},"inLanguage":"es","potentialAction":[{"@type":"ReadAction","target":["https:\/\/innova.campogalego.gal\/es\/agroalimentacion-es\/apoyo-a-65-proyectos-innovadores-en-el-sector-agroalimentario-y-forestal.html"]}]},{"@type":"BreadcrumbList","@id":"https:\/\/innova.campogalego.gal\/es\/agroalimentacion-es\/apoyo-a-65-proyectos-innovadores-en-el-sector-agroalimentario-y-forestal.html#breadcrumb","itemListElement":[{"@type":"ListItem","position":1,"name":"Portada","item":"https:\/\/innova.campogalego.gal\/es"},{"@type":"ListItem","position":2,"name":"Apoyo a 65 proyectos innovadores en el sector agroalimentario y forestal"}]},{"@type":"WebSite","@id":"https:\/\/innova.campogalego.gal\/es#website","url":"https:\/\/innova.campogalego.gal\/es","name":"Innova - Campo Galego","description":"","potentialAction":[{"@type":"SearchAction","target":{"@type":"EntryPoint","urlTemplate":"https:\/\/innova.campogalego.gal\/es?s={search_term_string}"},"query-input":"required name=search_term_string"}],"inLanguage":"es"},{"@type":"Person","@id":"https:\/\/innova.campogalego.gal\/es#\/schema\/person\/5f73832eaae2d2d2fe19cdf56f76e921","name":"noelia","image":{"@type":"ImageObject","inLanguage":"es","@id":"https:\/\/innova.campogalego.gal\/es#\/schema\/person\/image\/","url":"https:\/\/secure.gravatar.com\/avatar\/b4912756e566b19c7962f96cfebbb102?s=96&d=mm&r=g","contentUrl":"https:\/\/secure.gravatar.com\/avatar\/b4912756e566b19c7962f96cfebbb102?s=96&d=mm&r=g","caption":"noelia"},"url":"https:\/\/innova.campogalego.gal\/es\/author\/noelia"}]}},"_links":{"self":[{"href":"https:\/\/innova.campogalego.gal\/es\/wp-json\/wp\/v2\/posts\/4340"}],"collection":[{"href":"https:\/\/innova.campogalego.gal\/es\/wp-json\/wp\/v2\/posts"}],"about":[{"href":"https:\/\/innova.campogalego.gal\/es\/wp-json\/wp\/v2\/types\/post"}],"author":[{"embeddable":true,"href":"https:\/\/innova.campogalego.gal\/es\/wp-json\/wp\/v2\/users\/7"}],"replies":[{"embeddable":true,"href":"https:\/\/innova.campogalego.gal\/es\/wp-json\/wp\/v2\/comments?post=4340"}],"version-history":[{"count":2,"href":"https:\/\/innova.campogalego.gal\/es\/wp-json\/wp\/v2\/posts\/4340\/revisions"}],"predecessor-version":[{"id":4344,"href":"https:\/\/innova.campogalego.gal\/es\/wp-json\/wp\/v2\/posts\/4340\/revisions\/4344"}],"wp:featuredmedia":[{"embeddable":true,"href":"https:\/\/innova.campogalego.gal\/es\/wp-json\/wp\/v2\/media\/4045"}],"wp:attachment":[{"href":"https:\/\/innova.campogalego.gal\/es\/wp-json\/wp\/v2\/media?parent=4340"}],"wp:term":[{"taxonomy":"category","embeddable":true,"href":"https:\/\/innova.campogalego.gal\/es\/wp-json\/wp\/v2\/categories?post=4340"},{"taxonomy":"post_tag","embeddable":true,"href":"https:\/\/innova.campogalego.gal\/es\/wp-json\/wp\/v2\/tags?post=4340"}],"curies":[{"name":"wp","href":"https:\/\/api.w.org\/{rel}","templated":true}]}}