{"id":4350,"date":"2024-08-20T13:50:21","date_gmt":"2024-08-20T11:50:21","guid":{"rendered":"https:\/\/innova.campogalego.gal\/?p=4350"},"modified":"2024-08-20T13:50:21","modified_gmt":"2024-08-20T11:50:21","slug":"abierto-el-plazo-de-solicitudes-de-estancias-formativas-del-programa-cultiva-2024","status":"publish","type":"post","link":"https:\/\/innova.campogalego.gal\/es\/agricultura-es\/abierto-el-plazo-de-solicitudes-de-estancias-formativas-del-programa-cultiva-2024.html","title":{"rendered":"Abierto el plazo de solicitudes de estancias formativas del programa Cultiva 2024"},"content":{"rendered":"<p><img decoding=\"async\" loading=\"lazy\" src=\"data:image\/gif;base64,R0lGODlhAQABAAAAACH5BAEKAAEALAAAAAABAAEAAAICTAEAOw==\" alt=\"\" width=\"1200\" height=\"800\" class=\"aligncenter size-full wp-image-4348 lazyload\" sizes=\"(max-width:767px) 480px, (max-width:1200px) 100vw, 1200px\" data-src=\"https:\/\/innova.campogalego.gal\/wp-content\/uploads\/2024\/08\/cultivando-2023.jpg\" data-srcset=\"https:\/\/innova.campogalego.gal\/wp-content\/uploads\/2024\/08\/cultivando-2023.jpg 1200w, https:\/\/innova.campogalego.gal\/wp-content\/uploads\/2024\/08\/cultivando-2023-300x200.jpg 300w, https:\/\/innova.campogalego.gal\/wp-content\/uploads\/2024\/08\/cultivando-2023-1024x683.jpg 1024w\"><br \/>\nEl Ministerio de Agricultura abri\u00f3 el plazo para las personas j\u00f3venes interesadas en las estancias formativas en explotaciones agr\u00edcolas y ganaderas dentro del <strong><a href=\"https:\/\/www.mapa.gob.es\/es\/desarrollo-rural\/temas\/jovenes-rurales\/visitas-formativas\/default.aspx\" rel=\"noopener\" target=\"_blank\">programa Cultiva 2024<\/a><\/strong>. Las solicitudes pueden presentarse hasta el 5 de septiembre, incluido, en la sede electr\u00f3nica del ministerio. <\/p>\n<p>En la web de la administraci\u00f3n se puede <strong><a href=\"https:\/\/www.mapa.gob.es\/es\/desarrollo-rural\/temas\/jovenes-rurales\/catalogo_cultiva_2024_v1_tcm30-690626.pdf\" rel=\"noopener\" target=\"_blank\">consultar el cat\u00e1logo<\/a><\/strong> con las explotaciones ofertadas donde se pueden realizar las estancias formativas, con informaci\u00f3n detallada sobre las caracter\u00edsticas de cada una de ellas. En la b\u00fasqueda se puede seleccionar la estancia por territorio, fecha y producci\u00f3n agraria. Estas explotaciones est\u00e1n distribuidas por todas las comunidades aut\u00f3nomas y destacan por ser referentes desde el punto de vista de la innovaci\u00f3n, medios productivos, modelo de negocio y las caracter\u00edsticas sociales, ambientales y clim\u00e1ticas. <\/p>\n<p>Las estancias ofertadas est\u00e1n organizadas por las entidades colaboradoras del programa: Asociaci\u00f3n Agraria J\u00f3venes Agricultores (ASAJA), Asociaci\u00f3n de Criadores de Ganado Porcino Celta (ASOPORCEL), Cooperativas Agroalimentarias de Espa\u00f1a (CAE), Coordinadora de Organizaciones de Agricultores y Ganaderos (COAG), Fundaci\u00f3n Sano Isidro #Mico, Uni\u00f3n de Escuelas Familiares Agrarias (UNEFA), Uni\u00f3n de Peque\u00f1os Agricultores y Ganaderos (UPA), y Uni\u00f3n de Uniones de Agricultores y Ganaderos.<\/p>\n<p>El programa cubre los gastos de alojamiento, mantenimiento y transporte de las personas participantes durante la estancia formativa. Adem\u00e1s, contar\u00e1n con una compensaci\u00f3n por gastos de relevo para la atenci\u00f3n y gesti\u00f3n de su explotaci\u00f3n por parte de una tercera persona.<\/p>\n<p><strong>Requisitos para participar<\/strong><br \/>\nLas estancias est\u00e1n disponibles para todas las personas profesionales agrarias titulares de explotaci\u00f3n de hasta 40 a\u00f1os de edad, y tambi\u00e9n para aquellas que teniendo 41 o m\u00e1s a\u00f1os, se instalaron nos \u00faltimos 5 a\u00f1os, con 40 a\u00f1os o menos. Estas personas pueden elegir explotaciones con producciones iguales o diferentes a las suyas, independientemente del sector, y sitas en cualquier punto de territorio nacional.<\/p>\n<p>En el caso de haber participado en el programa en a\u00f1os anteriores, no puede asistir a estancias en las que ya hab\u00eda estado previamente. <\/p>\n<p><strong><a href=\"https:\/\/www.mapa.gob.es\/es\/desarrollo-rural\/temas\/jovenes-rurales\/visitas-formativas\/default.aspx\" rel=\"noopener\" target=\"_blank\">Toda la informaci\u00f3n<\/a><\/strong><\/p>\n","protected":false},"excerpt":{"rendered":"<p>El Ministerio de Agricultura abri\u00f3 el plazo para las personas j\u00f3venes interesadas en las estancias formativas en explotaciones agr\u00edcolas y ganaderas dentro del programa Cultiva 2024.<span class=\"excerpt-hellip\"> [\u2026]<\/span><\/p>\n","protected":false},"author":7,"featured_media":4348,"comment_status":"open","ping_status":"open","sticky":false,"template":"","format":"standard","meta":{"footnotes":""},"categories":[86,89],"tags":[],"acf":[],"yoast_head":"<!-- This site is optimized with the Yoast SEO plugin v21.2 - https:\/\/yoast.com\/wordpress\/plugins\/seo\/ -->\n<title>Abierto el plazo de solicitudes de estancias formativas del programa Cultiva 2024 - Innova - Campo Galego<\/title>\n<meta name=\"robots\" content=\"index, follow, max-snippet:-1, max-image-preview:large, max-video-preview:-1\" \/>\n<link rel=\"canonical\" href=\"https:\/\/innova.campogalego.gal\/es\/agricultura-es\/abierto-el-plazo-de-solicitudes-de-estancias-formativas-del-programa-cultiva-2024.html\" \/>\n<meta property=\"og:locale\" content=\"es_ES\" \/>\n<meta property=\"og:type\" content=\"article\" \/>\n<meta property=\"og:title\" content=\"Abierto el plazo de solicitudes de estancias formativas del programa Cultiva 2024 - Innova - Campo Galego\" \/>\n<meta property=\"og:description\" content=\"El Ministerio de Agricultura abri\u00f3 el plazo para las personas j\u00f3venes interesadas en las estancias formativas en explotaciones agr\u00edcolas y ganaderas dentro del programa Cultiva 2024. [\u2026]\" \/>\n<meta property=\"og:url\" content=\"https:\/\/innova.campogalego.gal\/es\/agricultura-es\/abierto-el-plazo-de-solicitudes-de-estancias-formativas-del-programa-cultiva-2024.html\" \/>\n<meta property=\"og:site_name\" content=\"Innova - Campo Galego\" \/>\n<meta property=\"article:published_time\" content=\"2024-08-20T11:50:21+00:00\" \/>\n<meta property=\"og:image\" content=\"https:\/\/innova.campogalego.gal\/wp-content\/uploads\/2024\/08\/cultivando-2023.jpg\" \/>\n\t<meta property=\"og:image:width\" content=\"1200\" \/>\n\t<meta property=\"og:image:height\" content=\"800\" \/>\n\t<meta property=\"og:image:type\" content=\"image\/jpeg\" \/>\n<meta name=\"author\" content=\"noelia\" \/>\n<meta name=\"twitter:card\" content=\"summary_large_image\" \/>\n<meta name=\"twitter:label1\" content=\"Escrito por\" \/>\n\t<meta name=\"twitter:data1\" content=\"noelia\" \/>\n\t<meta name=\"twitter:label2\" content=\"Tiempo de lectura\" \/>\n\t<meta name=\"twitter:data2\" content=\"2 minutos\" \/>\n<script type=\"application\/ld+json\" class=\"yoast-schema-graph\">{\"@context\":\"https:\/\/schema.org\",\"@graph\":[{\"@type\":\"WebPage\",\"@id\":\"https:\/\/innova.campogalego.gal\/es\/agricultura-es\/abierto-el-plazo-de-solicitudes-de-estancias-formativas-del-programa-cultiva-2024.html\",\"url\":\"https:\/\/innova.campogalego.gal\/es\/agricultura-es\/abierto-el-plazo-de-solicitudes-de-estancias-formativas-del-programa-cultiva-2024.html\",\"name\":\"Abierto el plazo de solicitudes de estancias formativas del programa Cultiva 2024 - Innova - Campo Galego\",\"isPartOf\":{\"@id\":\"https:\/\/innova.campogalego.gal\/es#website\"},\"datePublished\":\"2024-08-20T11:50:21+00:00\",\"dateModified\":\"2024-08-20T11:50:21+00:00\",\"author\":{\"@id\":\"https:\/\/innova.campogalego.gal\/es#\/schema\/person\/5f73832eaae2d2d2fe19cdf56f76e921\"},\"breadcrumb\":{\"@id\":\"https:\/\/innova.campogalego.gal\/es\/agricultura-es\/abierto-el-plazo-de-solicitudes-de-estancias-formativas-del-programa-cultiva-2024.html#breadcrumb\"},\"inLanguage\":\"es\",\"potentialAction\":[{\"@type\":\"ReadAction\",\"target\":[\"https:\/\/innova.campogalego.gal\/es\/agricultura-es\/abierto-el-plazo-de-solicitudes-de-estancias-formativas-del-programa-cultiva-2024.html\"]}]},{\"@type\":\"BreadcrumbList\",\"@id\":\"https:\/\/innova.campogalego.gal\/es\/agricultura-es\/abierto-el-plazo-de-solicitudes-de-estancias-formativas-del-programa-cultiva-2024.html#breadcrumb\",\"itemListElement\":[{\"@type\":\"ListItem\",\"position\":1,\"name\":\"Portada\",\"item\":\"https:\/\/innova.campogalego.gal\/es\"},{\"@type\":\"ListItem\",\"position\":2,\"name\":\"Abierto el plazo de solicitudes de estancias formativas del programa Cultiva 2024\"}]},{\"@type\":\"WebSite\",\"@id\":\"https:\/\/innova.campogalego.gal\/es#website\",\"url\":\"https:\/\/innova.campogalego.gal\/es\",\"name\":\"Innova - Campo Galego\",\"description\":\"\",\"potentialAction\":[{\"@type\":\"SearchAction\",\"target\":{\"@type\":\"EntryPoint\",\"urlTemplate\":\"https:\/\/innova.campogalego.gal\/es?s={search_term_string}\"},\"query-input\":\"required name=search_term_string\"}],\"inLanguage\":\"es\"},{\"@type\":\"Person\",\"@id\":\"https:\/\/innova.campogalego.gal\/es#\/schema\/person\/5f73832eaae2d2d2fe19cdf56f76e921\",\"name\":\"noelia\",\"image\":{\"@type\":\"ImageObject\",\"inLanguage\":\"es\",\"@id\":\"https:\/\/innova.campogalego.gal\/es#\/schema\/person\/image\/\",\"url\":\"https:\/\/secure.gravatar.com\/avatar\/b4912756e566b19c7962f96cfebbb102?s=96&d=mm&r=g\",\"contentUrl\":\"https:\/\/secure.gravatar.com\/avatar\/b4912756e566b19c7962f96cfebbb102?s=96&d=mm&r=g\",\"caption\":\"noelia\"},\"url\":\"https:\/\/innova.campogalego.gal\/es\/author\/noelia\"}]}<\/script>\n<!-- \/ Yoast SEO plugin. -->","yoast_head_json":{"title":"Abierto el plazo de solicitudes de estancias formativas del programa Cultiva 2024 - Innova - Campo Galego","robots":{"index":"index","follow":"follow","max-snippet":"max-snippet:-1","max-image-preview":"max-image-preview:large","max-video-preview":"max-video-preview:-1"},"canonical":"https:\/\/innova.campogalego.gal\/es\/agricultura-es\/abierto-el-plazo-de-solicitudes-de-estancias-formativas-del-programa-cultiva-2024.html","og_locale":"es_ES","og_type":"article","og_title":"Abierto el plazo de solicitudes de estancias formativas del programa Cultiva 2024 - Innova - Campo Galego","og_description":"El Ministerio de Agricultura abri\u00f3 el plazo para las personas j\u00f3venes interesadas en las estancias formativas en explotaciones agr\u00edcolas y ganaderas dentro del programa Cultiva 2024. [\u2026]","og_url":"https:\/\/innova.campogalego.gal\/es\/agricultura-es\/abierto-el-plazo-de-solicitudes-de-estancias-formativas-del-programa-cultiva-2024.html","og_site_name":"Innova - Campo Galego","article_published_time":"2024-08-20T11:50:21+00:00","og_image":[{"width":1200,"height":800,"url":"https:\/\/innova.campogalego.gal\/wp-content\/uploads\/2024\/08\/cultivando-2023.jpg","type":"image\/jpeg"}],"author":"noelia","twitter_card":"summary_large_image","twitter_misc":{"Escrito por":"noelia","Tiempo de lectura":"2 minutos"},"schema":{"@context":"https:\/\/schema.org","@graph":[{"@type":"WebPage","@id":"https:\/\/innova.campogalego.gal\/es\/agricultura-es\/abierto-el-plazo-de-solicitudes-de-estancias-formativas-del-programa-cultiva-2024.html","url":"https:\/\/innova.campogalego.gal\/es\/agricultura-es\/abierto-el-plazo-de-solicitudes-de-estancias-formativas-del-programa-cultiva-2024.html","name":"Abierto el plazo de solicitudes de estancias formativas del programa Cultiva 2024 - Innova - Campo Galego","isPartOf":{"@id":"https:\/\/innova.campogalego.gal\/es#website"},"datePublished":"2024-08-20T11:50:21+00:00","dateModified":"2024-08-20T11:50:21+00:00","author":{"@id":"https:\/\/innova.campogalego.gal\/es#\/schema\/person\/5f73832eaae2d2d2fe19cdf56f76e921"},"breadcrumb":{"@id":"https:\/\/innova.campogalego.gal\/es\/agricultura-es\/abierto-el-plazo-de-solicitudes-de-estancias-formativas-del-programa-cultiva-2024.html#breadcrumb"},"inLanguage":"es","potentialAction":[{"@type":"ReadAction","target":["https:\/\/innova.campogalego.gal\/es\/agricultura-es\/abierto-el-plazo-de-solicitudes-de-estancias-formativas-del-programa-cultiva-2024.html"]}]},{"@type":"BreadcrumbList","@id":"https:\/\/innova.campogalego.gal\/es\/agricultura-es\/abierto-el-plazo-de-solicitudes-de-estancias-formativas-del-programa-cultiva-2024.html#breadcrumb","itemListElement":[{"@type":"ListItem","position":1,"name":"Portada","item":"https:\/\/innova.campogalego.gal\/es"},{"@type":"ListItem","position":2,"name":"Abierto el plazo de solicitudes de estancias formativas del programa Cultiva 2024"}]},{"@type":"WebSite","@id":"https:\/\/innova.campogalego.gal\/es#website","url":"https:\/\/innova.campogalego.gal\/es","name":"Innova - Campo Galego","description":"","potentialAction":[{"@type":"SearchAction","target":{"@type":"EntryPoint","urlTemplate":"https:\/\/innova.campogalego.gal\/es?s={search_term_string}"},"query-input":"required name=search_term_string"}],"inLanguage":"es"},{"@type":"Person","@id":"https:\/\/innova.campogalego.gal\/es#\/schema\/person\/5f73832eaae2d2d2fe19cdf56f76e921","name":"noelia","image":{"@type":"ImageObject","inLanguage":"es","@id":"https:\/\/innova.campogalego.gal\/es#\/schema\/person\/image\/","url":"https:\/\/secure.gravatar.com\/avatar\/b4912756e566b19c7962f96cfebbb102?s=96&d=mm&r=g","contentUrl":"https:\/\/secure.gravatar.com\/avatar\/b4912756e566b19c7962f96cfebbb102?s=96&d=mm&r=g","caption":"noelia"},"url":"https:\/\/innova.campogalego.gal\/es\/author\/noelia"}]}},"_links":{"self":[{"href":"https:\/\/innova.campogalego.gal\/es\/wp-json\/wp\/v2\/posts\/4350"}],"collection":[{"href":"https:\/\/innova.campogalego.gal\/es\/wp-json\/wp\/v2\/posts"}],"about":[{"href":"https:\/\/innova.campogalego.gal\/es\/wp-json\/wp\/v2\/types\/post"}],"author":[{"embeddable":true,"href":"https:\/\/innova.campogalego.gal\/es\/wp-json\/wp\/v2\/users\/7"}],"replies":[{"embeddable":true,"href":"https:\/\/innova.campogalego.gal\/es\/wp-json\/wp\/v2\/comments?post=4350"}],"version-history":[{"count":2,"href":"https:\/\/innova.campogalego.gal\/es\/wp-json\/wp\/v2\/posts\/4350\/revisions"}],"predecessor-version":[{"id":4353,"href":"https:\/\/innova.campogalego.gal\/es\/wp-json\/wp\/v2\/posts\/4350\/revisions\/4353"}],"wp:featuredmedia":[{"embeddable":true,"href":"https:\/\/innova.campogalego.gal\/es\/wp-json\/wp\/v2\/media\/4348"}],"wp:attachment":[{"href":"https:\/\/innova.campogalego.gal\/es\/wp-json\/wp\/v2\/media?parent=4350"}],"wp:term":[{"taxonomy":"category","embeddable":true,"href":"https:\/\/innova.campogalego.gal\/es\/wp-json\/wp\/v2\/categories?post=4350"},{"taxonomy":"post_tag","embeddable":true,"href":"https:\/\/innova.campogalego.gal\/es\/wp-json\/wp\/v2\/tags?post=4350"}],"curies":[{"name":"wp","href":"https:\/\/api.w.org\/{rel}","templated":true}]}}