{"id":4423,"date":"2024-09-10T16:38:50","date_gmt":"2024-09-10T14:38:50","guid":{"rendered":"https:\/\/innova.campogalego.gal\/?p=4423"},"modified":"2024-09-10T16:38:50","modified_gmt":"2024-09-10T14:38:50","slug":"medio-rural-y-la-facultad-de-veterinaria-intensificaran-su-colaboracion-en-materia-de-formacion","status":"publish","type":"post","link":"https:\/\/innova.campogalego.gal\/es\/campus-terra-es\/medio-rural-y-la-facultad-de-veterinaria-intensificaran-su-colaboracion-en-materia-de-formacion.html","title":{"rendered":"Medio Rural y la facultad de Veterinaria intensificar\u00e1n su colaboraci\u00f3n en materia de formaci\u00f3n"},"content":{"rendered":"<div id=\"attachment_4421\" style=\"width: 1210px\" class=\"wp-caption aligncenter\"><img aria-describedby=\"caption-attachment-4421\" decoding=\"async\" loading=\"lazy\" class=\"size-full wp-image-4421 lazyload\" src=\"data:image\/gif;base64,R0lGODlhAQABAAAAACH5BAEKAAEALAAAAAABAAEAAAICTAEAOw==\" alt=\"\" width=\"1200\" height=\"800\" sizes=\"(max-width:767px) 480px, (max-width:1200px) 100vw, 1200px\" data-src=\"https:\/\/innova.campogalego.gal\/wp-content\/uploads\/2024\/09\/conselleira-e-decano-de-veterinaria.jpg\" data-srcset=\"https:\/\/innova.campogalego.gal\/wp-content\/uploads\/2024\/09\/conselleira-e-decano-de-veterinaria.jpg 1200w, https:\/\/innova.campogalego.gal\/wp-content\/uploads\/2024\/09\/conselleira-e-decano-de-veterinaria-300x200.jpg 300w, https:\/\/innova.campogalego.gal\/wp-content\/uploads\/2024\/09\/conselleira-e-decano-de-veterinaria-1024x683.jpg 1024w\"><p id=\"caption-attachment-4421\" class=\"wp-caption-text\">La conselleira do Medio Rural, Mar\u00eda Jos\u00e9 G\u00f3mez, y el decano de la facultad de Veterinaria, Gonzalo Fern\u00e1ndez. Cedida<\/p><\/div>\n<p>La Conseller\u00eda de Medio Rural y la facultad de Veterinaria de la USC intensificar\u00e1n su colaboraci\u00f3n mutua en materia de formaci\u00f3n, tanto del alumnado de los centros dependientes de la Conseller\u00eda como de los de la facultad ubicada en el campus de Lugo.<\/p>\n<p>La titular de la conseller\u00eda, Mar\u00eda Jos\u00e9 G\u00f3mez, calific\u00f3 esta colaboraci\u00f3n como \u00abnecesaria\u00bb y valor\u00f3 la \u00abrelaci\u00f3n \u00edntima que ya existe\u00bb entre centros propios como el Centro de Formaci\u00f3n y Experimentaci\u00f3n Agroforestal (CFEA) de Sergude (Boqueix\u00f3n) y el Centro de Investigaciones Agrarias de Mabegondo (CIAM) con la citada facultad, una relaci\u00f3n que se seguir\u00e1 ampliando.<\/p>\n<p>Ambas partes profundizar\u00e1n en el desarrollo de nuevas acciones formativas para sus respectivos alumnos, ampliando as\u00ed el convenio existente de cooperaci\u00f3n educativa suscrito entre la Agencia Gallega de la Calidad Alimentaria, dependiente de la Conseller\u00eda, y las tres universidades gallegas. En virtud de este acuerdo, las partes firmantes acordaron establecer un programa para la realizaci\u00f3n de pr\u00e1cticas, tanto curriculares como extracurriculares, en el caso del alumnado de master.<\/p>\n<p>A mayores, un total de 64 estudiantes de 2\u00ba curso de Ganader\u00eda y asistencia en sanidad animal del CFEA de Sergude realizaron ya formaci\u00f3n pr\u00e1ctica en el Hospital Veterinario Universitario Rof Codina, dependiente de la USC y situado en el campus de Lugo. Esta iniciativa se lleva realizando en los \u00faltimos tres cursos acad\u00e9micos. As\u00ed mismo, estudiantes de la facultad de Veterinaria pueden recibir formaci\u00f3n por parte del personal del CIAM, adscrito a la Conseller\u00eda. En este sentido ya existen colaboraciones formativas entre ambas entidades como la del M\u00e1ster de Producci\u00f3n de Leche.<\/p>\n","protected":false},"excerpt":{"rendered":"<p>La Conseller\u00eda de Medio Rural y la facultad de Veterinaria de la USC intensificar\u00e1n su colaboraci\u00f3n mutua en materia de formaci\u00f3n, tanto del alumnado de los<span class=\"excerpt-hellip\"> [\u2026]<\/span><\/p>\n","protected":false},"author":7,"featured_media":4421,"comment_status":"open","ping_status":"open","sticky":false,"template":"","format":"standard","meta":{"footnotes":""},"categories":[92],"tags":[238,405,177],"acf":[],"yoast_head":"<!-- This site is optimized with the Yoast SEO plugin v21.2 - https:\/\/yoast.com\/wordpress\/plugins\/seo\/ -->\n<title>Medio Rural y la facultad de Veterinaria intensificar\u00e1n su colaboraci\u00f3n en materia de formaci\u00f3n - Innova - Campo Galego<\/title>\n<meta name=\"robots\" content=\"index, follow, max-snippet:-1, max-image-preview:large, max-video-preview:-1\" \/>\n<link rel=\"canonical\" href=\"https:\/\/innova.campogalego.gal\/es\/campus-terra-es\/medio-rural-y-la-facultad-de-veterinaria-intensificaran-su-colaboracion-en-materia-de-formacion.html\" \/>\n<meta property=\"og:locale\" content=\"es_ES\" \/>\n<meta property=\"og:type\" content=\"article\" \/>\n<meta property=\"og:title\" content=\"Medio Rural y la facultad de Veterinaria intensificar\u00e1n su colaboraci\u00f3n en materia de formaci\u00f3n - Innova - Campo Galego\" \/>\n<meta property=\"og:description\" content=\"La Conseller\u00eda de Medio Rural y la facultad de Veterinaria de la USC intensificar\u00e1n su colaboraci\u00f3n mutua en materia de formaci\u00f3n, tanto del alumnado de los [\u2026]\" \/>\n<meta property=\"og:url\" content=\"https:\/\/innova.campogalego.gal\/es\/campus-terra-es\/medio-rural-y-la-facultad-de-veterinaria-intensificaran-su-colaboracion-en-materia-de-formacion.html\" \/>\n<meta property=\"og:site_name\" content=\"Innova - Campo Galego\" \/>\n<meta property=\"article:published_time\" content=\"2024-09-10T14:38:50+00:00\" \/>\n<meta property=\"og:image\" content=\"https:\/\/innova.campogalego.gal\/wp-content\/uploads\/2024\/09\/conselleira-e-decano-de-veterinaria.jpg\" \/>\n\t<meta property=\"og:image:width\" content=\"1200\" \/>\n\t<meta property=\"og:image:height\" content=\"800\" \/>\n\t<meta property=\"og:image:type\" content=\"image\/jpeg\" \/>\n<meta name=\"author\" content=\"noelia\" \/>\n<meta name=\"twitter:card\" content=\"summary_large_image\" \/>\n<meta name=\"twitter:label1\" content=\"Escrito por\" \/>\n\t<meta name=\"twitter:data1\" content=\"noelia\" \/>\n\t<meta name=\"twitter:label2\" content=\"Tiempo de lectura\" \/>\n\t<meta name=\"twitter:data2\" content=\"2 minutos\" \/>\n<script type=\"application\/ld+json\" class=\"yoast-schema-graph\">{\"@context\":\"https:\/\/schema.org\",\"@graph\":[{\"@type\":\"WebPage\",\"@id\":\"https:\/\/innova.campogalego.gal\/es\/campus-terra-es\/medio-rural-y-la-facultad-de-veterinaria-intensificaran-su-colaboracion-en-materia-de-formacion.html\",\"url\":\"https:\/\/innova.campogalego.gal\/es\/campus-terra-es\/medio-rural-y-la-facultad-de-veterinaria-intensificaran-su-colaboracion-en-materia-de-formacion.html\",\"name\":\"Medio Rural y la facultad de Veterinaria intensificar\u00e1n su colaboraci\u00f3n en materia de formaci\u00f3n - Innova - Campo Galego\",\"isPartOf\":{\"@id\":\"https:\/\/innova.campogalego.gal\/es#website\"},\"datePublished\":\"2024-09-10T14:38:50+00:00\",\"dateModified\":\"2024-09-10T14:38:50+00:00\",\"author\":{\"@id\":\"https:\/\/innova.campogalego.gal\/es#\/schema\/person\/5f73832eaae2d2d2fe19cdf56f76e921\"},\"breadcrumb\":{\"@id\":\"https:\/\/innova.campogalego.gal\/es\/campus-terra-es\/medio-rural-y-la-facultad-de-veterinaria-intensificaran-su-colaboracion-en-materia-de-formacion.html#breadcrumb\"},\"inLanguage\":\"es\",\"potentialAction\":[{\"@type\":\"ReadAction\",\"target\":[\"https:\/\/innova.campogalego.gal\/es\/campus-terra-es\/medio-rural-y-la-facultad-de-veterinaria-intensificaran-su-colaboracion-en-materia-de-formacion.html\"]}]},{\"@type\":\"BreadcrumbList\",\"@id\":\"https:\/\/innova.campogalego.gal\/es\/campus-terra-es\/medio-rural-y-la-facultad-de-veterinaria-intensificaran-su-colaboracion-en-materia-de-formacion.html#breadcrumb\",\"itemListElement\":[{\"@type\":\"ListItem\",\"position\":1,\"name\":\"Portada\",\"item\":\"https:\/\/innova.campogalego.gal\/es\"},{\"@type\":\"ListItem\",\"position\":2,\"name\":\"Medio Rural y la facultad de Veterinaria intensificar\u00e1n su colaboraci\u00f3n en materia de formaci\u00f3n\"}]},{\"@type\":\"WebSite\",\"@id\":\"https:\/\/innova.campogalego.gal\/es#website\",\"url\":\"https:\/\/innova.campogalego.gal\/es\",\"name\":\"Innova - Campo Galego\",\"description\":\"\",\"potentialAction\":[{\"@type\":\"SearchAction\",\"target\":{\"@type\":\"EntryPoint\",\"urlTemplate\":\"https:\/\/innova.campogalego.gal\/es?s={search_term_string}\"},\"query-input\":\"required name=search_term_string\"}],\"inLanguage\":\"es\"},{\"@type\":\"Person\",\"@id\":\"https:\/\/innova.campogalego.gal\/es#\/schema\/person\/5f73832eaae2d2d2fe19cdf56f76e921\",\"name\":\"noelia\",\"image\":{\"@type\":\"ImageObject\",\"inLanguage\":\"es\",\"@id\":\"https:\/\/innova.campogalego.gal\/es#\/schema\/person\/image\/\",\"url\":\"https:\/\/secure.gravatar.com\/avatar\/b4912756e566b19c7962f96cfebbb102?s=96&d=mm&r=g\",\"contentUrl\":\"https:\/\/secure.gravatar.com\/avatar\/b4912756e566b19c7962f96cfebbb102?s=96&d=mm&r=g\",\"caption\":\"noelia\"},\"url\":\"https:\/\/innova.campogalego.gal\/es\/author\/noelia\"}]}<\/script>\n<!-- \/ Yoast SEO plugin. -->","yoast_head_json":{"title":"Medio Rural y la facultad de Veterinaria intensificar\u00e1n su colaboraci\u00f3n en materia de formaci\u00f3n - Innova - Campo Galego","robots":{"index":"index","follow":"follow","max-snippet":"max-snippet:-1","max-image-preview":"max-image-preview:large","max-video-preview":"max-video-preview:-1"},"canonical":"https:\/\/innova.campogalego.gal\/es\/campus-terra-es\/medio-rural-y-la-facultad-de-veterinaria-intensificaran-su-colaboracion-en-materia-de-formacion.html","og_locale":"es_ES","og_type":"article","og_title":"Medio Rural y la facultad de Veterinaria intensificar\u00e1n su colaboraci\u00f3n en materia de formaci\u00f3n - Innova - Campo Galego","og_description":"La Conseller\u00eda de Medio Rural y la facultad de Veterinaria de la USC intensificar\u00e1n su colaboraci\u00f3n mutua en materia de formaci\u00f3n, tanto del alumnado de los [\u2026]","og_url":"https:\/\/innova.campogalego.gal\/es\/campus-terra-es\/medio-rural-y-la-facultad-de-veterinaria-intensificaran-su-colaboracion-en-materia-de-formacion.html","og_site_name":"Innova - Campo Galego","article_published_time":"2024-09-10T14:38:50+00:00","og_image":[{"width":1200,"height":800,"url":"https:\/\/innova.campogalego.gal\/wp-content\/uploads\/2024\/09\/conselleira-e-decano-de-veterinaria.jpg","type":"image\/jpeg"}],"author":"noelia","twitter_card":"summary_large_image","twitter_misc":{"Escrito por":"noelia","Tiempo de lectura":"2 minutos"},"schema":{"@context":"https:\/\/schema.org","@graph":[{"@type":"WebPage","@id":"https:\/\/innova.campogalego.gal\/es\/campus-terra-es\/medio-rural-y-la-facultad-de-veterinaria-intensificaran-su-colaboracion-en-materia-de-formacion.html","url":"https:\/\/innova.campogalego.gal\/es\/campus-terra-es\/medio-rural-y-la-facultad-de-veterinaria-intensificaran-su-colaboracion-en-materia-de-formacion.html","name":"Medio Rural y la facultad de Veterinaria intensificar\u00e1n su colaboraci\u00f3n en materia de formaci\u00f3n - Innova - Campo Galego","isPartOf":{"@id":"https:\/\/innova.campogalego.gal\/es#website"},"datePublished":"2024-09-10T14:38:50+00:00","dateModified":"2024-09-10T14:38:50+00:00","author":{"@id":"https:\/\/innova.campogalego.gal\/es#\/schema\/person\/5f73832eaae2d2d2fe19cdf56f76e921"},"breadcrumb":{"@id":"https:\/\/innova.campogalego.gal\/es\/campus-terra-es\/medio-rural-y-la-facultad-de-veterinaria-intensificaran-su-colaboracion-en-materia-de-formacion.html#breadcrumb"},"inLanguage":"es","potentialAction":[{"@type":"ReadAction","target":["https:\/\/innova.campogalego.gal\/es\/campus-terra-es\/medio-rural-y-la-facultad-de-veterinaria-intensificaran-su-colaboracion-en-materia-de-formacion.html"]}]},{"@type":"BreadcrumbList","@id":"https:\/\/innova.campogalego.gal\/es\/campus-terra-es\/medio-rural-y-la-facultad-de-veterinaria-intensificaran-su-colaboracion-en-materia-de-formacion.html#breadcrumb","itemListElement":[{"@type":"ListItem","position":1,"name":"Portada","item":"https:\/\/innova.campogalego.gal\/es"},{"@type":"ListItem","position":2,"name":"Medio Rural y la facultad de Veterinaria intensificar\u00e1n su colaboraci\u00f3n en materia de formaci\u00f3n"}]},{"@type":"WebSite","@id":"https:\/\/innova.campogalego.gal\/es#website","url":"https:\/\/innova.campogalego.gal\/es","name":"Innova - Campo Galego","description":"","potentialAction":[{"@type":"SearchAction","target":{"@type":"EntryPoint","urlTemplate":"https:\/\/innova.campogalego.gal\/es?s={search_term_string}"},"query-input":"required name=search_term_string"}],"inLanguage":"es"},{"@type":"Person","@id":"https:\/\/innova.campogalego.gal\/es#\/schema\/person\/5f73832eaae2d2d2fe19cdf56f76e921","name":"noelia","image":{"@type":"ImageObject","inLanguage":"es","@id":"https:\/\/innova.campogalego.gal\/es#\/schema\/person\/image\/","url":"https:\/\/secure.gravatar.com\/avatar\/b4912756e566b19c7962f96cfebbb102?s=96&d=mm&r=g","contentUrl":"https:\/\/secure.gravatar.com\/avatar\/b4912756e566b19c7962f96cfebbb102?s=96&d=mm&r=g","caption":"noelia"},"url":"https:\/\/innova.campogalego.gal\/es\/author\/noelia"}]}},"_links":{"self":[{"href":"https:\/\/innova.campogalego.gal\/es\/wp-json\/wp\/v2\/posts\/4423"}],"collection":[{"href":"https:\/\/innova.campogalego.gal\/es\/wp-json\/wp\/v2\/posts"}],"about":[{"href":"https:\/\/innova.campogalego.gal\/es\/wp-json\/wp\/v2\/types\/post"}],"author":[{"embeddable":true,"href":"https:\/\/innova.campogalego.gal\/es\/wp-json\/wp\/v2\/users\/7"}],"replies":[{"embeddable":true,"href":"https:\/\/innova.campogalego.gal\/es\/wp-json\/wp\/v2\/comments?post=4423"}],"version-history":[{"count":2,"href":"https:\/\/innova.campogalego.gal\/es\/wp-json\/wp\/v2\/posts\/4423\/revisions"}],"predecessor-version":[{"id":4427,"href":"https:\/\/innova.campogalego.gal\/es\/wp-json\/wp\/v2\/posts\/4423\/revisions\/4427"}],"wp:featuredmedia":[{"embeddable":true,"href":"https:\/\/innova.campogalego.gal\/es\/wp-json\/wp\/v2\/media\/4421"}],"wp:attachment":[{"href":"https:\/\/innova.campogalego.gal\/es\/wp-json\/wp\/v2\/media?parent=4423"}],"wp:term":[{"taxonomy":"category","embeddable":true,"href":"https:\/\/innova.campogalego.gal\/es\/wp-json\/wp\/v2\/categories?post=4423"},{"taxonomy":"post_tag","embeddable":true,"href":"https:\/\/innova.campogalego.gal\/es\/wp-json\/wp\/v2\/tags?post=4423"}],"curies":[{"name":"wp","href":"https:\/\/api.w.org\/{rel}","templated":true}]}}