{"id":4478,"date":"2024-09-26T19:14:10","date_gmt":"2024-09-26T17:14:10","guid":{"rendered":"https:\/\/innova.campogalego.gal\/?p=4478"},"modified":"2024-09-26T19:14:10","modified_gmt":"2024-09-26T17:14:10","slug":"seminario-incendios-forestales-realidad-actual-y-futura-de-los-grandes-incendios-en-espana","status":"publish","type":"post","link":"https:\/\/innova.campogalego.gal\/es\/campus-terra-es\/seminario-incendios-forestales-realidad-actual-y-futura-de-los-grandes-incendios-en-espana.html","title":{"rendered":"Seminario &#8216;Incendios forestales. Realidad actual y futura de los grandes incendios en Espa\u00f1a&#8217;"},"content":{"rendered":"<div id=\"attachment_980\" style=\"width: 1210px\" class=\"wp-caption aligncenter\"><img aria-describedby=\"caption-attachment-980\" decoding=\"async\" loading=\"lazy\" class=\"size-full wp-image-980 lazyload\" src=\"data:image\/gif;base64,R0lGODlhAQABAAAAACH5BAEKAAEALAAAAAABAAEAAAICTAEAOw==\" alt=\"\" width=\"1200\" height=\"800\" sizes=\"(max-width:767px) 480px, (max-width:1200px) 100vw, 1200px\" data-src=\"https:\/\/innova.campogalego.gal\/wp-content\/uploads\/2023\/10\/incendiosalvite-2023-10-09.jpg\" data-srcset=\"https:\/\/innova.campogalego.gal\/wp-content\/uploads\/2023\/10\/incendiosalvite-2023-10-09.jpg 1200w, https:\/\/innova.campogalego.gal\/wp-content\/uploads\/2023\/10\/incendiosalvite-2023-10-09-300x200.jpg 300w, https:\/\/innova.campogalego.gal\/wp-content\/uploads\/2023\/10\/incendiosalvite-2023-10-09-1024x683.jpg 1024w\"><p id=\"caption-attachment-980\" class=\"wp-caption-text\">Imagen de archivo<\/p><\/div>\n<p>El seminario &#8216;Incendios forestales. Realidad actual y futura de los grandes incendios en Espa\u00f1a&#8217; se desarrollar\u00e1 el 1 de octubre, a las 12.00 horas, en la Escuela Polit\u00e9cnica Superior de Ingenier\u00eda del Campus Terra. El foro se dirige a estudiantado de grado y m\u00e1ster.<\/p>\n<p>El seminario completa los conocimientos estudiados en la materia Regeneraci\u00f3n y Restauraci\u00f3n tras incendio que se imparte en el m\u00e1ster de Ingenier\u00eda de Montes de la EPSE. Jorge de las Heras Ib\u00e1\u00f1ez, catedr\u00e1tico en el \u00e1rea de Producci\u00f3n Vegetal en la Universidad de Castilla La Mancha, es el ponente propuesto para la actividad formativa.<\/p>\n<p>El programa aborda temas como las relaciones entre el clima, la meteorolog\u00eda y los incendios, \u00edndices de peligro meteorol\u00f3gico, el cambio clim\u00e1tico e incendios forestales o las respuestas de la vegetaci\u00f3n ante el fuego, entre otros. Coordinado por Mar\u00eda del Pilar Gonz\u00e1lez Hern\u00e1ndez, la actividad oferta un total de 40 plazas.<\/p>\n<p>Las personas interesadas pueden <a href=\"https:\/\/forms.office.com\/pages\/responsepage.aspx?id=LEUNj6S3ZEm4EIw5c3RHe2pSadVNiD9Gu1ikK2v_Qr9UNU5YUkJUUjFOQUlDUjdRVDFMTk1DUUszVC4u&amp;origin=lprLink&amp;route=shorturl\" target=\"_blank\" rel=\"noopener\">cubrir aqu\u00ed el formulario de inscripci\u00f3n<\/a>.<\/p>\n","protected":false},"excerpt":{"rendered":"<p>El seminario &#8216;Incendios forestales. Realidad actual y futura de los grandes incendios en Espa\u00f1a&#8217; se desarrollar\u00e1 el 1 de octubre, a las 12.00 horas, en la<span class=\"excerpt-hellip\"> [\u2026]<\/span><\/p>\n","protected":false},"author":12,"featured_media":980,"comment_status":"open","ping_status":"open","sticky":false,"template":"","format":"standard","meta":{"footnotes":""},"categories":[92,88],"tags":[151],"acf":[],"yoast_head":"<!-- This site is optimized with the Yoast SEO plugin v21.2 - https:\/\/yoast.com\/wordpress\/plugins\/seo\/ -->\n<title>Seminario &#039;Incendios forestales. Realidad actual y futura de los grandes incendios en Espa\u00f1a&#039; - Innova - Campo Galego<\/title>\n<meta name=\"robots\" content=\"index, follow, max-snippet:-1, max-image-preview:large, max-video-preview:-1\" \/>\n<link rel=\"canonical\" href=\"https:\/\/innova.campogalego.gal\/es\/campus-terra-es\/seminario-incendios-forestales-realidad-actual-y-futura-de-los-grandes-incendios-en-espana.html\" \/>\n<meta property=\"og:locale\" content=\"es_ES\" \/>\n<meta property=\"og:type\" content=\"article\" \/>\n<meta property=\"og:title\" content=\"Seminario &#039;Incendios forestales. Realidad actual y futura de los grandes incendios en Espa\u00f1a&#039; - Innova - Campo Galego\" \/>\n<meta property=\"og:description\" content=\"El seminario &#8216;Incendios forestales. Realidad actual y futura de los grandes incendios en Espa\u00f1a&#8217; se desarrollar\u00e1 el 1 de octubre, a las 12.00 horas, en la [\u2026]\" \/>\n<meta property=\"og:url\" content=\"https:\/\/innova.campogalego.gal\/es\/campus-terra-es\/seminario-incendios-forestales-realidad-actual-y-futura-de-los-grandes-incendios-en-espana.html\" \/>\n<meta property=\"og:site_name\" content=\"Innova - Campo Galego\" \/>\n<meta property=\"article:published_time\" content=\"2024-09-26T17:14:10+00:00\" \/>\n<meta property=\"og:image\" content=\"https:\/\/innova.campogalego.gal\/wp-content\/uploads\/2023\/10\/incendiosalvite-2023-10-09.jpg\" \/>\n\t<meta property=\"og:image:width\" content=\"1200\" \/>\n\t<meta property=\"og:image:height\" content=\"800\" \/>\n\t<meta property=\"og:image:type\" content=\"image\/jpeg\" \/>\n<meta name=\"author\" content=\"Ines Abelenda\" \/>\n<meta name=\"twitter:card\" content=\"summary_large_image\" \/>\n<meta name=\"twitter:label1\" content=\"Escrito por\" \/>\n\t<meta name=\"twitter:data1\" content=\"Ines Abelenda\" \/>\n\t<meta name=\"twitter:label2\" content=\"Tiempo de lectura\" \/>\n\t<meta name=\"twitter:data2\" content=\"2 minutos\" \/>\n<script type=\"application\/ld+json\" class=\"yoast-schema-graph\">{\"@context\":\"https:\/\/schema.org\",\"@graph\":[{\"@type\":\"WebPage\",\"@id\":\"https:\/\/innova.campogalego.gal\/es\/campus-terra-es\/seminario-incendios-forestales-realidad-actual-y-futura-de-los-grandes-incendios-en-espana.html\",\"url\":\"https:\/\/innova.campogalego.gal\/es\/campus-terra-es\/seminario-incendios-forestales-realidad-actual-y-futura-de-los-grandes-incendios-en-espana.html\",\"name\":\"Seminario 'Incendios forestales. Realidad actual y futura de los grandes incendios en Espa\u00f1a' - Innova - Campo Galego\",\"isPartOf\":{\"@id\":\"https:\/\/innova.campogalego.gal\/es#website\"},\"datePublished\":\"2024-09-26T17:14:10+00:00\",\"dateModified\":\"2024-09-26T17:14:10+00:00\",\"author\":{\"@id\":\"https:\/\/innova.campogalego.gal\/es#\/schema\/person\/6e4b7d6d686e401bec27d34264139b0e\"},\"breadcrumb\":{\"@id\":\"https:\/\/innova.campogalego.gal\/es\/campus-terra-es\/seminario-incendios-forestales-realidad-actual-y-futura-de-los-grandes-incendios-en-espana.html#breadcrumb\"},\"inLanguage\":\"es\",\"potentialAction\":[{\"@type\":\"ReadAction\",\"target\":[\"https:\/\/innova.campogalego.gal\/es\/campus-terra-es\/seminario-incendios-forestales-realidad-actual-y-futura-de-los-grandes-incendios-en-espana.html\"]}]},{\"@type\":\"BreadcrumbList\",\"@id\":\"https:\/\/innova.campogalego.gal\/es\/campus-terra-es\/seminario-incendios-forestales-realidad-actual-y-futura-de-los-grandes-incendios-en-espana.html#breadcrumb\",\"itemListElement\":[{\"@type\":\"ListItem\",\"position\":1,\"name\":\"Portada\",\"item\":\"https:\/\/innova.campogalego.gal\/es\"},{\"@type\":\"ListItem\",\"position\":2,\"name\":\"Seminario &#8216;Incendios forestales. Realidad actual y futura de los grandes incendios en Espa\u00f1a&#8217;\"}]},{\"@type\":\"WebSite\",\"@id\":\"https:\/\/innova.campogalego.gal\/es#website\",\"url\":\"https:\/\/innova.campogalego.gal\/es\",\"name\":\"Innova - Campo Galego\",\"description\":\"\",\"potentialAction\":[{\"@type\":\"SearchAction\",\"target\":{\"@type\":\"EntryPoint\",\"urlTemplate\":\"https:\/\/innova.campogalego.gal\/es?s={search_term_string}\"},\"query-input\":\"required name=search_term_string\"}],\"inLanguage\":\"es\"},{\"@type\":\"Person\",\"@id\":\"https:\/\/innova.campogalego.gal\/es#\/schema\/person\/6e4b7d6d686e401bec27d34264139b0e\",\"name\":\"Ines Abelenda\",\"image\":{\"@type\":\"ImageObject\",\"inLanguage\":\"es\",\"@id\":\"https:\/\/innova.campogalego.gal\/es#\/schema\/person\/image\/\",\"url\":\"https:\/\/secure.gravatar.com\/avatar\/437a17220ee2261420e7298355a194eb?s=96&d=mm&r=g\",\"contentUrl\":\"https:\/\/secure.gravatar.com\/avatar\/437a17220ee2261420e7298355a194eb?s=96&d=mm&r=g\",\"caption\":\"Ines Abelenda\"},\"url\":\"https:\/\/innova.campogalego.gal\/es\/author\/ines\"}]}<\/script>\n<!-- \/ Yoast SEO plugin. -->","yoast_head_json":{"title":"Seminario 'Incendios forestales. Realidad actual y futura de los grandes incendios en Espa\u00f1a' - Innova - Campo Galego","robots":{"index":"index","follow":"follow","max-snippet":"max-snippet:-1","max-image-preview":"max-image-preview:large","max-video-preview":"max-video-preview:-1"},"canonical":"https:\/\/innova.campogalego.gal\/es\/campus-terra-es\/seminario-incendios-forestales-realidad-actual-y-futura-de-los-grandes-incendios-en-espana.html","og_locale":"es_ES","og_type":"article","og_title":"Seminario 'Incendios forestales. Realidad actual y futura de los grandes incendios en Espa\u00f1a' - Innova - Campo Galego","og_description":"El seminario &#8216;Incendios forestales. Realidad actual y futura de los grandes incendios en Espa\u00f1a&#8217; se desarrollar\u00e1 el 1 de octubre, a las 12.00 horas, en la [\u2026]","og_url":"https:\/\/innova.campogalego.gal\/es\/campus-terra-es\/seminario-incendios-forestales-realidad-actual-y-futura-de-los-grandes-incendios-en-espana.html","og_site_name":"Innova - Campo Galego","article_published_time":"2024-09-26T17:14:10+00:00","og_image":[{"width":1200,"height":800,"url":"https:\/\/innova.campogalego.gal\/wp-content\/uploads\/2023\/10\/incendiosalvite-2023-10-09.jpg","type":"image\/jpeg"}],"author":"Ines Abelenda","twitter_card":"summary_large_image","twitter_misc":{"Escrito por":"Ines Abelenda","Tiempo de lectura":"2 minutos"},"schema":{"@context":"https:\/\/schema.org","@graph":[{"@type":"WebPage","@id":"https:\/\/innova.campogalego.gal\/es\/campus-terra-es\/seminario-incendios-forestales-realidad-actual-y-futura-de-los-grandes-incendios-en-espana.html","url":"https:\/\/innova.campogalego.gal\/es\/campus-terra-es\/seminario-incendios-forestales-realidad-actual-y-futura-de-los-grandes-incendios-en-espana.html","name":"Seminario 'Incendios forestales. Realidad actual y futura de los grandes incendios en Espa\u00f1a' - Innova - Campo Galego","isPartOf":{"@id":"https:\/\/innova.campogalego.gal\/es#website"},"datePublished":"2024-09-26T17:14:10+00:00","dateModified":"2024-09-26T17:14:10+00:00","author":{"@id":"https:\/\/innova.campogalego.gal\/es#\/schema\/person\/6e4b7d6d686e401bec27d34264139b0e"},"breadcrumb":{"@id":"https:\/\/innova.campogalego.gal\/es\/campus-terra-es\/seminario-incendios-forestales-realidad-actual-y-futura-de-los-grandes-incendios-en-espana.html#breadcrumb"},"inLanguage":"es","potentialAction":[{"@type":"ReadAction","target":["https:\/\/innova.campogalego.gal\/es\/campus-terra-es\/seminario-incendios-forestales-realidad-actual-y-futura-de-los-grandes-incendios-en-espana.html"]}]},{"@type":"BreadcrumbList","@id":"https:\/\/innova.campogalego.gal\/es\/campus-terra-es\/seminario-incendios-forestales-realidad-actual-y-futura-de-los-grandes-incendios-en-espana.html#breadcrumb","itemListElement":[{"@type":"ListItem","position":1,"name":"Portada","item":"https:\/\/innova.campogalego.gal\/es"},{"@type":"ListItem","position":2,"name":"Seminario &#8216;Incendios forestales. Realidad actual y futura de los grandes incendios en Espa\u00f1a&#8217;"}]},{"@type":"WebSite","@id":"https:\/\/innova.campogalego.gal\/es#website","url":"https:\/\/innova.campogalego.gal\/es","name":"Innova - Campo Galego","description":"","potentialAction":[{"@type":"SearchAction","target":{"@type":"EntryPoint","urlTemplate":"https:\/\/innova.campogalego.gal\/es?s={search_term_string}"},"query-input":"required name=search_term_string"}],"inLanguage":"es"},{"@type":"Person","@id":"https:\/\/innova.campogalego.gal\/es#\/schema\/person\/6e4b7d6d686e401bec27d34264139b0e","name":"Ines Abelenda","image":{"@type":"ImageObject","inLanguage":"es","@id":"https:\/\/innova.campogalego.gal\/es#\/schema\/person\/image\/","url":"https:\/\/secure.gravatar.com\/avatar\/437a17220ee2261420e7298355a194eb?s=96&d=mm&r=g","contentUrl":"https:\/\/secure.gravatar.com\/avatar\/437a17220ee2261420e7298355a194eb?s=96&d=mm&r=g","caption":"Ines Abelenda"},"url":"https:\/\/innova.campogalego.gal\/es\/author\/ines"}]}},"_links":{"self":[{"href":"https:\/\/innova.campogalego.gal\/es\/wp-json\/wp\/v2\/posts\/4478"}],"collection":[{"href":"https:\/\/innova.campogalego.gal\/es\/wp-json\/wp\/v2\/posts"}],"about":[{"href":"https:\/\/innova.campogalego.gal\/es\/wp-json\/wp\/v2\/types\/post"}],"author":[{"embeddable":true,"href":"https:\/\/innova.campogalego.gal\/es\/wp-json\/wp\/v2\/users\/12"}],"replies":[{"embeddable":true,"href":"https:\/\/innova.campogalego.gal\/es\/wp-json\/wp\/v2\/comments?post=4478"}],"version-history":[{"count":2,"href":"https:\/\/innova.campogalego.gal\/es\/wp-json\/wp\/v2\/posts\/4478\/revisions"}],"predecessor-version":[{"id":4480,"href":"https:\/\/innova.campogalego.gal\/es\/wp-json\/wp\/v2\/posts\/4478\/revisions\/4480"}],"wp:featuredmedia":[{"embeddable":true,"href":"https:\/\/innova.campogalego.gal\/es\/wp-json\/wp\/v2\/media\/980"}],"wp:attachment":[{"href":"https:\/\/innova.campogalego.gal\/es\/wp-json\/wp\/v2\/media?parent=4478"}],"wp:term":[{"taxonomy":"category","embeddable":true,"href":"https:\/\/innova.campogalego.gal\/es\/wp-json\/wp\/v2\/categories?post=4478"},{"taxonomy":"post_tag","embeddable":true,"href":"https:\/\/innova.campogalego.gal\/es\/wp-json\/wp\/v2\/tags?post=4478"}],"curies":[{"name":"wp","href":"https:\/\/api.w.org\/{rel}","templated":true}]}}