{"id":4494,"date":"2024-10-05T16:37:25","date_gmt":"2024-10-05T14:37:25","guid":{"rendered":"https:\/\/innova.campogalego.gal\/?p=4494"},"modified":"2024-10-05T16:37:25","modified_gmt":"2024-10-05T14:37:25","slug":"ampliado-hasta-el-31-de-octubre-el-plazo-para-concurrir-a-los-premios-rafael-crecente-a-iniciativas-innovadoras-de-gestion-territorial","status":"publish","type":"post","link":"https:\/\/innova.campogalego.gal\/es\/campus-terra-es\/ampliado-hasta-el-31-de-octubre-el-plazo-para-concurrir-a-los-premios-rafael-crecente-a-iniciativas-innovadoras-de-gestion-territorial.html","title":{"rendered":"Ampliado hasta el 31 de octubre el plazo para concurrir a los Premios Rafael Crecente a iniciativas innovadoras de gesti\u00f3n territorial"},"content":{"rendered":"<div id=\"attachment_4490\" style=\"width: 1210px\" class=\"wp-caption aligncenter\"><img aria-describedby=\"caption-attachment-4490\" decoding=\"async\" loading=\"lazy\" class=\"size-full wp-image-4490 lazyload\" src=\"data:image\/gif;base64,R0lGODlhAQABAAAAACH5BAEKAAEALAAAAAABAAEAAAICTAEAOw==\" alt=\"\" width=\"1200\" height=\"800\" sizes=\"(max-width:767px) 480px, (max-width:1200px) 100vw, 1200px\" data-src=\"https:\/\/innova.campogalego.gal\/wp-content\/uploads\/2024\/09\/rafael-crecente.jpg\" data-srcset=\"https:\/\/innova.campogalego.gal\/wp-content\/uploads\/2024\/09\/rafael-crecente.jpg 1200w, https:\/\/innova.campogalego.gal\/wp-content\/uploads\/2024\/09\/rafael-crecente-300x200.jpg 300w, https:\/\/innova.campogalego.gal\/wp-content\/uploads\/2024\/09\/rafael-crecente-1024x683.jpg 1024w\"><p id=\"caption-attachment-4490\" class=\"wp-caption-text\">Cartel del certamen Rafael Crecente<\/p><\/div>\n<p>Los Premios Rafael Crecente llegan a su s\u00e9ptima edici\u00f3n y tienen como objetivo impulsar el planteamiento y aplicaci\u00f3n pr\u00e1ctica de ideas innovadoras relacionadas con el desarrollo rural, la conservaci\u00f3n del medio ambiente o la mejora de la gesti\u00f3n territorial en sentido amplio en Galicia.<\/p>\n<p>El plazo para concurrir al certamen se ampl\u00eda hasta el 31 de octubre y las propuestas pueden corresponder a trabajos fin de grado, de m\u00e1ster o tesis de doctorado, as\u00ed como ideas originales, trabajos t\u00e9cnicos, iniciativas o proyectos en fase de propuesta o ya ejecutados.<\/p>\n<p>Se conceder\u00e1n dos premios, un primero y un segundo, con el reconocimiento formal a trav\u00e9s de un diploma acreditativo y una cuant\u00eda econ\u00f3mica de 2.000 y 1.000 euros respectivamente.<\/p>\n<p>El Comit\u00e9 evaluador analizar\u00e1 la originalidad, as\u00ed como la calidad cient\u00edfica y t\u00e9cnica de la propuesta. Considerando aspectos como su aplicabilidad o su posible contribuci\u00f3n en el uso racional y sostenible del territorio y de los recursos naturales.<\/p>\n<p>Tambi\u00e9n valorar\u00e1n la calidad expositiva y la claridad del documento presentado. Con respeto a los trabajos de \u00e1mbitos territoriales ajenos al gallego, a mayores de lo anterior, se tendr\u00e1 en cuenta la viabilidad y aplicabilidad en Galicia.<\/p>\n<p>Las personas candidatas deber\u00e1n enviar la propuesta al correo electr\u00f3nico premio.rafaelcrecente@usc.es, en formato pdf. Los interesados podr\u00e1n obtener m\u00e1s informaci\u00f3n <a href=\"https:\/\/www.ibader.gal\/seccion\/774\/7-Edicion-Galego.html\" target=\"_blank\" rel=\"noopener\">en el siguiente enlace<\/a>.<\/p>\n<p><strong>Rafael Crecente, considerado uno de los grandes expertos en gesti\u00f3n territorial de Galicia<\/strong><\/p>\n<p>Estos premios, que nacen como un homenaje al profesor Rafael Crecente Maseda (1964-2015), buscan impulsar el planteamiento y aplicaci\u00f3n pr\u00e1ctico de ideas innovadoras relacionadas con el desarrollo rural, la conservaci\u00f3n del medio ambiente o la mejora de la gesti\u00f3n territorial.<\/p>\n<p>Crecente fue profesor titular del Departamento de Ingenier\u00eda Agroforestal de la Escuela Polit\u00e9cnica Superior de la Universidad de Santiago de Compostela, y su labor estuvo vinculado principalmente a la investigaci\u00f3n, siendo director del Laboratorio del Territorio y coordinador del Sistema de Informaci\u00f3n Territorial de esta universidad.<\/p>\n<p>Asimismo, particip\u00f3 activamente como investigador en pa\u00edses de Latinoam\u00e9rica, as\u00ed como en convenios con pa\u00edses de Europa central y del este. Tambi\u00e9n fue consultor de la oficina regional de la FAO en Budapest, profesor invitado en la Universidad de M\u00fanich e investigador del IBADER adscrito al Grupo de Investigaci\u00f3n 1934 Territorio-Biodiversidad.<\/p>\n","protected":false},"excerpt":{"rendered":"<p>Los Premios Rafael Crecente llegan a su s\u00e9ptima edici\u00f3n y tienen como objetivo impulsar el planteamiento y aplicaci\u00f3n pr\u00e1ctica de ideas innovadoras relacionadas con el desarrollo<span class=\"excerpt-hellip\"> [\u2026]<\/span><\/p>\n","protected":false},"author":12,"featured_media":4490,"comment_status":"open","ping_status":"open","sticky":false,"template":"","format":"standard","meta":{"footnotes":""},"categories":[92],"tags":[],"acf":[],"yoast_head":"<!-- This site is optimized with the Yoast SEO plugin v21.2 - https:\/\/yoast.com\/wordpress\/plugins\/seo\/ -->\n<title>Ampliado hasta el 31 de octubre el plazo para concurrir a los Premios Rafael Crecente a iniciativas innovadoras de gesti\u00f3n territorial - Innova - Campo Galego<\/title>\n<meta name=\"robots\" content=\"index, follow, max-snippet:-1, max-image-preview:large, max-video-preview:-1\" \/>\n<link rel=\"canonical\" href=\"https:\/\/innova.campogalego.gal\/es\/campus-terra-es\/ampliado-hasta-el-31-de-octubre-el-plazo-para-concurrir-a-los-premios-rafael-crecente-a-iniciativas-innovadoras-de-gestion-territorial.html\" \/>\n<meta property=\"og:locale\" content=\"es_ES\" \/>\n<meta property=\"og:type\" content=\"article\" \/>\n<meta property=\"og:title\" content=\"Ampliado hasta el 31 de octubre el plazo para concurrir a los Premios Rafael Crecente a iniciativas innovadoras de gesti\u00f3n territorial - Innova - Campo Galego\" \/>\n<meta property=\"og:description\" content=\"Los Premios Rafael Crecente llegan a su s\u00e9ptima edici\u00f3n y tienen como objetivo impulsar el planteamiento y aplicaci\u00f3n pr\u00e1ctica de ideas innovadoras relacionadas con el desarrollo [\u2026]\" \/>\n<meta property=\"og:url\" content=\"https:\/\/innova.campogalego.gal\/es\/campus-terra-es\/ampliado-hasta-el-31-de-octubre-el-plazo-para-concurrir-a-los-premios-rafael-crecente-a-iniciativas-innovadoras-de-gestion-territorial.html\" \/>\n<meta property=\"og:site_name\" content=\"Innova - Campo Galego\" \/>\n<meta property=\"article:published_time\" content=\"2024-10-05T14:37:25+00:00\" \/>\n<meta property=\"og:image\" content=\"https:\/\/innova.campogalego.gal\/wp-content\/uploads\/2024\/09\/rafael-crecente.jpg\" \/>\n\t<meta property=\"og:image:width\" content=\"1200\" \/>\n\t<meta property=\"og:image:height\" content=\"800\" \/>\n\t<meta property=\"og:image:type\" content=\"image\/jpeg\" \/>\n<meta name=\"author\" content=\"Ines Abelenda\" \/>\n<meta name=\"twitter:card\" content=\"summary_large_image\" \/>\n<meta name=\"twitter:label1\" content=\"Escrito por\" \/>\n\t<meta name=\"twitter:data1\" content=\"Ines Abelenda\" \/>\n\t<meta name=\"twitter:label2\" content=\"Tiempo de lectura\" \/>\n\t<meta name=\"twitter:data2\" content=\"3 minutos\" \/>\n<script type=\"application\/ld+json\" class=\"yoast-schema-graph\">{\"@context\":\"https:\/\/schema.org\",\"@graph\":[{\"@type\":\"WebPage\",\"@id\":\"https:\/\/innova.campogalego.gal\/es\/campus-terra-es\/ampliado-hasta-el-31-de-octubre-el-plazo-para-concurrir-a-los-premios-rafael-crecente-a-iniciativas-innovadoras-de-gestion-territorial.html\",\"url\":\"https:\/\/innova.campogalego.gal\/es\/campus-terra-es\/ampliado-hasta-el-31-de-octubre-el-plazo-para-concurrir-a-los-premios-rafael-crecente-a-iniciativas-innovadoras-de-gestion-territorial.html\",\"name\":\"Ampliado hasta el 31 de octubre el plazo para concurrir a los Premios Rafael Crecente a iniciativas innovadoras de gesti\u00f3n territorial - Innova - Campo Galego\",\"isPartOf\":{\"@id\":\"https:\/\/innova.campogalego.gal\/es#website\"},\"datePublished\":\"2024-10-05T14:37:25+00:00\",\"dateModified\":\"2024-10-05T14:37:25+00:00\",\"author\":{\"@id\":\"https:\/\/innova.campogalego.gal\/es#\/schema\/person\/6e4b7d6d686e401bec27d34264139b0e\"},\"breadcrumb\":{\"@id\":\"https:\/\/innova.campogalego.gal\/es\/campus-terra-es\/ampliado-hasta-el-31-de-octubre-el-plazo-para-concurrir-a-los-premios-rafael-crecente-a-iniciativas-innovadoras-de-gestion-territorial.html#breadcrumb\"},\"inLanguage\":\"es\",\"potentialAction\":[{\"@type\":\"ReadAction\",\"target\":[\"https:\/\/innova.campogalego.gal\/es\/campus-terra-es\/ampliado-hasta-el-31-de-octubre-el-plazo-para-concurrir-a-los-premios-rafael-crecente-a-iniciativas-innovadoras-de-gestion-territorial.html\"]}]},{\"@type\":\"BreadcrumbList\",\"@id\":\"https:\/\/innova.campogalego.gal\/es\/campus-terra-es\/ampliado-hasta-el-31-de-octubre-el-plazo-para-concurrir-a-los-premios-rafael-crecente-a-iniciativas-innovadoras-de-gestion-territorial.html#breadcrumb\",\"itemListElement\":[{\"@type\":\"ListItem\",\"position\":1,\"name\":\"Portada\",\"item\":\"https:\/\/innova.campogalego.gal\/es\"},{\"@type\":\"ListItem\",\"position\":2,\"name\":\"Ampliado hasta el 31 de octubre el plazo para concurrir a los Premios Rafael Crecente a iniciativas innovadoras de gesti\u00f3n territorial\"}]},{\"@type\":\"WebSite\",\"@id\":\"https:\/\/innova.campogalego.gal\/es#website\",\"url\":\"https:\/\/innova.campogalego.gal\/es\",\"name\":\"Innova - Campo Galego\",\"description\":\"\",\"potentialAction\":[{\"@type\":\"SearchAction\",\"target\":{\"@type\":\"EntryPoint\",\"urlTemplate\":\"https:\/\/innova.campogalego.gal\/es?s={search_term_string}\"},\"query-input\":\"required name=search_term_string\"}],\"inLanguage\":\"es\"},{\"@type\":\"Person\",\"@id\":\"https:\/\/innova.campogalego.gal\/es#\/schema\/person\/6e4b7d6d686e401bec27d34264139b0e\",\"name\":\"Ines Abelenda\",\"image\":{\"@type\":\"ImageObject\",\"inLanguage\":\"es\",\"@id\":\"https:\/\/innova.campogalego.gal\/es#\/schema\/person\/image\/\",\"url\":\"https:\/\/secure.gravatar.com\/avatar\/437a17220ee2261420e7298355a194eb?s=96&d=mm&r=g\",\"contentUrl\":\"https:\/\/secure.gravatar.com\/avatar\/437a17220ee2261420e7298355a194eb?s=96&d=mm&r=g\",\"caption\":\"Ines Abelenda\"},\"url\":\"https:\/\/innova.campogalego.gal\/es\/author\/ines\"}]}<\/script>\n<!-- \/ Yoast SEO plugin. -->","yoast_head_json":{"title":"Ampliado hasta el 31 de octubre el plazo para concurrir a los Premios Rafael Crecente a iniciativas innovadoras de gesti\u00f3n territorial - Innova - Campo Galego","robots":{"index":"index","follow":"follow","max-snippet":"max-snippet:-1","max-image-preview":"max-image-preview:large","max-video-preview":"max-video-preview:-1"},"canonical":"https:\/\/innova.campogalego.gal\/es\/campus-terra-es\/ampliado-hasta-el-31-de-octubre-el-plazo-para-concurrir-a-los-premios-rafael-crecente-a-iniciativas-innovadoras-de-gestion-territorial.html","og_locale":"es_ES","og_type":"article","og_title":"Ampliado hasta el 31 de octubre el plazo para concurrir a los Premios Rafael Crecente a iniciativas innovadoras de gesti\u00f3n territorial - Innova - Campo Galego","og_description":"Los Premios Rafael Crecente llegan a su s\u00e9ptima edici\u00f3n y tienen como objetivo impulsar el planteamiento y aplicaci\u00f3n pr\u00e1ctica de ideas innovadoras relacionadas con el desarrollo [\u2026]","og_url":"https:\/\/innova.campogalego.gal\/es\/campus-terra-es\/ampliado-hasta-el-31-de-octubre-el-plazo-para-concurrir-a-los-premios-rafael-crecente-a-iniciativas-innovadoras-de-gestion-territorial.html","og_site_name":"Innova - Campo Galego","article_published_time":"2024-10-05T14:37:25+00:00","og_image":[{"width":1200,"height":800,"url":"https:\/\/innova.campogalego.gal\/wp-content\/uploads\/2024\/09\/rafael-crecente.jpg","type":"image\/jpeg"}],"author":"Ines Abelenda","twitter_card":"summary_large_image","twitter_misc":{"Escrito por":"Ines Abelenda","Tiempo de lectura":"3 minutos"},"schema":{"@context":"https:\/\/schema.org","@graph":[{"@type":"WebPage","@id":"https:\/\/innova.campogalego.gal\/es\/campus-terra-es\/ampliado-hasta-el-31-de-octubre-el-plazo-para-concurrir-a-los-premios-rafael-crecente-a-iniciativas-innovadoras-de-gestion-territorial.html","url":"https:\/\/innova.campogalego.gal\/es\/campus-terra-es\/ampliado-hasta-el-31-de-octubre-el-plazo-para-concurrir-a-los-premios-rafael-crecente-a-iniciativas-innovadoras-de-gestion-territorial.html","name":"Ampliado hasta el 31 de octubre el plazo para concurrir a los Premios Rafael Crecente a iniciativas innovadoras de gesti\u00f3n territorial - Innova - Campo Galego","isPartOf":{"@id":"https:\/\/innova.campogalego.gal\/es#website"},"datePublished":"2024-10-05T14:37:25+00:00","dateModified":"2024-10-05T14:37:25+00:00","author":{"@id":"https:\/\/innova.campogalego.gal\/es#\/schema\/person\/6e4b7d6d686e401bec27d34264139b0e"},"breadcrumb":{"@id":"https:\/\/innova.campogalego.gal\/es\/campus-terra-es\/ampliado-hasta-el-31-de-octubre-el-plazo-para-concurrir-a-los-premios-rafael-crecente-a-iniciativas-innovadoras-de-gestion-territorial.html#breadcrumb"},"inLanguage":"es","potentialAction":[{"@type":"ReadAction","target":["https:\/\/innova.campogalego.gal\/es\/campus-terra-es\/ampliado-hasta-el-31-de-octubre-el-plazo-para-concurrir-a-los-premios-rafael-crecente-a-iniciativas-innovadoras-de-gestion-territorial.html"]}]},{"@type":"BreadcrumbList","@id":"https:\/\/innova.campogalego.gal\/es\/campus-terra-es\/ampliado-hasta-el-31-de-octubre-el-plazo-para-concurrir-a-los-premios-rafael-crecente-a-iniciativas-innovadoras-de-gestion-territorial.html#breadcrumb","itemListElement":[{"@type":"ListItem","position":1,"name":"Portada","item":"https:\/\/innova.campogalego.gal\/es"},{"@type":"ListItem","position":2,"name":"Ampliado hasta el 31 de octubre el plazo para concurrir a los Premios Rafael Crecente a iniciativas innovadoras de gesti\u00f3n territorial"}]},{"@type":"WebSite","@id":"https:\/\/innova.campogalego.gal\/es#website","url":"https:\/\/innova.campogalego.gal\/es","name":"Innova - Campo Galego","description":"","potentialAction":[{"@type":"SearchAction","target":{"@type":"EntryPoint","urlTemplate":"https:\/\/innova.campogalego.gal\/es?s={search_term_string}"},"query-input":"required name=search_term_string"}],"inLanguage":"es"},{"@type":"Person","@id":"https:\/\/innova.campogalego.gal\/es#\/schema\/person\/6e4b7d6d686e401bec27d34264139b0e","name":"Ines Abelenda","image":{"@type":"ImageObject","inLanguage":"es","@id":"https:\/\/innova.campogalego.gal\/es#\/schema\/person\/image\/","url":"https:\/\/secure.gravatar.com\/avatar\/437a17220ee2261420e7298355a194eb?s=96&d=mm&r=g","contentUrl":"https:\/\/secure.gravatar.com\/avatar\/437a17220ee2261420e7298355a194eb?s=96&d=mm&r=g","caption":"Ines Abelenda"},"url":"https:\/\/innova.campogalego.gal\/es\/author\/ines"}]}},"_links":{"self":[{"href":"https:\/\/innova.campogalego.gal\/es\/wp-json\/wp\/v2\/posts\/4494"}],"collection":[{"href":"https:\/\/innova.campogalego.gal\/es\/wp-json\/wp\/v2\/posts"}],"about":[{"href":"https:\/\/innova.campogalego.gal\/es\/wp-json\/wp\/v2\/types\/post"}],"author":[{"embeddable":true,"href":"https:\/\/innova.campogalego.gal\/es\/wp-json\/wp\/v2\/users\/12"}],"replies":[{"embeddable":true,"href":"https:\/\/innova.campogalego.gal\/es\/wp-json\/wp\/v2\/comments?post=4494"}],"version-history":[{"count":2,"href":"https:\/\/innova.campogalego.gal\/es\/wp-json\/wp\/v2\/posts\/4494\/revisions"}],"predecessor-version":[{"id":4500,"href":"https:\/\/innova.campogalego.gal\/es\/wp-json\/wp\/v2\/posts\/4494\/revisions\/4500"}],"wp:featuredmedia":[{"embeddable":true,"href":"https:\/\/innova.campogalego.gal\/es\/wp-json\/wp\/v2\/media\/4490"}],"wp:attachment":[{"href":"https:\/\/innova.campogalego.gal\/es\/wp-json\/wp\/v2\/media?parent=4494"}],"wp:term":[{"taxonomy":"category","embeddable":true,"href":"https:\/\/innova.campogalego.gal\/es\/wp-json\/wp\/v2\/categories?post=4494"},{"taxonomy":"post_tag","embeddable":true,"href":"https:\/\/innova.campogalego.gal\/es\/wp-json\/wp\/v2\/tags?post=4494"}],"curies":[{"name":"wp","href":"https:\/\/api.w.org\/{rel}","templated":true}]}}