{"id":4866,"date":"2024-11-04T16:10:50","date_gmt":"2024-11-04T15:10:50","guid":{"rendered":"https:\/\/innova.campogalego.gal\/?p=4866"},"modified":"2024-11-04T16:10:50","modified_gmt":"2024-11-04T15:10:50","slug":"la-universidad-de-vigo-colabora-en-un-proyecto-europeo-para-restaurar-suelos-agricolas-degradados","status":"publish","type":"post","link":"https:\/\/innova.campogalego.gal\/es\/agricultura-es\/la-universidad-de-vigo-colabora-en-un-proyecto-europeo-para-restaurar-suelos-agricolas-degradados.html","title":{"rendered":"La Universidad de Vigo colabora en un proyecto europeo para restaurar suelos agr\u00edcolas degradados"},"content":{"rendered":"<div id=\"attachment_4863\" style=\"width: 1210px\" class=\"wp-caption aligncenter\"><img aria-describedby=\"caption-attachment-4863\" decoding=\"async\" loading=\"lazy\" class=\"size-full wp-image-4863 lazyload\" src=\"data:image\/gif;base64,R0lGODlhAQABAAAAACH5BAEKAAEALAAAAAABAAEAAAICTAEAOw==\" alt=\"\" width=\"1200\" height=\"800\" sizes=\"(max-width:767px) 480px, (max-width:1200px) 100vw, 1200px\" data-src=\"https:\/\/innova.campogalego.gal\/wp-content\/uploads\/2024\/11\/liv1.jpg\" data-srcset=\"https:\/\/innova.campogalego.gal\/wp-content\/uploads\/2024\/11\/liv1.jpg 1200w, https:\/\/innova.campogalego.gal\/wp-content\/uploads\/2024\/11\/liv1-300x200.jpg 300w, https:\/\/innova.campogalego.gal\/wp-content\/uploads\/2024\/11\/liv1-1024x683.jpg 1024w\"><p id=\"caption-attachment-4863\" class=\"wp-caption-text\">Contribuir\u00e1 a un nuevo paradigma de gesti\u00f3n del suelo que lo proteja de la degradaci\u00f3n por la intensificaci\u00f3n de las pr\u00e1cticas agr\u00edcolas. \/ UVigo.<\/p><\/div>\n<p>Con m\u00e1s de 50 instituciones de seis pa\u00edses implicadas y un presupuesto de 12 millones de euros, este verano comenz\u00f3 el proyecto<strong> LivingSoiLL (Healthy Soil to Permanent Crops Living Labs),<\/strong> financiado por la Misi\u00f3n Suelo de Horizonte Europa y en el que la Universidad de Vigo act\u00faa como socia.<\/p>\n<p>El proyecto, coordinado por la Universidad de Tr\u00e0s-os-Montes e Alto Douro (UTAD), busca establecer un nuevo paradigma de gesti\u00f3n del suelo para frenar la degradaci\u00f3n provocada por las pr\u00e1cticas agr\u00edcolas intensivas. Junto con la UVigo, participan organismos de Espa\u00f1a, Portugal, Francia, Italia, Polonia y B\u00e9lgica.<\/p>\n<p>En Espa\u00f1a, adem\u00e1s de la UVigo, el consorcio est\u00e1 integrado por instituciones y empresas como la Universidad de Ja\u00e9n, el Instituto Andaluz de Investigaci\u00f3n y Formaci\u00f3n (Ifapa) y varias empresas y asociaciones, entre ellas el Grupo Consule, Adegas Moure, Bodegas Terras Gauda y Nutesca, INFAOliva, las cooperativas JaenCoop y Campo-Alimentaria de Andaluc\u00eda, adem\u00e1s de fundaciones como la Caja Rural de Ja\u00e9n y Centro de Innovaci\u00f3n Citoliva. La Diputaci\u00f3n de Ja\u00e9n y la Junta de Andaluc\u00eda colaboran como entidades asociadas.<\/p>\n<p>El proyecto ha previsto un desarrollo de 54 meses, hasta diciembre de 2028. El equipo de la UVigo est\u00e1 liderazgo por el catedr\u00e1tico Jos\u00e9 Jorge Dom\u00ednguez Mart\u00edn, del grupo de Ecolog\u00eda Animal (GEA) del Centro de Investigaci\u00f3n Marina (CIM-UVigo).<\/p>\n<p>La universidad participa con una aportaci\u00f3n de m\u00e1s de 500.000 euros y desarrollar\u00e1 un trabajo colaborativo centrado en la co-creaci\u00f3n, co-implementaci\u00f3n y co-ensayo de soluciones que mejoren la salud del suelo en cultivos le\u00f1osos. El proyecto implica la participaci\u00f3n de m\u00e1s de 2000 agentes de toda Europa.<\/p>\n<p>Seg\u00fan el catedr\u00e1tico Dom\u00ednguez, LivingSoiLL \u201csurge de la necesidad de salvaguardar unos suelos sanos para las generaciones futuras y combatir la degradaci\u00f3n del suelo\u201d. La protecci\u00f3n del suelo es uno de los pilares del Pacto Verde Europeo y su conservaci\u00f3n es uno de los objetivos centrales de la Misi\u00f3n Suelo.<\/p>\n<p>En este contexto, Dom\u00ednguez destaca que la participaci\u00f3n de la UVigo supone \u201cuna oportunidad \u00fanica que tiene el potencial de generar un impacto significativo en este campo y que contribuir\u00e1 a una producci\u00f3n de alimentos m\u00e1s sostenible, a la regulaci\u00f3n del agua y del clima y a la conservaci\u00f3n de la biodiversidad\u201d.<\/p>\n<p><strong>Cinco laboratorios vivos para la salud del suelo<\/strong><\/p>\n<p>El proyecto LivingSoiLL comprende la creaci\u00f3n de cinco laboratorios vivos o \u201cliving labs\u201d en diferentes pa\u00edses: Portugal, Espa\u00f1a, Francia, Italia y Polonia. Estos laboratorios centran su trabajo en cultivos permanentes, como ven\u00edas, olivos, casta\u00f1os, abeleiras y manzanos, y trabajar\u00e1n en 50 emplazamientos experimentales y 10 fincas faro o lighthouses, donde se desarrollar\u00e1n y aplicar\u00e1n estrategias innovadoras para conservar y mejorar la salud del suelo.<\/p>\n<p>La UVigo participa en el living lab luso-gallego, que celebr\u00f3 la pasada semana su reuni\u00f3n inicial en la UTAD. En este living lab tambi\u00e9n est\u00e1 implicada la Universidad de Porto y, como subraya Dom\u00ednguez, \u201cprestigiosas bodegas portuguesas\u201d. Los socios gallegos son, adem\u00e1s de la UVigo, Adegas Moure, de la DO Ribeira Sacra y Terras Gauda, de la DO R\u00edas Baixas.<\/p>\n<p>Adem\u00e1s, la UVigo coordina tareas transversales dentro del proyecto. Entre estas responsabilidades est\u00e1 el dise\u00f1o de experimentos para medir la mejora de la salud del suelo y la creaci\u00f3n de estrategias colaborativas de conocimiento para el consorcio.<\/p>\n<p>El equipo de la UVigo, liderado por Dom\u00ednguez, cuenta con la participaci\u00f3n de investigadores posdoctorales como In\u00e9s Alonso Crespo y Hugo Mart\u00ednez Cordeiro, docentes como Manuel Aira Vieira y Mar\u00eda G\u00f3mez Brand\u00f3n, e investigadoras predoctorales como Alejandro Figueroa y Ainhoa Doval. El equipo se completa con el director t\u00e9cnico del laboratorio Alberto Da Silva Sieiro, todos ellos miembros del grupo GEA.<\/p>\n","protected":false},"excerpt":{"rendered":"<p>Con m\u00e1s de 50 instituciones de seis pa\u00edses implicadas y un presupuesto de 12 millones de euros, este verano comenz\u00f3 el proyecto LivingSoiLL (Healthy Soil to<span class=\"excerpt-hellip\"> [\u2026]<\/span><\/p>\n","protected":false},"author":12,"featured_media":4863,"comment_status":"open","ping_status":"open","sticky":false,"template":"","format":"standard","meta":{"footnotes":""},"categories":[86],"tags":[],"acf":[],"yoast_head":"<!-- This site is optimized with the Yoast SEO plugin v21.2 - https:\/\/yoast.com\/wordpress\/plugins\/seo\/ -->\n<title>La Universidad de Vigo colabora en un proyecto europeo para restaurar suelos agr\u00edcolas degradados - Innova - Campo Galego<\/title>\n<meta name=\"robots\" content=\"index, follow, max-snippet:-1, max-image-preview:large, max-video-preview:-1\" \/>\n<link rel=\"canonical\" href=\"https:\/\/innova.campogalego.gal\/es\/agricultura-es\/la-universidad-de-vigo-colabora-en-un-proyecto-europeo-para-restaurar-suelos-agricolas-degradados.html\" \/>\n<meta property=\"og:locale\" content=\"es_ES\" \/>\n<meta property=\"og:type\" content=\"article\" \/>\n<meta property=\"og:title\" content=\"La Universidad de Vigo colabora en un proyecto europeo para restaurar suelos agr\u00edcolas degradados - Innova - Campo Galego\" \/>\n<meta property=\"og:description\" content=\"Con m\u00e1s de 50 instituciones de seis pa\u00edses implicadas y un presupuesto de 12 millones de euros, este verano comenz\u00f3 el proyecto LivingSoiLL (Healthy Soil to [\u2026]\" \/>\n<meta property=\"og:url\" content=\"https:\/\/innova.campogalego.gal\/es\/agricultura-es\/la-universidad-de-vigo-colabora-en-un-proyecto-europeo-para-restaurar-suelos-agricolas-degradados.html\" \/>\n<meta property=\"og:site_name\" content=\"Innova - Campo Galego\" \/>\n<meta property=\"article:published_time\" content=\"2024-11-04T15:10:50+00:00\" \/>\n<meta property=\"og:image\" content=\"https:\/\/innova.campogalego.gal\/wp-content\/uploads\/2024\/11\/liv1.jpg\" \/>\n\t<meta property=\"og:image:width\" content=\"1200\" \/>\n\t<meta property=\"og:image:height\" content=\"800\" \/>\n\t<meta property=\"og:image:type\" content=\"image\/jpeg\" \/>\n<meta name=\"author\" content=\"Ines Abelenda\" \/>\n<meta name=\"twitter:card\" content=\"summary_large_image\" \/>\n<meta name=\"twitter:label1\" content=\"Escrito por\" \/>\n\t<meta name=\"twitter:data1\" content=\"Ines Abelenda\" \/>\n\t<meta name=\"twitter:label2\" content=\"Tiempo de lectura\" \/>\n\t<meta name=\"twitter:data2\" content=\"4 minutos\" \/>\n<script type=\"application\/ld+json\" class=\"yoast-schema-graph\">{\"@context\":\"https:\/\/schema.org\",\"@graph\":[{\"@type\":\"WebPage\",\"@id\":\"https:\/\/innova.campogalego.gal\/es\/agricultura-es\/la-universidad-de-vigo-colabora-en-un-proyecto-europeo-para-restaurar-suelos-agricolas-degradados.html\",\"url\":\"https:\/\/innova.campogalego.gal\/es\/agricultura-es\/la-universidad-de-vigo-colabora-en-un-proyecto-europeo-para-restaurar-suelos-agricolas-degradados.html\",\"name\":\"La Universidad de Vigo colabora en un proyecto europeo para restaurar suelos agr\u00edcolas degradados - Innova - Campo Galego\",\"isPartOf\":{\"@id\":\"https:\/\/innova.campogalego.gal\/es#website\"},\"datePublished\":\"2024-11-04T15:10:50+00:00\",\"dateModified\":\"2024-11-04T15:10:50+00:00\",\"author\":{\"@id\":\"https:\/\/innova.campogalego.gal\/es#\/schema\/person\/6e4b7d6d686e401bec27d34264139b0e\"},\"breadcrumb\":{\"@id\":\"https:\/\/innova.campogalego.gal\/es\/agricultura-es\/la-universidad-de-vigo-colabora-en-un-proyecto-europeo-para-restaurar-suelos-agricolas-degradados.html#breadcrumb\"},\"inLanguage\":\"es\",\"potentialAction\":[{\"@type\":\"ReadAction\",\"target\":[\"https:\/\/innova.campogalego.gal\/es\/agricultura-es\/la-universidad-de-vigo-colabora-en-un-proyecto-europeo-para-restaurar-suelos-agricolas-degradados.html\"]}]},{\"@type\":\"BreadcrumbList\",\"@id\":\"https:\/\/innova.campogalego.gal\/es\/agricultura-es\/la-universidad-de-vigo-colabora-en-un-proyecto-europeo-para-restaurar-suelos-agricolas-degradados.html#breadcrumb\",\"itemListElement\":[{\"@type\":\"ListItem\",\"position\":1,\"name\":\"Portada\",\"item\":\"https:\/\/innova.campogalego.gal\/es\"},{\"@type\":\"ListItem\",\"position\":2,\"name\":\"La Universidad de Vigo colabora en un proyecto europeo para restaurar suelos agr\u00edcolas degradados\"}]},{\"@type\":\"WebSite\",\"@id\":\"https:\/\/innova.campogalego.gal\/es#website\",\"url\":\"https:\/\/innova.campogalego.gal\/es\",\"name\":\"Innova - Campo Galego\",\"description\":\"\",\"potentialAction\":[{\"@type\":\"SearchAction\",\"target\":{\"@type\":\"EntryPoint\",\"urlTemplate\":\"https:\/\/innova.campogalego.gal\/es?s={search_term_string}\"},\"query-input\":\"required name=search_term_string\"}],\"inLanguage\":\"es\"},{\"@type\":\"Person\",\"@id\":\"https:\/\/innova.campogalego.gal\/es#\/schema\/person\/6e4b7d6d686e401bec27d34264139b0e\",\"name\":\"Ines Abelenda\",\"image\":{\"@type\":\"ImageObject\",\"inLanguage\":\"es\",\"@id\":\"https:\/\/innova.campogalego.gal\/es#\/schema\/person\/image\/\",\"url\":\"https:\/\/secure.gravatar.com\/avatar\/437a17220ee2261420e7298355a194eb?s=96&d=mm&r=g\",\"contentUrl\":\"https:\/\/secure.gravatar.com\/avatar\/437a17220ee2261420e7298355a194eb?s=96&d=mm&r=g\",\"caption\":\"Ines Abelenda\"},\"url\":\"https:\/\/innova.campogalego.gal\/es\/author\/ines\"}]}<\/script>\n<!-- \/ Yoast SEO plugin. -->","yoast_head_json":{"title":"La Universidad de Vigo colabora en un proyecto europeo para restaurar suelos agr\u00edcolas degradados - Innova - Campo Galego","robots":{"index":"index","follow":"follow","max-snippet":"max-snippet:-1","max-image-preview":"max-image-preview:large","max-video-preview":"max-video-preview:-1"},"canonical":"https:\/\/innova.campogalego.gal\/es\/agricultura-es\/la-universidad-de-vigo-colabora-en-un-proyecto-europeo-para-restaurar-suelos-agricolas-degradados.html","og_locale":"es_ES","og_type":"article","og_title":"La Universidad de Vigo colabora en un proyecto europeo para restaurar suelos agr\u00edcolas degradados - Innova - Campo Galego","og_description":"Con m\u00e1s de 50 instituciones de seis pa\u00edses implicadas y un presupuesto de 12 millones de euros, este verano comenz\u00f3 el proyecto LivingSoiLL (Healthy Soil to [\u2026]","og_url":"https:\/\/innova.campogalego.gal\/es\/agricultura-es\/la-universidad-de-vigo-colabora-en-un-proyecto-europeo-para-restaurar-suelos-agricolas-degradados.html","og_site_name":"Innova - Campo Galego","article_published_time":"2024-11-04T15:10:50+00:00","og_image":[{"width":1200,"height":800,"url":"https:\/\/innova.campogalego.gal\/wp-content\/uploads\/2024\/11\/liv1.jpg","type":"image\/jpeg"}],"author":"Ines Abelenda","twitter_card":"summary_large_image","twitter_misc":{"Escrito por":"Ines Abelenda","Tiempo de lectura":"4 minutos"},"schema":{"@context":"https:\/\/schema.org","@graph":[{"@type":"WebPage","@id":"https:\/\/innova.campogalego.gal\/es\/agricultura-es\/la-universidad-de-vigo-colabora-en-un-proyecto-europeo-para-restaurar-suelos-agricolas-degradados.html","url":"https:\/\/innova.campogalego.gal\/es\/agricultura-es\/la-universidad-de-vigo-colabora-en-un-proyecto-europeo-para-restaurar-suelos-agricolas-degradados.html","name":"La Universidad de Vigo colabora en un proyecto europeo para restaurar suelos agr\u00edcolas degradados - Innova - Campo Galego","isPartOf":{"@id":"https:\/\/innova.campogalego.gal\/es#website"},"datePublished":"2024-11-04T15:10:50+00:00","dateModified":"2024-11-04T15:10:50+00:00","author":{"@id":"https:\/\/innova.campogalego.gal\/es#\/schema\/person\/6e4b7d6d686e401bec27d34264139b0e"},"breadcrumb":{"@id":"https:\/\/innova.campogalego.gal\/es\/agricultura-es\/la-universidad-de-vigo-colabora-en-un-proyecto-europeo-para-restaurar-suelos-agricolas-degradados.html#breadcrumb"},"inLanguage":"es","potentialAction":[{"@type":"ReadAction","target":["https:\/\/innova.campogalego.gal\/es\/agricultura-es\/la-universidad-de-vigo-colabora-en-un-proyecto-europeo-para-restaurar-suelos-agricolas-degradados.html"]}]},{"@type":"BreadcrumbList","@id":"https:\/\/innova.campogalego.gal\/es\/agricultura-es\/la-universidad-de-vigo-colabora-en-un-proyecto-europeo-para-restaurar-suelos-agricolas-degradados.html#breadcrumb","itemListElement":[{"@type":"ListItem","position":1,"name":"Portada","item":"https:\/\/innova.campogalego.gal\/es"},{"@type":"ListItem","position":2,"name":"La Universidad de Vigo colabora en un proyecto europeo para restaurar suelos agr\u00edcolas degradados"}]},{"@type":"WebSite","@id":"https:\/\/innova.campogalego.gal\/es#website","url":"https:\/\/innova.campogalego.gal\/es","name":"Innova - Campo Galego","description":"","potentialAction":[{"@type":"SearchAction","target":{"@type":"EntryPoint","urlTemplate":"https:\/\/innova.campogalego.gal\/es?s={search_term_string}"},"query-input":"required name=search_term_string"}],"inLanguage":"es"},{"@type":"Person","@id":"https:\/\/innova.campogalego.gal\/es#\/schema\/person\/6e4b7d6d686e401bec27d34264139b0e","name":"Ines Abelenda","image":{"@type":"ImageObject","inLanguage":"es","@id":"https:\/\/innova.campogalego.gal\/es#\/schema\/person\/image\/","url":"https:\/\/secure.gravatar.com\/avatar\/437a17220ee2261420e7298355a194eb?s=96&d=mm&r=g","contentUrl":"https:\/\/secure.gravatar.com\/avatar\/437a17220ee2261420e7298355a194eb?s=96&d=mm&r=g","caption":"Ines Abelenda"},"url":"https:\/\/innova.campogalego.gal\/es\/author\/ines"}]}},"_links":{"self":[{"href":"https:\/\/innova.campogalego.gal\/es\/wp-json\/wp\/v2\/posts\/4866"}],"collection":[{"href":"https:\/\/innova.campogalego.gal\/es\/wp-json\/wp\/v2\/posts"}],"about":[{"href":"https:\/\/innova.campogalego.gal\/es\/wp-json\/wp\/v2\/types\/post"}],"author":[{"embeddable":true,"href":"https:\/\/innova.campogalego.gal\/es\/wp-json\/wp\/v2\/users\/12"}],"replies":[{"embeddable":true,"href":"https:\/\/innova.campogalego.gal\/es\/wp-json\/wp\/v2\/comments?post=4866"}],"version-history":[{"count":2,"href":"https:\/\/innova.campogalego.gal\/es\/wp-json\/wp\/v2\/posts\/4866\/revisions"}],"predecessor-version":[{"id":4872,"href":"https:\/\/innova.campogalego.gal\/es\/wp-json\/wp\/v2\/posts\/4866\/revisions\/4872"}],"wp:featuredmedia":[{"embeddable":true,"href":"https:\/\/innova.campogalego.gal\/es\/wp-json\/wp\/v2\/media\/4863"}],"wp:attachment":[{"href":"https:\/\/innova.campogalego.gal\/es\/wp-json\/wp\/v2\/media?parent=4866"}],"wp:term":[{"taxonomy":"category","embeddable":true,"href":"https:\/\/innova.campogalego.gal\/es\/wp-json\/wp\/v2\/categories?post=4866"},{"taxonomy":"post_tag","embeddable":true,"href":"https:\/\/innova.campogalego.gal\/es\/wp-json\/wp\/v2\/tags?post=4866"}],"curies":[{"name":"wp","href":"https:\/\/api.w.org\/{rel}","templated":true}]}}