{"id":4948,"date":"2024-11-21T11:39:44","date_gmt":"2024-11-21T10:39:44","guid":{"rendered":"https:\/\/innova.campogalego.gal\/?p=4948"},"modified":"2024-11-21T11:53:34","modified_gmt":"2024-11-21T10:53:34","slug":"azucena-mora-recibe-el-premio-pran-por-su-investigacion-contra-la-resistencia-a-los-antibioticos","status":"publish","type":"post","link":"https:\/\/innova.campogalego.gal\/es\/campus-terra-es\/azucena-mora-recibe-el-premio-pran-por-su-investigacion-contra-la-resistencia-a-los-antibioticos.html","title":{"rendered":"Azucena Mora recibe el premio PRAN por su investigaci\u00f3n contra la resistencia a los antibi\u00f3ticos"},"content":{"rendered":"<p><div id=\"attachment_4945\" style=\"width: 1210px\" class=\"wp-caption aligncenter\"><img aria-describedby=\"caption-attachment-4945\" decoding=\"async\" loading=\"lazy\" src=\"data:image\/gif;base64,R0lGODlhAQABAAAAACH5BAEKAAEALAAAAAABAAEAAAICTAEAOw==\" alt=\"\" width=\"1200\" height=\"800\" class=\"size-full wp-image-4945 lazyload\" sizes=\"(max-width:767px) 480px, (max-width:1200px) 100vw, 1200px\" data-src=\"https:\/\/innova.campogalego.gal\/wp-content\/uploads\/2024\/11\/premio.jpg\" data-srcset=\"https:\/\/innova.campogalego.gal\/wp-content\/uploads\/2024\/11\/premio.jpg 1200w, https:\/\/innova.campogalego.gal\/wp-content\/uploads\/2024\/11\/premio-300x200.jpg 300w, https:\/\/innova.campogalego.gal\/wp-content\/uploads\/2024\/11\/premio-1024x683.jpg 1024w\"><p id=\"caption-attachment-4945\" class=\"wp-caption-text\">Las investigadoras de la USC Ana Mar\u00eda L\u00f3pez Beceiro, Vanesa Garc\u00eda Men\u00e9ndez y Azucena Mora. \/ Campus Terra.<\/p><\/div><br \/>\nLa catedr\u00e1tica de la USC, <strong><a href=\"https:\/\/innova.campogalego.gal\/es\/campus-terra-es\/es-crucial-incentivar-a-las-farmaceuticas-para-que-desarrollen-nuevas-categorias-de-antibioticos.html\" rel=\"noopener\" target=\"_blank\">Azucena Mora<\/a><\/strong>, recogi\u00f3 este lunes 18 de noviembre el premio a la mejor iniciativa de investigaci\u00f3n otorgado por el Plan Nacional de Resistencia a los Antibi\u00f3ticos (PRAN), reconocimiento que se entreg\u00f3 durante la Jornada anual por el D\u00eda Europeo para el Uso Prudente de los Antibi\u00f3ticos.  <\/p>\n<p>El trabajo liderado por la profesora se centra en las bacterias multirresistentes y en su movimiento en las interfaces de la salud humana, animal y medioambiental. Este enfoque, conocido como One Health, busca soluciones frente a esta \u201cprioridad mundial\u201d, tal como la define la propia investigadora. <\/p>\n<p>\u201cLa resistencia a los antimicrobianos supone una amenaza cada vez mayor para la salud p\u00fablica mundial y requiere medidas por parte de todos los sectores del gobierno y la sociedad\u201d, destac\u00f3 Mora.  <\/p>\n<p>La investigaci\u00f3n, desarrollada en el Campus de Lugo, fue premiada por la excelencia y compromiso del equipo de especialistas que emplea estrategias innovadoras basadas en el concepto One Health. El estudio identifica elementos clave como bioindicadores, que permiten un seguimiento de la resistencia a los antibi\u00f3ticos, adoptando una perspectiva integradora y multidimensional.   <\/p>\n<p>Entre los aspectos analizados destacan los animales de producci\u00f3n y los productos c\u00e1rnicos derivados c\u00f3mo posibles reservorios de pat\u00f3genos resistentes, los pat\u00f3genos prioritarios Y. coli y K. Pneumoniae, el s\u00edndrome de ITU multirresistente -mortal en seres humanos y perros-, e indicadores ambientales como el jabal\u00ed, la carne derivada de la caza o el medio acu\u00e1tico.<\/p>\n<p>El proyecto involucra un grupo internacional de especialistas en campos como el diagn\u00f3stico cl\u00ednico, las tecnolog\u00edas \u00f3micas o la seguridad alimentaria. Tambi\u00e9n cuenta con la colaboraci\u00f3n de instituciones de referencia como el Hospital Universitario Central de Asturias, el Centro de Investigaci\u00f3n Biom\u00e9dica de la Rioja, el Laboratorio de Sanidad Animal de Galicia, el Instituto Federal de Evaluaci\u00f3n de Riesgos de Berl\u00edn, la Universidad de Copenhagen o el Centro de Ingenier\u00eda Biol\u00f3gica de la Universidad de Minho.  <\/p>\n<p>\u201cEste premio reafirma el valor de la colaboraci\u00f3n y la innovaci\u00f3n en la investigaci\u00f3n de la resistencia antimicrobiana, un desaf\u00edo global en el que la uni\u00f3n de ciencia y tecnolog\u00eda es esencial\u201d, explica la profesora Mora.<\/p>\n<p>Azucena Mora y su equipo estar\u00e1n el pr\u00f3ximo 28 de noviembre en Triacastela con la iniciativa Ciencia a la Feria que lleva el laboratorio a colegios y ferias, donde explicar\u00e1n \u201cc\u00f3mo funcionan las bacterias multirresistentes, donde se encuentran y que podemos hacer como sociedad para combatirlas\u201d.  <\/p>\n","protected":false},"excerpt":{"rendered":"<p>La catedr\u00e1tica de la USC, Azucena Mora, recogi\u00f3 este lunes 18 de noviembre el premio a la mejor iniciativa de investigaci\u00f3n otorgado por el Plan Nacional<span class=\"excerpt-hellip\"> [\u2026]<\/span><\/p>\n","protected":false},"author":12,"featured_media":4945,"comment_status":"open","ping_status":"open","sticky":false,"template":"","format":"standard","meta":{"footnotes":""},"categories":[92],"tags":[],"acf":[],"yoast_head":"<!-- This site is optimized with the Yoast SEO plugin v21.2 - https:\/\/yoast.com\/wordpress\/plugins\/seo\/ -->\n<title>Azucena Mora recibe el premio PRAN por su investigaci\u00f3n contra la resistencia a los antibi\u00f3ticos - Innova - Campo Galego<\/title>\n<meta name=\"robots\" content=\"index, follow, max-snippet:-1, max-image-preview:large, max-video-preview:-1\" \/>\n<link rel=\"canonical\" href=\"https:\/\/innova.campogalego.gal\/es\/campus-terra-es\/azucena-mora-recibe-el-premio-pran-por-su-investigacion-contra-la-resistencia-a-los-antibioticos.html\" \/>\n<meta property=\"og:locale\" content=\"es_ES\" \/>\n<meta property=\"og:type\" content=\"article\" \/>\n<meta property=\"og:title\" content=\"Azucena Mora recibe el premio PRAN por su investigaci\u00f3n contra la resistencia a los antibi\u00f3ticos - Innova - Campo Galego\" \/>\n<meta property=\"og:description\" content=\"La catedr\u00e1tica de la USC, Azucena Mora, recogi\u00f3 este lunes 18 de noviembre el premio a la mejor iniciativa de investigaci\u00f3n otorgado por el Plan Nacional [\u2026]\" \/>\n<meta property=\"og:url\" content=\"https:\/\/innova.campogalego.gal\/es\/campus-terra-es\/azucena-mora-recibe-el-premio-pran-por-su-investigacion-contra-la-resistencia-a-los-antibioticos.html\" \/>\n<meta property=\"og:site_name\" content=\"Innova - Campo Galego\" \/>\n<meta property=\"article:published_time\" content=\"2024-11-21T10:39:44+00:00\" \/>\n<meta property=\"article:modified_time\" content=\"2024-11-21T10:53:34+00:00\" \/>\n<meta property=\"og:image\" content=\"https:\/\/innova.campogalego.gal\/wp-content\/uploads\/2024\/11\/premio.jpg\" \/>\n\t<meta property=\"og:image:width\" content=\"1200\" \/>\n\t<meta property=\"og:image:height\" content=\"800\" \/>\n\t<meta property=\"og:image:type\" content=\"image\/jpeg\" \/>\n<meta name=\"author\" content=\"Ines Abelenda\" \/>\n<meta name=\"twitter:card\" content=\"summary_large_image\" \/>\n<meta name=\"twitter:label1\" content=\"Escrito por\" \/>\n\t<meta name=\"twitter:data1\" content=\"Ines Abelenda\" \/>\n\t<meta name=\"twitter:label2\" content=\"Tiempo de lectura\" \/>\n\t<meta name=\"twitter:data2\" content=\"3 minutos\" \/>\n<script type=\"application\/ld+json\" class=\"yoast-schema-graph\">{\"@context\":\"https:\/\/schema.org\",\"@graph\":[{\"@type\":\"WebPage\",\"@id\":\"https:\/\/innova.campogalego.gal\/es\/campus-terra-es\/azucena-mora-recibe-el-premio-pran-por-su-investigacion-contra-la-resistencia-a-los-antibioticos.html\",\"url\":\"https:\/\/innova.campogalego.gal\/es\/campus-terra-es\/azucena-mora-recibe-el-premio-pran-por-su-investigacion-contra-la-resistencia-a-los-antibioticos.html\",\"name\":\"Azucena Mora recibe el premio PRAN por su investigaci\u00f3n contra la resistencia a los antibi\u00f3ticos - Innova - Campo Galego\",\"isPartOf\":{\"@id\":\"https:\/\/innova.campogalego.gal\/es#website\"},\"datePublished\":\"2024-11-21T10:39:44+00:00\",\"dateModified\":\"2024-11-21T10:53:34+00:00\",\"author\":{\"@id\":\"https:\/\/innova.campogalego.gal\/es#\/schema\/person\/6e4b7d6d686e401bec27d34264139b0e\"},\"breadcrumb\":{\"@id\":\"https:\/\/innova.campogalego.gal\/es\/campus-terra-es\/azucena-mora-recibe-el-premio-pran-por-su-investigacion-contra-la-resistencia-a-los-antibioticos.html#breadcrumb\"},\"inLanguage\":\"es\",\"potentialAction\":[{\"@type\":\"ReadAction\",\"target\":[\"https:\/\/innova.campogalego.gal\/es\/campus-terra-es\/azucena-mora-recibe-el-premio-pran-por-su-investigacion-contra-la-resistencia-a-los-antibioticos.html\"]}]},{\"@type\":\"BreadcrumbList\",\"@id\":\"https:\/\/innova.campogalego.gal\/es\/campus-terra-es\/azucena-mora-recibe-el-premio-pran-por-su-investigacion-contra-la-resistencia-a-los-antibioticos.html#breadcrumb\",\"itemListElement\":[{\"@type\":\"ListItem\",\"position\":1,\"name\":\"Portada\",\"item\":\"https:\/\/innova.campogalego.gal\/es\"},{\"@type\":\"ListItem\",\"position\":2,\"name\":\"Azucena Mora recibe el premio PRAN por su investigaci\u00f3n contra la resistencia a los antibi\u00f3ticos\"}]},{\"@type\":\"WebSite\",\"@id\":\"https:\/\/innova.campogalego.gal\/es#website\",\"url\":\"https:\/\/innova.campogalego.gal\/es\",\"name\":\"Innova - Campo Galego\",\"description\":\"\",\"potentialAction\":[{\"@type\":\"SearchAction\",\"target\":{\"@type\":\"EntryPoint\",\"urlTemplate\":\"https:\/\/innova.campogalego.gal\/es?s={search_term_string}\"},\"query-input\":\"required name=search_term_string\"}],\"inLanguage\":\"es\"},{\"@type\":\"Person\",\"@id\":\"https:\/\/innova.campogalego.gal\/es#\/schema\/person\/6e4b7d6d686e401bec27d34264139b0e\",\"name\":\"Ines Abelenda\",\"image\":{\"@type\":\"ImageObject\",\"inLanguage\":\"es\",\"@id\":\"https:\/\/innova.campogalego.gal\/es#\/schema\/person\/image\/\",\"url\":\"https:\/\/secure.gravatar.com\/avatar\/437a17220ee2261420e7298355a194eb?s=96&d=mm&r=g\",\"contentUrl\":\"https:\/\/secure.gravatar.com\/avatar\/437a17220ee2261420e7298355a194eb?s=96&d=mm&r=g\",\"caption\":\"Ines Abelenda\"},\"url\":\"https:\/\/innova.campogalego.gal\/es\/author\/ines\"}]}<\/script>\n<!-- \/ Yoast SEO plugin. -->","yoast_head_json":{"title":"Azucena Mora recibe el premio PRAN por su investigaci\u00f3n contra la resistencia a los antibi\u00f3ticos - Innova - Campo Galego","robots":{"index":"index","follow":"follow","max-snippet":"max-snippet:-1","max-image-preview":"max-image-preview:large","max-video-preview":"max-video-preview:-1"},"canonical":"https:\/\/innova.campogalego.gal\/es\/campus-terra-es\/azucena-mora-recibe-el-premio-pran-por-su-investigacion-contra-la-resistencia-a-los-antibioticos.html","og_locale":"es_ES","og_type":"article","og_title":"Azucena Mora recibe el premio PRAN por su investigaci\u00f3n contra la resistencia a los antibi\u00f3ticos - Innova - Campo Galego","og_description":"La catedr\u00e1tica de la USC, Azucena Mora, recogi\u00f3 este lunes 18 de noviembre el premio a la mejor iniciativa de investigaci\u00f3n otorgado por el Plan Nacional [\u2026]","og_url":"https:\/\/innova.campogalego.gal\/es\/campus-terra-es\/azucena-mora-recibe-el-premio-pran-por-su-investigacion-contra-la-resistencia-a-los-antibioticos.html","og_site_name":"Innova - Campo Galego","article_published_time":"2024-11-21T10:39:44+00:00","article_modified_time":"2024-11-21T10:53:34+00:00","og_image":[{"width":1200,"height":800,"url":"https:\/\/innova.campogalego.gal\/wp-content\/uploads\/2024\/11\/premio.jpg","type":"image\/jpeg"}],"author":"Ines Abelenda","twitter_card":"summary_large_image","twitter_misc":{"Escrito por":"Ines Abelenda","Tiempo de lectura":"3 minutos"},"schema":{"@context":"https:\/\/schema.org","@graph":[{"@type":"WebPage","@id":"https:\/\/innova.campogalego.gal\/es\/campus-terra-es\/azucena-mora-recibe-el-premio-pran-por-su-investigacion-contra-la-resistencia-a-los-antibioticos.html","url":"https:\/\/innova.campogalego.gal\/es\/campus-terra-es\/azucena-mora-recibe-el-premio-pran-por-su-investigacion-contra-la-resistencia-a-los-antibioticos.html","name":"Azucena Mora recibe el premio PRAN por su investigaci\u00f3n contra la resistencia a los antibi\u00f3ticos - Innova - Campo Galego","isPartOf":{"@id":"https:\/\/innova.campogalego.gal\/es#website"},"datePublished":"2024-11-21T10:39:44+00:00","dateModified":"2024-11-21T10:53:34+00:00","author":{"@id":"https:\/\/innova.campogalego.gal\/es#\/schema\/person\/6e4b7d6d686e401bec27d34264139b0e"},"breadcrumb":{"@id":"https:\/\/innova.campogalego.gal\/es\/campus-terra-es\/azucena-mora-recibe-el-premio-pran-por-su-investigacion-contra-la-resistencia-a-los-antibioticos.html#breadcrumb"},"inLanguage":"es","potentialAction":[{"@type":"ReadAction","target":["https:\/\/innova.campogalego.gal\/es\/campus-terra-es\/azucena-mora-recibe-el-premio-pran-por-su-investigacion-contra-la-resistencia-a-los-antibioticos.html"]}]},{"@type":"BreadcrumbList","@id":"https:\/\/innova.campogalego.gal\/es\/campus-terra-es\/azucena-mora-recibe-el-premio-pran-por-su-investigacion-contra-la-resistencia-a-los-antibioticos.html#breadcrumb","itemListElement":[{"@type":"ListItem","position":1,"name":"Portada","item":"https:\/\/innova.campogalego.gal\/es"},{"@type":"ListItem","position":2,"name":"Azucena Mora recibe el premio PRAN por su investigaci\u00f3n contra la resistencia a los antibi\u00f3ticos"}]},{"@type":"WebSite","@id":"https:\/\/innova.campogalego.gal\/es#website","url":"https:\/\/innova.campogalego.gal\/es","name":"Innova - Campo Galego","description":"","potentialAction":[{"@type":"SearchAction","target":{"@type":"EntryPoint","urlTemplate":"https:\/\/innova.campogalego.gal\/es?s={search_term_string}"},"query-input":"required name=search_term_string"}],"inLanguage":"es"},{"@type":"Person","@id":"https:\/\/innova.campogalego.gal\/es#\/schema\/person\/6e4b7d6d686e401bec27d34264139b0e","name":"Ines Abelenda","image":{"@type":"ImageObject","inLanguage":"es","@id":"https:\/\/innova.campogalego.gal\/es#\/schema\/person\/image\/","url":"https:\/\/secure.gravatar.com\/avatar\/437a17220ee2261420e7298355a194eb?s=96&d=mm&r=g","contentUrl":"https:\/\/secure.gravatar.com\/avatar\/437a17220ee2261420e7298355a194eb?s=96&d=mm&r=g","caption":"Ines Abelenda"},"url":"https:\/\/innova.campogalego.gal\/es\/author\/ines"}]}},"_links":{"self":[{"href":"https:\/\/innova.campogalego.gal\/es\/wp-json\/wp\/v2\/posts\/4948"}],"collection":[{"href":"https:\/\/innova.campogalego.gal\/es\/wp-json\/wp\/v2\/posts"}],"about":[{"href":"https:\/\/innova.campogalego.gal\/es\/wp-json\/wp\/v2\/types\/post"}],"author":[{"embeddable":true,"href":"https:\/\/innova.campogalego.gal\/es\/wp-json\/wp\/v2\/users\/12"}],"replies":[{"embeddable":true,"href":"https:\/\/innova.campogalego.gal\/es\/wp-json\/wp\/v2\/comments?post=4948"}],"version-history":[{"count":2,"href":"https:\/\/innova.campogalego.gal\/es\/wp-json\/wp\/v2\/posts\/4948\/revisions"}],"predecessor-version":[{"id":4970,"href":"https:\/\/innova.campogalego.gal\/es\/wp-json\/wp\/v2\/posts\/4948\/revisions\/4970"}],"wp:featuredmedia":[{"embeddable":true,"href":"https:\/\/innova.campogalego.gal\/es\/wp-json\/wp\/v2\/media\/4945"}],"wp:attachment":[{"href":"https:\/\/innova.campogalego.gal\/es\/wp-json\/wp\/v2\/media?parent=4948"}],"wp:term":[{"taxonomy":"category","embeddable":true,"href":"https:\/\/innova.campogalego.gal\/es\/wp-json\/wp\/v2\/categories?post=4948"},{"taxonomy":"post_tag","embeddable":true,"href":"https:\/\/innova.campogalego.gal\/es\/wp-json\/wp\/v2\/tags?post=4948"}],"curies":[{"name":"wp","href":"https:\/\/api.w.org\/{rel}","templated":true}]}}