{"id":5008,"date":"2024-11-27T13:17:36","date_gmt":"2024-11-27T12:17:36","guid":{"rendered":"https:\/\/innova.campogalego.gal\/?p=5008"},"modified":"2024-11-27T13:34:56","modified_gmt":"2024-11-27T12:34:56","slug":"la-agricultura-ecologica-repercute-en-un-mayor-valor-nutricional-de-los-alimentos","status":"publish","type":"post","link":"https:\/\/innova.campogalego.gal\/es\/agroalimentacion-es\/la-agricultura-ecologica-repercute-en-un-mayor-valor-nutricional-de-los-alimentos.html","title":{"rendered":"La agricultura ecol\u00f3gica repercute en un mayor valor nutricional de los alimentos"},"content":{"rendered":"<p><img decoding=\"async\" loading=\"lazy\" src=\"data:image\/gif;base64,R0lGODlhAQABAAAAACH5BAEKAAEALAAAAAABAAEAAAICTAEAOw==\" alt=\"\" width=\"1200\" height=\"800\" class=\"aligncenter size-full wp-image-5017 lazyload\" sizes=\"(max-width:767px) 480px, (max-width:1200px) 100vw, 1200px\" data-src=\"https:\/\/innova.campogalego.gal\/wp-content\/uploads\/2024\/11\/produtos-ecoloxicos.jpg\" data-srcset=\"https:\/\/innova.campogalego.gal\/wp-content\/uploads\/2024\/11\/produtos-ecoloxicos.jpg 1200w, https:\/\/innova.campogalego.gal\/wp-content\/uploads\/2024\/11\/produtos-ecoloxicos-300x200.jpg 300w, https:\/\/innova.campogalego.gal\/wp-content\/uploads\/2024\/11\/produtos-ecoloxicos-1024x683.jpg 1024w\"><br \/>\nDurante las XXXV Jornadas Luis Asorey, se centraron en el valor nutricional de los alimentos ecol\u00f3gicos, de la mano de la ingeniera agr\u00f3noma Dolores Raig\u00f3n, catedr\u00e1tica de la Universitat Polit\u00e8cnica de Val\u00e8ncia y experta en nutrici\u00f3n personalizada y colectiva, adem\u00e1s de presidir Sociedad Espa\u00f1ola de Agricultura Ecol\u00f3gica. En la actualidad me la fuere parte del consejo asesor del Centro Mundial para la Alimentaci\u00f3n Sostenible y es miembro del Comit\u00e9 de Expertos para la Producci\u00f3n Ecol\u00f3gica de la Uni\u00f3n Europea. Sus investigaciones han demostrado la relevancia de la producci\u00f3n ecol\u00f3gica en el fomento de la biodiversidad, la calidad alimentaria y la sostenibilidad.<\/p>\n<p>La experta se\u00f1ala que la agricultura ecol\u00f3gica, org\u00e1nica o biol\u00f3gica est\u00e1 experimentando una gran capacidad de expansi\u00f3n. \u00abLas principales motivaciones que las personas agricultoras y ganaderas tienen hacia el cambio del modelo productivo industrial a ecol\u00f3gico, es la concienciaci\u00f3n hacia un sistema m\u00e1s respetuoso y que permita legar los recursos y asegurar un medio tanto o m\u00e1s productivo como lo que recibieron de sus antepasados\u00bb.<\/p>\n<p>La investigadora indica que la existencia de una mayor conciencia ecol\u00f3gica por parte de los consumidores, que reconocen el impacto de la agricultura convencional y los beneficios de la agricultura ecol\u00f3gica sobre el ecosistema y la biodiversidad, influye en el crecimiento del consumo de este tipo de alimentos. No obstante, asegura que la salud es \u00absin duda\u00bb el factor que m\u00e1s repercute a la hora de adquirir y consumir estos productos. Raig\u00f3n explica que \u00abnos acostumbramos a escuchar ten\u00e9rmelos y valores de contenidos nutricionales en los alimentos, aceptando c\u00f3mo normal el excepcional, ya que los valores de contenidos se muestran de forma absoluta y en un formato altamente cal\u00f3rico del alimento, como consecuencia del desequilibrio y la mala composici\u00f3n de los suelos\u00bb.<\/p>\n<p>La investigadora ponen de relieve que poder establecer diferencias, basadas en el rigor cient\u00edfico, donde se establece la influencia del sistema de producci\u00f3n ecol\u00f3gico en la mayor densidad nutricional, puede condicionar el aumento del consumo de alimentos ecol\u00f3gicos, de los que destaca que se obtienen \u00abde forma respetuosa y sostenible\u00bb.<\/p>\n<p><strong>Jornadas Luis Asorey <\/strong><br \/>\nLa Real Academia Gallega de Ciencias (RAGC) y la Diputaci\u00f3n de Lugo, con la colaboraci\u00f3n del Campus Terra de la Universidad de Santiago, tienen en marcha las XXXV Jornadas Luis Asorey. Esta edici\u00f3n versa sobre la importancia de la alimentaci\u00f3n, el medio ambiente y la salud; a trav\u00e9s de una serie de conferencias gratuitas. El ciclo concluye este jueves, 28 de noviembre, con un encuentro en la Escuela Polit\u00e9cnica Superior de Ingenier\u00eda de la Universidad de Santiago.<\/p>\n","protected":false},"excerpt":{"rendered":"<p>Durante las XXXV Jornadas Luis Asorey, se centraron en el valor nutricional de los alimentos ecol\u00f3gicos, de la mano de la ingeniera agr\u00f3noma Dolores Raig\u00f3n, catedr\u00e1tica<span class=\"excerpt-hellip\"> [\u2026]<\/span><\/p>\n","protected":false},"author":7,"featured_media":5017,"comment_status":"open","ping_status":"open","sticky":false,"template":"","format":"standard","meta":{"footnotes":""},"categories":[87],"tags":[],"acf":[],"yoast_head":"<!-- This site is optimized with the Yoast SEO plugin v21.2 - https:\/\/yoast.com\/wordpress\/plugins\/seo\/ -->\n<title>La agricultura ecol\u00f3gica repercute en un mayor valor nutricional de los alimentos - Innova - Campo Galego<\/title>\n<meta name=\"robots\" content=\"index, follow, max-snippet:-1, max-image-preview:large, max-video-preview:-1\" \/>\n<link rel=\"canonical\" href=\"https:\/\/innova.campogalego.gal\/es\/agroalimentacion-es\/la-agricultura-ecologica-repercute-en-un-mayor-valor-nutricional-de-los-alimentos.html\" \/>\n<meta property=\"og:locale\" content=\"es_ES\" \/>\n<meta property=\"og:type\" content=\"article\" \/>\n<meta property=\"og:title\" content=\"La agricultura ecol\u00f3gica repercute en un mayor valor nutricional de los alimentos - Innova - Campo Galego\" \/>\n<meta property=\"og:description\" content=\"Durante las XXXV Jornadas Luis Asorey, se centraron en el valor nutricional de los alimentos ecol\u00f3gicos, de la mano de la ingeniera agr\u00f3noma Dolores Raig\u00f3n, catedr\u00e1tica [\u2026]\" \/>\n<meta property=\"og:url\" content=\"https:\/\/innova.campogalego.gal\/es\/agroalimentacion-es\/la-agricultura-ecologica-repercute-en-un-mayor-valor-nutricional-de-los-alimentos.html\" \/>\n<meta property=\"og:site_name\" content=\"Innova - Campo Galego\" \/>\n<meta property=\"article:published_time\" content=\"2024-11-27T12:17:36+00:00\" \/>\n<meta property=\"article:modified_time\" content=\"2024-11-27T12:34:56+00:00\" \/>\n<meta property=\"og:image\" content=\"https:\/\/innova.campogalego.gal\/wp-content\/uploads\/2024\/11\/produtos-ecoloxicos.jpg\" \/>\n\t<meta property=\"og:image:width\" content=\"1200\" \/>\n\t<meta property=\"og:image:height\" content=\"800\" \/>\n\t<meta property=\"og:image:type\" content=\"image\/jpeg\" \/>\n<meta name=\"author\" content=\"noelia\" \/>\n<meta name=\"twitter:card\" content=\"summary_large_image\" \/>\n<meta name=\"twitter:label1\" content=\"Escrito por\" \/>\n\t<meta name=\"twitter:data1\" content=\"noelia\" \/>\n\t<meta name=\"twitter:label2\" content=\"Tiempo de lectura\" \/>\n\t<meta name=\"twitter:data2\" content=\"3 minutos\" \/>\n<script type=\"application\/ld+json\" class=\"yoast-schema-graph\">{\"@context\":\"https:\/\/schema.org\",\"@graph\":[{\"@type\":\"WebPage\",\"@id\":\"https:\/\/innova.campogalego.gal\/es\/agroalimentacion-es\/la-agricultura-ecologica-repercute-en-un-mayor-valor-nutricional-de-los-alimentos.html\",\"url\":\"https:\/\/innova.campogalego.gal\/es\/agroalimentacion-es\/la-agricultura-ecologica-repercute-en-un-mayor-valor-nutricional-de-los-alimentos.html\",\"name\":\"La agricultura ecol\u00f3gica repercute en un mayor valor nutricional de los alimentos - Innova - Campo Galego\",\"isPartOf\":{\"@id\":\"https:\/\/innova.campogalego.gal\/es#website\"},\"datePublished\":\"2024-11-27T12:17:36+00:00\",\"dateModified\":\"2024-11-27T12:34:56+00:00\",\"author\":{\"@id\":\"https:\/\/innova.campogalego.gal\/es#\/schema\/person\/5f73832eaae2d2d2fe19cdf56f76e921\"},\"breadcrumb\":{\"@id\":\"https:\/\/innova.campogalego.gal\/es\/agroalimentacion-es\/la-agricultura-ecologica-repercute-en-un-mayor-valor-nutricional-de-los-alimentos.html#breadcrumb\"},\"inLanguage\":\"es\",\"potentialAction\":[{\"@type\":\"ReadAction\",\"target\":[\"https:\/\/innova.campogalego.gal\/es\/agroalimentacion-es\/la-agricultura-ecologica-repercute-en-un-mayor-valor-nutricional-de-los-alimentos.html\"]}]},{\"@type\":\"BreadcrumbList\",\"@id\":\"https:\/\/innova.campogalego.gal\/es\/agroalimentacion-es\/la-agricultura-ecologica-repercute-en-un-mayor-valor-nutricional-de-los-alimentos.html#breadcrumb\",\"itemListElement\":[{\"@type\":\"ListItem\",\"position\":1,\"name\":\"Portada\",\"item\":\"https:\/\/innova.campogalego.gal\/es\"},{\"@type\":\"ListItem\",\"position\":2,\"name\":\"La agricultura ecol\u00f3gica repercute en un mayor valor nutricional de los alimentos\"}]},{\"@type\":\"WebSite\",\"@id\":\"https:\/\/innova.campogalego.gal\/es#website\",\"url\":\"https:\/\/innova.campogalego.gal\/es\",\"name\":\"Innova - Campo Galego\",\"description\":\"\",\"potentialAction\":[{\"@type\":\"SearchAction\",\"target\":{\"@type\":\"EntryPoint\",\"urlTemplate\":\"https:\/\/innova.campogalego.gal\/es?s={search_term_string}\"},\"query-input\":\"required name=search_term_string\"}],\"inLanguage\":\"es\"},{\"@type\":\"Person\",\"@id\":\"https:\/\/innova.campogalego.gal\/es#\/schema\/person\/5f73832eaae2d2d2fe19cdf56f76e921\",\"name\":\"noelia\",\"image\":{\"@type\":\"ImageObject\",\"inLanguage\":\"es\",\"@id\":\"https:\/\/innova.campogalego.gal\/es#\/schema\/person\/image\/\",\"url\":\"https:\/\/secure.gravatar.com\/avatar\/b4912756e566b19c7962f96cfebbb102?s=96&d=mm&r=g\",\"contentUrl\":\"https:\/\/secure.gravatar.com\/avatar\/b4912756e566b19c7962f96cfebbb102?s=96&d=mm&r=g\",\"caption\":\"noelia\"},\"url\":\"https:\/\/innova.campogalego.gal\/es\/author\/noelia\"}]}<\/script>\n<!-- \/ Yoast SEO plugin. -->","yoast_head_json":{"title":"La agricultura ecol\u00f3gica repercute en un mayor valor nutricional de los alimentos - Innova - Campo Galego","robots":{"index":"index","follow":"follow","max-snippet":"max-snippet:-1","max-image-preview":"max-image-preview:large","max-video-preview":"max-video-preview:-1"},"canonical":"https:\/\/innova.campogalego.gal\/es\/agroalimentacion-es\/la-agricultura-ecologica-repercute-en-un-mayor-valor-nutricional-de-los-alimentos.html","og_locale":"es_ES","og_type":"article","og_title":"La agricultura ecol\u00f3gica repercute en un mayor valor nutricional de los alimentos - Innova - Campo Galego","og_description":"Durante las XXXV Jornadas Luis Asorey, se centraron en el valor nutricional de los alimentos ecol\u00f3gicos, de la mano de la ingeniera agr\u00f3noma Dolores Raig\u00f3n, catedr\u00e1tica [\u2026]","og_url":"https:\/\/innova.campogalego.gal\/es\/agroalimentacion-es\/la-agricultura-ecologica-repercute-en-un-mayor-valor-nutricional-de-los-alimentos.html","og_site_name":"Innova - Campo Galego","article_published_time":"2024-11-27T12:17:36+00:00","article_modified_time":"2024-11-27T12:34:56+00:00","og_image":[{"width":1200,"height":800,"url":"https:\/\/innova.campogalego.gal\/wp-content\/uploads\/2024\/11\/produtos-ecoloxicos.jpg","type":"image\/jpeg"}],"author":"noelia","twitter_card":"summary_large_image","twitter_misc":{"Escrito por":"noelia","Tiempo de lectura":"3 minutos"},"schema":{"@context":"https:\/\/schema.org","@graph":[{"@type":"WebPage","@id":"https:\/\/innova.campogalego.gal\/es\/agroalimentacion-es\/la-agricultura-ecologica-repercute-en-un-mayor-valor-nutricional-de-los-alimentos.html","url":"https:\/\/innova.campogalego.gal\/es\/agroalimentacion-es\/la-agricultura-ecologica-repercute-en-un-mayor-valor-nutricional-de-los-alimentos.html","name":"La agricultura ecol\u00f3gica repercute en un mayor valor nutricional de los alimentos - Innova - Campo Galego","isPartOf":{"@id":"https:\/\/innova.campogalego.gal\/es#website"},"datePublished":"2024-11-27T12:17:36+00:00","dateModified":"2024-11-27T12:34:56+00:00","author":{"@id":"https:\/\/innova.campogalego.gal\/es#\/schema\/person\/5f73832eaae2d2d2fe19cdf56f76e921"},"breadcrumb":{"@id":"https:\/\/innova.campogalego.gal\/es\/agroalimentacion-es\/la-agricultura-ecologica-repercute-en-un-mayor-valor-nutricional-de-los-alimentos.html#breadcrumb"},"inLanguage":"es","potentialAction":[{"@type":"ReadAction","target":["https:\/\/innova.campogalego.gal\/es\/agroalimentacion-es\/la-agricultura-ecologica-repercute-en-un-mayor-valor-nutricional-de-los-alimentos.html"]}]},{"@type":"BreadcrumbList","@id":"https:\/\/innova.campogalego.gal\/es\/agroalimentacion-es\/la-agricultura-ecologica-repercute-en-un-mayor-valor-nutricional-de-los-alimentos.html#breadcrumb","itemListElement":[{"@type":"ListItem","position":1,"name":"Portada","item":"https:\/\/innova.campogalego.gal\/es"},{"@type":"ListItem","position":2,"name":"La agricultura ecol\u00f3gica repercute en un mayor valor nutricional de los alimentos"}]},{"@type":"WebSite","@id":"https:\/\/innova.campogalego.gal\/es#website","url":"https:\/\/innova.campogalego.gal\/es","name":"Innova - Campo Galego","description":"","potentialAction":[{"@type":"SearchAction","target":{"@type":"EntryPoint","urlTemplate":"https:\/\/innova.campogalego.gal\/es?s={search_term_string}"},"query-input":"required name=search_term_string"}],"inLanguage":"es"},{"@type":"Person","@id":"https:\/\/innova.campogalego.gal\/es#\/schema\/person\/5f73832eaae2d2d2fe19cdf56f76e921","name":"noelia","image":{"@type":"ImageObject","inLanguage":"es","@id":"https:\/\/innova.campogalego.gal\/es#\/schema\/person\/image\/","url":"https:\/\/secure.gravatar.com\/avatar\/b4912756e566b19c7962f96cfebbb102?s=96&d=mm&r=g","contentUrl":"https:\/\/secure.gravatar.com\/avatar\/b4912756e566b19c7962f96cfebbb102?s=96&d=mm&r=g","caption":"noelia"},"url":"https:\/\/innova.campogalego.gal\/es\/author\/noelia"}]}},"_links":{"self":[{"href":"https:\/\/innova.campogalego.gal\/es\/wp-json\/wp\/v2\/posts\/5008"}],"collection":[{"href":"https:\/\/innova.campogalego.gal\/es\/wp-json\/wp\/v2\/posts"}],"about":[{"href":"https:\/\/innova.campogalego.gal\/es\/wp-json\/wp\/v2\/types\/post"}],"author":[{"embeddable":true,"href":"https:\/\/innova.campogalego.gal\/es\/wp-json\/wp\/v2\/users\/7"}],"replies":[{"embeddable":true,"href":"https:\/\/innova.campogalego.gal\/es\/wp-json\/wp\/v2\/comments?post=5008"}],"version-history":[{"count":2,"href":"https:\/\/innova.campogalego.gal\/es\/wp-json\/wp\/v2\/posts\/5008\/revisions"}],"predecessor-version":[{"id":5019,"href":"https:\/\/innova.campogalego.gal\/es\/wp-json\/wp\/v2\/posts\/5008\/revisions\/5019"}],"wp:featuredmedia":[{"embeddable":true,"href":"https:\/\/innova.campogalego.gal\/es\/wp-json\/wp\/v2\/media\/5017"}],"wp:attachment":[{"href":"https:\/\/innova.campogalego.gal\/es\/wp-json\/wp\/v2\/media?parent=5008"}],"wp:term":[{"taxonomy":"category","embeddable":true,"href":"https:\/\/innova.campogalego.gal\/es\/wp-json\/wp\/v2\/categories?post=5008"},{"taxonomy":"post_tag","embeddable":true,"href":"https:\/\/innova.campogalego.gal\/es\/wp-json\/wp\/v2\/tags?post=5008"}],"curies":[{"name":"wp","href":"https:\/\/api.w.org\/{rel}","templated":true}]}}