{"id":5076,"date":"2024-12-04T11:26:10","date_gmt":"2024-12-04T10:26:10","guid":{"rendered":"https:\/\/innova.campogalego.gal\/?p=5076"},"modified":"2024-12-04T11:26:10","modified_gmt":"2024-12-04T10:26:10","slug":"conservacion-de-habitats-de-interes-comunitario-en-la-montana-gracias-al-silvopastoreo","status":"publish","type":"post","link":"https:\/\/innova.campogalego.gal\/es\/campus-terra-es\/conservacion-de-habitats-de-interes-comunitario-en-la-montana-gracias-al-silvopastoreo.html","title":{"rendered":"Conservaci\u00f3n de h\u00e1bitats de inter\u00e9s comunitario en la monta\u00f1a gracias al silvopastoreo"},"content":{"rendered":"<div id=\"attachment_3047\" style=\"width: 1210px\" class=\"wp-caption aligncenter\"><img aria-describedby=\"caption-attachment-3047\" decoding=\"async\" loading=\"lazy\" class=\"size-full wp-image-3047 lazyload\" src=\"data:image\/gif;base64,R0lGODlhAQABAAAAACH5BAEKAAEALAAAAAABAAEAAAICTAEAOw==\" alt=\"\" width=\"1200\" height=\"800\" sizes=\"(max-width:767px) 480px, (max-width:1200px) 100vw, 1200px\" data-src=\"https:\/\/innova.campogalego.gal\/wp-content\/uploads\/2024\/01\/vacas-pastoreo-azores-portugal-1.jpg\" data-srcset=\"https:\/\/innova.campogalego.gal\/wp-content\/uploads\/2024\/01\/vacas-pastoreo-azores-portugal-1.jpg 1200w, https:\/\/innova.campogalego.gal\/wp-content\/uploads\/2024\/01\/vacas-pastoreo-azores-portugal-1-300x200.jpg 300w, https:\/\/innova.campogalego.gal\/wp-content\/uploads\/2024\/01\/vacas-pastoreo-azores-portugal-1-1024x683.jpg 1024w\"><p id=\"caption-attachment-3047\" class=\"wp-caption-text\">Imagen de archivo.<\/p><\/div>\n<p>El proyecto <a href=\"https:\/\/ruraltxa.com\/\" target=\"_blank\" rel=\"noopener\">RURALtXA!<\/a>, una iniciativa de cooperaci\u00f3n vasco-gallega, est\u00e1 trabajando en la protecci\u00f3n y recuperaci\u00f3n de h\u00e1bitats de inter\u00e9s comunitario, como pastos, queirogales y turbeiras. Hasta el momento, se identificaron y se evaluaron unas 23.000 hect\u00e1reas: 11.000 en Galicia y 12.000 en Euskadi.<\/p>\n<p>Este trabajo implica m\u00e1s de 250 comuneros gallegos y 130 en Euskadi, que desarrollan actividades tradicionales como la ganader\u00eda extensiva, el manejo de caballos salvajes y la apicultura.<\/p>\n<p>El objetivo del proyecto es revalorizar estas actividades no solo como fuente de alimentos de calidad, sino tambi\u00e9n por su contribuci\u00f3n en el mantenimiento de la biodiversidad y de los h\u00e1bitats de monta\u00f1a.<\/p>\n<p>Recientemente, RURALtXA! celebr\u00f3 su primer seminario en l\u00ednea con unas fases iniciales centradas en la caracterizaci\u00f3n de los h\u00e1bitats y en su recuperaci\u00f3n a trav\u00e9s de acciones de restauraci\u00f3n y mantenimiento de las actividades tradicionales en las \u00e1reas piloto del proyecto.<\/p>\n<p><strong>Redes de colaboraci\u00f3n y herramientas innovadoras<\/strong><\/p>\n<p>En Galicia, el proyecto cuenta con una red de 122 integrantes que est\u00e1 trabajando de la mano de la Fundaci\u00f3n Juana de Vega en el desarrollo de herramientas de marketing para mejorar la comercializaci\u00f3n de los productos locales.<\/p>\n<p>En Euskadi participan 33 profesionales de la ganader\u00eda y 20 entidades del sector, centrados en definir necesidades formativas, de asesoramiento o promoci\u00f3n de productos, contribuyendo a mejorar la viabilidad de las explotaciones que utilizan los pastos comunales de monta\u00f1a.<\/p>\n<p><strong>Planes de manejo<\/strong><\/p>\n<p>Uno de los logros destacados es la creaci\u00f3n de planes de manejo para cada \u00e1rea piloto. En Galicia ya se adhirieron ocho Comunidades de Montes mediante acuerdos de custodia con la Asociaci\u00f3n Gallega de Custodia del Territorio, cubriendo 13.000 hect\u00e1reas de las cuales 5.500 son de inter\u00e9s comunitario.<\/p>\n<p>En el \u00e1mbito de la restauraci\u00f3n, se realizaron actuaciones en 148 hect\u00e1reas, incluyendo desbroces en queirogales, retirada de arboleda en turbeiras y medidas para la recuperaci\u00f3n de caballos salvajes. Tambi\u00e9n se probaron noticias t\u00e9cnicas como quemas prescritas, controles de helechos con rulos especiales y collar de geoposicionamiento con vallado virtual para el ganado.<\/p>\n<p><strong>Apoyo institucional<\/strong><\/p>\n<p>El proyecto cuenta con el respaldo de la Fundaci\u00f3n Biodiversidad del Ministerio para la Transici\u00f3n Ecol\u00f3gica y el Reto Demogr\u00e1fico, en el marco del Plan de Recuperaci\u00f3n, Transformaci\u00f3n y Resiliencia, financiado por la Uni\u00f3n Europea.<\/p>\n<p>En Galicia, trabaja con 23 comunidades de montes y propietarios privados en cuatro \u00e1reas piloto: ZEC Serra del Xistral, ZEC Monte Mayor, Serra de la Faladoira y Serra de la Groba. Son socios de RURALtXA! la USC, la Universidad de A Coru\u00f1a y HAZI del Gobierno Vasco.<\/p>\n","protected":false},"excerpt":{"rendered":"<p>El proyecto RURALtXA!, una iniciativa de cooperaci\u00f3n vasco-gallega, est\u00e1 trabajando en la protecci\u00f3n y recuperaci\u00f3n de h\u00e1bitats de inter\u00e9s comunitario, como pastos, queirogales y turbeiras. Hasta<span class=\"excerpt-hellip\"> [\u2026]<\/span><\/p>\n","protected":false},"author":12,"featured_media":5095,"comment_status":"open","ping_status":"open","sticky":false,"template":"","format":"standard","meta":{"footnotes":""},"categories":[92],"tags":[],"acf":[],"yoast_head":"<!-- This site is optimized with the Yoast SEO plugin v21.2 - https:\/\/yoast.com\/wordpress\/plugins\/seo\/ -->\n<title>Conservaci\u00f3n de h\u00e1bitats de inter\u00e9s comunitario en la monta\u00f1a gracias al silvopastoreo - Innova - Campo Galego<\/title>\n<meta name=\"robots\" content=\"index, follow, max-snippet:-1, max-image-preview:large, max-video-preview:-1\" \/>\n<link rel=\"canonical\" href=\"https:\/\/innova.campogalego.gal\/es\/campus-terra-es\/conservacion-de-habitats-de-interes-comunitario-en-la-montana-gracias-al-silvopastoreo.html\" \/>\n<meta property=\"og:locale\" content=\"es_ES\" \/>\n<meta property=\"og:type\" content=\"article\" \/>\n<meta property=\"og:title\" content=\"Conservaci\u00f3n de h\u00e1bitats de inter\u00e9s comunitario en la monta\u00f1a gracias al silvopastoreo - Innova - Campo Galego\" \/>\n<meta property=\"og:description\" content=\"El proyecto RURALtXA!, una iniciativa de cooperaci\u00f3n vasco-gallega, est\u00e1 trabajando en la protecci\u00f3n y recuperaci\u00f3n de h\u00e1bitats de inter\u00e9s comunitario, como pastos, queirogales y turbeiras. Hasta [\u2026]\" \/>\n<meta property=\"og:url\" content=\"https:\/\/innova.campogalego.gal\/es\/campus-terra-es\/conservacion-de-habitats-de-interes-comunitario-en-la-montana-gracias-al-silvopastoreo.html\" \/>\n<meta property=\"og:site_name\" content=\"Innova - Campo Galego\" \/>\n<meta property=\"article:published_time\" content=\"2024-12-04T10:26:10+00:00\" \/>\n<meta property=\"og:image\" content=\"https:\/\/innova.campogalego.gal\/wp-content\/uploads\/2024\/12\/xistral-cabalos.png\" \/>\n\t<meta property=\"og:image:width\" content=\"660\" \/>\n\t<meta property=\"og:image:height\" content=\"440\" \/>\n\t<meta property=\"og:image:type\" content=\"image\/png\" \/>\n<meta name=\"author\" content=\"Ines Abelenda\" \/>\n<meta name=\"twitter:card\" content=\"summary_large_image\" \/>\n<meta name=\"twitter:label1\" content=\"Escrito por\" \/>\n\t<meta name=\"twitter:data1\" content=\"Ines Abelenda\" \/>\n\t<meta name=\"twitter:label2\" content=\"Tiempo de lectura\" \/>\n\t<meta name=\"twitter:data2\" content=\"3 minutos\" \/>\n<script type=\"application\/ld+json\" class=\"yoast-schema-graph\">{\"@context\":\"https:\/\/schema.org\",\"@graph\":[{\"@type\":\"WebPage\",\"@id\":\"https:\/\/innova.campogalego.gal\/es\/campus-terra-es\/conservacion-de-habitats-de-interes-comunitario-en-la-montana-gracias-al-silvopastoreo.html\",\"url\":\"https:\/\/innova.campogalego.gal\/es\/campus-terra-es\/conservacion-de-habitats-de-interes-comunitario-en-la-montana-gracias-al-silvopastoreo.html\",\"name\":\"Conservaci\u00f3n de h\u00e1bitats de inter\u00e9s comunitario en la monta\u00f1a gracias al silvopastoreo - Innova - Campo Galego\",\"isPartOf\":{\"@id\":\"https:\/\/innova.campogalego.gal\/es#website\"},\"datePublished\":\"2024-12-04T10:26:10+00:00\",\"dateModified\":\"2024-12-04T10:26:10+00:00\",\"author\":{\"@id\":\"https:\/\/innova.campogalego.gal\/es#\/schema\/person\/6e4b7d6d686e401bec27d34264139b0e\"},\"breadcrumb\":{\"@id\":\"https:\/\/innova.campogalego.gal\/es\/campus-terra-es\/conservacion-de-habitats-de-interes-comunitario-en-la-montana-gracias-al-silvopastoreo.html#breadcrumb\"},\"inLanguage\":\"es\",\"potentialAction\":[{\"@type\":\"ReadAction\",\"target\":[\"https:\/\/innova.campogalego.gal\/es\/campus-terra-es\/conservacion-de-habitats-de-interes-comunitario-en-la-montana-gracias-al-silvopastoreo.html\"]}]},{\"@type\":\"BreadcrumbList\",\"@id\":\"https:\/\/innova.campogalego.gal\/es\/campus-terra-es\/conservacion-de-habitats-de-interes-comunitario-en-la-montana-gracias-al-silvopastoreo.html#breadcrumb\",\"itemListElement\":[{\"@type\":\"ListItem\",\"position\":1,\"name\":\"Portada\",\"item\":\"https:\/\/innova.campogalego.gal\/es\"},{\"@type\":\"ListItem\",\"position\":2,\"name\":\"Conservaci\u00f3n de h\u00e1bitats de inter\u00e9s comunitario en la monta\u00f1a gracias al silvopastoreo\"}]},{\"@type\":\"WebSite\",\"@id\":\"https:\/\/innova.campogalego.gal\/es#website\",\"url\":\"https:\/\/innova.campogalego.gal\/es\",\"name\":\"Innova - Campo Galego\",\"description\":\"\",\"potentialAction\":[{\"@type\":\"SearchAction\",\"target\":{\"@type\":\"EntryPoint\",\"urlTemplate\":\"https:\/\/innova.campogalego.gal\/es?s={search_term_string}\"},\"query-input\":\"required name=search_term_string\"}],\"inLanguage\":\"es\"},{\"@type\":\"Person\",\"@id\":\"https:\/\/innova.campogalego.gal\/es#\/schema\/person\/6e4b7d6d686e401bec27d34264139b0e\",\"name\":\"Ines Abelenda\",\"image\":{\"@type\":\"ImageObject\",\"inLanguage\":\"es\",\"@id\":\"https:\/\/innova.campogalego.gal\/es#\/schema\/person\/image\/\",\"url\":\"https:\/\/secure.gravatar.com\/avatar\/437a17220ee2261420e7298355a194eb?s=96&d=mm&r=g\",\"contentUrl\":\"https:\/\/secure.gravatar.com\/avatar\/437a17220ee2261420e7298355a194eb?s=96&d=mm&r=g\",\"caption\":\"Ines Abelenda\"},\"url\":\"https:\/\/innova.campogalego.gal\/es\/author\/ines\"}]}<\/script>\n<!-- \/ Yoast SEO plugin. -->","yoast_head_json":{"title":"Conservaci\u00f3n de h\u00e1bitats de inter\u00e9s comunitario en la monta\u00f1a gracias al silvopastoreo - Innova - Campo Galego","robots":{"index":"index","follow":"follow","max-snippet":"max-snippet:-1","max-image-preview":"max-image-preview:large","max-video-preview":"max-video-preview:-1"},"canonical":"https:\/\/innova.campogalego.gal\/es\/campus-terra-es\/conservacion-de-habitats-de-interes-comunitario-en-la-montana-gracias-al-silvopastoreo.html","og_locale":"es_ES","og_type":"article","og_title":"Conservaci\u00f3n de h\u00e1bitats de inter\u00e9s comunitario en la monta\u00f1a gracias al silvopastoreo - Innova - Campo Galego","og_description":"El proyecto RURALtXA!, una iniciativa de cooperaci\u00f3n vasco-gallega, est\u00e1 trabajando en la protecci\u00f3n y recuperaci\u00f3n de h\u00e1bitats de inter\u00e9s comunitario, como pastos, queirogales y turbeiras. Hasta [\u2026]","og_url":"https:\/\/innova.campogalego.gal\/es\/campus-terra-es\/conservacion-de-habitats-de-interes-comunitario-en-la-montana-gracias-al-silvopastoreo.html","og_site_name":"Innova - Campo Galego","article_published_time":"2024-12-04T10:26:10+00:00","og_image":[{"width":660,"height":440,"url":"https:\/\/innova.campogalego.gal\/wp-content\/uploads\/2024\/12\/xistral-cabalos.png","type":"image\/png"}],"author":"Ines Abelenda","twitter_card":"summary_large_image","twitter_misc":{"Escrito por":"Ines Abelenda","Tiempo de lectura":"3 minutos"},"schema":{"@context":"https:\/\/schema.org","@graph":[{"@type":"WebPage","@id":"https:\/\/innova.campogalego.gal\/es\/campus-terra-es\/conservacion-de-habitats-de-interes-comunitario-en-la-montana-gracias-al-silvopastoreo.html","url":"https:\/\/innova.campogalego.gal\/es\/campus-terra-es\/conservacion-de-habitats-de-interes-comunitario-en-la-montana-gracias-al-silvopastoreo.html","name":"Conservaci\u00f3n de h\u00e1bitats de inter\u00e9s comunitario en la monta\u00f1a gracias al silvopastoreo - Innova - Campo Galego","isPartOf":{"@id":"https:\/\/innova.campogalego.gal\/es#website"},"datePublished":"2024-12-04T10:26:10+00:00","dateModified":"2024-12-04T10:26:10+00:00","author":{"@id":"https:\/\/innova.campogalego.gal\/es#\/schema\/person\/6e4b7d6d686e401bec27d34264139b0e"},"breadcrumb":{"@id":"https:\/\/innova.campogalego.gal\/es\/campus-terra-es\/conservacion-de-habitats-de-interes-comunitario-en-la-montana-gracias-al-silvopastoreo.html#breadcrumb"},"inLanguage":"es","potentialAction":[{"@type":"ReadAction","target":["https:\/\/innova.campogalego.gal\/es\/campus-terra-es\/conservacion-de-habitats-de-interes-comunitario-en-la-montana-gracias-al-silvopastoreo.html"]}]},{"@type":"BreadcrumbList","@id":"https:\/\/innova.campogalego.gal\/es\/campus-terra-es\/conservacion-de-habitats-de-interes-comunitario-en-la-montana-gracias-al-silvopastoreo.html#breadcrumb","itemListElement":[{"@type":"ListItem","position":1,"name":"Portada","item":"https:\/\/innova.campogalego.gal\/es"},{"@type":"ListItem","position":2,"name":"Conservaci\u00f3n de h\u00e1bitats de inter\u00e9s comunitario en la monta\u00f1a gracias al silvopastoreo"}]},{"@type":"WebSite","@id":"https:\/\/innova.campogalego.gal\/es#website","url":"https:\/\/innova.campogalego.gal\/es","name":"Innova - Campo Galego","description":"","potentialAction":[{"@type":"SearchAction","target":{"@type":"EntryPoint","urlTemplate":"https:\/\/innova.campogalego.gal\/es?s={search_term_string}"},"query-input":"required name=search_term_string"}],"inLanguage":"es"},{"@type":"Person","@id":"https:\/\/innova.campogalego.gal\/es#\/schema\/person\/6e4b7d6d686e401bec27d34264139b0e","name":"Ines Abelenda","image":{"@type":"ImageObject","inLanguage":"es","@id":"https:\/\/innova.campogalego.gal\/es#\/schema\/person\/image\/","url":"https:\/\/secure.gravatar.com\/avatar\/437a17220ee2261420e7298355a194eb?s=96&d=mm&r=g","contentUrl":"https:\/\/secure.gravatar.com\/avatar\/437a17220ee2261420e7298355a194eb?s=96&d=mm&r=g","caption":"Ines Abelenda"},"url":"https:\/\/innova.campogalego.gal\/es\/author\/ines"}]}},"_links":{"self":[{"href":"https:\/\/innova.campogalego.gal\/es\/wp-json\/wp\/v2\/posts\/5076"}],"collection":[{"href":"https:\/\/innova.campogalego.gal\/es\/wp-json\/wp\/v2\/posts"}],"about":[{"href":"https:\/\/innova.campogalego.gal\/es\/wp-json\/wp\/v2\/types\/post"}],"author":[{"embeddable":true,"href":"https:\/\/innova.campogalego.gal\/es\/wp-json\/wp\/v2\/users\/12"}],"replies":[{"embeddable":true,"href":"https:\/\/innova.campogalego.gal\/es\/wp-json\/wp\/v2\/comments?post=5076"}],"version-history":[{"count":2,"href":"https:\/\/innova.campogalego.gal\/es\/wp-json\/wp\/v2\/posts\/5076\/revisions"}],"predecessor-version":[{"id":5097,"href":"https:\/\/innova.campogalego.gal\/es\/wp-json\/wp\/v2\/posts\/5076\/revisions\/5097"}],"wp:featuredmedia":[{"embeddable":true,"href":"https:\/\/innova.campogalego.gal\/es\/wp-json\/wp\/v2\/media\/5095"}],"wp:attachment":[{"href":"https:\/\/innova.campogalego.gal\/es\/wp-json\/wp\/v2\/media?parent=5076"}],"wp:term":[{"taxonomy":"category","embeddable":true,"href":"https:\/\/innova.campogalego.gal\/es\/wp-json\/wp\/v2\/categories?post=5076"},{"taxonomy":"post_tag","embeddable":true,"href":"https:\/\/innova.campogalego.gal\/es\/wp-json\/wp\/v2\/tags?post=5076"}],"curies":[{"name":"wp","href":"https:\/\/api.w.org\/{rel}","templated":true}]}}