{"id":5152,"date":"2024-12-13T12:34:01","date_gmt":"2024-12-13T11:34:01","guid":{"rendered":"https:\/\/innova.campogalego.gal\/?p=5152"},"modified":"2024-12-13T12:34:01","modified_gmt":"2024-12-13T11:34:01","slug":"se-pone-en-marcha-el-proyeto-lazteo-para-mejorar-la-innovacion-y-sostenibilidad-del-sector-lacteo-gallego","status":"publish","type":"post","link":"https:\/\/innova.campogalego.gal\/es\/ganaderia-es\/se-pone-en-marcha-el-proyeto-lazteo-para-mejorar-la-innovacion-y-sostenibilidad-del-sector-lacteo-gallego.html","title":{"rendered":"Se pone en marcha el proyeto Lazteo para mejorar la innovaci\u00f3n y sostenibilidad del sector l\u00e1cteo gallego"},"content":{"rendered":"<p><img decoding=\"async\" loading=\"lazy\" class=\"aligncenter size-full wp-image-5149 lazyload\" src=\"data:image\/gif;base64,R0lGODlhAQABAAAAACH5BAEKAAEALAAAAAABAAEAAAICTAEAOw==\" alt=\"\" width=\"1200\" height=\"800\" sizes=\"(max-width:767px) 480px, (max-width:1200px) 100vw, 1200px\" data-src=\"https:\/\/innova.campogalego.gal\/wp-content\/uploads\/2024\/12\/LAZTEO.jpg\" data-srcset=\"https:\/\/innova.campogalego.gal\/wp-content\/uploads\/2024\/12\/LAZTEO.jpg 1200w, https:\/\/innova.campogalego.gal\/wp-content\/uploads\/2024\/12\/LAZTEO-300x200.jpg 300w, https:\/\/innova.campogalego.gal\/wp-content\/uploads\/2024\/12\/LAZTEO-1024x683.jpg 1024w\"><\/p>\n<p>El proyecto \u201cLAZTEO: Regreso ao futuro do sector l\u00e1cteo &#8211; innovaci\u00f3n en territorio\u201d nace con el fin de promover la innovaci\u00f3n tecnol\u00f3gica en la industria l\u00e1ctea gallega para ayudar a combatir el impacto ambiental y mejorar el beneficio de sus operaciones.<\/p>\n<p>La iniciativa busca desarrollar una estrategia innovadora desde el sector primario gallego para mitigar el cambio clim\u00e1tico, mejorando el impacto ambiental de la industria l\u00e1ctea mediante soluciones tecnol\u00f3gicas.<\/p>\n<p>El plan de desarrollo del proyecto ser\u00e1 entre 2024 y 2027 y cuenta con un presupuesto de m\u00e1s de 3 millones de euros. Liderado por la Cooperativa Agraria Provincial de A Coru\u00f1a SCG (Bico de Xeado), en \u00e9l participan Porto-Molinos S.L., Innogando S.L., Elmega S.L., Alternative Fats and Proteins of Galicia S.L.U. (Alfaprogal) y Cartogalicia S.L.<\/p>\n<p>El proyecto, que tambi\u00e9n cuenta con la colaboraci\u00f3n de Crecer Smart Solutions, AGACA, CIAM, CLUSAGA, USC, Biome Markers, entre otros, se enmarca en la convocatoria \u201cMisiones de Especializaci\u00f3n Inteligente de Galicia\u201d, con financiaci\u00f3n de la Agencia Gallega de Innovaci\u00f3n y del Instituto Gallego de Promoci\u00f3n Econ\u00f3mica.<\/p>\n<p><strong>Pr\u00e1cticas agro-ganaderas sostenibles<\/strong><\/p>\n<p>Uno de los objetivos de LAZTEO es desarrollar pr\u00e1cticas agro-ganaderas sostenibles empleando materias primas para producir aditivos antimetanog\u00e9nicos y ayudar a reducir las emisiones de metano.<\/p>\n<p>Con el fin de luchar contra el impacto ambiental, investigar\u00e1n fuentes de prote\u00edna diferentes para sustituir la soja. Adem\u00e1s, impulsar\u00e1n la aplicaci\u00f3n de t\u00e9cnicas de agricultura regenerativa adaptadas a los suelos gallegos para mejorar su biodiversidad as\u00ed como disminuir el N\u2082O.<\/p>\n<p><strong>Innovaci\u00f3n y digitalizaci\u00f3n del campo<\/strong><\/p>\n<p>El proyecto LAZTEO implementar\u00e1 tecnolog\u00edas avanzadas de smart farming, como drones, sensores inteligentes (IoT) y monitorizaci\u00f3n con metanogen\u00f3mica, para optimizar las actividades campo-ganaderas y reducir la huella ambiental.<\/p>\n<p>La informaci\u00f3n obtenida ser\u00e1 procesada con IA, Cloud computing y Machine Learning para crear gemelos digitales y herramientas integradas de indicadores de cambio clim\u00e1tico. Tambi\u00e9n usar\u00e1n collares inteligentes para vallados virtuales que optimicen el abonado natural.<br \/>\nEste proyecto busca mitigar el impacto ambiental del sector l\u00e1cteo gallego, adem\u00e1s de situar a Galicia como un referente en sostenibilidad e innovaci\u00f3n en el \u00e1mbito agro-ganadero.<\/p>\n","protected":false},"excerpt":{"rendered":"<p>El proyecto \u201cLAZTEO: Regreso ao futuro do sector l\u00e1cteo &#8211; innovaci\u00f3n en territorio\u201d nace con el fin de promover la innovaci\u00f3n tecnol\u00f3gica en la industria l\u00e1ctea<span class=\"excerpt-hellip\"> [\u2026]<\/span><\/p>\n","protected":false},"author":12,"featured_media":5157,"comment_status":"open","ping_status":"open","sticky":false,"template":"","format":"standard","meta":{"footnotes":""},"categories":[89],"tags":[336],"acf":[],"yoast_head":"<!-- This site is optimized with the Yoast SEO plugin v21.2 - https:\/\/yoast.com\/wordpress\/plugins\/seo\/ -->\n<title>Se pone en marcha el proyeto Lazteo para mejorar la innovaci\u00f3n y sostenibilidad del sector l\u00e1cteo gallego - Innova - Campo Galego<\/title>\n<meta name=\"robots\" content=\"index, follow, max-snippet:-1, max-image-preview:large, max-video-preview:-1\" \/>\n<link rel=\"canonical\" href=\"https:\/\/innova.campogalego.gal\/es\/ganaderia-es\/se-pone-en-marcha-el-proyeto-lazteo-para-mejorar-la-innovacion-y-sostenibilidad-del-sector-lacteo-gallego.html\" \/>\n<meta property=\"og:locale\" content=\"es_ES\" \/>\n<meta property=\"og:type\" content=\"article\" \/>\n<meta property=\"og:title\" content=\"Se pone en marcha el proyeto Lazteo para mejorar la innovaci\u00f3n y sostenibilidad del sector l\u00e1cteo gallego - Innova - Campo Galego\" \/>\n<meta property=\"og:description\" content=\"El proyecto \u201cLAZTEO: Regreso ao futuro do sector l\u00e1cteo &#8211; innovaci\u00f3n en territorio\u201d nace con el fin de promover la innovaci\u00f3n tecnol\u00f3gica en la industria l\u00e1ctea [\u2026]\" \/>\n<meta property=\"og:url\" content=\"https:\/\/innova.campogalego.gal\/es\/ganaderia-es\/se-pone-en-marcha-el-proyeto-lazteo-para-mejorar-la-innovacion-y-sostenibilidad-del-sector-lacteo-gallego.html\" \/>\n<meta property=\"og:site_name\" content=\"Innova - Campo Galego\" \/>\n<meta property=\"article:published_time\" content=\"2024-12-13T11:34:01+00:00\" \/>\n<meta property=\"og:image\" content=\"https:\/\/innova.campogalego.gal\/wp-content\/uploads\/2024\/12\/bicoxeado.jpg\" \/>\n\t<meta property=\"og:image:width\" content=\"660\" \/>\n\t<meta property=\"og:image:height\" content=\"440\" \/>\n\t<meta property=\"og:image:type\" content=\"image\/jpeg\" \/>\n<meta name=\"author\" content=\"Ines Abelenda\" \/>\n<meta name=\"twitter:card\" content=\"summary_large_image\" \/>\n<meta name=\"twitter:label1\" content=\"Escrito por\" \/>\n\t<meta name=\"twitter:data1\" content=\"Ines Abelenda\" \/>\n\t<meta name=\"twitter:label2\" content=\"Tiempo de lectura\" \/>\n\t<meta name=\"twitter:data2\" content=\"3 minutos\" \/>\n<script type=\"application\/ld+json\" class=\"yoast-schema-graph\">{\"@context\":\"https:\/\/schema.org\",\"@graph\":[{\"@type\":\"WebPage\",\"@id\":\"https:\/\/innova.campogalego.gal\/es\/ganaderia-es\/se-pone-en-marcha-el-proyeto-lazteo-para-mejorar-la-innovacion-y-sostenibilidad-del-sector-lacteo-gallego.html\",\"url\":\"https:\/\/innova.campogalego.gal\/es\/ganaderia-es\/se-pone-en-marcha-el-proyeto-lazteo-para-mejorar-la-innovacion-y-sostenibilidad-del-sector-lacteo-gallego.html\",\"name\":\"Se pone en marcha el proyeto Lazteo para mejorar la innovaci\u00f3n y sostenibilidad del sector l\u00e1cteo gallego - Innova - Campo Galego\",\"isPartOf\":{\"@id\":\"https:\/\/innova.campogalego.gal\/es#website\"},\"datePublished\":\"2024-12-13T11:34:01+00:00\",\"dateModified\":\"2024-12-13T11:34:01+00:00\",\"author\":{\"@id\":\"https:\/\/innova.campogalego.gal\/es#\/schema\/person\/6e4b7d6d686e401bec27d34264139b0e\"},\"breadcrumb\":{\"@id\":\"https:\/\/innova.campogalego.gal\/es\/ganaderia-es\/se-pone-en-marcha-el-proyeto-lazteo-para-mejorar-la-innovacion-y-sostenibilidad-del-sector-lacteo-gallego.html#breadcrumb\"},\"inLanguage\":\"es\",\"potentialAction\":[{\"@type\":\"ReadAction\",\"target\":[\"https:\/\/innova.campogalego.gal\/es\/ganaderia-es\/se-pone-en-marcha-el-proyeto-lazteo-para-mejorar-la-innovacion-y-sostenibilidad-del-sector-lacteo-gallego.html\"]}]},{\"@type\":\"BreadcrumbList\",\"@id\":\"https:\/\/innova.campogalego.gal\/es\/ganaderia-es\/se-pone-en-marcha-el-proyeto-lazteo-para-mejorar-la-innovacion-y-sostenibilidad-del-sector-lacteo-gallego.html#breadcrumb\",\"itemListElement\":[{\"@type\":\"ListItem\",\"position\":1,\"name\":\"Portada\",\"item\":\"https:\/\/innova.campogalego.gal\/es\"},{\"@type\":\"ListItem\",\"position\":2,\"name\":\"Se pone en marcha el proyeto Lazteo para mejorar la innovaci\u00f3n y sostenibilidad del sector l\u00e1cteo gallego\"}]},{\"@type\":\"WebSite\",\"@id\":\"https:\/\/innova.campogalego.gal\/es#website\",\"url\":\"https:\/\/innova.campogalego.gal\/es\",\"name\":\"Innova - Campo Galego\",\"description\":\"\",\"potentialAction\":[{\"@type\":\"SearchAction\",\"target\":{\"@type\":\"EntryPoint\",\"urlTemplate\":\"https:\/\/innova.campogalego.gal\/es?s={search_term_string}\"},\"query-input\":\"required name=search_term_string\"}],\"inLanguage\":\"es\"},{\"@type\":\"Person\",\"@id\":\"https:\/\/innova.campogalego.gal\/es#\/schema\/person\/6e4b7d6d686e401bec27d34264139b0e\",\"name\":\"Ines Abelenda\",\"image\":{\"@type\":\"ImageObject\",\"inLanguage\":\"es\",\"@id\":\"https:\/\/innova.campogalego.gal\/es#\/schema\/person\/image\/\",\"url\":\"https:\/\/secure.gravatar.com\/avatar\/437a17220ee2261420e7298355a194eb?s=96&d=mm&r=g\",\"contentUrl\":\"https:\/\/secure.gravatar.com\/avatar\/437a17220ee2261420e7298355a194eb?s=96&d=mm&r=g\",\"caption\":\"Ines Abelenda\"},\"url\":\"https:\/\/innova.campogalego.gal\/es\/author\/ines\"}]}<\/script>\n<!-- \/ Yoast SEO plugin. -->","yoast_head_json":{"title":"Se pone en marcha el proyeto Lazteo para mejorar la innovaci\u00f3n y sostenibilidad del sector l\u00e1cteo gallego - Innova - Campo Galego","robots":{"index":"index","follow":"follow","max-snippet":"max-snippet:-1","max-image-preview":"max-image-preview:large","max-video-preview":"max-video-preview:-1"},"canonical":"https:\/\/innova.campogalego.gal\/es\/ganaderia-es\/se-pone-en-marcha-el-proyeto-lazteo-para-mejorar-la-innovacion-y-sostenibilidad-del-sector-lacteo-gallego.html","og_locale":"es_ES","og_type":"article","og_title":"Se pone en marcha el proyeto Lazteo para mejorar la innovaci\u00f3n y sostenibilidad del sector l\u00e1cteo gallego - Innova - Campo Galego","og_description":"El proyecto \u201cLAZTEO: Regreso ao futuro do sector l\u00e1cteo &#8211; innovaci\u00f3n en territorio\u201d nace con el fin de promover la innovaci\u00f3n tecnol\u00f3gica en la industria l\u00e1ctea [\u2026]","og_url":"https:\/\/innova.campogalego.gal\/es\/ganaderia-es\/se-pone-en-marcha-el-proyeto-lazteo-para-mejorar-la-innovacion-y-sostenibilidad-del-sector-lacteo-gallego.html","og_site_name":"Innova - Campo Galego","article_published_time":"2024-12-13T11:34:01+00:00","og_image":[{"width":660,"height":440,"url":"https:\/\/innova.campogalego.gal\/wp-content\/uploads\/2024\/12\/bicoxeado.jpg","type":"image\/jpeg"}],"author":"Ines Abelenda","twitter_card":"summary_large_image","twitter_misc":{"Escrito por":"Ines Abelenda","Tiempo de lectura":"3 minutos"},"schema":{"@context":"https:\/\/schema.org","@graph":[{"@type":"WebPage","@id":"https:\/\/innova.campogalego.gal\/es\/ganaderia-es\/se-pone-en-marcha-el-proyeto-lazteo-para-mejorar-la-innovacion-y-sostenibilidad-del-sector-lacteo-gallego.html","url":"https:\/\/innova.campogalego.gal\/es\/ganaderia-es\/se-pone-en-marcha-el-proyeto-lazteo-para-mejorar-la-innovacion-y-sostenibilidad-del-sector-lacteo-gallego.html","name":"Se pone en marcha el proyeto Lazteo para mejorar la innovaci\u00f3n y sostenibilidad del sector l\u00e1cteo gallego - Innova - Campo Galego","isPartOf":{"@id":"https:\/\/innova.campogalego.gal\/es#website"},"datePublished":"2024-12-13T11:34:01+00:00","dateModified":"2024-12-13T11:34:01+00:00","author":{"@id":"https:\/\/innova.campogalego.gal\/es#\/schema\/person\/6e4b7d6d686e401bec27d34264139b0e"},"breadcrumb":{"@id":"https:\/\/innova.campogalego.gal\/es\/ganaderia-es\/se-pone-en-marcha-el-proyeto-lazteo-para-mejorar-la-innovacion-y-sostenibilidad-del-sector-lacteo-gallego.html#breadcrumb"},"inLanguage":"es","potentialAction":[{"@type":"ReadAction","target":["https:\/\/innova.campogalego.gal\/es\/ganaderia-es\/se-pone-en-marcha-el-proyeto-lazteo-para-mejorar-la-innovacion-y-sostenibilidad-del-sector-lacteo-gallego.html"]}]},{"@type":"BreadcrumbList","@id":"https:\/\/innova.campogalego.gal\/es\/ganaderia-es\/se-pone-en-marcha-el-proyeto-lazteo-para-mejorar-la-innovacion-y-sostenibilidad-del-sector-lacteo-gallego.html#breadcrumb","itemListElement":[{"@type":"ListItem","position":1,"name":"Portada","item":"https:\/\/innova.campogalego.gal\/es"},{"@type":"ListItem","position":2,"name":"Se pone en marcha el proyeto Lazteo para mejorar la innovaci\u00f3n y sostenibilidad del sector l\u00e1cteo gallego"}]},{"@type":"WebSite","@id":"https:\/\/innova.campogalego.gal\/es#website","url":"https:\/\/innova.campogalego.gal\/es","name":"Innova - Campo Galego","description":"","potentialAction":[{"@type":"SearchAction","target":{"@type":"EntryPoint","urlTemplate":"https:\/\/innova.campogalego.gal\/es?s={search_term_string}"},"query-input":"required name=search_term_string"}],"inLanguage":"es"},{"@type":"Person","@id":"https:\/\/innova.campogalego.gal\/es#\/schema\/person\/6e4b7d6d686e401bec27d34264139b0e","name":"Ines Abelenda","image":{"@type":"ImageObject","inLanguage":"es","@id":"https:\/\/innova.campogalego.gal\/es#\/schema\/person\/image\/","url":"https:\/\/secure.gravatar.com\/avatar\/437a17220ee2261420e7298355a194eb?s=96&d=mm&r=g","contentUrl":"https:\/\/secure.gravatar.com\/avatar\/437a17220ee2261420e7298355a194eb?s=96&d=mm&r=g","caption":"Ines Abelenda"},"url":"https:\/\/innova.campogalego.gal\/es\/author\/ines"}]}},"_links":{"self":[{"href":"https:\/\/innova.campogalego.gal\/es\/wp-json\/wp\/v2\/posts\/5152"}],"collection":[{"href":"https:\/\/innova.campogalego.gal\/es\/wp-json\/wp\/v2\/posts"}],"about":[{"href":"https:\/\/innova.campogalego.gal\/es\/wp-json\/wp\/v2\/types\/post"}],"author":[{"embeddable":true,"href":"https:\/\/innova.campogalego.gal\/es\/wp-json\/wp\/v2\/users\/12"}],"replies":[{"embeddable":true,"href":"https:\/\/innova.campogalego.gal\/es\/wp-json\/wp\/v2\/comments?post=5152"}],"version-history":[{"count":2,"href":"https:\/\/innova.campogalego.gal\/es\/wp-json\/wp\/v2\/posts\/5152\/revisions"}],"predecessor-version":[{"id":5159,"href":"https:\/\/innova.campogalego.gal\/es\/wp-json\/wp\/v2\/posts\/5152\/revisions\/5159"}],"wp:featuredmedia":[{"embeddable":true,"href":"https:\/\/innova.campogalego.gal\/es\/wp-json\/wp\/v2\/media\/5157"}],"wp:attachment":[{"href":"https:\/\/innova.campogalego.gal\/es\/wp-json\/wp\/v2\/media?parent=5152"}],"wp:term":[{"taxonomy":"category","embeddable":true,"href":"https:\/\/innova.campogalego.gal\/es\/wp-json\/wp\/v2\/categories?post=5152"},{"taxonomy":"post_tag","embeddable":true,"href":"https:\/\/innova.campogalego.gal\/es\/wp-json\/wp\/v2\/tags?post=5152"}],"curies":[{"name":"wp","href":"https:\/\/api.w.org\/{rel}","templated":true}]}}