{"id":5205,"date":"2025-01-13T10:49:58","date_gmt":"2025-01-13T09:49:58","guid":{"rendered":"https:\/\/innova.campogalego.gal\/?p=5205"},"modified":"2025-01-13T10:50:34","modified_gmt":"2025-01-13T09:50:34","slug":"un-estudio-de-la-universidad-de-vigo-analiza-el-impacto-de-las-plantaciones-de-eucalipto-en-las-poblaciones-de-animales-invertebrados","status":"publish","type":"post","link":"https:\/\/innova.campogalego.gal\/es\/forestal-es\/un-estudio-de-la-universidad-de-vigo-analiza-el-impacto-de-las-plantaciones-de-eucalipto-en-las-poblaciones-de-animales-invertebrados.html","title":{"rendered":"Un estudio de la Universidad de Vigo analiza el impacto de las plantaciones de eucalipto en las poblaciones de animales invertebrados"},"content":{"rendered":"<p><img decoding=\"async\" loading=\"lazy\" class=\"aligncenter size-full wp-image-5210 lazyload\" src=\"data:image\/gif;base64,R0lGODlhAQABAAAAACH5BAEKAAEALAAAAAABAAEAAAICTAEAOw==\" alt=\"\" width=\"660\" height=\"440\" sizes=\"(max-width:767px) 480px, 660px\" data-src=\"https:\/\/innova.campogalego.gal\/wp-content\/uploads\/2025\/01\/Forest-Pioneer-eucalipto4.jpg\" data-srcset=\"https:\/\/innova.campogalego.gal\/wp-content\/uploads\/2025\/01\/Forest-Pioneer-eucalipto4.jpg 660w, https:\/\/innova.campogalego.gal\/wp-content\/uploads\/2025\/01\/Forest-Pioneer-eucalipto4-300x200.jpg 300w\"><br \/>\nPresentan nuevas evidencias sobre los efectos de las plantaciones de eucalipto en el suelo y, m\u00e1s concretamente, en las comunidades de invertebrados, una cuesti\u00f3n apenas analizada hasta ahora, pero que resulta fundamental para el correcto funcionamiento de los ecosistemas. Este proyecto fue liderado por la investigadora de postdoctoramiento del Departamento de Ecolog\u00eda y Biolog\u00eda Animal de la Universidad de Vigo, Raquel Juan Ovejero.<\/p>\n<p>A trav\u00e9s de un meta-an\u00e1lisis global que reuni\u00f3 26 estudios, el trabajo compar\u00f3 las plantaciones de eucalipto con otros tipos de uso del suelo, como bosques nativos y resto de plantaciones forestales, pastos, sistemas agroforestales y matas invasoras de acacias. \u00abLos resultados indicaron que la densidad de invertebrados en las plantaciones de eucalipto es menor que en la mayor\u00eda de las otras plantaciones forestales, pero m\u00e1s alta que en los pastos y en el resto de sistemas agroforestales\u00bb, indica la autora.<\/p>\n<p>En cuanto a la diversidad, Raquel Juan describe que fue m\u00e1s baja en las plantaciones de eucalipto en comparaci\u00f3n con las nativas, pero superior a la observada en otras plantaciones. A mayores, el estudio tambi\u00e9n revel\u00f3 que los efectos de las plantaciones de eucalipto var\u00edan seg\u00fan el tipo de plantaci\u00f3n forestal con el que son comparados y segundo factores clim\u00e1ticos como la temperatura media anual o las precipitaciones.<\/p>\n<blockquote><p>Al conocer estos resultados las personas que se dedican a la gesti\u00f3n forestal pueden adoptar pr\u00e1cticas que minimicen los efectos negativos en los invertebrados<\/p><\/blockquote>\n<p>A la vista de estos resultados, la responsable de la investigaci\u00f3n considera \u00abcrucial\u00bb la integraci\u00f3n de esta informaci\u00f3n en futuros estudios sobre las propiedades f\u00edsico-qu\u00edmicas del suelo, la edad de los \u00e1rboles, los m\u00e9todos de muestreo y las pr\u00e1cticas de gesti\u00f3n forestal, para mejorar la comprensi\u00f3n de los efectos de las plantaciones de eucalipto sobre los invertebrados, el suelo y la biodiversidad en general. \u00abSon datos fundamentales para tomar decisiones bien fundamentadas sobre el establecimiento y gesti\u00f3n sostenible de estas plantaciones, con el objetivo de reducir los impactos negativos y mejorar la salud del suelo\u00bb, recalca la investigadora.<\/p>\n<p>En esta l\u00ednea, la especialista explica que \u00abal comprender mejor los impactos de estas plantaciones en estos organismos las personas que se dedican a la gesti\u00f3n forestal pueden adoptar pr\u00e1cticas que minimicen los efectos negativos en los invertebrados y, consecuentemente, promover la salud del suelo y el mantenimiento de las funciones ecol\u00f3gicas\u00bb.<\/p>\n<p>Se espera que <strong><a href=\"https:\/\/onlinelibrary.wiley.com\/doi\/10.1002\/ldr.5431\" target=\"_blank\" rel=\"noopener\">los resultados de la investigaci\u00f3n<\/a><\/strong> \u00abpuedan ayudar de manera notable a las personas que se dedican a la gesti\u00f3n forestal, al desarrollo de estrategias de gesti\u00f3n m\u00e1s equilibradas, que procuren reducir los impactos ambientales de las plantaciones de eucaliptos y garantizar la sostenibilidad de los ecosistemas a largo plazo\u00bb, destaca la investigadora principal.<\/p>\n<p>Con coautores de las universidades de Co\u00edmbra, en Portugal, y Estadual de Santa Catarina en el Brasil, los resultados de la investigaci\u00f3n acaban de publicarse en la revista cient\u00edfica <em>Land Degradation &amp; Developmen<\/em>t.<\/p>\n","protected":false},"excerpt":{"rendered":"<p>Presentan nuevas evidencias sobre los efectos de las plantaciones de eucalipto en el suelo y, m\u00e1s concretamente, en las comunidades de invertebrados, una cuesti\u00f3n apenas analizada<span class=\"excerpt-hellip\"> [\u2026]<\/span><\/p>\n","protected":false},"author":7,"featured_media":5210,"comment_status":"open","ping_status":"open","sticky":false,"template":"","format":"standard","meta":{"footnotes":""},"categories":[88],"tags":[441],"acf":[],"yoast_head":"<!-- This site is optimized with the Yoast SEO plugin v21.2 - https:\/\/yoast.com\/wordpress\/plugins\/seo\/ -->\n<title>Un estudio de la Universidad de Vigo analiza el impacto de las plantaciones de eucalipto en las poblaciones de animales invertebrados - Innova - Campo Galego<\/title>\n<meta name=\"robots\" content=\"index, follow, max-snippet:-1, max-image-preview:large, max-video-preview:-1\" \/>\n<link rel=\"canonical\" href=\"https:\/\/innova.campogalego.gal\/es\/forestal-es\/un-estudio-de-la-universidad-de-vigo-analiza-el-impacto-de-las-plantaciones-de-eucalipto-en-las-poblaciones-de-animales-invertebrados.html\" \/>\n<meta property=\"og:locale\" content=\"es_ES\" \/>\n<meta property=\"og:type\" content=\"article\" \/>\n<meta property=\"og:title\" content=\"Un estudio de la Universidad de Vigo analiza el impacto de las plantaciones de eucalipto en las poblaciones de animales invertebrados - Innova - Campo Galego\" \/>\n<meta property=\"og:description\" content=\"Presentan nuevas evidencias sobre los efectos de las plantaciones de eucalipto en el suelo y, m\u00e1s concretamente, en las comunidades de invertebrados, una cuesti\u00f3n apenas analizada [\u2026]\" \/>\n<meta property=\"og:url\" content=\"https:\/\/innova.campogalego.gal\/es\/forestal-es\/un-estudio-de-la-universidad-de-vigo-analiza-el-impacto-de-las-plantaciones-de-eucalipto-en-las-poblaciones-de-animales-invertebrados.html\" \/>\n<meta property=\"og:site_name\" content=\"Innova - Campo Galego\" \/>\n<meta property=\"article:published_time\" content=\"2025-01-13T09:49:58+00:00\" \/>\n<meta property=\"article:modified_time\" content=\"2025-01-13T09:50:34+00:00\" \/>\n<meta property=\"og:image\" content=\"https:\/\/innova.campogalego.gal\/wp-content\/uploads\/2025\/01\/Forest-Pioneer-eucalipto4.jpg\" \/>\n\t<meta property=\"og:image:width\" content=\"660\" \/>\n\t<meta property=\"og:image:height\" content=\"440\" \/>\n\t<meta property=\"og:image:type\" content=\"image\/jpeg\" \/>\n<meta name=\"author\" content=\"noelia\" \/>\n<meta name=\"twitter:card\" content=\"summary_large_image\" \/>\n<meta name=\"twitter:label1\" content=\"Escrito por\" \/>\n\t<meta name=\"twitter:data1\" content=\"noelia\" \/>\n\t<meta name=\"twitter:label2\" content=\"Tiempo de lectura\" \/>\n\t<meta name=\"twitter:data2\" content=\"3 minutos\" \/>\n<script type=\"application\/ld+json\" class=\"yoast-schema-graph\">{\"@context\":\"https:\/\/schema.org\",\"@graph\":[{\"@type\":\"WebPage\",\"@id\":\"https:\/\/innova.campogalego.gal\/es\/forestal-es\/un-estudio-de-la-universidad-de-vigo-analiza-el-impacto-de-las-plantaciones-de-eucalipto-en-las-poblaciones-de-animales-invertebrados.html\",\"url\":\"https:\/\/innova.campogalego.gal\/es\/forestal-es\/un-estudio-de-la-universidad-de-vigo-analiza-el-impacto-de-las-plantaciones-de-eucalipto-en-las-poblaciones-de-animales-invertebrados.html\",\"name\":\"Un estudio de la Universidad de Vigo analiza el impacto de las plantaciones de eucalipto en las poblaciones de animales invertebrados - Innova - Campo Galego\",\"isPartOf\":{\"@id\":\"https:\/\/innova.campogalego.gal\/es#website\"},\"datePublished\":\"2025-01-13T09:49:58+00:00\",\"dateModified\":\"2025-01-13T09:50:34+00:00\",\"author\":{\"@id\":\"https:\/\/innova.campogalego.gal\/es#\/schema\/person\/5f73832eaae2d2d2fe19cdf56f76e921\"},\"breadcrumb\":{\"@id\":\"https:\/\/innova.campogalego.gal\/es\/forestal-es\/un-estudio-de-la-universidad-de-vigo-analiza-el-impacto-de-las-plantaciones-de-eucalipto-en-las-poblaciones-de-animales-invertebrados.html#breadcrumb\"},\"inLanguage\":\"es\",\"potentialAction\":[{\"@type\":\"ReadAction\",\"target\":[\"https:\/\/innova.campogalego.gal\/es\/forestal-es\/un-estudio-de-la-universidad-de-vigo-analiza-el-impacto-de-las-plantaciones-de-eucalipto-en-las-poblaciones-de-animales-invertebrados.html\"]}]},{\"@type\":\"BreadcrumbList\",\"@id\":\"https:\/\/innova.campogalego.gal\/es\/forestal-es\/un-estudio-de-la-universidad-de-vigo-analiza-el-impacto-de-las-plantaciones-de-eucalipto-en-las-poblaciones-de-animales-invertebrados.html#breadcrumb\",\"itemListElement\":[{\"@type\":\"ListItem\",\"position\":1,\"name\":\"Portada\",\"item\":\"https:\/\/innova.campogalego.gal\/es\"},{\"@type\":\"ListItem\",\"position\":2,\"name\":\"Un estudio de la Universidad de Vigo analiza el impacto de las plantaciones de eucalipto en las poblaciones de animales invertebrados\"}]},{\"@type\":\"WebSite\",\"@id\":\"https:\/\/innova.campogalego.gal\/es#website\",\"url\":\"https:\/\/innova.campogalego.gal\/es\",\"name\":\"Innova - Campo Galego\",\"description\":\"\",\"potentialAction\":[{\"@type\":\"SearchAction\",\"target\":{\"@type\":\"EntryPoint\",\"urlTemplate\":\"https:\/\/innova.campogalego.gal\/es?s={search_term_string}\"},\"query-input\":\"required name=search_term_string\"}],\"inLanguage\":\"es\"},{\"@type\":\"Person\",\"@id\":\"https:\/\/innova.campogalego.gal\/es#\/schema\/person\/5f73832eaae2d2d2fe19cdf56f76e921\",\"name\":\"noelia\",\"image\":{\"@type\":\"ImageObject\",\"inLanguage\":\"es\",\"@id\":\"https:\/\/innova.campogalego.gal\/es#\/schema\/person\/image\/\",\"url\":\"https:\/\/secure.gravatar.com\/avatar\/b4912756e566b19c7962f96cfebbb102?s=96&d=mm&r=g\",\"contentUrl\":\"https:\/\/secure.gravatar.com\/avatar\/b4912756e566b19c7962f96cfebbb102?s=96&d=mm&r=g\",\"caption\":\"noelia\"},\"url\":\"https:\/\/innova.campogalego.gal\/es\/author\/noelia\"}]}<\/script>\n<!-- \/ Yoast SEO plugin. -->","yoast_head_json":{"title":"Un estudio de la Universidad de Vigo analiza el impacto de las plantaciones de eucalipto en las poblaciones de animales invertebrados - Innova - Campo Galego","robots":{"index":"index","follow":"follow","max-snippet":"max-snippet:-1","max-image-preview":"max-image-preview:large","max-video-preview":"max-video-preview:-1"},"canonical":"https:\/\/innova.campogalego.gal\/es\/forestal-es\/un-estudio-de-la-universidad-de-vigo-analiza-el-impacto-de-las-plantaciones-de-eucalipto-en-las-poblaciones-de-animales-invertebrados.html","og_locale":"es_ES","og_type":"article","og_title":"Un estudio de la Universidad de Vigo analiza el impacto de las plantaciones de eucalipto en las poblaciones de animales invertebrados - Innova - Campo Galego","og_description":"Presentan nuevas evidencias sobre los efectos de las plantaciones de eucalipto en el suelo y, m\u00e1s concretamente, en las comunidades de invertebrados, una cuesti\u00f3n apenas analizada [\u2026]","og_url":"https:\/\/innova.campogalego.gal\/es\/forestal-es\/un-estudio-de-la-universidad-de-vigo-analiza-el-impacto-de-las-plantaciones-de-eucalipto-en-las-poblaciones-de-animales-invertebrados.html","og_site_name":"Innova - Campo Galego","article_published_time":"2025-01-13T09:49:58+00:00","article_modified_time":"2025-01-13T09:50:34+00:00","og_image":[{"width":660,"height":440,"url":"https:\/\/innova.campogalego.gal\/wp-content\/uploads\/2025\/01\/Forest-Pioneer-eucalipto4.jpg","type":"image\/jpeg"}],"author":"noelia","twitter_card":"summary_large_image","twitter_misc":{"Escrito por":"noelia","Tiempo de lectura":"3 minutos"},"schema":{"@context":"https:\/\/schema.org","@graph":[{"@type":"WebPage","@id":"https:\/\/innova.campogalego.gal\/es\/forestal-es\/un-estudio-de-la-universidad-de-vigo-analiza-el-impacto-de-las-plantaciones-de-eucalipto-en-las-poblaciones-de-animales-invertebrados.html","url":"https:\/\/innova.campogalego.gal\/es\/forestal-es\/un-estudio-de-la-universidad-de-vigo-analiza-el-impacto-de-las-plantaciones-de-eucalipto-en-las-poblaciones-de-animales-invertebrados.html","name":"Un estudio de la Universidad de Vigo analiza el impacto de las plantaciones de eucalipto en las poblaciones de animales invertebrados - Innova - Campo Galego","isPartOf":{"@id":"https:\/\/innova.campogalego.gal\/es#website"},"datePublished":"2025-01-13T09:49:58+00:00","dateModified":"2025-01-13T09:50:34+00:00","author":{"@id":"https:\/\/innova.campogalego.gal\/es#\/schema\/person\/5f73832eaae2d2d2fe19cdf56f76e921"},"breadcrumb":{"@id":"https:\/\/innova.campogalego.gal\/es\/forestal-es\/un-estudio-de-la-universidad-de-vigo-analiza-el-impacto-de-las-plantaciones-de-eucalipto-en-las-poblaciones-de-animales-invertebrados.html#breadcrumb"},"inLanguage":"es","potentialAction":[{"@type":"ReadAction","target":["https:\/\/innova.campogalego.gal\/es\/forestal-es\/un-estudio-de-la-universidad-de-vigo-analiza-el-impacto-de-las-plantaciones-de-eucalipto-en-las-poblaciones-de-animales-invertebrados.html"]}]},{"@type":"BreadcrumbList","@id":"https:\/\/innova.campogalego.gal\/es\/forestal-es\/un-estudio-de-la-universidad-de-vigo-analiza-el-impacto-de-las-plantaciones-de-eucalipto-en-las-poblaciones-de-animales-invertebrados.html#breadcrumb","itemListElement":[{"@type":"ListItem","position":1,"name":"Portada","item":"https:\/\/innova.campogalego.gal\/es"},{"@type":"ListItem","position":2,"name":"Un estudio de la Universidad de Vigo analiza el impacto de las plantaciones de eucalipto en las poblaciones de animales invertebrados"}]},{"@type":"WebSite","@id":"https:\/\/innova.campogalego.gal\/es#website","url":"https:\/\/innova.campogalego.gal\/es","name":"Innova - Campo Galego","description":"","potentialAction":[{"@type":"SearchAction","target":{"@type":"EntryPoint","urlTemplate":"https:\/\/innova.campogalego.gal\/es?s={search_term_string}"},"query-input":"required name=search_term_string"}],"inLanguage":"es"},{"@type":"Person","@id":"https:\/\/innova.campogalego.gal\/es#\/schema\/person\/5f73832eaae2d2d2fe19cdf56f76e921","name":"noelia","image":{"@type":"ImageObject","inLanguage":"es","@id":"https:\/\/innova.campogalego.gal\/es#\/schema\/person\/image\/","url":"https:\/\/secure.gravatar.com\/avatar\/b4912756e566b19c7962f96cfebbb102?s=96&d=mm&r=g","contentUrl":"https:\/\/secure.gravatar.com\/avatar\/b4912756e566b19c7962f96cfebbb102?s=96&d=mm&r=g","caption":"noelia"},"url":"https:\/\/innova.campogalego.gal\/es\/author\/noelia"}]}},"_links":{"self":[{"href":"https:\/\/innova.campogalego.gal\/es\/wp-json\/wp\/v2\/posts\/5205"}],"collection":[{"href":"https:\/\/innova.campogalego.gal\/es\/wp-json\/wp\/v2\/posts"}],"about":[{"href":"https:\/\/innova.campogalego.gal\/es\/wp-json\/wp\/v2\/types\/post"}],"author":[{"embeddable":true,"href":"https:\/\/innova.campogalego.gal\/es\/wp-json\/wp\/v2\/users\/7"}],"replies":[{"embeddable":true,"href":"https:\/\/innova.campogalego.gal\/es\/wp-json\/wp\/v2\/comments?post=5205"}],"version-history":[{"count":2,"href":"https:\/\/innova.campogalego.gal\/es\/wp-json\/wp\/v2\/posts\/5205\/revisions"}],"predecessor-version":[{"id":5214,"href":"https:\/\/innova.campogalego.gal\/es\/wp-json\/wp\/v2\/posts\/5205\/revisions\/5214"}],"wp:featuredmedia":[{"embeddable":true,"href":"https:\/\/innova.campogalego.gal\/es\/wp-json\/wp\/v2\/media\/5210"}],"wp:attachment":[{"href":"https:\/\/innova.campogalego.gal\/es\/wp-json\/wp\/v2\/media?parent=5205"}],"wp:term":[{"taxonomy":"category","embeddable":true,"href":"https:\/\/innova.campogalego.gal\/es\/wp-json\/wp\/v2\/categories?post=5205"},{"taxonomy":"post_tag","embeddable":true,"href":"https:\/\/innova.campogalego.gal\/es\/wp-json\/wp\/v2\/tags?post=5205"}],"curies":[{"name":"wp","href":"https:\/\/api.w.org\/{rel}","templated":true}]}}