{"id":5220,"date":"2025-01-15T11:41:54","date_gmt":"2025-01-15T10:41:54","guid":{"rendered":"https:\/\/innova.campogalego.gal\/?p=5220"},"modified":"2025-01-15T12:55:26","modified_gmt":"2025-01-15T11:55:26","slug":"premios-de-la-catedra-del-pan-a-investigaciones-innovadoras","status":"publish","type":"post","link":"https:\/\/innova.campogalego.gal\/es\/agroalimentacion-es\/premios-de-la-catedra-del-pan-a-investigaciones-innovadoras.html","title":{"rendered":"Premios de la C\u00e1tedra del Pan a investigaciones innovadoras"},"content":{"rendered":"<p><div id=\"attachment_5228\" style=\"width: 1210px\" class=\"wp-caption aligncenter\"><img aria-describedby=\"caption-attachment-5228\" decoding=\"async\" loading=\"lazy\" src=\"data:image\/gif;base64,R0lGODlhAQABAAAAACH5BAEKAAEALAAAAAABAAEAAAICTAEAOw==\" alt=\"\" width=\"1200\" height=\"800\" class=\"size-full wp-image-5228 lazyload\" sizes=\"(max-width:767px) 480px, (max-width:1200px) 100vw, 1200px\" data-src=\"https:\/\/innova.campogalego.gal\/wp-content\/uploads\/2025\/01\/trigo.jpg\" data-srcset=\"https:\/\/innova.campogalego.gal\/wp-content\/uploads\/2025\/01\/trigo.jpg 1200w, https:\/\/innova.campogalego.gal\/wp-content\/uploads\/2025\/01\/trigo-300x200.jpg 300w, https:\/\/innova.campogalego.gal\/wp-content\/uploads\/2025\/01\/trigo-1024x683.jpg 1024w\"><p id=\"caption-attachment-5228\" class=\"wp-caption-text\">Imagen de archivo.<\/p><\/div><br \/>\nLa C\u00e1tedra del Pan y del Cereal de la USC premi\u00f3 una investigaci\u00f3n enfocada en un sistema que asegure la trazabilidad de las harinas que se emplean en la elaboraci\u00f3n del pan protegido por la Indicaci\u00f3n Geogr\u00e1fica Protegida Pan Gallego. Este sistema est\u00e1 sustentado en el empleo de marcadores moleculares y t\u00e9cnicas microsc\u00f3picas.<\/p>\n<p>Con la entrada en vigor de la IXP Pan Gallego se establecen par\u00e1metros como el de garantizar el empleo de harina aut\u00f3ctona en un m\u00ednimo del 25%. Mar\u00eda Nerea Fern\u00e1ndez Canto, autora del trabajo, detect\u00f3 la presencia\/ausencia de harina en funci\u00f3n de su origen y adem\u00e1s cuantificarla con una sensibilidad inferior al 25%.<\/p>\n<p>La birrefringencia del almid\u00f3n permiti\u00f3 identificar el trigo &#8216;Caaveiro&#8217; en las mezclas de harina, caracterizado por una distribuci\u00f3n trimodal de los granos frente al bimodal del trigo de Castilla. \u201cEsta t\u00e9cnica parece prometedora para determinar los porcentajes empleados en la mezcla\u201d, segundo indica la autora, premiada con 1000 euros con el primero premio.<\/p>\n<p><strong>Investigaci\u00f3n sobre Vitamina D<\/strong><\/p>\n<p>El segundo galard\u00f3n de los premios y dotado con 500 euros fue entregado a Sheila Casti\u00f1eira L\u00f3pez, autora de una investigaci\u00f3n sobre la vitamina D, obtenida principalmente por la exposici\u00f3n solar y complementada con la dieta. <\/p>\n<p>Dado que los cambios sociales y las restricciones por la Covid-19 dificultaron alcanzar los valores m\u00ednimos recomendados, la investigaci\u00f3n propone una herramienta de suplementaci\u00f3n a trav\u00e9s de la fortificaci\u00f3n de productos derivados de los cereales como el pan y galletas. Esta suplementaci\u00f3n demostr\u00f3 no alterar las caracter\u00edsticas organol\u00e9pticas de los productos.<\/p>\n<p><strong>Enfermedad renal cr\u00f3nica<\/strong><\/p>\n<p>El estudio de Socia Boado Cura, premiado con el tercer galard\u00f3n y dotado con 250 euros, propone actualizar las recomendaciones sobre cereales integrales en enfermos renales cr\u00f3nicos.<\/p>\n<p>Se analizaron harinas, panes y muestras comerciales, demostrando un mayor contenido mineral en los cereales integrales y en los panes fermentados con levadura. La harina \u2018Caaveiro\u2019 present\u00f3 la composici\u00f3n mineral m\u00e1s adecuada para los pacientes, mientras que entre las muestras comerciales solo la pasta integral result\u00f3 apropiada.<\/p>\n<p><strong>Entrega de galardones<\/strong><\/p>\n<p>La entrega de los premios tuvo lugar el martes 14 en el Pazo de Montenegro. El rector de la USC, Antonio L\u00f3pez D\u00edaz, fue el encargado de presidir el acto y estuvo acompa\u00f1ado por \u00c1ngeles Romero, directora de la c\u00e1tedra institucional de la USC, y Francisco Fraga, vicerrector de Organizaci\u00f3n Acad\u00e9mica y Campus de Lugo.<\/p>\n<p>Los criterios que se tuvieron en cuenta a la hora de escoger los trabajos premiados fueron la originalidad (25%); las novedades de sus aportaciones al conocimiento de los temas estudiados, teniendo en cuenta la bibliograf\u00eda (25%); la actualidad y calidad de la metodolog\u00eda (25%); la calidad formal de los textos (25%).<\/p>\n","protected":false},"excerpt":{"rendered":"<p>La C\u00e1tedra del Pan y del Cereal de la USC premi\u00f3 una investigaci\u00f3n enfocada en un sistema que asegure la trazabilidad de las harinas que se<span class=\"excerpt-hellip\"> [\u2026]<\/span><\/p>\n","protected":false},"author":12,"featured_media":5228,"comment_status":"open","ping_status":"open","sticky":false,"template":"","format":"standard","meta":{"footnotes":""},"categories":[87,92],"tags":[],"acf":[],"yoast_head":"<!-- This site is optimized with the Yoast SEO plugin v21.2 - https:\/\/yoast.com\/wordpress\/plugins\/seo\/ -->\n<title>Premios de la C\u00e1tedra del Pan a investigaciones innovadoras - Innova - Campo Galego<\/title>\n<meta name=\"robots\" content=\"index, follow, max-snippet:-1, max-image-preview:large, max-video-preview:-1\" \/>\n<link rel=\"canonical\" href=\"https:\/\/innova.campogalego.gal\/es\/agroalimentacion-es\/premios-de-la-catedra-del-pan-a-investigaciones-innovadoras.html\" \/>\n<meta property=\"og:locale\" content=\"es_ES\" \/>\n<meta property=\"og:type\" content=\"article\" \/>\n<meta property=\"og:title\" content=\"Premios de la C\u00e1tedra del Pan a investigaciones innovadoras - Innova - Campo Galego\" \/>\n<meta property=\"og:description\" content=\"La C\u00e1tedra del Pan y del Cereal de la USC premi\u00f3 una investigaci\u00f3n enfocada en un sistema que asegure la trazabilidad de las harinas que se [\u2026]\" \/>\n<meta property=\"og:url\" content=\"https:\/\/innova.campogalego.gal\/es\/agroalimentacion-es\/premios-de-la-catedra-del-pan-a-investigaciones-innovadoras.html\" \/>\n<meta property=\"og:site_name\" content=\"Innova - Campo Galego\" \/>\n<meta property=\"article:published_time\" content=\"2025-01-15T10:41:54+00:00\" \/>\n<meta property=\"article:modified_time\" content=\"2025-01-15T11:55:26+00:00\" \/>\n<meta property=\"og:image\" content=\"https:\/\/innova.campogalego.gal\/wp-content\/uploads\/2025\/01\/trigo.jpg\" \/>\n\t<meta property=\"og:image:width\" content=\"1200\" \/>\n\t<meta property=\"og:image:height\" content=\"800\" \/>\n\t<meta property=\"og:image:type\" content=\"image\/jpeg\" \/>\n<meta name=\"author\" content=\"Ines Abelenda\" \/>\n<meta name=\"twitter:card\" content=\"summary_large_image\" \/>\n<meta name=\"twitter:label1\" content=\"Escrito por\" \/>\n\t<meta name=\"twitter:data1\" content=\"Ines Abelenda\" \/>\n\t<meta name=\"twitter:label2\" content=\"Tiempo de lectura\" \/>\n\t<meta name=\"twitter:data2\" content=\"3 minutos\" \/>\n<script type=\"application\/ld+json\" class=\"yoast-schema-graph\">{\"@context\":\"https:\/\/schema.org\",\"@graph\":[{\"@type\":\"WebPage\",\"@id\":\"https:\/\/innova.campogalego.gal\/es\/agroalimentacion-es\/premios-de-la-catedra-del-pan-a-investigaciones-innovadoras.html\",\"url\":\"https:\/\/innova.campogalego.gal\/es\/agroalimentacion-es\/premios-de-la-catedra-del-pan-a-investigaciones-innovadoras.html\",\"name\":\"Premios de la C\u00e1tedra del Pan a investigaciones innovadoras - Innova - Campo Galego\",\"isPartOf\":{\"@id\":\"https:\/\/innova.campogalego.gal\/es#website\"},\"datePublished\":\"2025-01-15T10:41:54+00:00\",\"dateModified\":\"2025-01-15T11:55:26+00:00\",\"author\":{\"@id\":\"https:\/\/innova.campogalego.gal\/es#\/schema\/person\/6e4b7d6d686e401bec27d34264139b0e\"},\"breadcrumb\":{\"@id\":\"https:\/\/innova.campogalego.gal\/es\/agroalimentacion-es\/premios-de-la-catedra-del-pan-a-investigaciones-innovadoras.html#breadcrumb\"},\"inLanguage\":\"es\",\"potentialAction\":[{\"@type\":\"ReadAction\",\"target\":[\"https:\/\/innova.campogalego.gal\/es\/agroalimentacion-es\/premios-de-la-catedra-del-pan-a-investigaciones-innovadoras.html\"]}]},{\"@type\":\"BreadcrumbList\",\"@id\":\"https:\/\/innova.campogalego.gal\/es\/agroalimentacion-es\/premios-de-la-catedra-del-pan-a-investigaciones-innovadoras.html#breadcrumb\",\"itemListElement\":[{\"@type\":\"ListItem\",\"position\":1,\"name\":\"Portada\",\"item\":\"https:\/\/innova.campogalego.gal\/es\"},{\"@type\":\"ListItem\",\"position\":2,\"name\":\"Premios de la C\u00e1tedra del Pan a investigaciones innovadoras\"}]},{\"@type\":\"WebSite\",\"@id\":\"https:\/\/innova.campogalego.gal\/es#website\",\"url\":\"https:\/\/innova.campogalego.gal\/es\",\"name\":\"Innova - Campo Galego\",\"description\":\"\",\"potentialAction\":[{\"@type\":\"SearchAction\",\"target\":{\"@type\":\"EntryPoint\",\"urlTemplate\":\"https:\/\/innova.campogalego.gal\/es?s={search_term_string}\"},\"query-input\":\"required name=search_term_string\"}],\"inLanguage\":\"es\"},{\"@type\":\"Person\",\"@id\":\"https:\/\/innova.campogalego.gal\/es#\/schema\/person\/6e4b7d6d686e401bec27d34264139b0e\",\"name\":\"Ines Abelenda\",\"image\":{\"@type\":\"ImageObject\",\"inLanguage\":\"es\",\"@id\":\"https:\/\/innova.campogalego.gal\/es#\/schema\/person\/image\/\",\"url\":\"https:\/\/secure.gravatar.com\/avatar\/437a17220ee2261420e7298355a194eb?s=96&d=mm&r=g\",\"contentUrl\":\"https:\/\/secure.gravatar.com\/avatar\/437a17220ee2261420e7298355a194eb?s=96&d=mm&r=g\",\"caption\":\"Ines Abelenda\"},\"url\":\"https:\/\/innova.campogalego.gal\/es\/author\/ines\"}]}<\/script>\n<!-- \/ Yoast SEO plugin. -->","yoast_head_json":{"title":"Premios de la C\u00e1tedra del Pan a investigaciones innovadoras - Innova - Campo Galego","robots":{"index":"index","follow":"follow","max-snippet":"max-snippet:-1","max-image-preview":"max-image-preview:large","max-video-preview":"max-video-preview:-1"},"canonical":"https:\/\/innova.campogalego.gal\/es\/agroalimentacion-es\/premios-de-la-catedra-del-pan-a-investigaciones-innovadoras.html","og_locale":"es_ES","og_type":"article","og_title":"Premios de la C\u00e1tedra del Pan a investigaciones innovadoras - Innova - Campo Galego","og_description":"La C\u00e1tedra del Pan y del Cereal de la USC premi\u00f3 una investigaci\u00f3n enfocada en un sistema que asegure la trazabilidad de las harinas que se [\u2026]","og_url":"https:\/\/innova.campogalego.gal\/es\/agroalimentacion-es\/premios-de-la-catedra-del-pan-a-investigaciones-innovadoras.html","og_site_name":"Innova - Campo Galego","article_published_time":"2025-01-15T10:41:54+00:00","article_modified_time":"2025-01-15T11:55:26+00:00","og_image":[{"width":1200,"height":800,"url":"https:\/\/innova.campogalego.gal\/wp-content\/uploads\/2025\/01\/trigo.jpg","type":"image\/jpeg"}],"author":"Ines Abelenda","twitter_card":"summary_large_image","twitter_misc":{"Escrito por":"Ines Abelenda","Tiempo de lectura":"3 minutos"},"schema":{"@context":"https:\/\/schema.org","@graph":[{"@type":"WebPage","@id":"https:\/\/innova.campogalego.gal\/es\/agroalimentacion-es\/premios-de-la-catedra-del-pan-a-investigaciones-innovadoras.html","url":"https:\/\/innova.campogalego.gal\/es\/agroalimentacion-es\/premios-de-la-catedra-del-pan-a-investigaciones-innovadoras.html","name":"Premios de la C\u00e1tedra del Pan a investigaciones innovadoras - Innova - Campo Galego","isPartOf":{"@id":"https:\/\/innova.campogalego.gal\/es#website"},"datePublished":"2025-01-15T10:41:54+00:00","dateModified":"2025-01-15T11:55:26+00:00","author":{"@id":"https:\/\/innova.campogalego.gal\/es#\/schema\/person\/6e4b7d6d686e401bec27d34264139b0e"},"breadcrumb":{"@id":"https:\/\/innova.campogalego.gal\/es\/agroalimentacion-es\/premios-de-la-catedra-del-pan-a-investigaciones-innovadoras.html#breadcrumb"},"inLanguage":"es","potentialAction":[{"@type":"ReadAction","target":["https:\/\/innova.campogalego.gal\/es\/agroalimentacion-es\/premios-de-la-catedra-del-pan-a-investigaciones-innovadoras.html"]}]},{"@type":"BreadcrumbList","@id":"https:\/\/innova.campogalego.gal\/es\/agroalimentacion-es\/premios-de-la-catedra-del-pan-a-investigaciones-innovadoras.html#breadcrumb","itemListElement":[{"@type":"ListItem","position":1,"name":"Portada","item":"https:\/\/innova.campogalego.gal\/es"},{"@type":"ListItem","position":2,"name":"Premios de la C\u00e1tedra del Pan a investigaciones innovadoras"}]},{"@type":"WebSite","@id":"https:\/\/innova.campogalego.gal\/es#website","url":"https:\/\/innova.campogalego.gal\/es","name":"Innova - Campo Galego","description":"","potentialAction":[{"@type":"SearchAction","target":{"@type":"EntryPoint","urlTemplate":"https:\/\/innova.campogalego.gal\/es?s={search_term_string}"},"query-input":"required name=search_term_string"}],"inLanguage":"es"},{"@type":"Person","@id":"https:\/\/innova.campogalego.gal\/es#\/schema\/person\/6e4b7d6d686e401bec27d34264139b0e","name":"Ines Abelenda","image":{"@type":"ImageObject","inLanguage":"es","@id":"https:\/\/innova.campogalego.gal\/es#\/schema\/person\/image\/","url":"https:\/\/secure.gravatar.com\/avatar\/437a17220ee2261420e7298355a194eb?s=96&d=mm&r=g","contentUrl":"https:\/\/secure.gravatar.com\/avatar\/437a17220ee2261420e7298355a194eb?s=96&d=mm&r=g","caption":"Ines Abelenda"},"url":"https:\/\/innova.campogalego.gal\/es\/author\/ines"}]}},"_links":{"self":[{"href":"https:\/\/innova.campogalego.gal\/es\/wp-json\/wp\/v2\/posts\/5220"}],"collection":[{"href":"https:\/\/innova.campogalego.gal\/es\/wp-json\/wp\/v2\/posts"}],"about":[{"href":"https:\/\/innova.campogalego.gal\/es\/wp-json\/wp\/v2\/types\/post"}],"author":[{"embeddable":true,"href":"https:\/\/innova.campogalego.gal\/es\/wp-json\/wp\/v2\/users\/12"}],"replies":[{"embeddable":true,"href":"https:\/\/innova.campogalego.gal\/es\/wp-json\/wp\/v2\/comments?post=5220"}],"version-history":[{"count":2,"href":"https:\/\/innova.campogalego.gal\/es\/wp-json\/wp\/v2\/posts\/5220\/revisions"}],"predecessor-version":[{"id":5231,"href":"https:\/\/innova.campogalego.gal\/es\/wp-json\/wp\/v2\/posts\/5220\/revisions\/5231"}],"wp:featuredmedia":[{"embeddable":true,"href":"https:\/\/innova.campogalego.gal\/es\/wp-json\/wp\/v2\/media\/5228"}],"wp:attachment":[{"href":"https:\/\/innova.campogalego.gal\/es\/wp-json\/wp\/v2\/media?parent=5220"}],"wp:term":[{"taxonomy":"category","embeddable":true,"href":"https:\/\/innova.campogalego.gal\/es\/wp-json\/wp\/v2\/categories?post=5220"},{"taxonomy":"post_tag","embeddable":true,"href":"https:\/\/innova.campogalego.gal\/es\/wp-json\/wp\/v2\/tags?post=5220"}],"curies":[{"name":"wp","href":"https:\/\/api.w.org\/{rel}","templated":true}]}}