{"id":5250,"date":"2025-01-17T12:36:45","date_gmt":"2025-01-17T11:36:45","guid":{"rendered":"https:\/\/innova.campogalego.gal\/?p=5250"},"modified":"2025-01-17T12:36:45","modified_gmt":"2025-01-17T11:36:45","slug":"la-transformacion-de-los-montes-vecinales-en-galicia-en-el-siglo-xx","status":"publish","type":"post","link":"https:\/\/innova.campogalego.gal\/es\/forestal-es\/la-transformacion-de-los-montes-vecinales-en-galicia-en-el-siglo-xx.html","title":{"rendered":"La transformaci\u00f3n de los montes vecinales en Galicia en el siglo XX"},"content":{"rendered":"<p><div id=\"attachment_5247\" style=\"width: 1210px\" class=\"wp-caption aligncenter\"><img aria-describedby=\"caption-attachment-5247\" decoding=\"async\" loading=\"lazy\" src=\"data:image\/gif;base64,R0lGODlhAQABAAAAACH5BAEKAAEALAAAAAABAAEAAAICTAEAOw==\" alt=\"\" width=\"1200\" height=\"680\" class=\"size-full wp-image-5247 lazyload\" sizes=\"(max-width:767px) 480px, (max-width:1200px) 100vw, 1200px\" data-src=\"https:\/\/innova.campogalego.gal\/wp-content\/uploads\/2025\/01\/monte-1.jpg\" data-srcset=\"https:\/\/innova.campogalego.gal\/wp-content\/uploads\/2025\/01\/monte-1.jpg 1200w, https:\/\/innova.campogalego.gal\/wp-content\/uploads\/2025\/01\/monte-1-300x170.jpg 300w, https:\/\/innova.campogalego.gal\/wp-content\/uploads\/2025\/01\/monte-1-1024x580.jpg 1024w\"><p id=\"caption-attachment-5247\" class=\"wp-caption-text\">Imagen de archivo.<\/p><\/div><br \/>\nDami\u00e1n Copena, profesor de la Facultad de Administraci\u00f3n y Direcci\u00f3n de Empresas de la USC, elabor\u00f3 un art\u00edculo titulado <a href=\"https:\/\/revistas.um.es\/areas\/article\/view\/575621\/375551\" rel=\"noopener\" target=\"_blank\">\u2018\u00abNo hab\u00eda m\u00e1s que tojos\u00bb. Transformaciones socioecon\u00f3micas y resistencias en el monte vecinal de Galicia durante el siglo XX\u2019<\/a>, donde trata el cambio de los sistemas socio-ecol\u00f3gicos de los montes vecinales durante el siglo pasado centr\u00e1ndose en el caso de Ponteareas.<\/p>\n<p>El estudio, publicado en \u00c1reas. Revista Internacional de Ciencias Sociales, explora los cambios generados por la forestaci\u00f3n promovida por la Administraci\u00f3n p\u00fablica. En Ponteareas, las plantaciones de especies de crecimiento r\u00e1pido se iniciaron en 1911 con la creaci\u00f3n del vivero forestal de Ribadetea, a\u00f1os antes de la llegada del franquismo.<\/p>\n<p>El forestalismo forzado, impulsado por el Patrimonio Forestal del Estado durante el franquismo, con plantaciones de pinos y eucaliptos, provoc\u00f3 una transformaci\u00f3n r\u00e1pida del monte vecinal, \u201cdisociando definitivamente el complejo campo-monte\u201d, seg\u00fan el profesor. <\/p>\n<p>\u201cEstos hechos provocan diferentes procesos de resistencia, originados desde la poblaci\u00f3n local que ve limitado el uso de un recurso vital para el mantenimiento del sistema agrario\u201d, a\u00f1ade Copena.<\/p>\n<p>Dami\u00e1n Copena, que tambi\u00e9n es miembro del Grupo de Estudios de Historia Empresarial y Sectorial. Pesca, Industria Comercio y del Centro de Investigaci\u00f3n Interuniversitario de los Paisajes Atl\u00e1nticos Culturales, hace un an\u00e1lisis de los procesos de recuperaci\u00f3n de los montes vecinales de Ponteareas a finales de los a\u00f1os setenta y principios de los ochenta. <\/p>\n<p>Indica que \u201cesta recuperaci\u00f3n no est\u00e1 exenta de conflictividad vecinal, con diferentes protestas y movimientos organizados, contando con las resistencias por parte de la administraci\u00f3n local que trata de dificultar el proceso\u201d. <\/p>\n<p>El trabajo destaca las dificultades que afrontan las comunidades locales para recuperar los terrenos colectivos, en un contexto que favorece la firma de convenios con la administraci\u00f3n auton\u00f3mica para mantener el ciclo forestalista. <\/p>\n<p>A finales del siglo XX, los montes vecinales se convierten en una herramienta de gesti\u00f3n colectiva que genera recursos econ\u00f3micos para las aldeas, impulsando el empleo y fortaleciendo el uso social, como se observa en los casos de las comunidades de montes de Ponteareas.<\/p>\n","protected":false},"excerpt":{"rendered":"<p>Dami\u00e1n Copena, profesor de la Facultad de Administraci\u00f3n y Direcci\u00f3n de Empresas de la USC, elabor\u00f3 un art\u00edculo titulado \u2018\u00abNo hab\u00eda m\u00e1s que tojos\u00bb. Transformaciones socioecon\u00f3micas<span class=\"excerpt-hellip\"> [\u2026]<\/span><\/p>\n","protected":false},"author":12,"featured_media":5247,"comment_status":"open","ping_status":"open","sticky":false,"template":"","format":"standard","meta":{"footnotes":""},"categories":[88],"tags":[],"acf":[],"yoast_head":"<!-- This site is optimized with the Yoast SEO plugin v21.2 - https:\/\/yoast.com\/wordpress\/plugins\/seo\/ -->\n<title>La transformaci\u00f3n de los montes vecinales en Galicia en el siglo XX - Innova - Campo Galego<\/title>\n<meta name=\"robots\" content=\"index, follow, max-snippet:-1, max-image-preview:large, max-video-preview:-1\" \/>\n<link rel=\"canonical\" href=\"https:\/\/innova.campogalego.gal\/es\/forestal-es\/la-transformacion-de-los-montes-vecinales-en-galicia-en-el-siglo-xx.html\" \/>\n<meta property=\"og:locale\" content=\"es_ES\" \/>\n<meta property=\"og:type\" content=\"article\" \/>\n<meta property=\"og:title\" content=\"La transformaci\u00f3n de los montes vecinales en Galicia en el siglo XX - Innova - Campo Galego\" \/>\n<meta property=\"og:description\" content=\"Dami\u00e1n Copena, profesor de la Facultad de Administraci\u00f3n y Direcci\u00f3n de Empresas de la USC, elabor\u00f3 un art\u00edculo titulado \u2018\u00abNo hab\u00eda m\u00e1s que tojos\u00bb. Transformaciones socioecon\u00f3micas [\u2026]\" \/>\n<meta property=\"og:url\" content=\"https:\/\/innova.campogalego.gal\/es\/forestal-es\/la-transformacion-de-los-montes-vecinales-en-galicia-en-el-siglo-xx.html\" \/>\n<meta property=\"og:site_name\" content=\"Innova - Campo Galego\" \/>\n<meta property=\"article:published_time\" content=\"2025-01-17T11:36:45+00:00\" \/>\n<meta property=\"og:image\" content=\"https:\/\/innova.campogalego.gal\/wp-content\/uploads\/2025\/01\/monte-1.jpg\" \/>\n\t<meta property=\"og:image:width\" content=\"1200\" \/>\n\t<meta property=\"og:image:height\" content=\"680\" \/>\n\t<meta property=\"og:image:type\" content=\"image\/jpeg\" \/>\n<meta name=\"author\" content=\"Ines Abelenda\" \/>\n<meta name=\"twitter:card\" content=\"summary_large_image\" \/>\n<meta name=\"twitter:label1\" content=\"Escrito por\" \/>\n\t<meta name=\"twitter:data1\" content=\"Ines Abelenda\" \/>\n\t<meta name=\"twitter:label2\" content=\"Tiempo de lectura\" \/>\n\t<meta name=\"twitter:data2\" content=\"3 minutos\" \/>\n<script type=\"application\/ld+json\" class=\"yoast-schema-graph\">{\"@context\":\"https:\/\/schema.org\",\"@graph\":[{\"@type\":\"WebPage\",\"@id\":\"https:\/\/innova.campogalego.gal\/es\/forestal-es\/la-transformacion-de-los-montes-vecinales-en-galicia-en-el-siglo-xx.html\",\"url\":\"https:\/\/innova.campogalego.gal\/es\/forestal-es\/la-transformacion-de-los-montes-vecinales-en-galicia-en-el-siglo-xx.html\",\"name\":\"La transformaci\u00f3n de los montes vecinales en Galicia en el siglo XX - Innova - Campo Galego\",\"isPartOf\":{\"@id\":\"https:\/\/innova.campogalego.gal\/es#website\"},\"datePublished\":\"2025-01-17T11:36:45+00:00\",\"dateModified\":\"2025-01-17T11:36:45+00:00\",\"author\":{\"@id\":\"https:\/\/innova.campogalego.gal\/es#\/schema\/person\/6e4b7d6d686e401bec27d34264139b0e\"},\"breadcrumb\":{\"@id\":\"https:\/\/innova.campogalego.gal\/es\/forestal-es\/la-transformacion-de-los-montes-vecinales-en-galicia-en-el-siglo-xx.html#breadcrumb\"},\"inLanguage\":\"es\",\"potentialAction\":[{\"@type\":\"ReadAction\",\"target\":[\"https:\/\/innova.campogalego.gal\/es\/forestal-es\/la-transformacion-de-los-montes-vecinales-en-galicia-en-el-siglo-xx.html\"]}]},{\"@type\":\"BreadcrumbList\",\"@id\":\"https:\/\/innova.campogalego.gal\/es\/forestal-es\/la-transformacion-de-los-montes-vecinales-en-galicia-en-el-siglo-xx.html#breadcrumb\",\"itemListElement\":[{\"@type\":\"ListItem\",\"position\":1,\"name\":\"Portada\",\"item\":\"https:\/\/innova.campogalego.gal\/es\"},{\"@type\":\"ListItem\",\"position\":2,\"name\":\"La transformaci\u00f3n de los montes vecinales en Galicia en el siglo XX\"}]},{\"@type\":\"WebSite\",\"@id\":\"https:\/\/innova.campogalego.gal\/es#website\",\"url\":\"https:\/\/innova.campogalego.gal\/es\",\"name\":\"Innova - Campo Galego\",\"description\":\"\",\"potentialAction\":[{\"@type\":\"SearchAction\",\"target\":{\"@type\":\"EntryPoint\",\"urlTemplate\":\"https:\/\/innova.campogalego.gal\/es?s={search_term_string}\"},\"query-input\":\"required name=search_term_string\"}],\"inLanguage\":\"es\"},{\"@type\":\"Person\",\"@id\":\"https:\/\/innova.campogalego.gal\/es#\/schema\/person\/6e4b7d6d686e401bec27d34264139b0e\",\"name\":\"Ines Abelenda\",\"image\":{\"@type\":\"ImageObject\",\"inLanguage\":\"es\",\"@id\":\"https:\/\/innova.campogalego.gal\/es#\/schema\/person\/image\/\",\"url\":\"https:\/\/secure.gravatar.com\/avatar\/437a17220ee2261420e7298355a194eb?s=96&d=mm&r=g\",\"contentUrl\":\"https:\/\/secure.gravatar.com\/avatar\/437a17220ee2261420e7298355a194eb?s=96&d=mm&r=g\",\"caption\":\"Ines Abelenda\"},\"url\":\"https:\/\/innova.campogalego.gal\/es\/author\/ines\"}]}<\/script>\n<!-- \/ Yoast SEO plugin. -->","yoast_head_json":{"title":"La transformaci\u00f3n de los montes vecinales en Galicia en el siglo XX - Innova - Campo Galego","robots":{"index":"index","follow":"follow","max-snippet":"max-snippet:-1","max-image-preview":"max-image-preview:large","max-video-preview":"max-video-preview:-1"},"canonical":"https:\/\/innova.campogalego.gal\/es\/forestal-es\/la-transformacion-de-los-montes-vecinales-en-galicia-en-el-siglo-xx.html","og_locale":"es_ES","og_type":"article","og_title":"La transformaci\u00f3n de los montes vecinales en Galicia en el siglo XX - Innova - Campo Galego","og_description":"Dami\u00e1n Copena, profesor de la Facultad de Administraci\u00f3n y Direcci\u00f3n de Empresas de la USC, elabor\u00f3 un art\u00edculo titulado \u2018\u00abNo hab\u00eda m\u00e1s que tojos\u00bb. Transformaciones socioecon\u00f3micas [\u2026]","og_url":"https:\/\/innova.campogalego.gal\/es\/forestal-es\/la-transformacion-de-los-montes-vecinales-en-galicia-en-el-siglo-xx.html","og_site_name":"Innova - Campo Galego","article_published_time":"2025-01-17T11:36:45+00:00","og_image":[{"width":1200,"height":680,"url":"https:\/\/innova.campogalego.gal\/wp-content\/uploads\/2025\/01\/monte-1.jpg","type":"image\/jpeg"}],"author":"Ines Abelenda","twitter_card":"summary_large_image","twitter_misc":{"Escrito por":"Ines Abelenda","Tiempo de lectura":"3 minutos"},"schema":{"@context":"https:\/\/schema.org","@graph":[{"@type":"WebPage","@id":"https:\/\/innova.campogalego.gal\/es\/forestal-es\/la-transformacion-de-los-montes-vecinales-en-galicia-en-el-siglo-xx.html","url":"https:\/\/innova.campogalego.gal\/es\/forestal-es\/la-transformacion-de-los-montes-vecinales-en-galicia-en-el-siglo-xx.html","name":"La transformaci\u00f3n de los montes vecinales en Galicia en el siglo XX - Innova - Campo Galego","isPartOf":{"@id":"https:\/\/innova.campogalego.gal\/es#website"},"datePublished":"2025-01-17T11:36:45+00:00","dateModified":"2025-01-17T11:36:45+00:00","author":{"@id":"https:\/\/innova.campogalego.gal\/es#\/schema\/person\/6e4b7d6d686e401bec27d34264139b0e"},"breadcrumb":{"@id":"https:\/\/innova.campogalego.gal\/es\/forestal-es\/la-transformacion-de-los-montes-vecinales-en-galicia-en-el-siglo-xx.html#breadcrumb"},"inLanguage":"es","potentialAction":[{"@type":"ReadAction","target":["https:\/\/innova.campogalego.gal\/es\/forestal-es\/la-transformacion-de-los-montes-vecinales-en-galicia-en-el-siglo-xx.html"]}]},{"@type":"BreadcrumbList","@id":"https:\/\/innova.campogalego.gal\/es\/forestal-es\/la-transformacion-de-los-montes-vecinales-en-galicia-en-el-siglo-xx.html#breadcrumb","itemListElement":[{"@type":"ListItem","position":1,"name":"Portada","item":"https:\/\/innova.campogalego.gal\/es"},{"@type":"ListItem","position":2,"name":"La transformaci\u00f3n de los montes vecinales en Galicia en el siglo XX"}]},{"@type":"WebSite","@id":"https:\/\/innova.campogalego.gal\/es#website","url":"https:\/\/innova.campogalego.gal\/es","name":"Innova - Campo Galego","description":"","potentialAction":[{"@type":"SearchAction","target":{"@type":"EntryPoint","urlTemplate":"https:\/\/innova.campogalego.gal\/es?s={search_term_string}"},"query-input":"required name=search_term_string"}],"inLanguage":"es"},{"@type":"Person","@id":"https:\/\/innova.campogalego.gal\/es#\/schema\/person\/6e4b7d6d686e401bec27d34264139b0e","name":"Ines Abelenda","image":{"@type":"ImageObject","inLanguage":"es","@id":"https:\/\/innova.campogalego.gal\/es#\/schema\/person\/image\/","url":"https:\/\/secure.gravatar.com\/avatar\/437a17220ee2261420e7298355a194eb?s=96&d=mm&r=g","contentUrl":"https:\/\/secure.gravatar.com\/avatar\/437a17220ee2261420e7298355a194eb?s=96&d=mm&r=g","caption":"Ines Abelenda"},"url":"https:\/\/innova.campogalego.gal\/es\/author\/ines"}]}},"_links":{"self":[{"href":"https:\/\/innova.campogalego.gal\/es\/wp-json\/wp\/v2\/posts\/5250"}],"collection":[{"href":"https:\/\/innova.campogalego.gal\/es\/wp-json\/wp\/v2\/posts"}],"about":[{"href":"https:\/\/innova.campogalego.gal\/es\/wp-json\/wp\/v2\/types\/post"}],"author":[{"embeddable":true,"href":"https:\/\/innova.campogalego.gal\/es\/wp-json\/wp\/v2\/users\/12"}],"replies":[{"embeddable":true,"href":"https:\/\/innova.campogalego.gal\/es\/wp-json\/wp\/v2\/comments?post=5250"}],"version-history":[{"count":2,"href":"https:\/\/innova.campogalego.gal\/es\/wp-json\/wp\/v2\/posts\/5250\/revisions"}],"predecessor-version":[{"id":5253,"href":"https:\/\/innova.campogalego.gal\/es\/wp-json\/wp\/v2\/posts\/5250\/revisions\/5253"}],"wp:featuredmedia":[{"embeddable":true,"href":"https:\/\/innova.campogalego.gal\/es\/wp-json\/wp\/v2\/media\/5247"}],"wp:attachment":[{"href":"https:\/\/innova.campogalego.gal\/es\/wp-json\/wp\/v2\/media?parent=5250"}],"wp:term":[{"taxonomy":"category","embeddable":true,"href":"https:\/\/innova.campogalego.gal\/es\/wp-json\/wp\/v2\/categories?post=5250"},{"taxonomy":"post_tag","embeddable":true,"href":"https:\/\/innova.campogalego.gal\/es\/wp-json\/wp\/v2\/tags?post=5250"}],"curies":[{"name":"wp","href":"https:\/\/api.w.org\/{rel}","templated":true}]}}