{"id":5280,"date":"2025-01-21T13:14:29","date_gmt":"2025-01-21T12:14:29","guid":{"rendered":"https:\/\/innova.campogalego.gal\/?p=5280"},"modified":"2025-01-21T13:14:29","modified_gmt":"2025-01-21T12:14:29","slug":"hay-mas-invertebrados-del-suelo-en-las-plantaciones-de-eucalipto-que-en-los-prados-o-tierras-agrarias-pero-menos-que-en-los-pinares-o-robledales","status":"publish","type":"post","link":"https:\/\/innova.campogalego.gal\/es\/forestal-es\/hay-mas-invertebrados-del-suelo-en-las-plantaciones-de-eucalipto-que-en-los-prados-o-tierras-agrarias-pero-menos-que-en-los-pinares-o-robledales.html","title":{"rendered":"\u00abHay m\u00e1s invertebrados del suelo en las plantaciones de eucalipto que en los prados o tierras agrarias, pero menos que en los pinares o robledales\u00bb"},"content":{"rendered":"<div id=\"attachment_5283\" style=\"width: 1210px\" class=\"wp-caption aligncenter\"><img aria-describedby=\"caption-attachment-5283\" decoding=\"async\" loading=\"lazy\" class=\"size-full wp-image-5283 lazyload\" src=\"data:image\/gif;base64,R0lGODlhAQABAAAAACH5BAEKAAEALAAAAAABAAEAAAICTAEAOw==\" alt=\"\" width=\"1200\" height=\"800\" sizes=\"(max-width:767px) 480px, (max-width:1200px) 100vw, 1200px\" data-src=\"https:\/\/innova.campogalego.gal\/wp-content\/uploads\/2025\/01\/raquel-uvigo-eucaliptos.jpg\" data-srcset=\"https:\/\/innova.campogalego.gal\/wp-content\/uploads\/2025\/01\/raquel-uvigo-eucaliptos.jpg 1200w, https:\/\/innova.campogalego.gal\/wp-content\/uploads\/2025\/01\/raquel-uvigo-eucaliptos-300x200.jpg 300w, https:\/\/innova.campogalego.gal\/wp-content\/uploads\/2025\/01\/raquel-uvigo-eucaliptos-1024x683.jpg 1024w\"><p id=\"caption-attachment-5283\" class=\"wp-caption-text\">La investigadora de postdoctoramiento del Departamento de Ecolog\u00eda y Biolog\u00eda Animal de la Universidad de Vigo, Raquel Juan Ovejero. Cedida<\/p><\/div>\n<p>Presentan nuevas evidencias sobre los efectos de las plantaciones de eucalipto en el suelo y, m\u00e1s concretamente, en las comunidades de invertebrados, una cuesti\u00f3n apenas analizada hasta lo de ahora, pero que resulta fundamental para el correcto funcionamiento de los ecosistemas.<\/p>\n<p>Estas conclusiones se han extra\u00eddo de un estudio liderado por la investigadora de posdoctoramiento del Departamento de Ecolog\u00eda y Biolog\u00eda Animal de la Universidad de Vigo, Raquel Juan Ovejero. Esta profesional nos describe en esta entrevista c\u00f3mo se ha desarrollado la investigaci\u00f3n, cu\u00e1les son las principales conclusiones y en qu\u00e9 otros trabajos est\u00e1 inmersa.<\/p>\n<p><strong>&#8211; Han presentado nuevas evidencias sobre los efectos de las plantaciones de eucalipto en el suelo. \u00bfC\u00f3mo ha sido el desarrollo de la investigaci\u00f3n? <\/strong><br \/>\nRealizamos un meta-an\u00e1lisis, que es un estudio de s\u00edntesis dise\u00f1ado para compilar y analizar estudios previos sobre un mismo tema. Este tipo de an\u00e1lisis permite evaluar de manera detallada la magnitud y la direcci\u00f3n de los efectos observados. En nuestro caso, nos centramos en estudiar los efectos de las plantaciones de eucalipto sobre las comunidades de invertebrados del suelo. Comparamos estos efectos con diferentes tipos de uso del suelo, incluyendo bosques nativos, otras plantaciones forestales, pastos, tierras de cultivo, bosquetes invasores de acacias y sistemas integrados de producci\u00f3n que combinan gesti\u00f3n forestal, ganadera y agr\u00edcola.<\/p>\n<p><strong>&#8211; \u00bfEn qu\u00e9 variedades de eucalipto se ha centrado el proyecto? <\/strong><br \/>\nRecogimos informaci\u00f3n en general del g\u00e9nero <em>Eucalyptus<\/em> que, por ejemplo, incluye especies que se plantan en la Pen\u00ednsula Ib\u00e9rica como <em>Eucalyptus globulus<\/em> o <em>Eucalyptus camaldulensis<\/em>.<\/p>\n<p><strong>&#8211; \u00bfD\u00f3nde se ha desarrollado la investigaci\u00f3n? <\/strong><br \/>\nEste estudio ha sido un trabajo de s\u00edntesis teniendo en cuenta los resultados de estudios previos y, por tanto, no ha conllevado trabajo de campo, sino que ha consistido en una compilaci\u00f3n y an\u00e1lisis de estudios existentes que compararon en su d\u00eda (ellos s\u00ed, con trabajo de campo), el efecto de las plantaciones de eucalipto en comunidades de invertebrados del suelo en comparaci\u00f3n con otros tipos de uso del suelo.<\/p>\n<blockquote><p>En el meta-an\u00e1lisis no aparecen estudios realizados en Galicia, aunque s\u00ed se incluyeron dos realizados en Portugal<\/p><\/blockquote>\n<p>Por otra parte, la compilaci\u00f3n de estudios para el meta-an\u00e1lisis se hizo a escala global, pero como los eucaliptos normalmente crecen en zonas tropicales y subtropicales, y tambi\u00e9n en zonas templadas c\u00e1lidas, la mayor\u00eda de estudios que finalmente fueron incluidos en el estudio se hab\u00edan llevado a cabo en Brasil, Portugal y Estados Unidos.<\/p>\n<p><strong>&#8211; \u00bfPodr\u00edan ser las conclusiones aplicables a zonas de Galicia donde la superficie de eucalipto sea mayor? <\/strong><br \/>\nEn el meta-an\u00e1lisis no aparecen estudios realizados en Galicia, aunque s\u00ed se incluyeron dos realizados en Portugal. Para conocer el caso espec\u00edfico de los efectos de las plantaciones de eucalipto sobre los invertebrados del suelo en Galicia y saber si las conclusiones generales del meta-an\u00e1lisis son aplicables a esta regi\u00f3n en concreto, ser\u00eda necesario llevar a cabo muestreos de fauna del suelo en diferentes zonas de la regi\u00f3n y comparar lo que sucede en estas plantaciones con lo que sucede bajo otros tipos de uso de suelo como bosques de robles y hayas, bosquetes invasores de acacia, plantaciones de pinos, o zonas de pastos.<\/p>\n<p><strong>&#8211; La investigaci\u00f3n se compar\u00f3 con otros tipos de uso de suelo. \u00bfCon cu\u00e1les hay una mayor similitud en los resultados y con cu\u00e1les mayores diferencias en cuanto a la densidad de invertebrados? <\/strong><br \/>\nEn ecolog\u00eda es importante diferenciar entre densidad y diversidad, pues la primera habla del n\u00famero de individuos, y la segunda del n\u00famero de especies. Nosotros encontramos que las plantaciones de eucaliptos tienen una densidad menor de invertebrados del suelo que otras plantaciones forestales (como, por ejemplo, aquellas que contienen pinos o acacias) pero una mayor diversidad.<\/p>\n<p>Adem\u00e1s, observamos que las plantaciones de eucaliptos tienen una diversidad de invertebrados del suelo menor que los bosques nativos, lo que podr\u00eda estar relacionado con una menor heterogeneidad de microh\u00e1bitats y, en consecuencia, con una menor disponibilidad de alimentos.<\/p>\n<p>Tambi\u00e9n pudimos ver que la densidad de invertebrados del suelo es menor en pastos y sistemas integrados de producci\u00f3n que en eucaliptos. En este caso, este resultado podr\u00eda estar relacionado con el laboreo del suelo, que puede que sea m\u00e1s agresivo en sistemas agroforestales que en eucaliptos porque en los primeros se hace de forma m\u00e1s continuada que en los segundos. De todas formas, para conocer mejor los impactos de estos resultados, necesitamos futuros estudios que investiguen en profundidad los efectos de diferentes pr\u00e1cticas de gesti\u00f3n sobre los invertebrados del suelo.<\/p>\n<blockquote><p>Necesitamos conocer los efectos de las pr\u00e1cticas de gesti\u00f3n en plantaciones de eucaliptos para poder favorecer una mayor presencia de invertebrados en los suelos<\/p><\/blockquote>\n<p><strong>&#8211; \u00bfDe qu\u00e9 manera pueden mejorar la gesti\u00f3n forestal ante estos resultados para promover una salud del suelo?<\/strong><br \/>\nLos invertebrados que habitan en el suelo, como lombrices, escarabajos y hormigas, juegan un papel muy importante en la descomposici\u00f3n de la materia org\u00e1nica y en el secuestro de carbono del suelo. Esto, a su vez, tiene implicaciones cruciales para la salud del suelo y para el bienestar humano, pues el suelo es una fuente imprescindible para el cultivo de alimentos.<\/p>\n<p>Por tanto, conocer el estado de los organismos que habitan en el suelo frente a diferentes tipos de gesti\u00f3n se hace absolutamente necesario para poder garantizar la conservaci\u00f3n de los recursos a largo plazo.<\/p>\n<p><strong>&#8211; \u00bfY para favorecer una mayor presencia de invertebrados en las plantaciones de eucalipto?<\/strong><br \/>\nNecesitamos conocer m\u00e1s en profundidad los efectos de las diferentes pr\u00e1cticas de gesti\u00f3n que se llevan a cabo en plantaciones de eucaliptos para poder favorecer una mayor presencia de invertebrados en los suelos que hay bajo estas plantaciones. Se hace especialmente necesario conocer cu\u00e1les son, por ejemplo, los efectos de la fertilizaci\u00f3n o de la frecuencia de las cortas.<\/p>\n<p><strong>&#8211; La retirada de todas las ramas despu\u00e9s de una corta para su aprovechamiento como biomasa es una pr\u00e1ctica que se est\u00e1 extendiendo en los \u00faltimos a\u00f1os en Galicia. \u00bfC\u00f3mo influye en la salud del suelo y en la presencia de invertebrados? <\/strong><br \/>\nLa madera muerta que se deja en el suelo es en muchas ocasiones un recurso alimentario para los organismos del suelo. Esta pr\u00e1ctica de gesti\u00f3n de retirar todas las ramas despu\u00e9s de una corta, por tanto, podr\u00eda alterar el h\u00e1bitat natural de los invertebrados del suelo, de forma que muchos de ellos tal vez tengan que desplazarse a otras zonas con m\u00e1s recursos alimentarios.<\/p>\n<blockquote><p>Las turberas m\u00e1s secas, con vegetaci\u00f3n como los brezos, tienen una gran actividad biol\u00f3gica y producen m\u00e1s flujos de carbono que otras m\u00e1s h\u00famedas<\/p><\/blockquote>\n<p><strong>&#8211; Su tesis doctoral se ha centrado en el papel funcional de la fauna y la vegetaci\u00f3n del suelo en la sensibilidad de las reservas de carbono a los cambios en factores abi\u00f3ticos. \u00bfPodr\u00edas detallar cu\u00e1les han sido las principales conclusiones que has obtenido? <\/strong><br \/>\nMi tesis doctoral, que conclu\u00ed en el a\u00f1o 2020, fue una investigaci\u00f3n sobre la ecolog\u00eda de los conjuntos de turberas de la Serra do Xistral (localizada en el norte de la provincia de Lugo). Las turberas son ecosistemas que necesitan muchas precipitaciones y mucha humedad, y se suelen encontrar en zonas situadas m\u00e1s al norte de Europa.<\/p>\n<p>Adem\u00e1s, tienen una figura de protecci\u00f3n ambiental a nivel europeo porque son un refugio para una gran diversidad de plantas y de organismos del suelo. Yo estudi\u00e9 las interacciones entre invertebrados del suelo y comunidades de plantas en diferentes h\u00e1bitats de estas turberas, y cu\u00e1les eran los efectos que estas interacciones podr\u00edan tener en las emisiones de carbono.<\/p>\n<p>En general, las turberas m\u00e1s secas, con vegetaci\u00f3n como los brezos, tienen una gran actividad biol\u00f3gica y producen m\u00e1s flujos de carbono que otras m\u00e1s h\u00famedas dominadas por musgos y juncos. Por tanto, en un contexto de cambio clim\u00e1tico van a tener m\u00e1s problemas para resistir al calentamiento global y al descenso de las precipitaciones.<\/p>\n<div id=\"attachment_5281\" style=\"width: 1210px\" class=\"wp-caption aligncenter\"><img aria-describedby=\"caption-attachment-5281\" decoding=\"async\" loading=\"lazy\" class=\"size-full wp-image-5281 lazyload\" src=\"data:image\/gif;base64,R0lGODlhAQABAAAAACH5BAEKAAEALAAAAAABAAEAAAICTAEAOw==\" alt=\"\" width=\"1200\" height=\"800\" sizes=\"(max-width:767px) 480px, (max-width:1200px) 100vw, 1200px\" data-src=\"https:\/\/innova.campogalego.gal\/wp-content\/uploads\/2025\/01\/raquel-eucaliptos-uvigo.jpg\" data-srcset=\"https:\/\/innova.campogalego.gal\/wp-content\/uploads\/2025\/01\/raquel-eucaliptos-uvigo.jpg 1200w, https:\/\/innova.campogalego.gal\/wp-content\/uploads\/2025\/01\/raquel-eucaliptos-uvigo-300x200.jpg 300w, https:\/\/innova.campogalego.gal\/wp-content\/uploads\/2025\/01\/raquel-eucaliptos-uvigo-1024x683.jpg 1024w\"><p id=\"caption-attachment-5281\" class=\"wp-caption-text\">Raquel realizando trabajos en una zona de eucaliptos. Cedida<\/p><\/div>\n<p><strong>&#8211; \u00bfEn qu\u00e9 se centra su investigaci\u00f3n postdoctoral? <\/strong><br \/>\nAhora mismo soy beneficiaria de un contrato de apoyo a la formaci\u00f3n postdoctoral de la Xunta de Galicia y estoy estudiando el impacto de la expansi\u00f3n de eucaliptos y acacias sobre diferentes funciones de los ecosistemas forestales, como pueden ser el secuestro de carbono o la preservaci\u00f3n de la biodiversidad.<\/p>\n<p><strong>&#8211; \u00bfEn qu\u00e9 otros proyectos est\u00e1 trabajando? <\/strong><br \/>\nEn estos momentos tambi\u00e9n estoy colaborando en proyectos relacionados con el estudio de las respuestas fisiol\u00f3gicas frente al cambio global de \u00e1rboles ic\u00f3nicos de la Pen\u00ednsula Ib\u00e9rica, como los pinos y las encinas. Adem\u00e1s, tambi\u00e9n estoy involucrada en otros proyectos relacionados con el estudio de las din\u00e1micas post-incendio forestal tanto de los organismos de suelo como de las comunidades de plantas.<\/p>\n","protected":false},"excerpt":{"rendered":"<p>Presentan nuevas evidencias sobre los efectos de las plantaciones de eucalipto en el suelo y, m\u00e1s concretamente, en las comunidades de invertebrados, una cuesti\u00f3n apenas analizada<span class=\"excerpt-hellip\"> [\u2026]<\/span><\/p>\n","protected":false},"author":7,"featured_media":5210,"comment_status":"open","ping_status":"open","sticky":false,"template":"","format":"standard","meta":{"footnotes":""},"categories":[88],"tags":[445,443,444],"acf":[],"yoast_head":"<!-- This site is optimized with the Yoast SEO plugin v21.2 - https:\/\/yoast.com\/wordpress\/plugins\/seo\/ -->\n<title>&quot;Hay m\u00e1s invertebrados del suelo en las plantaciones de eucalipto que en los prados o tierras agrarias, pero menos que en los pinares o robledales&quot; - Innova - Campo Galego<\/title>\n<meta name=\"robots\" content=\"index, follow, max-snippet:-1, max-image-preview:large, max-video-preview:-1\" \/>\n<link rel=\"canonical\" href=\"https:\/\/innova.campogalego.gal\/es\/forestal-es\/hay-mas-invertebrados-del-suelo-en-las-plantaciones-de-eucalipto-que-en-los-prados-o-tierras-agrarias-pero-menos-que-en-los-pinares-o-robledales.html\" \/>\n<meta property=\"og:locale\" content=\"es_ES\" \/>\n<meta property=\"og:type\" content=\"article\" \/>\n<meta property=\"og:title\" content=\"&quot;Hay m\u00e1s invertebrados del suelo en las plantaciones de eucalipto que en los prados o tierras agrarias, pero menos que en los pinares o robledales&quot; - Innova - Campo Galego\" \/>\n<meta property=\"og:description\" content=\"Presentan nuevas evidencias sobre los efectos de las plantaciones de eucalipto en el suelo y, m\u00e1s concretamente, en las comunidades de invertebrados, una cuesti\u00f3n apenas analizada [\u2026]\" \/>\n<meta property=\"og:url\" content=\"https:\/\/innova.campogalego.gal\/es\/forestal-es\/hay-mas-invertebrados-del-suelo-en-las-plantaciones-de-eucalipto-que-en-los-prados-o-tierras-agrarias-pero-menos-que-en-los-pinares-o-robledales.html\" \/>\n<meta property=\"og:site_name\" content=\"Innova - Campo Galego\" \/>\n<meta property=\"article:published_time\" content=\"2025-01-21T12:14:29+00:00\" \/>\n<meta property=\"og:image\" content=\"https:\/\/innova.campogalego.gal\/wp-content\/uploads\/2025\/01\/Forest-Pioneer-eucalipto4.jpg\" \/>\n\t<meta property=\"og:image:width\" content=\"660\" \/>\n\t<meta property=\"og:image:height\" content=\"440\" \/>\n\t<meta property=\"og:image:type\" content=\"image\/jpeg\" \/>\n<meta name=\"author\" content=\"noelia\" \/>\n<meta name=\"twitter:card\" content=\"summary_large_image\" \/>\n<meta name=\"twitter:label1\" content=\"Escrito por\" \/>\n\t<meta name=\"twitter:data1\" content=\"noelia\" \/>\n\t<meta name=\"twitter:label2\" content=\"Tiempo de lectura\" \/>\n\t<meta name=\"twitter:data2\" content=\"8 minutos\" \/>\n<script type=\"application\/ld+json\" class=\"yoast-schema-graph\">{\"@context\":\"https:\/\/schema.org\",\"@graph\":[{\"@type\":\"WebPage\",\"@id\":\"https:\/\/innova.campogalego.gal\/es\/forestal-es\/hay-mas-invertebrados-del-suelo-en-las-plantaciones-de-eucalipto-que-en-los-prados-o-tierras-agrarias-pero-menos-que-en-los-pinares-o-robledales.html\",\"url\":\"https:\/\/innova.campogalego.gal\/es\/forestal-es\/hay-mas-invertebrados-del-suelo-en-las-plantaciones-de-eucalipto-que-en-los-prados-o-tierras-agrarias-pero-menos-que-en-los-pinares-o-robledales.html\",\"name\":\"\\\"Hay m\u00e1s invertebrados del suelo en las plantaciones de eucalipto que en los prados o tierras agrarias, pero menos que en los pinares o robledales\\\" - Innova - Campo Galego\",\"isPartOf\":{\"@id\":\"https:\/\/innova.campogalego.gal\/es#website\"},\"datePublished\":\"2025-01-21T12:14:29+00:00\",\"dateModified\":\"2025-01-21T12:14:29+00:00\",\"author\":{\"@id\":\"https:\/\/innova.campogalego.gal\/es#\/schema\/person\/5f73832eaae2d2d2fe19cdf56f76e921\"},\"breadcrumb\":{\"@id\":\"https:\/\/innova.campogalego.gal\/es\/forestal-es\/hay-mas-invertebrados-del-suelo-en-las-plantaciones-de-eucalipto-que-en-los-prados-o-tierras-agrarias-pero-menos-que-en-los-pinares-o-robledales.html#breadcrumb\"},\"inLanguage\":\"es\",\"potentialAction\":[{\"@type\":\"ReadAction\",\"target\":[\"https:\/\/innova.campogalego.gal\/es\/forestal-es\/hay-mas-invertebrados-del-suelo-en-las-plantaciones-de-eucalipto-que-en-los-prados-o-tierras-agrarias-pero-menos-que-en-los-pinares-o-robledales.html\"]}]},{\"@type\":\"BreadcrumbList\",\"@id\":\"https:\/\/innova.campogalego.gal\/es\/forestal-es\/hay-mas-invertebrados-del-suelo-en-las-plantaciones-de-eucalipto-que-en-los-prados-o-tierras-agrarias-pero-menos-que-en-los-pinares-o-robledales.html#breadcrumb\",\"itemListElement\":[{\"@type\":\"ListItem\",\"position\":1,\"name\":\"Portada\",\"item\":\"https:\/\/innova.campogalego.gal\/es\"},{\"@type\":\"ListItem\",\"position\":2,\"name\":\"&#8220;Hay m\u00e1s invertebrados del suelo en las plantaciones de eucalipto que en los prados o tierras agrarias, pero menos que en los pinares o robledales&#8221;\"}]},{\"@type\":\"WebSite\",\"@id\":\"https:\/\/innova.campogalego.gal\/es#website\",\"url\":\"https:\/\/innova.campogalego.gal\/es\",\"name\":\"Innova - Campo Galego\",\"description\":\"\",\"potentialAction\":[{\"@type\":\"SearchAction\",\"target\":{\"@type\":\"EntryPoint\",\"urlTemplate\":\"https:\/\/innova.campogalego.gal\/es?s={search_term_string}\"},\"query-input\":\"required name=search_term_string\"}],\"inLanguage\":\"es\"},{\"@type\":\"Person\",\"@id\":\"https:\/\/innova.campogalego.gal\/es#\/schema\/person\/5f73832eaae2d2d2fe19cdf56f76e921\",\"name\":\"noelia\",\"image\":{\"@type\":\"ImageObject\",\"inLanguage\":\"es\",\"@id\":\"https:\/\/innova.campogalego.gal\/es#\/schema\/person\/image\/\",\"url\":\"https:\/\/secure.gravatar.com\/avatar\/b4912756e566b19c7962f96cfebbb102?s=96&d=mm&r=g\",\"contentUrl\":\"https:\/\/secure.gravatar.com\/avatar\/b4912756e566b19c7962f96cfebbb102?s=96&d=mm&r=g\",\"caption\":\"noelia\"},\"url\":\"https:\/\/innova.campogalego.gal\/es\/author\/noelia\"}]}<\/script>\n<!-- \/ Yoast SEO plugin. -->","yoast_head_json":{"title":"\"Hay m\u00e1s invertebrados del suelo en las plantaciones de eucalipto que en los prados o tierras agrarias, pero menos que en los pinares o robledales\" - Innova - Campo Galego","robots":{"index":"index","follow":"follow","max-snippet":"max-snippet:-1","max-image-preview":"max-image-preview:large","max-video-preview":"max-video-preview:-1"},"canonical":"https:\/\/innova.campogalego.gal\/es\/forestal-es\/hay-mas-invertebrados-del-suelo-en-las-plantaciones-de-eucalipto-que-en-los-prados-o-tierras-agrarias-pero-menos-que-en-los-pinares-o-robledales.html","og_locale":"es_ES","og_type":"article","og_title":"\"Hay m\u00e1s invertebrados del suelo en las plantaciones de eucalipto que en los prados o tierras agrarias, pero menos que en los pinares o robledales\" - Innova - Campo Galego","og_description":"Presentan nuevas evidencias sobre los efectos de las plantaciones de eucalipto en el suelo y, m\u00e1s concretamente, en las comunidades de invertebrados, una cuesti\u00f3n apenas analizada [\u2026]","og_url":"https:\/\/innova.campogalego.gal\/es\/forestal-es\/hay-mas-invertebrados-del-suelo-en-las-plantaciones-de-eucalipto-que-en-los-prados-o-tierras-agrarias-pero-menos-que-en-los-pinares-o-robledales.html","og_site_name":"Innova - Campo Galego","article_published_time":"2025-01-21T12:14:29+00:00","og_image":[{"width":660,"height":440,"url":"https:\/\/innova.campogalego.gal\/wp-content\/uploads\/2025\/01\/Forest-Pioneer-eucalipto4.jpg","type":"image\/jpeg"}],"author":"noelia","twitter_card":"summary_large_image","twitter_misc":{"Escrito por":"noelia","Tiempo de lectura":"8 minutos"},"schema":{"@context":"https:\/\/schema.org","@graph":[{"@type":"WebPage","@id":"https:\/\/innova.campogalego.gal\/es\/forestal-es\/hay-mas-invertebrados-del-suelo-en-las-plantaciones-de-eucalipto-que-en-los-prados-o-tierras-agrarias-pero-menos-que-en-los-pinares-o-robledales.html","url":"https:\/\/innova.campogalego.gal\/es\/forestal-es\/hay-mas-invertebrados-del-suelo-en-las-plantaciones-de-eucalipto-que-en-los-prados-o-tierras-agrarias-pero-menos-que-en-los-pinares-o-robledales.html","name":"\"Hay m\u00e1s invertebrados del suelo en las plantaciones de eucalipto que en los prados o tierras agrarias, pero menos que en los pinares o robledales\" - Innova - Campo Galego","isPartOf":{"@id":"https:\/\/innova.campogalego.gal\/es#website"},"datePublished":"2025-01-21T12:14:29+00:00","dateModified":"2025-01-21T12:14:29+00:00","author":{"@id":"https:\/\/innova.campogalego.gal\/es#\/schema\/person\/5f73832eaae2d2d2fe19cdf56f76e921"},"breadcrumb":{"@id":"https:\/\/innova.campogalego.gal\/es\/forestal-es\/hay-mas-invertebrados-del-suelo-en-las-plantaciones-de-eucalipto-que-en-los-prados-o-tierras-agrarias-pero-menos-que-en-los-pinares-o-robledales.html#breadcrumb"},"inLanguage":"es","potentialAction":[{"@type":"ReadAction","target":["https:\/\/innova.campogalego.gal\/es\/forestal-es\/hay-mas-invertebrados-del-suelo-en-las-plantaciones-de-eucalipto-que-en-los-prados-o-tierras-agrarias-pero-menos-que-en-los-pinares-o-robledales.html"]}]},{"@type":"BreadcrumbList","@id":"https:\/\/innova.campogalego.gal\/es\/forestal-es\/hay-mas-invertebrados-del-suelo-en-las-plantaciones-de-eucalipto-que-en-los-prados-o-tierras-agrarias-pero-menos-que-en-los-pinares-o-robledales.html#breadcrumb","itemListElement":[{"@type":"ListItem","position":1,"name":"Portada","item":"https:\/\/innova.campogalego.gal\/es"},{"@type":"ListItem","position":2,"name":"&#8220;Hay m\u00e1s invertebrados del suelo en las plantaciones de eucalipto que en los prados o tierras agrarias, pero menos que en los pinares o robledales&#8221;"}]},{"@type":"WebSite","@id":"https:\/\/innova.campogalego.gal\/es#website","url":"https:\/\/innova.campogalego.gal\/es","name":"Innova - Campo Galego","description":"","potentialAction":[{"@type":"SearchAction","target":{"@type":"EntryPoint","urlTemplate":"https:\/\/innova.campogalego.gal\/es?s={search_term_string}"},"query-input":"required name=search_term_string"}],"inLanguage":"es"},{"@type":"Person","@id":"https:\/\/innova.campogalego.gal\/es#\/schema\/person\/5f73832eaae2d2d2fe19cdf56f76e921","name":"noelia","image":{"@type":"ImageObject","inLanguage":"es","@id":"https:\/\/innova.campogalego.gal\/es#\/schema\/person\/image\/","url":"https:\/\/secure.gravatar.com\/avatar\/b4912756e566b19c7962f96cfebbb102?s=96&d=mm&r=g","contentUrl":"https:\/\/secure.gravatar.com\/avatar\/b4912756e566b19c7962f96cfebbb102?s=96&d=mm&r=g","caption":"noelia"},"url":"https:\/\/innova.campogalego.gal\/es\/author\/noelia"}]}},"_links":{"self":[{"href":"https:\/\/innova.campogalego.gal\/es\/wp-json\/wp\/v2\/posts\/5280"}],"collection":[{"href":"https:\/\/innova.campogalego.gal\/es\/wp-json\/wp\/v2\/posts"}],"about":[{"href":"https:\/\/innova.campogalego.gal\/es\/wp-json\/wp\/v2\/types\/post"}],"author":[{"embeddable":true,"href":"https:\/\/innova.campogalego.gal\/es\/wp-json\/wp\/v2\/users\/7"}],"replies":[{"embeddable":true,"href":"https:\/\/innova.campogalego.gal\/es\/wp-json\/wp\/v2\/comments?post=5280"}],"version-history":[{"count":2,"href":"https:\/\/innova.campogalego.gal\/es\/wp-json\/wp\/v2\/posts\/5280\/revisions"}],"predecessor-version":[{"id":5292,"href":"https:\/\/innova.campogalego.gal\/es\/wp-json\/wp\/v2\/posts\/5280\/revisions\/5292"}],"wp:featuredmedia":[{"embeddable":true,"href":"https:\/\/innova.campogalego.gal\/es\/wp-json\/wp\/v2\/media\/5210"}],"wp:attachment":[{"href":"https:\/\/innova.campogalego.gal\/es\/wp-json\/wp\/v2\/media?parent=5280"}],"wp:term":[{"taxonomy":"category","embeddable":true,"href":"https:\/\/innova.campogalego.gal\/es\/wp-json\/wp\/v2\/categories?post=5280"},{"taxonomy":"post_tag","embeddable":true,"href":"https:\/\/innova.campogalego.gal\/es\/wp-json\/wp\/v2\/tags?post=5280"}],"curies":[{"name":"wp","href":"https:\/\/api.w.org\/{rel}","templated":true}]}}