{"id":5333,"date":"2025-02-03T10:54:06","date_gmt":"2025-02-03T09:54:06","guid":{"rendered":"https:\/\/innova.campogalego.gal\/?p=5333"},"modified":"2025-02-03T10:54:06","modified_gmt":"2025-02-03T09:54:06","slug":"prevenir-los-incendios-es-apostar-por-todo-aquello-que-retire-biomasa-del-monte-y-que-aporte-rentabilidad","status":"publish","type":"post","link":"https:\/\/innova.campogalego.gal\/es\/forestal-es\/prevenir-los-incendios-es-apostar-por-todo-aquello-que-retire-biomasa-del-monte-y-que-aporte-rentabilidad.html","title":{"rendered":"\u00abPrevenir los incendios es apostar por todo aquello que retire biomasa del monte y que aporte rentabilidad\u00bb"},"content":{"rendered":"<div id=\"attachment_5330\" style=\"width: 1210px\" class=\"wp-caption aligncenter\"><img aria-describedby=\"caption-attachment-5330\" decoding=\"async\" loading=\"lazy\" class=\"size-full wp-image-5330 lazyload\" src=\"data:image\/gif;base64,R0lGODlhAQABAAAAACH5BAEKAAEALAAAAAABAAEAAAICTAEAOw==\" alt=\"\" width=\"1200\" height=\"800\" sizes=\"(max-width:767px) 480px, (max-width:1200px) 100vw, 1200px\" data-src=\"https:\/\/innova.campogalego.gal\/wp-content\/uploads\/2025\/01\/incendio-trabada.jpg\" data-srcset=\"https:\/\/innova.campogalego.gal\/wp-content\/uploads\/2025\/01\/incendio-trabada.jpg 1200w, https:\/\/innova.campogalego.gal\/wp-content\/uploads\/2025\/01\/incendio-trabada-300x200.jpg 300w, https:\/\/innova.campogalego.gal\/wp-content\/uploads\/2025\/01\/incendio-trabada-1024x683.jpg 1024w\"><p id=\"caption-attachment-5330\" class=\"wp-caption-text\">Imagen de archivo del incendio de Trabada<\/p><\/div>\n<p>Recientemente, un estudio del grupo de investigaci\u00f3n Proyectos y Planificaci\u00f3n (<strong><a href=\"https:\/\/www.proepla.com\" target=\"_blank\" rel=\"noopener\">PROEPLA<\/a><\/strong>) del Campus Terra de la USC analiz\u00f3 la evoluci\u00f3n, entre los a\u00f1os 2007 y 2015, de la distancia entre los puntos de origen de los incendios y las edificaciones, tanto en Espa\u00f1a como en California. Uno de los autores de la investigaci\u00f3n es Manuel Marey, catedr\u00e1tico de la Escuela Polit\u00e9cnica Superior de Ingenier\u00eda de Lugo y detalla que el estudio abarca el an\u00e1lisis de m\u00e1s de 100.000 fuegos, para el cual se dividi\u00f3 la superficie en cuadr\u00edculas hexagonales con 7.700 km2.<\/p>\n<p>La primera conclusi\u00f3n es que en un 10 % de la superficie en el caso de Espa\u00f1a y en un 4 % en California, los fuegos muestran una tendencia significativa a comenzar m\u00e1s cerca de las zonas urbanizadas. Una segunda conclusi\u00f3n es que en no hay celdas de la malla analizada, tanto para Espa\u00f1a como para California, donde los fuegos se alejan de manera significativa de las edificaciones, independientemente de si los fuegos se consideran en conjunto o desglosados por causas. Esto es, para el per\u00edodo estudiado, en ninguna parte se puede aseverar con rigor estad\u00edstico que los fuegos tiendan a surgir cada vez m\u00e1s lejos de las edificaciones, pero lo contrario s\u00ed que es cierto en determinadas zonas.<\/p>\n<p>En este estudio destaca que de todos los fuegos analizados en el per\u00edodo de nueve a\u00f1os, la regi\u00f3n que m\u00e1s incidencia tuvo fue Galicia, \u00abcon diferencia\u00bb; es decir, fue el territorio donde m\u00e1s incendios se registraron en ese intervalo de tiempo. Aun as\u00ed, en Galicia no observaron ning\u00fan acercamiento ni alejamiento significativo. En algunas zonas hubo algunos comportamientos que variaban, pero no fueron relevantes. \u00abEn el caso gallego no hay diferencias, como ocurre en otras regiones de Espa\u00f1a, caso del norte de Extremadura, Salamanca, Murcia o en cierta zonas de Arag\u00f3n o la Rioja, donde s\u00ed que hay unos acercamientos significativos\u00bb.<\/p>\n<blockquote><p>La tendencia es que se reduzca el n\u00famero de incendios provocados, principalmente porque el sistema de vigilancia est\u00e1 aumentando su eficiencia y porque las causas estructurales de muchos fuegos cambiaron<\/p><\/blockquote>\n<p><strong>Causas humanas en los incendios<\/strong><br \/>\nEn el caso espa\u00f1ol, para llevar a cabo el estudio trabajaron con la informaci\u00f3n disponible en la <strong><a href=\"https:\/\/www.miteco.gob.es\/es\/biodiversidad\/temas\/incendios-forestales\/estadisticas-datos.html\" target=\"_blank\" rel=\"noopener\">Estad\u00edstica General de Fuegos Forestales (EGIF)<\/a><\/strong>, del Ministerio para la Transici\u00f3n Ecol\u00f3gica y el Reto Demogr\u00e1fico, que recoge datos procedentes de los partes de fuegos forestales desde 1968 hasta 2015. Sin embargo, en California existen diversas fuentes de informaci\u00f3n, por lo que se opt\u00f3 por emplear una base de datos del Departamento de Agricultura (USDA), del per\u00edodo 1992 &#8211; 2015. Complementando ambas fuentes de informaci\u00f3n se emple\u00f3 una base de datos de construcciones humanas, procedente de la Comisi\u00f3n Europea, con cobertura mundial y datos cada 38 m2. \u00abHubo una labor de homogeneizaci\u00f3n de la informaci\u00f3n muy importante; esa labor oscura, pero que nos aporta rigor\u00bb, puntualiza.<\/p>\n<p>Uno de los par\u00e1metros que se tuvieron en cuenta fue la causalidad. Aunque hay m\u00faltiples causas, se decidi\u00f3 agruparlas en tres grandes tipos por comparar California y Espa\u00f1a. El primer grupo lo constituyeron los fuegos de origen humano. Ah\u00ed se recogieron los provocados, pero tambi\u00e9n los que son fruto de descuidos o de accidentes, muy comunes en California. Otro grupo estar\u00eda formado por los fuegos provocados por causas naturales, b\u00e1sicamente tormentas secas o rayos. El \u00faltimo grupo, que no es menor en datos, fueron los de causa desconocida.<\/p>\n<p>En Espa\u00f1a tienen especial relevancia los fuegos de origen humano, que alcanzan un 86 % del total de los fuegos. \u00abEn los \u00faltimos a\u00f1os el n\u00famero de fuegos con esta causa se ha reducido sustancialmente\u00bb, subraya Manuel Marey e indica que a\u00fan en mayor medida en el caso de Galicia.<\/p>\n<p>Dentro de este grupo destacan los provocados, que presentan una tendencia decreciente principalmente debido al incremento de la vigilancia y a la persecuci\u00f3n de los mismos. Un segundo tipo son los descuidos, que muchas veces son producidos por quemas, con o sin autorizaci\u00f3n, por lo que Manuel Marey considera que \u00abes necesario mantener el control sobre este tipo de pr\u00e1cticas\u00bb. Incide en que no se puede considerar del mismo modo un incendio intencionado que el originado por un descuido o un accidente, aunque las consecuencias puedan ser similares. Mientras que en los primeros la vigilancia y la sanci\u00f3n penitenciaria son la soluci\u00f3n, en los segundos es necesario adoptar medidas de formaci\u00f3n, vigilancia y sanciones administrativas.<\/p>\n<blockquote><p>Tradicionalmente los incendios eran instrumento de gesti\u00f3n territorial o un s\u00edntoma de un conflicto<\/p><\/blockquote>\n<p><strong>P\u00e9rdida de actividad y sus consecuencias<\/strong><br \/>\nDurante muchos a\u00f1os dos factores explicaron el comportamiento del fuego, seg\u00fan indica el catedr\u00e1tico. Primero, \u00aben las zonas donde aparec\u00edan reiteradamente los incendios, se consideraban fuegos estructurales que respond\u00edan a dos causas\u00bb. Indica que principalmente el fuego era un instrumento de gesti\u00f3n del territorio. Es decir, las personas prend\u00edan fuego para conseguir pasto. Gestionaban as\u00ed a ganader\u00eda y, en ciertos casos, la agricultura, ya que el fuego era una t\u00e9cnica de manejo necesaria. Actualmente sigue siendo un instrumento de gesti\u00f3n territorial en muchas zonas del mundo, puesto que es una de las mejores, o la \u00fanica alternativa, para regenerar los pastos. Decir que cuando en Espa\u00f1a se utiliz\u00f3 con este objetivo ganadero \u00abchoc\u00f3 con la interpretaci\u00f3n negativa que de todo tipo de fuego hac\u00edan los gestores forestales de \u00e9pocas pasadas\u00bb, apunta.<\/p>\n<p>Segundo, en ciertas zonas el fuego era el exponente o s\u00edntoma de un conflicto por la propiedad o la gesti\u00f3n de la tierra; por la caza o por diferentes tipos de disputas: \u00abEra a forma de aplicar la justicia, o m\u00e1s bien cabr\u00eda decir, la venganza\u00bb.<\/p>\n<blockquote><p>Para hacer una buena gesti\u00f3n forestal hay que apostar por todo aquello que retire biomasa y que genere rentabilidad<\/p><\/blockquote>\n<p>\u00abHoy ya no hay la presi\u00f3n ganadera y agraria que justifique el fuego como instrumento de gesti\u00f3n y en aquellos territorios donde el ganado sigue pastando existen alternativas a la utilizaci\u00f3n descontrolada del fuego\u00bb. La p\u00e9rdida de actividad ganadera marc\u00f3 un cambio en las series hist\u00f3ricas de incendios.<\/p>\n<p><strong>Gesti\u00f3n de la biomasa <\/strong><br \/>\nSeg\u00fan explica Marey, en muchas zonas de Galicia hay un exceso de acumulaci\u00f3n de biomasa, \u00absobre todo, de una biomasa que no responde a un objetivo\u00bb. El profesional hace una diferenciaci\u00f3n entre la biomasa con destino a la producci\u00f3n forestal, en las que los propietarios tendr\u00e1n inter\u00e9s por gestionar sus parcelas y mantenerlas de forma que sean resilientes a los fuegos y, por otra parte, aquellas otras parcelas que son consecuencia del abandono y de la ausencia de actividad.<\/p>\n<p>\u00abGestionar el territorio en su conjunto implica que tenemos que apostar por todo aquello que retire biomasa del territorio y lo destine a un uso que tenga valor de mercado\u00bb, indica, y se\u00f1ala c\u00f3mo propuesta m\u00e1s interesante en general para Galicia el incremento del n\u00famero de herb\u00edvoros que \u00abhagan una doble funci\u00f3n: comer y crecer\u00bb.<\/p>\n<p>En cuanto a las franjas de biomasa, que tienen unas regulaciones legales, relata que son mecanismos que pueden ser positivos, mas no resuelven el problema de los fuegos. \u00abHabr\u00eda que cuestionarse c\u00f3mo se deben regular y c\u00f3mo hay que llevarlas a cabo, entre otros factores. Yo soy partidario de trabajar a escala proyecto, este implica establecer una propuesta adecuada para cada n\u00facleo, aldea o parroquia, considerando aspectos como la orograf\u00eda, la infraestructura viaria, etc.\u00bb.<\/p>\n<blockquote><p>En Galicia, las zonas donde tradicionalmente m\u00e1s ardi\u00f3, no hab\u00eda eucalipto<\/p><\/blockquote>\n<p><strong>Especies buenas y malas<\/strong><br \/>\nPara el profesional no hay especies buenas o malas con respeto al fuego, \u00aba mi modo de ver es un debate err\u00f3neo\u00bb. Recuerda que en el Courel ardi\u00f3 y tambi\u00e9n lo hizo Trabada, y en cada zona hab\u00eda especies diferentes. \u00abCuando se dan determinadas condiciones puede arder una superficie de frondosas y tambi\u00e9n una de eucaliptos. Entiendo que este debate puede ser interesante o interesado, pero no es un debate forestal y obvia aspectos que determinan m\u00e1s el comportamiento del fuego, como la presencia y tipo de matorral que forma el sotobosque, o la distribuci\u00f3n horizontal y vertical de la biomasa\u00bb.<\/p>\n<div id=\"attachment_5328\" style=\"width: 1210px\" class=\"wp-caption aligncenter\"><img aria-describedby=\"caption-attachment-5328\" decoding=\"async\" loading=\"lazy\" class=\"size-full wp-image-5328 lazyload\" src=\"data:image\/gif;base64,R0lGODlhAQABAAAAACH5BAEKAAEALAAAAAABAAEAAAICTAEAOw==\" alt=\"\" width=\"1200\" height=\"800\" sizes=\"(max-width:767px) 480px, (max-width:1200px) 100vw, 1200px\" data-src=\"https:\/\/innova.campogalego.gal\/wp-content\/uploads\/2025\/01\/incendio-courel.jpg\" data-srcset=\"https:\/\/innova.campogalego.gal\/wp-content\/uploads\/2025\/01\/incendio-courel.jpg 1200w, https:\/\/innova.campogalego.gal\/wp-content\/uploads\/2025\/01\/incendio-courel-300x200.jpg 300w, https:\/\/innova.campogalego.gal\/wp-content\/uploads\/2025\/01\/incendio-courel-1024x683.jpg 1024w\"><p id=\"caption-attachment-5328\" class=\"wp-caption-text\">Imagen de archivo del incendio de O Courel<\/p><\/div>\n<p>Los datos que maneja Manuel Marey indican que en Galicia en las zonas donde tradicionalmente m\u00e1s ardi\u00f3 no hab\u00eda eucaliptos; por lo contrario, en las superficies forestales arboladas presentes en los lugares menos afectados por los fuegos a especie mayoritaria era el eucalipto.<\/p>\n<p>\u00abLo que precisamos, como antes indicaba, es retirar biomasa principalmente mediante el ganado. Adem\u00e1s, es necesario que esta actividad ganadera en ciertas zonas se desarrolle de manera planificada para romper la continuidad de las masas forestales o de las superficies de matorral\u00bb.<\/p>\n<p><strong>Ley de prevenci\u00f3n de incendios<\/strong><br \/>\nLa probabilidad de incendios en Galicia se redujo de manera considerable en los \u00faltimos a\u00f1os. \u00abCuando se puso en marcha el Servicio de Prevenci\u00f3n y Defensa contra Incendios, en los a\u00f1os 90, la sociedad rural y el territorio eran muy distintos a los de hoy. De aquellas se produc\u00edan muchos incendios peque\u00f1os que mayoritariamente se repet\u00edan en determinadas zonas, respondiendo a las causas antes comentadas\u00bb, describe.<\/p>\n<blockquote><p>La legislaci\u00f3n y los instrumentos de planificaci\u00f3n derivados tienen que comenzar a discernir cu\u00e1l es el impacto del incendio sobre el territorio para definirlo con car\u00e1cter previo\/blockquote&gt;<\/p>\n<p>Actualmente, entre otros factores a tener en cuenta, el clima supone una apertura de nuevas ventanas de oportunidad para el inicio y la propagaci\u00f3n de incendios. Cuando aparecen humedades relativas bajas durante varios d\u00edas &#8211; y especialmente por las noches &#8211; el material vegetal incrementa la disposici\u00f3n para arder y se abren oportunidades para los incendios. \u00abEsto es un factor determinante en la probabilidad de tener grandes fuegos y tener serias dificultades de extinci\u00f3n\u00bb.<\/p>\n<p>Para Manuel Marey, el fuego no debe medirse solamente con m\u00e9tricas como son el n\u00famero de fuegos o las hect\u00e1reas afectadas, sino que se deben incorporar en su evaluaci\u00f3n unidades sociales, ambientales y econ\u00f3micas, como pueden ser personas afectadas o en que medida son afectadas o el valor del h\u00e1bitat, ya sea medido en euros o en t\u00e9rminos ecol\u00f3gicos, y por supuesto las p\u00e9rdidas de bienes afectados. \u00abExiste la necesidad de establecer con car\u00e1cter previo un valor territorializado del impacto del fuego en caso de producirse. De este modo, los servicios de extinci\u00f3n podr\u00edan priorizar sus actuaciones siguiendo criterios objetivos preestablecidos\u00bb. Seg\u00fan su opini\u00f3n, la legislaci\u00f3n y los instrumentos de planificaci\u00f3n derivados tienen que comenzar a discernir cu\u00e1l es el impacto del incendio sobre el territorio para definirlo con car\u00e1cter previo. \u00abA efectos de organizaci\u00f3n y planificaci\u00f3n en la lucha contra los incendios, creo que eso va a ser clave en el futuro\u00bb.<\/p>\n<p>Considera que el Servicio de Prevenci\u00f3n y Defensa contra Incendios de Galicia ha demostrado ser muy eficiente en aspectos clave como la detecci\u00f3n, el tiempo de respuesta o la primera actuaci\u00f3n y que en el futuro tendr\u00e1 que seguir ?en esa l\u00ednea de eficacia y versatilidad?, y que contar con instrumentos de ayuda les permitir\u00e1 tomar decisiones m\u00e1s r\u00e1pido.<\/p>\n<p><strong>Materiales de construcci\u00f3n<\/strong><br \/>\nEn cuanto a la legislaci\u00f3n urban\u00edstica, Marey pone de ejemplo lo sucedido recientemente en Los \u00c1ngeles, un hecho que se enmarca en la situaci\u00f3n y las casu\u00edsticas de la zona. \u00abNo porque all\u00ed el fuego arrasase con 11.000 viviendas, si ahora, por ejemplo, se iniciase un fuego en Coristanco tendr\u00eda que suceder lo mismo; las casu\u00edsticas (vientos, sequ\u00eda&#8230;) y las caracter\u00edsticas de la zona (interface urbano &#8211; forestal, tipos de asentamientos&#8230;) son muy diferentes\u00bb.<\/p>\n<p>As\u00ed es que no quiere entrar en alarmismos y destaca que en Estados Unidos construyen mayoritariamente con madera. Una tradici\u00f3n que no cambian por el hecho de que los huracanes les lleven las casas o los incendios les puedan arrasar con ellas: \u00abAsumen los riesgos\u00bb.<\/p><\/blockquote>\n","protected":false},"excerpt":{"rendered":"<p>Recientemente, un estudio del grupo de investigaci\u00f3n Proyectos y Planificaci\u00f3n (PROEPLA) del Campus Terra de la USC analiz\u00f3 la evoluci\u00f3n, entre los a\u00f1os 2007 y 2015,<span class=\"excerpt-hellip\"> [\u2026]<\/span><\/p>\n","protected":false},"author":7,"featured_media":5330,"comment_status":"open","ping_status":"open","sticky":false,"template":"","format":"standard","meta":{"footnotes":""},"categories":[92,88],"tags":[441,152,111,151],"acf":[],"yoast_head":"<!-- This site is optimized with the Yoast SEO plugin v21.2 - https:\/\/yoast.com\/wordpress\/plugins\/seo\/ -->\n<title>&quot;Prevenir los incendios es apostar por todo aquello que retire biomasa del monte y que aporte rentabilidad&quot; - Innova - Campo Galego<\/title>\n<meta name=\"robots\" content=\"index, follow, max-snippet:-1, max-image-preview:large, max-video-preview:-1\" \/>\n<link rel=\"canonical\" href=\"https:\/\/innova.campogalego.gal\/es\/forestal-es\/prevenir-los-incendios-es-apostar-por-todo-aquello-que-retire-biomasa-del-monte-y-que-aporte-rentabilidad.html\" \/>\n<meta property=\"og:locale\" content=\"es_ES\" \/>\n<meta property=\"og:type\" content=\"article\" \/>\n<meta property=\"og:title\" content=\"&quot;Prevenir los incendios es apostar por todo aquello que retire biomasa del monte y que aporte rentabilidad&quot; - Innova - Campo Galego\" \/>\n<meta property=\"og:description\" content=\"Recientemente, un estudio del grupo de investigaci\u00f3n Proyectos y Planificaci\u00f3n (PROEPLA) del Campus Terra de la USC analiz\u00f3 la evoluci\u00f3n, entre los a\u00f1os 2007 y 2015, [\u2026]\" \/>\n<meta property=\"og:url\" content=\"https:\/\/innova.campogalego.gal\/es\/forestal-es\/prevenir-los-incendios-es-apostar-por-todo-aquello-que-retire-biomasa-del-monte-y-que-aporte-rentabilidad.html\" \/>\n<meta property=\"og:site_name\" content=\"Innova - Campo Galego\" \/>\n<meta property=\"article:published_time\" content=\"2025-02-03T09:54:06+00:00\" \/>\n<meta property=\"og:image\" content=\"https:\/\/innova.campogalego.gal\/wp-content\/uploads\/2025\/01\/incendio-trabada.jpg\" \/>\n\t<meta property=\"og:image:width\" content=\"1200\" \/>\n\t<meta property=\"og:image:height\" content=\"800\" \/>\n\t<meta property=\"og:image:type\" content=\"image\/jpeg\" \/>\n<meta name=\"author\" content=\"noelia\" \/>\n<meta name=\"twitter:card\" content=\"summary_large_image\" \/>\n<meta name=\"twitter:label1\" content=\"Escrito por\" \/>\n\t<meta name=\"twitter:data1\" content=\"noelia\" \/>\n\t<meta name=\"twitter:label2\" content=\"Tiempo de lectura\" \/>\n\t<meta name=\"twitter:data2\" content=\"9 minutos\" \/>\n<script type=\"application\/ld+json\" class=\"yoast-schema-graph\">{\"@context\":\"https:\/\/schema.org\",\"@graph\":[{\"@type\":\"WebPage\",\"@id\":\"https:\/\/innova.campogalego.gal\/es\/forestal-es\/prevenir-los-incendios-es-apostar-por-todo-aquello-que-retire-biomasa-del-monte-y-que-aporte-rentabilidad.html\",\"url\":\"https:\/\/innova.campogalego.gal\/es\/forestal-es\/prevenir-los-incendios-es-apostar-por-todo-aquello-que-retire-biomasa-del-monte-y-que-aporte-rentabilidad.html\",\"name\":\"\\\"Prevenir los incendios es apostar por todo aquello que retire biomasa del monte y que aporte rentabilidad\\\" - Innova - Campo Galego\",\"isPartOf\":{\"@id\":\"https:\/\/innova.campogalego.gal\/es#website\"},\"datePublished\":\"2025-02-03T09:54:06+00:00\",\"dateModified\":\"2025-02-03T09:54:06+00:00\",\"author\":{\"@id\":\"https:\/\/innova.campogalego.gal\/es#\/schema\/person\/5f73832eaae2d2d2fe19cdf56f76e921\"},\"breadcrumb\":{\"@id\":\"https:\/\/innova.campogalego.gal\/es\/forestal-es\/prevenir-los-incendios-es-apostar-por-todo-aquello-que-retire-biomasa-del-monte-y-que-aporte-rentabilidad.html#breadcrumb\"},\"inLanguage\":\"es\",\"potentialAction\":[{\"@type\":\"ReadAction\",\"target\":[\"https:\/\/innova.campogalego.gal\/es\/forestal-es\/prevenir-los-incendios-es-apostar-por-todo-aquello-que-retire-biomasa-del-monte-y-que-aporte-rentabilidad.html\"]}]},{\"@type\":\"BreadcrumbList\",\"@id\":\"https:\/\/innova.campogalego.gal\/es\/forestal-es\/prevenir-los-incendios-es-apostar-por-todo-aquello-que-retire-biomasa-del-monte-y-que-aporte-rentabilidad.html#breadcrumb\",\"itemListElement\":[{\"@type\":\"ListItem\",\"position\":1,\"name\":\"Portada\",\"item\":\"https:\/\/innova.campogalego.gal\/es\"},{\"@type\":\"ListItem\",\"position\":2,\"name\":\"&#8220;Prevenir los incendios es apostar por todo aquello que retire biomasa del monte y que aporte rentabilidad&#8221;\"}]},{\"@type\":\"WebSite\",\"@id\":\"https:\/\/innova.campogalego.gal\/es#website\",\"url\":\"https:\/\/innova.campogalego.gal\/es\",\"name\":\"Innova - Campo Galego\",\"description\":\"\",\"potentialAction\":[{\"@type\":\"SearchAction\",\"target\":{\"@type\":\"EntryPoint\",\"urlTemplate\":\"https:\/\/innova.campogalego.gal\/es?s={search_term_string}\"},\"query-input\":\"required name=search_term_string\"}],\"inLanguage\":\"es\"},{\"@type\":\"Person\",\"@id\":\"https:\/\/innova.campogalego.gal\/es#\/schema\/person\/5f73832eaae2d2d2fe19cdf56f76e921\",\"name\":\"noelia\",\"image\":{\"@type\":\"ImageObject\",\"inLanguage\":\"es\",\"@id\":\"https:\/\/innova.campogalego.gal\/es#\/schema\/person\/image\/\",\"url\":\"https:\/\/secure.gravatar.com\/avatar\/b4912756e566b19c7962f96cfebbb102?s=96&d=mm&r=g\",\"contentUrl\":\"https:\/\/secure.gravatar.com\/avatar\/b4912756e566b19c7962f96cfebbb102?s=96&d=mm&r=g\",\"caption\":\"noelia\"},\"url\":\"https:\/\/innova.campogalego.gal\/es\/author\/noelia\"}]}<\/script>\n<!-- \/ Yoast SEO plugin. -->","yoast_head_json":{"title":"\"Prevenir los incendios es apostar por todo aquello que retire biomasa del monte y que aporte rentabilidad\" - Innova - Campo Galego","robots":{"index":"index","follow":"follow","max-snippet":"max-snippet:-1","max-image-preview":"max-image-preview:large","max-video-preview":"max-video-preview:-1"},"canonical":"https:\/\/innova.campogalego.gal\/es\/forestal-es\/prevenir-los-incendios-es-apostar-por-todo-aquello-que-retire-biomasa-del-monte-y-que-aporte-rentabilidad.html","og_locale":"es_ES","og_type":"article","og_title":"\"Prevenir los incendios es apostar por todo aquello que retire biomasa del monte y que aporte rentabilidad\" - Innova - Campo Galego","og_description":"Recientemente, un estudio del grupo de investigaci\u00f3n Proyectos y Planificaci\u00f3n (PROEPLA) del Campus Terra de la USC analiz\u00f3 la evoluci\u00f3n, entre los a\u00f1os 2007 y 2015, [\u2026]","og_url":"https:\/\/innova.campogalego.gal\/es\/forestal-es\/prevenir-los-incendios-es-apostar-por-todo-aquello-que-retire-biomasa-del-monte-y-que-aporte-rentabilidad.html","og_site_name":"Innova - Campo Galego","article_published_time":"2025-02-03T09:54:06+00:00","og_image":[{"width":1200,"height":800,"url":"https:\/\/innova.campogalego.gal\/wp-content\/uploads\/2025\/01\/incendio-trabada.jpg","type":"image\/jpeg"}],"author":"noelia","twitter_card":"summary_large_image","twitter_misc":{"Escrito por":"noelia","Tiempo de lectura":"9 minutos"},"schema":{"@context":"https:\/\/schema.org","@graph":[{"@type":"WebPage","@id":"https:\/\/innova.campogalego.gal\/es\/forestal-es\/prevenir-los-incendios-es-apostar-por-todo-aquello-que-retire-biomasa-del-monte-y-que-aporte-rentabilidad.html","url":"https:\/\/innova.campogalego.gal\/es\/forestal-es\/prevenir-los-incendios-es-apostar-por-todo-aquello-que-retire-biomasa-del-monte-y-que-aporte-rentabilidad.html","name":"\"Prevenir los incendios es apostar por todo aquello que retire biomasa del monte y que aporte rentabilidad\" - Innova - Campo Galego","isPartOf":{"@id":"https:\/\/innova.campogalego.gal\/es#website"},"datePublished":"2025-02-03T09:54:06+00:00","dateModified":"2025-02-03T09:54:06+00:00","author":{"@id":"https:\/\/innova.campogalego.gal\/es#\/schema\/person\/5f73832eaae2d2d2fe19cdf56f76e921"},"breadcrumb":{"@id":"https:\/\/innova.campogalego.gal\/es\/forestal-es\/prevenir-los-incendios-es-apostar-por-todo-aquello-que-retire-biomasa-del-monte-y-que-aporte-rentabilidad.html#breadcrumb"},"inLanguage":"es","potentialAction":[{"@type":"ReadAction","target":["https:\/\/innova.campogalego.gal\/es\/forestal-es\/prevenir-los-incendios-es-apostar-por-todo-aquello-que-retire-biomasa-del-monte-y-que-aporte-rentabilidad.html"]}]},{"@type":"BreadcrumbList","@id":"https:\/\/innova.campogalego.gal\/es\/forestal-es\/prevenir-los-incendios-es-apostar-por-todo-aquello-que-retire-biomasa-del-monte-y-que-aporte-rentabilidad.html#breadcrumb","itemListElement":[{"@type":"ListItem","position":1,"name":"Portada","item":"https:\/\/innova.campogalego.gal\/es"},{"@type":"ListItem","position":2,"name":"&#8220;Prevenir los incendios es apostar por todo aquello que retire biomasa del monte y que aporte rentabilidad&#8221;"}]},{"@type":"WebSite","@id":"https:\/\/innova.campogalego.gal\/es#website","url":"https:\/\/innova.campogalego.gal\/es","name":"Innova - Campo Galego","description":"","potentialAction":[{"@type":"SearchAction","target":{"@type":"EntryPoint","urlTemplate":"https:\/\/innova.campogalego.gal\/es?s={search_term_string}"},"query-input":"required name=search_term_string"}],"inLanguage":"es"},{"@type":"Person","@id":"https:\/\/innova.campogalego.gal\/es#\/schema\/person\/5f73832eaae2d2d2fe19cdf56f76e921","name":"noelia","image":{"@type":"ImageObject","inLanguage":"es","@id":"https:\/\/innova.campogalego.gal\/es#\/schema\/person\/image\/","url":"https:\/\/secure.gravatar.com\/avatar\/b4912756e566b19c7962f96cfebbb102?s=96&d=mm&r=g","contentUrl":"https:\/\/secure.gravatar.com\/avatar\/b4912756e566b19c7962f96cfebbb102?s=96&d=mm&r=g","caption":"noelia"},"url":"https:\/\/innova.campogalego.gal\/es\/author\/noelia"}]}},"_links":{"self":[{"href":"https:\/\/innova.campogalego.gal\/es\/wp-json\/wp\/v2\/posts\/5333"}],"collection":[{"href":"https:\/\/innova.campogalego.gal\/es\/wp-json\/wp\/v2\/posts"}],"about":[{"href":"https:\/\/innova.campogalego.gal\/es\/wp-json\/wp\/v2\/types\/post"}],"author":[{"embeddable":true,"href":"https:\/\/innova.campogalego.gal\/es\/wp-json\/wp\/v2\/users\/7"}],"replies":[{"embeddable":true,"href":"https:\/\/innova.campogalego.gal\/es\/wp-json\/wp\/v2\/comments?post=5333"}],"version-history":[{"count":2,"href":"https:\/\/innova.campogalego.gal\/es\/wp-json\/wp\/v2\/posts\/5333\/revisions"}],"predecessor-version":[{"id":5353,"href":"https:\/\/innova.campogalego.gal\/es\/wp-json\/wp\/v2\/posts\/5333\/revisions\/5353"}],"wp:featuredmedia":[{"embeddable":true,"href":"https:\/\/innova.campogalego.gal\/es\/wp-json\/wp\/v2\/media\/5330"}],"wp:attachment":[{"href":"https:\/\/innova.campogalego.gal\/es\/wp-json\/wp\/v2\/media?parent=5333"}],"wp:term":[{"taxonomy":"category","embeddable":true,"href":"https:\/\/innova.campogalego.gal\/es\/wp-json\/wp\/v2\/categories?post=5333"},{"taxonomy":"post_tag","embeddable":true,"href":"https:\/\/innova.campogalego.gal\/es\/wp-json\/wp\/v2\/tags?post=5333"}],"curies":[{"name":"wp","href":"https:\/\/api.w.org\/{rel}","templated":true}]}}