{"id":5403,"date":"2025-02-12T15:10:19","date_gmt":"2025-02-12T14:10:19","guid":{"rendered":"https:\/\/innova.campogalego.gal\/?p=5403"},"modified":"2025-02-12T15:10:19","modified_gmt":"2025-02-12T14:10:19","slug":"nace-horizonte-rural-un-programa-para-potenciar-la-innovacion-en-el-sector-lacteo","status":"publish","type":"post","link":"https:\/\/innova.campogalego.gal\/es\/ganaderia-es\/nace-horizonte-rural-un-programa-para-potenciar-la-innovacion-en-el-sector-lacteo.html","title":{"rendered":"Nace Horizonte Rural, un programa para potenciar la innovaci\u00f3n en el sector l\u00e1cteo"},"content":{"rendered":"<p><div id=\"attachment_5400\" style=\"width: 1210px\" class=\"wp-caption aligncenter\"><img aria-describedby=\"caption-attachment-5400\" decoding=\"async\" loading=\"lazy\" src=\"data:image\/gif;base64,R0lGODlhAQABAAAAACH5BAEKAAEALAAAAAABAAEAAAICTAEAOw==\" alt=\"\" width=\"1200\" height=\"800\" class=\"size-full wp-image-5400 lazyload\" sizes=\"(max-width:767px) 480px, (max-width:1200px) 100vw, 1200px\" data-src=\"https:\/\/innova.campogalego.gal\/wp-content\/uploads\/2025\/02\/presentacion-horizonte-rural-luis-planas.jpg\" data-srcset=\"https:\/\/innova.campogalego.gal\/wp-content\/uploads\/2025\/02\/presentacion-horizonte-rural-luis-planas.jpg 1200w, https:\/\/innova.campogalego.gal\/wp-content\/uploads\/2025\/02\/presentacion-horizonte-rural-luis-planas-300x200.jpg 300w, https:\/\/innova.campogalego.gal\/wp-content\/uploads\/2025\/02\/presentacion-horizonte-rural-luis-planas-1024x683.jpg 1024w\"><p id=\"caption-attachment-5400\" class=\"wp-caption-text\">Presentaci\u00f3n de Horizonte Rural en el ministerio de agricultura, en un evento presidido por el ministro Luis Planas. Cedida<\/p><\/div><br \/>\nCentral Lechera Asturiana y la Cooperativa Ganadera del Valle de Los Pedroches (COVAP) presentan \u2018Horizonte Rural\u2019, un programa de innovaci\u00f3n abierta con el que pretenden abordar los retos m\u00e1s relevantes de la ganader\u00eda de vacuno de leche y de la producci\u00f3n l\u00e1ctea desde las perspectivas econ\u00f3micas, sociales y ambientales.<\/p>\n<p>Ambas entidades presentaron la iniciativa en el Ministerio de Agricultura en un evento presidido por el ministro Luis Planas. As\u00ed, indicaron que pretenden impulsar soluciones tecnol\u00f3gicas sostenibles y escalables que transformen las actividades ganaderas mediante el fomento de la colaboraci\u00f3n de ambas cooperativas con emprendedores, startups, expertos e instituciones. Para la puesta en marcha de este proyecto, ambas entidades cuentan con la colaboraci\u00f3n de Social Nest Foundation.<\/p>\n<p>El programa fija como objetivos la identificaci\u00f3n de soluciones y de proyectos innovadores que mejoren la productividad, la sostenibilidad social y ambiental y la resiliencia de la ganader\u00eda de vacuno de leche y del sector. <\/p>\n<p><strong>Proyectos para resolver los retos del sector<\/strong><br \/>\nEl programa dispone de una convocatoria abierta, a la que se podr\u00e1n presentar diferentes propuestas. La selecci\u00f3n se har\u00e1 en base a aquellos proyectos que resuelvan mejor los retos que plantea el programa: la eficiencia tecnol\u00f3gica vinculada a la generaci\u00f3n de herramientas digitales y de automatizaci\u00f3n para optimizar la productividad de las ganader\u00edas; la sostenibilidad ambiental, centrada en el desarrollo de modelos productivos de econom\u00eda circular que reduzcan la huella h\u00eddrica y de carbono; y la continuidad del sector relacionada con el relevo generacional y la incorporaci\u00f3n de j\u00f3venes a las comunidades rurales.<\/p>\n<blockquote><p>Los proyectos finalistas se presentar\u00e1n en un Demo Day, en el que ser\u00e1n evaluados por un jurado<\/p><\/blockquote>\n<p>El proyecto tiene un \u00e1mbito internacional, aunque las entidades seleccionadas deber\u00e1n operar en Espa\u00f1a y deber\u00e1n tener relaci\u00f3n con operaciones del sector ganadero vinculadas a la sostenibilidad, la tecnolog\u00eda o el relevo generacional.<\/p>\n<p>Tras la inscripci\u00f3n, cuyo plazo previsto es hasta el 9 de marzo de 2025 en la web <strong><a href=\"https:\/\/horizonterural.es\/\" rel=\"noopener\" target=\"_blank\">horizonterural.es<\/a><\/strong>, un comit\u00e9 evaluador compuesto por expertos de Central Lechera Asturiana, COVAP y Social Nest, revisar\u00e1 las candidaturas y preseleccionar\u00e1 varios proyectos. As\u00ed, los considerados finalistas se presentar\u00e1n en un Demo Day, en el que ser\u00e1n evaluados por un jurado compuesto por expertos del sector agroalimentario, inversores y representantes de ambas cooperativas. En este evento se seleccionar\u00e1n los tres ganadores, que obtendr\u00e1n hasta 10.000 euros para el desarrollo de su proyecto piloto.<\/p>\n<p>Una vez seleccionadas las tres propuestas, \u00e9stas tendr\u00e1n tres meses para desarrollar las soluciones presentadas, para lo cual contar\u00e1n con acceso a las instalaciones y a los datos m\u00e1s relevantes para validar las operaciones a realizar y con un seguimiento t\u00e9cnico y estrat\u00e9gico para asegurar el cumplimiento de los objetivos. Antes de finalizar 2025, se evaluar\u00e1n los resultados obtenidos y se decidir\u00e1 sobre el potencial de cada idea y posibilidades de implantaci\u00f3n a mayor escala.<\/p>\n<p><strong>Reto de Horizonte Rural<\/strong><br \/>\nEl ministro de Agricultura ha destacado el esfuerzo que est\u00e1 realizando el sector l\u00e1cteo para avanzar hacia un modelo m\u00e1s sostenible y productivo. \u201cNos encontramos ante una reestructuraci\u00f3n progresiva gracias a la profesionalizaci\u00f3n del sector donde la innovaci\u00f3n y la digitalizaci\u00f3n son fundamentales\u201d.<\/p>\n<p>Por su parte Alberto \u00c1lvarez Rodr\u00edguez, presidente del Grupo Central Lechera Asturiana ha indicado que \u201ciniciativas como \u00e9sta nos llevan a impulsar nuestro prop\u00f3sito m\u00e1s all\u00e1 de nuestro contexto actual. De la mano de las personas m\u00e1s innovadoras y creativas con las que seamos capaces de conectar, buscamos dar soluci\u00f3n a muchos de los retos que afronta la ganader\u00eda l\u00e1ctea. Un compromiso con el futuro de nuestro sector, donde la tecnolog\u00eda y las mejores soluciones se pondr\u00e1n al servicio de una nueva generaci\u00f3n de familias ganaderas\u201d.<\/p>\n<p>Para el presidente de COVAP, Ricardo Delgado Vizca\u00edno, \u201cHorizonte Rural es un programa que supone importantes beneficios para los candidatos, ya que les ofrece una posibilidad de financiaci\u00f3n, la validaci\u00f3n t\u00e9cnica de sus ideas o colaborar con dos cooperativas de referencia en el \u00e1mbito agroalimentario, pero tambi\u00e9n se trata de una oportunidad para nosotros como promotores pues nos permitir\u00e1 resolver los retos sociales y ambientales a los que se enfrenta el sector\u201d.  <\/p>\n<p><strong>El ministro hace una radiograf\u00eda de la situaci\u00f3n del sector<\/strong><\/p>\n<p>El ministro de Agricultura ha destacado el esfuerzo del sector l\u00e1cteo para avanzar hacia un modelo m\u00e1s sostenible y productivo. \u201cNos encontramos ante una reestructuraci\u00f3n progresiva gracias a la tecnificaci\u00f3n y profesionalizaci\u00f3n del sector donde la innovaci\u00f3n y la digitalizaci\u00f3n son fundamentales\u201d.<\/p>\n<p>Planas ha destacado el relevo generacional como uno de los retos m\u00e1s importantes de futuro. En el caso del vacuno de leche solamente el 20 % de los ganaderos son menores de 41 a\u00f1os. \u201cPor ello nos hemos comprometido a desarrollar en esta legislatura una nueva ley de agricultura familiar que incluya medidas que faciliten la continuidad generacional en las explotaciones\u201d, ha puntualizado Planas.<\/p>\n<p>En la misma l\u00ednea, ha reconocido que el sector \u201cest\u00e1 inmerso en un proceso de reestructuraci\u00f3n, gracias a una mayor profesionalizaci\u00f3n de las explotaciones\u201d. Seg\u00fan el ministro, \u201ca pesar de un descenso progresivo del n\u00famero de ganaderos, hay que destacar el crecimiento del tama\u00f1o medio de las explotaciones y el incremento en los rendimientos de los animales gracias a las mejoras en alimentaci\u00f3n, sanidad, bienestar y gen\u00e9tica\u201d. <\/p>\n<p>En datos, indicou que en el 2024 se produjeron en Espa\u00f1a 7,44 millones de toneladas de leche, el 3,1 % m\u00e1s frente a la media del \u00faltimo quinquenio y el 1,5 % m\u00e1s en comparaci\u00f3n con 2023.<\/p>\n<p>As\u00ed, tambi\u00e9n ha destacado el papel protagonista de las cooperativas en el futuro de la agroalimentaci\u00f3n. Seg\u00fan el ministro, \u201clas m\u00e1s de 3.500 cooperativas son la columna vertebral del sector y de la Espa\u00f1a rural\u201d por su capacidad para innovar y crear empleo.<\/p>\n","protected":false},"excerpt":{"rendered":"<p>Central Lechera Asturiana y la Cooperativa Ganadera del Valle de Los Pedroches (COVAP) presentan \u2018Horizonte Rural\u2019, un programa de innovaci\u00f3n abierta con el que pretenden abordar<span class=\"excerpt-hellip\"> [\u2026]<\/span><\/p>\n","protected":false},"author":7,"featured_media":5398,"comment_status":"open","ping_status":"open","sticky":false,"template":"","format":"standard","meta":{"footnotes":""},"categories":[89],"tags":[126,406,387],"acf":[],"yoast_head":"<!-- This site is optimized with the Yoast SEO plugin v21.2 - https:\/\/yoast.com\/wordpress\/plugins\/seo\/ -->\n<title>Nace Horizonte Rural, un programa para potenciar la innovaci\u00f3n en el sector l\u00e1cteo - Innova - Campo Galego<\/title>\n<meta name=\"robots\" content=\"index, follow, max-snippet:-1, max-image-preview:large, max-video-preview:-1\" \/>\n<link rel=\"canonical\" href=\"https:\/\/innova.campogalego.gal\/es\/ganaderia-es\/nace-horizonte-rural-un-programa-para-potenciar-la-innovacion-en-el-sector-lacteo.html\" \/>\n<meta property=\"og:locale\" content=\"es_ES\" \/>\n<meta property=\"og:type\" content=\"article\" \/>\n<meta property=\"og:title\" content=\"Nace Horizonte Rural, un programa para potenciar la innovaci\u00f3n en el sector l\u00e1cteo - Innova - Campo Galego\" \/>\n<meta property=\"og:description\" content=\"Central Lechera Asturiana y la Cooperativa Ganadera del Valle de Los Pedroches (COVAP) presentan \u2018Horizonte Rural\u2019, un programa de innovaci\u00f3n abierta con el que pretenden abordar [\u2026]\" \/>\n<meta property=\"og:url\" content=\"https:\/\/innova.campogalego.gal\/es\/ganaderia-es\/nace-horizonte-rural-un-programa-para-potenciar-la-innovacion-en-el-sector-lacteo.html\" \/>\n<meta property=\"og:site_name\" content=\"Innova - Campo Galego\" \/>\n<meta property=\"article:published_time\" content=\"2025-02-12T14:10:19+00:00\" \/>\n<meta property=\"og:image\" content=\"https:\/\/innova.campogalego.gal\/wp-content\/uploads\/2025\/02\/vacas-pastoreo-mondonhedo.jpg\" \/>\n\t<meta property=\"og:image:width\" content=\"1200\" \/>\n\t<meta property=\"og:image:height\" content=\"800\" \/>\n\t<meta property=\"og:image:type\" content=\"image\/jpeg\" \/>\n<meta name=\"author\" content=\"noelia\" \/>\n<meta name=\"twitter:card\" content=\"summary_large_image\" \/>\n<meta name=\"twitter:label1\" content=\"Escrito por\" \/>\n\t<meta name=\"twitter:data1\" content=\"noelia\" \/>\n\t<meta name=\"twitter:label2\" content=\"Tiempo de lectura\" \/>\n\t<meta name=\"twitter:data2\" content=\"6 minutos\" \/>\n<script type=\"application\/ld+json\" class=\"yoast-schema-graph\">{\"@context\":\"https:\/\/schema.org\",\"@graph\":[{\"@type\":\"WebPage\",\"@id\":\"https:\/\/innova.campogalego.gal\/es\/ganaderia-es\/nace-horizonte-rural-un-programa-para-potenciar-la-innovacion-en-el-sector-lacteo.html\",\"url\":\"https:\/\/innova.campogalego.gal\/es\/ganaderia-es\/nace-horizonte-rural-un-programa-para-potenciar-la-innovacion-en-el-sector-lacteo.html\",\"name\":\"Nace Horizonte Rural, un programa para potenciar la innovaci\u00f3n en el sector l\u00e1cteo - Innova - Campo Galego\",\"isPartOf\":{\"@id\":\"https:\/\/innova.campogalego.gal\/es#website\"},\"datePublished\":\"2025-02-12T14:10:19+00:00\",\"dateModified\":\"2025-02-12T14:10:19+00:00\",\"author\":{\"@id\":\"https:\/\/innova.campogalego.gal\/es#\/schema\/person\/5f73832eaae2d2d2fe19cdf56f76e921\"},\"breadcrumb\":{\"@id\":\"https:\/\/innova.campogalego.gal\/es\/ganaderia-es\/nace-horizonte-rural-un-programa-para-potenciar-la-innovacion-en-el-sector-lacteo.html#breadcrumb\"},\"inLanguage\":\"es\",\"potentialAction\":[{\"@type\":\"ReadAction\",\"target\":[\"https:\/\/innova.campogalego.gal\/es\/ganaderia-es\/nace-horizonte-rural-un-programa-para-potenciar-la-innovacion-en-el-sector-lacteo.html\"]}]},{\"@type\":\"BreadcrumbList\",\"@id\":\"https:\/\/innova.campogalego.gal\/es\/ganaderia-es\/nace-horizonte-rural-un-programa-para-potenciar-la-innovacion-en-el-sector-lacteo.html#breadcrumb\",\"itemListElement\":[{\"@type\":\"ListItem\",\"position\":1,\"name\":\"Portada\",\"item\":\"https:\/\/innova.campogalego.gal\/es\"},{\"@type\":\"ListItem\",\"position\":2,\"name\":\"Nace Horizonte Rural, un programa para potenciar la innovaci\u00f3n en el sector l\u00e1cteo\"}]},{\"@type\":\"WebSite\",\"@id\":\"https:\/\/innova.campogalego.gal\/es#website\",\"url\":\"https:\/\/innova.campogalego.gal\/es\",\"name\":\"Innova - Campo Galego\",\"description\":\"\",\"potentialAction\":[{\"@type\":\"SearchAction\",\"target\":{\"@type\":\"EntryPoint\",\"urlTemplate\":\"https:\/\/innova.campogalego.gal\/es?s={search_term_string}\"},\"query-input\":\"required name=search_term_string\"}],\"inLanguage\":\"es\"},{\"@type\":\"Person\",\"@id\":\"https:\/\/innova.campogalego.gal\/es#\/schema\/person\/5f73832eaae2d2d2fe19cdf56f76e921\",\"name\":\"noelia\",\"image\":{\"@type\":\"ImageObject\",\"inLanguage\":\"es\",\"@id\":\"https:\/\/innova.campogalego.gal\/es#\/schema\/person\/image\/\",\"url\":\"https:\/\/secure.gravatar.com\/avatar\/b4912756e566b19c7962f96cfebbb102?s=96&d=mm&r=g\",\"contentUrl\":\"https:\/\/secure.gravatar.com\/avatar\/b4912756e566b19c7962f96cfebbb102?s=96&d=mm&r=g\",\"caption\":\"noelia\"},\"url\":\"https:\/\/innova.campogalego.gal\/es\/author\/noelia\"}]}<\/script>\n<!-- \/ Yoast SEO plugin. -->","yoast_head_json":{"title":"Nace Horizonte Rural, un programa para potenciar la innovaci\u00f3n en el sector l\u00e1cteo - Innova - Campo Galego","robots":{"index":"index","follow":"follow","max-snippet":"max-snippet:-1","max-image-preview":"max-image-preview:large","max-video-preview":"max-video-preview:-1"},"canonical":"https:\/\/innova.campogalego.gal\/es\/ganaderia-es\/nace-horizonte-rural-un-programa-para-potenciar-la-innovacion-en-el-sector-lacteo.html","og_locale":"es_ES","og_type":"article","og_title":"Nace Horizonte Rural, un programa para potenciar la innovaci\u00f3n en el sector l\u00e1cteo - Innova - Campo Galego","og_description":"Central Lechera Asturiana y la Cooperativa Ganadera del Valle de Los Pedroches (COVAP) presentan \u2018Horizonte Rural\u2019, un programa de innovaci\u00f3n abierta con el que pretenden abordar [\u2026]","og_url":"https:\/\/innova.campogalego.gal\/es\/ganaderia-es\/nace-horizonte-rural-un-programa-para-potenciar-la-innovacion-en-el-sector-lacteo.html","og_site_name":"Innova - Campo Galego","article_published_time":"2025-02-12T14:10:19+00:00","og_image":[{"width":1200,"height":800,"url":"https:\/\/innova.campogalego.gal\/wp-content\/uploads\/2025\/02\/vacas-pastoreo-mondonhedo.jpg","type":"image\/jpeg"}],"author":"noelia","twitter_card":"summary_large_image","twitter_misc":{"Escrito por":"noelia","Tiempo de lectura":"6 minutos"},"schema":{"@context":"https:\/\/schema.org","@graph":[{"@type":"WebPage","@id":"https:\/\/innova.campogalego.gal\/es\/ganaderia-es\/nace-horizonte-rural-un-programa-para-potenciar-la-innovacion-en-el-sector-lacteo.html","url":"https:\/\/innova.campogalego.gal\/es\/ganaderia-es\/nace-horizonte-rural-un-programa-para-potenciar-la-innovacion-en-el-sector-lacteo.html","name":"Nace Horizonte Rural, un programa para potenciar la innovaci\u00f3n en el sector l\u00e1cteo - Innova - Campo Galego","isPartOf":{"@id":"https:\/\/innova.campogalego.gal\/es#website"},"datePublished":"2025-02-12T14:10:19+00:00","dateModified":"2025-02-12T14:10:19+00:00","author":{"@id":"https:\/\/innova.campogalego.gal\/es#\/schema\/person\/5f73832eaae2d2d2fe19cdf56f76e921"},"breadcrumb":{"@id":"https:\/\/innova.campogalego.gal\/es\/ganaderia-es\/nace-horizonte-rural-un-programa-para-potenciar-la-innovacion-en-el-sector-lacteo.html#breadcrumb"},"inLanguage":"es","potentialAction":[{"@type":"ReadAction","target":["https:\/\/innova.campogalego.gal\/es\/ganaderia-es\/nace-horizonte-rural-un-programa-para-potenciar-la-innovacion-en-el-sector-lacteo.html"]}]},{"@type":"BreadcrumbList","@id":"https:\/\/innova.campogalego.gal\/es\/ganaderia-es\/nace-horizonte-rural-un-programa-para-potenciar-la-innovacion-en-el-sector-lacteo.html#breadcrumb","itemListElement":[{"@type":"ListItem","position":1,"name":"Portada","item":"https:\/\/innova.campogalego.gal\/es"},{"@type":"ListItem","position":2,"name":"Nace Horizonte Rural, un programa para potenciar la innovaci\u00f3n en el sector l\u00e1cteo"}]},{"@type":"WebSite","@id":"https:\/\/innova.campogalego.gal\/es#website","url":"https:\/\/innova.campogalego.gal\/es","name":"Innova - Campo Galego","description":"","potentialAction":[{"@type":"SearchAction","target":{"@type":"EntryPoint","urlTemplate":"https:\/\/innova.campogalego.gal\/es?s={search_term_string}"},"query-input":"required name=search_term_string"}],"inLanguage":"es"},{"@type":"Person","@id":"https:\/\/innova.campogalego.gal\/es#\/schema\/person\/5f73832eaae2d2d2fe19cdf56f76e921","name":"noelia","image":{"@type":"ImageObject","inLanguage":"es","@id":"https:\/\/innova.campogalego.gal\/es#\/schema\/person\/image\/","url":"https:\/\/secure.gravatar.com\/avatar\/b4912756e566b19c7962f96cfebbb102?s=96&d=mm&r=g","contentUrl":"https:\/\/secure.gravatar.com\/avatar\/b4912756e566b19c7962f96cfebbb102?s=96&d=mm&r=g","caption":"noelia"},"url":"https:\/\/innova.campogalego.gal\/es\/author\/noelia"}]}},"_links":{"self":[{"href":"https:\/\/innova.campogalego.gal\/es\/wp-json\/wp\/v2\/posts\/5403"}],"collection":[{"href":"https:\/\/innova.campogalego.gal\/es\/wp-json\/wp\/v2\/posts"}],"about":[{"href":"https:\/\/innova.campogalego.gal\/es\/wp-json\/wp\/v2\/types\/post"}],"author":[{"embeddable":true,"href":"https:\/\/innova.campogalego.gal\/es\/wp-json\/wp\/v2\/users\/7"}],"replies":[{"embeddable":true,"href":"https:\/\/innova.campogalego.gal\/es\/wp-json\/wp\/v2\/comments?post=5403"}],"version-history":[{"count":1,"href":"https:\/\/innova.campogalego.gal\/es\/wp-json\/wp\/v2\/posts\/5403\/revisions"}],"predecessor-version":[{"id":5404,"href":"https:\/\/innova.campogalego.gal\/es\/wp-json\/wp\/v2\/posts\/5403\/revisions\/5404"}],"wp:featuredmedia":[{"embeddable":true,"href":"https:\/\/innova.campogalego.gal\/es\/wp-json\/wp\/v2\/media\/5398"}],"wp:attachment":[{"href":"https:\/\/innova.campogalego.gal\/es\/wp-json\/wp\/v2\/media?parent=5403"}],"wp:term":[{"taxonomy":"category","embeddable":true,"href":"https:\/\/innova.campogalego.gal\/es\/wp-json\/wp\/v2\/categories?post=5403"},{"taxonomy":"post_tag","embeddable":true,"href":"https:\/\/innova.campogalego.gal\/es\/wp-json\/wp\/v2\/tags?post=5403"}],"curies":[{"name":"wp","href":"https:\/\/api.w.org\/{rel}","templated":true}]}}