{"id":5462,"date":"2025-02-18T11:20:54","date_gmt":"2025-02-18T10:20:54","guid":{"rendered":"https:\/\/innova.campogalego.gal\/?p=5462"},"modified":"2025-02-18T11:20:54","modified_gmt":"2025-02-18T10:20:54","slug":"el-centro-tecnoloxico-da-carne-lidera-una-red-iberoamericana-de-alimentos-ricos-en-proteinas-regionales-sostenibles","status":"publish","type":"post","link":"https:\/\/innova.campogalego.gal\/es\/agroalimentacion-es\/el-centro-tecnoloxico-da-carne-lidera-una-red-iberoamericana-de-alimentos-ricos-en-proteinas-regionales-sostenibles.html","title":{"rendered":"El Centro Tecnol\u00f3xico da Carne lidera una Red Iberoamericana de Alimentos ricos en prote\u00ednas regionales sostenibles"},"content":{"rendered":"<p><img decoding=\"async\" loading=\"lazy\" class=\"aligncenter size-full wp-image-1426 lazyload\" src=\"data:image\/gif;base64,R0lGODlhAQABAAAAACH5BAEKAAEALAAAAAABAAEAAAICTAEAOw==\" alt=\"\" width=\"1200\" height=\"800\" sizes=\"(max-width:767px) 480px, (max-width:1200px) 100vw, 1200px\" data-src=\"https:\/\/innova.campogalego.gal\/wp-content\/uploads\/2023\/11\/dieta-alimentos.jpg\" data-srcset=\"https:\/\/innova.campogalego.gal\/wp-content\/uploads\/2023\/11\/dieta-alimentos.jpg 1200w, https:\/\/innova.campogalego.gal\/wp-content\/uploads\/2023\/11\/dieta-alimentos-300x200.jpg 300w, https:\/\/innova.campogalego.gal\/wp-content\/uploads\/2023\/11\/dieta-alimentos-1024x683.jpg 1024w\"><br \/>\nCon el prop\u00f3sito de valorizar las fuentes proteicas regionales y sostenibles de Iberoam\u00e9rica, investigadores, acad\u00e9micos y empresarios de varios pa\u00edses han creado la<strong> Red de Alimentos ricos en Prote\u00ednas regionales Sostenibles (AlProSos),<\/strong> financiada con fondos del Programa de Ciencia y Tecnolog\u00eda para el Desarrollo (CYTED).<\/p>\n<p>Esta Red est\u00e1 liderada por el grupo de investigaci\u00f3n del Centro Tecnol\u00f3xico da Carne (Ourense), y en ella participan un total de 232 investigadores de 14 pa\u00edses, incluyendo Argentina, Brasil, Chile, Colombia, Costa Rica, Ecuador, El Salvador, Espa\u00f1a, Honduras, M\u00e9xico, Panam\u00e1, Per\u00fa, Portugal y Rep\u00fablica Dominicana. Cuenta con 50 grupos participantes, de los cuales el 42 % son empresas, y dispone de la participaci\u00f3n de grupos consolidados con amplia experiencia en el estudio de prote\u00ednas y p\u00e9ptidos, lo que asegura la ejecuci\u00f3n de las actividades y la formaci\u00f3n y colaboraci\u00f3n con los grupos emergentes de la Red.<\/p>\n<p>AlProSos se constituir\u00e1 en un marco de referencia internacional a nivel cient\u00edfico y t\u00e9cnico para la obtenci\u00f3n de prote\u00ednas alternativas y el desarrollo de nuevos alimentos sostenibles con propiedades nutricionales y funcionales. Tendr\u00e1 el apoyo de expertos de las Autoridades de Nutrici\u00f3n y Seguridad Alimentaria.<\/p>\n<p>Se estructura en 6 Grupos de Trabajo para la identificaci\u00f3n de prote\u00ednas regionales, su caracterizaci\u00f3n, extracci\u00f3n y purificaci\u00f3n, la evaluaci\u00f3n de su seguridad, la mejora de las propiedades funcionales y su uso en la elaboraci\u00f3n de alimentos. Entre las diferentes actividades se incluyen m\u00faltiples cursos de capacitaci\u00f3n, talleres y jornadas cient\u00edfico-t\u00e9cnicas para divulgar los avances de AlProSos, as\u00ed como promover estancias e intercambios entre investigadores de diferentes grupos y pa\u00edses.<\/p>\n<p>Destacan el apoyo y compromiso de las empresas pertenecientes a la Red que se encargar\u00e1n de dise\u00f1ar, elaborar y comercializar prototipos de alimentos enriquecidos con estas prote\u00ednas regionales, lo que asegura el \u00e9xito de la iniciativa.<\/p>\n","protected":false},"excerpt":{"rendered":"<p>Con el prop\u00f3sito de valorizar las fuentes proteicas regionales y sostenibles de Iberoam\u00e9rica, investigadores, acad\u00e9micos y empresarios de varios pa\u00edses han creado la Red de Alimentos<span class=\"excerpt-hellip\"> [\u2026]<\/span><\/p>\n","protected":false},"author":7,"featured_media":1426,"comment_status":"open","ping_status":"open","sticky":false,"template":"","format":"standard","meta":{"footnotes":""},"categories":[87],"tags":[],"acf":[],"yoast_head":"<!-- This site is optimized with the Yoast SEO plugin v21.2 - https:\/\/yoast.com\/wordpress\/plugins\/seo\/ -->\n<title>El Centro Tecnol\u00f3xico da Carne lidera una Red Iberoamericana de Alimentos ricos en prote\u00ednas regionales sostenibles - Innova - Campo Galego<\/title>\n<meta name=\"robots\" content=\"index, follow, max-snippet:-1, max-image-preview:large, max-video-preview:-1\" \/>\n<link rel=\"canonical\" href=\"https:\/\/innova.campogalego.gal\/es\/agroalimentacion-es\/el-centro-tecnoloxico-da-carne-lidera-una-red-iberoamericana-de-alimentos-ricos-en-proteinas-regionales-sostenibles.html\" \/>\n<meta property=\"og:locale\" content=\"es_ES\" \/>\n<meta property=\"og:type\" content=\"article\" \/>\n<meta property=\"og:title\" content=\"El Centro Tecnol\u00f3xico da Carne lidera una Red Iberoamericana de Alimentos ricos en prote\u00ednas regionales sostenibles - Innova - Campo Galego\" \/>\n<meta property=\"og:description\" content=\"Con el prop\u00f3sito de valorizar las fuentes proteicas regionales y sostenibles de Iberoam\u00e9rica, investigadores, acad\u00e9micos y empresarios de varios pa\u00edses han creado la Red de Alimentos [\u2026]\" \/>\n<meta property=\"og:url\" content=\"https:\/\/innova.campogalego.gal\/es\/agroalimentacion-es\/el-centro-tecnoloxico-da-carne-lidera-una-red-iberoamericana-de-alimentos-ricos-en-proteinas-regionales-sostenibles.html\" \/>\n<meta property=\"og:site_name\" content=\"Innova - Campo Galego\" \/>\n<meta property=\"article:published_time\" content=\"2025-02-18T10:20:54+00:00\" \/>\n<meta property=\"og:image\" content=\"https:\/\/innova.campogalego.gal\/wp-content\/uploads\/2023\/11\/dieta-alimentos.jpg\" \/>\n\t<meta property=\"og:image:width\" content=\"1200\" \/>\n\t<meta property=\"og:image:height\" content=\"800\" \/>\n\t<meta property=\"og:image:type\" content=\"image\/jpeg\" \/>\n<meta name=\"author\" content=\"noelia\" \/>\n<meta name=\"twitter:card\" content=\"summary_large_image\" \/>\n<meta name=\"twitter:label1\" content=\"Escrito por\" \/>\n\t<meta name=\"twitter:data1\" content=\"noelia\" \/>\n\t<meta name=\"twitter:label2\" content=\"Tiempo de lectura\" \/>\n\t<meta name=\"twitter:data2\" content=\"2 minutos\" \/>\n<script type=\"application\/ld+json\" class=\"yoast-schema-graph\">{\"@context\":\"https:\/\/schema.org\",\"@graph\":[{\"@type\":\"WebPage\",\"@id\":\"https:\/\/innova.campogalego.gal\/es\/agroalimentacion-es\/el-centro-tecnoloxico-da-carne-lidera-una-red-iberoamericana-de-alimentos-ricos-en-proteinas-regionales-sostenibles.html\",\"url\":\"https:\/\/innova.campogalego.gal\/es\/agroalimentacion-es\/el-centro-tecnoloxico-da-carne-lidera-una-red-iberoamericana-de-alimentos-ricos-en-proteinas-regionales-sostenibles.html\",\"name\":\"El Centro Tecnol\u00f3xico da Carne lidera una Red Iberoamericana de Alimentos ricos en prote\u00ednas regionales sostenibles - Innova - Campo Galego\",\"isPartOf\":{\"@id\":\"https:\/\/innova.campogalego.gal\/es#website\"},\"datePublished\":\"2025-02-18T10:20:54+00:00\",\"dateModified\":\"2025-02-18T10:20:54+00:00\",\"author\":{\"@id\":\"https:\/\/innova.campogalego.gal\/es#\/schema\/person\/5f73832eaae2d2d2fe19cdf56f76e921\"},\"breadcrumb\":{\"@id\":\"https:\/\/innova.campogalego.gal\/es\/agroalimentacion-es\/el-centro-tecnoloxico-da-carne-lidera-una-red-iberoamericana-de-alimentos-ricos-en-proteinas-regionales-sostenibles.html#breadcrumb\"},\"inLanguage\":\"es\",\"potentialAction\":[{\"@type\":\"ReadAction\",\"target\":[\"https:\/\/innova.campogalego.gal\/es\/agroalimentacion-es\/el-centro-tecnoloxico-da-carne-lidera-una-red-iberoamericana-de-alimentos-ricos-en-proteinas-regionales-sostenibles.html\"]}]},{\"@type\":\"BreadcrumbList\",\"@id\":\"https:\/\/innova.campogalego.gal\/es\/agroalimentacion-es\/el-centro-tecnoloxico-da-carne-lidera-una-red-iberoamericana-de-alimentos-ricos-en-proteinas-regionales-sostenibles.html#breadcrumb\",\"itemListElement\":[{\"@type\":\"ListItem\",\"position\":1,\"name\":\"Portada\",\"item\":\"https:\/\/innova.campogalego.gal\/es\"},{\"@type\":\"ListItem\",\"position\":2,\"name\":\"El Centro Tecnol\u00f3xico da Carne lidera una Red Iberoamericana de Alimentos ricos en prote\u00ednas regionales sostenibles\"}]},{\"@type\":\"WebSite\",\"@id\":\"https:\/\/innova.campogalego.gal\/es#website\",\"url\":\"https:\/\/innova.campogalego.gal\/es\",\"name\":\"Innova - Campo Galego\",\"description\":\"\",\"potentialAction\":[{\"@type\":\"SearchAction\",\"target\":{\"@type\":\"EntryPoint\",\"urlTemplate\":\"https:\/\/innova.campogalego.gal\/es?s={search_term_string}\"},\"query-input\":\"required name=search_term_string\"}],\"inLanguage\":\"es\"},{\"@type\":\"Person\",\"@id\":\"https:\/\/innova.campogalego.gal\/es#\/schema\/person\/5f73832eaae2d2d2fe19cdf56f76e921\",\"name\":\"noelia\",\"image\":{\"@type\":\"ImageObject\",\"inLanguage\":\"es\",\"@id\":\"https:\/\/innova.campogalego.gal\/es#\/schema\/person\/image\/\",\"url\":\"https:\/\/secure.gravatar.com\/avatar\/b4912756e566b19c7962f96cfebbb102?s=96&d=mm&r=g\",\"contentUrl\":\"https:\/\/secure.gravatar.com\/avatar\/b4912756e566b19c7962f96cfebbb102?s=96&d=mm&r=g\",\"caption\":\"noelia\"},\"url\":\"https:\/\/innova.campogalego.gal\/es\/author\/noelia\"}]}<\/script>\n<!-- \/ Yoast SEO plugin. -->","yoast_head_json":{"title":"El Centro Tecnol\u00f3xico da Carne lidera una Red Iberoamericana de Alimentos ricos en prote\u00ednas regionales sostenibles - Innova - Campo Galego","robots":{"index":"index","follow":"follow","max-snippet":"max-snippet:-1","max-image-preview":"max-image-preview:large","max-video-preview":"max-video-preview:-1"},"canonical":"https:\/\/innova.campogalego.gal\/es\/agroalimentacion-es\/el-centro-tecnoloxico-da-carne-lidera-una-red-iberoamericana-de-alimentos-ricos-en-proteinas-regionales-sostenibles.html","og_locale":"es_ES","og_type":"article","og_title":"El Centro Tecnol\u00f3xico da Carne lidera una Red Iberoamericana de Alimentos ricos en prote\u00ednas regionales sostenibles - Innova - Campo Galego","og_description":"Con el prop\u00f3sito de valorizar las fuentes proteicas regionales y sostenibles de Iberoam\u00e9rica, investigadores, acad\u00e9micos y empresarios de varios pa\u00edses han creado la Red de Alimentos [\u2026]","og_url":"https:\/\/innova.campogalego.gal\/es\/agroalimentacion-es\/el-centro-tecnoloxico-da-carne-lidera-una-red-iberoamericana-de-alimentos-ricos-en-proteinas-regionales-sostenibles.html","og_site_name":"Innova - Campo Galego","article_published_time":"2025-02-18T10:20:54+00:00","og_image":[{"width":1200,"height":800,"url":"https:\/\/innova.campogalego.gal\/wp-content\/uploads\/2023\/11\/dieta-alimentos.jpg","type":"image\/jpeg"}],"author":"noelia","twitter_card":"summary_large_image","twitter_misc":{"Escrito por":"noelia","Tiempo de lectura":"2 minutos"},"schema":{"@context":"https:\/\/schema.org","@graph":[{"@type":"WebPage","@id":"https:\/\/innova.campogalego.gal\/es\/agroalimentacion-es\/el-centro-tecnoloxico-da-carne-lidera-una-red-iberoamericana-de-alimentos-ricos-en-proteinas-regionales-sostenibles.html","url":"https:\/\/innova.campogalego.gal\/es\/agroalimentacion-es\/el-centro-tecnoloxico-da-carne-lidera-una-red-iberoamericana-de-alimentos-ricos-en-proteinas-regionales-sostenibles.html","name":"El Centro Tecnol\u00f3xico da Carne lidera una Red Iberoamericana de Alimentos ricos en prote\u00ednas regionales sostenibles - Innova - Campo Galego","isPartOf":{"@id":"https:\/\/innova.campogalego.gal\/es#website"},"datePublished":"2025-02-18T10:20:54+00:00","dateModified":"2025-02-18T10:20:54+00:00","author":{"@id":"https:\/\/innova.campogalego.gal\/es#\/schema\/person\/5f73832eaae2d2d2fe19cdf56f76e921"},"breadcrumb":{"@id":"https:\/\/innova.campogalego.gal\/es\/agroalimentacion-es\/el-centro-tecnoloxico-da-carne-lidera-una-red-iberoamericana-de-alimentos-ricos-en-proteinas-regionales-sostenibles.html#breadcrumb"},"inLanguage":"es","potentialAction":[{"@type":"ReadAction","target":["https:\/\/innova.campogalego.gal\/es\/agroalimentacion-es\/el-centro-tecnoloxico-da-carne-lidera-una-red-iberoamericana-de-alimentos-ricos-en-proteinas-regionales-sostenibles.html"]}]},{"@type":"BreadcrumbList","@id":"https:\/\/innova.campogalego.gal\/es\/agroalimentacion-es\/el-centro-tecnoloxico-da-carne-lidera-una-red-iberoamericana-de-alimentos-ricos-en-proteinas-regionales-sostenibles.html#breadcrumb","itemListElement":[{"@type":"ListItem","position":1,"name":"Portada","item":"https:\/\/innova.campogalego.gal\/es"},{"@type":"ListItem","position":2,"name":"El Centro Tecnol\u00f3xico da Carne lidera una Red Iberoamericana de Alimentos ricos en prote\u00ednas regionales sostenibles"}]},{"@type":"WebSite","@id":"https:\/\/innova.campogalego.gal\/es#website","url":"https:\/\/innova.campogalego.gal\/es","name":"Innova - Campo Galego","description":"","potentialAction":[{"@type":"SearchAction","target":{"@type":"EntryPoint","urlTemplate":"https:\/\/innova.campogalego.gal\/es?s={search_term_string}"},"query-input":"required name=search_term_string"}],"inLanguage":"es"},{"@type":"Person","@id":"https:\/\/innova.campogalego.gal\/es#\/schema\/person\/5f73832eaae2d2d2fe19cdf56f76e921","name":"noelia","image":{"@type":"ImageObject","inLanguage":"es","@id":"https:\/\/innova.campogalego.gal\/es#\/schema\/person\/image\/","url":"https:\/\/secure.gravatar.com\/avatar\/b4912756e566b19c7962f96cfebbb102?s=96&d=mm&r=g","contentUrl":"https:\/\/secure.gravatar.com\/avatar\/b4912756e566b19c7962f96cfebbb102?s=96&d=mm&r=g","caption":"noelia"},"url":"https:\/\/innova.campogalego.gal\/es\/author\/noelia"}]}},"_links":{"self":[{"href":"https:\/\/innova.campogalego.gal\/es\/wp-json\/wp\/v2\/posts\/5462"}],"collection":[{"href":"https:\/\/innova.campogalego.gal\/es\/wp-json\/wp\/v2\/posts"}],"about":[{"href":"https:\/\/innova.campogalego.gal\/es\/wp-json\/wp\/v2\/types\/post"}],"author":[{"embeddable":true,"href":"https:\/\/innova.campogalego.gal\/es\/wp-json\/wp\/v2\/users\/7"}],"replies":[{"embeddable":true,"href":"https:\/\/innova.campogalego.gal\/es\/wp-json\/wp\/v2\/comments?post=5462"}],"version-history":[{"count":2,"href":"https:\/\/innova.campogalego.gal\/es\/wp-json\/wp\/v2\/posts\/5462\/revisions"}],"predecessor-version":[{"id":5469,"href":"https:\/\/innova.campogalego.gal\/es\/wp-json\/wp\/v2\/posts\/5462\/revisions\/5469"}],"wp:featuredmedia":[{"embeddable":true,"href":"https:\/\/innova.campogalego.gal\/es\/wp-json\/wp\/v2\/media\/1426"}],"wp:attachment":[{"href":"https:\/\/innova.campogalego.gal\/es\/wp-json\/wp\/v2\/media?parent=5462"}],"wp:term":[{"taxonomy":"category","embeddable":true,"href":"https:\/\/innova.campogalego.gal\/es\/wp-json\/wp\/v2\/categories?post=5462"},{"taxonomy":"post_tag","embeddable":true,"href":"https:\/\/innova.campogalego.gal\/es\/wp-json\/wp\/v2\/tags?post=5462"}],"curies":[{"name":"wp","href":"https:\/\/api.w.org\/{rel}","templated":true}]}}