{"id":5665,"date":"2025-03-06T10:50:26","date_gmt":"2025-03-06T09:50:26","guid":{"rendered":"https:\/\/innova.campogalego.gal\/?p=5665"},"modified":"2025-03-06T10:50:26","modified_gmt":"2025-03-06T09:50:26","slug":"el-ibader-ponen-en-valor-un-medio-de-negociacion-entre-las-diferentes-visiones-e-intereses-sociales-sobre-el-territorio","status":"publish","type":"post","link":"https:\/\/innova.campogalego.gal\/es\/campus-terra-es\/el-ibader-ponen-en-valor-un-medio-de-negociacion-entre-las-diferentes-visiones-e-intereses-sociales-sobre-el-territorio.html","title":{"rendered":"El IBADER ponen en valor un medio de negociaci\u00f3n entre las diferentes visiones e intereses sociales sobre el territorio"},"content":{"rendered":"<div id=\"attachment_4273\" style=\"width: 1210px\" class=\"wp-caption aligncenter\"><img aria-describedby=\"caption-attachment-4273\" decoding=\"async\" loading=\"lazy\" class=\"size-full wp-image-4273 lazyload\" src=\"data:image\/gif;base64,R0lGODlhAQABAAAAACH5BAEKAAEALAAAAAABAAEAAAICTAEAOw==\" alt=\"\" width=\"1200\" height=\"800\" sizes=\"(max-width:767px) 480px, (max-width:1200px) 100vw, 1200px\" data-src=\"https:\/\/innova.campogalego.gal\/wp-content\/uploads\/2024\/07\/Cervantes-vacas-montanha-1-1024x683-1.jpg\" data-srcset=\"https:\/\/innova.campogalego.gal\/wp-content\/uploads\/2024\/07\/Cervantes-vacas-montanha-1-1024x683-1.jpg 1200w, https:\/\/innova.campogalego.gal\/wp-content\/uploads\/2024\/07\/Cervantes-vacas-montanha-1-1024x683-1-300x200.jpg 300w, https:\/\/innova.campogalego.gal\/wp-content\/uploads\/2024\/07\/Cervantes-vacas-montanha-1-1024x683-1-1024x683.jpg 1024w\"><p id=\"caption-attachment-4273\" class=\"wp-caption-text\">Imagen de archivo<\/p><\/div>\n<p>El Instituto de Biodiversidad Agraria y Desarrollo Rural (IBADER) de la USC pretende poner en valor a necesidad de uno ?medio de negociaci\u00f3n entre las diferentes visiones e intereses sociales sobre el territorio?. As\u00ed, defienden la planificaci\u00f3n participativa como el enfoque necesario para abordar la negociaci\u00f3n desde las perspectivas de todas aquellas personas involucradas en la gesti\u00f3n territorial, para quien &#8216;la adaptaci\u00f3n al cambio clim\u00e1tico es un reto prioritario y transversal&#8217;, destacan.<\/p>\n<p>La entidad acoger\u00e1 del <strong>2 al 4 de abril<\/strong>, la acci\u00f3n formativa <strong>&#8216;Planeamiento participativo para adaptaci\u00f3n territorial al cambio clim\u00e1tico&#8217;<\/strong>. Esta jornada nace con la intenci\u00f3n de obtener la capacitaci\u00f3n para el dise\u00f1o y desarrollo de procesos participativos en planificaci\u00f3n, as\u00ed como en su gesti\u00f3n y dinamizaci\u00f3n en casos de adaptaci\u00f3n al cambio clim\u00e1tico en sistemas agrarios. Andr\u00e9 Vizinho, doctor en planificaci\u00f3n participativa para la adaptaci\u00f3n de la agricultura y la silvicultura a las alteraciones clim\u00e1ticas, ser\u00e1 el encargado de profundizar en esta herramienta.<\/p>\n<p>La actividad impulsada en colaboraci\u00f3n con el LaboraTe de la USC estructurara en tres bloques tem\u00e1ticos. Por una parte, se tratar\u00e1 el dise\u00f1o y desarrollo de procesos de planificaci\u00f3n territorial participativa; mientras que la segunda parte de la acci\u00f3n se centrar\u00e1 en la gesti\u00f3n y dinamizaci\u00f3n de procesos participativos. Finalmente, habr\u00e1 hueco para el planeamiento participativo en adaptaci\u00f3n a las alteraciones clim\u00e1ticas.<\/p>\n<p>Andr\u00e9 Vizinho tiene experiencia en facilitaci\u00f3n y desarrollo de m\u00e9todos participativos para la planificaci\u00f3n de la adaptaci\u00f3n a las alteraciones clim\u00e1ticas, y actualmente trabaja como consultor, facilitador y coordinador de proyectos de planificaci\u00f3n y implementaci\u00f3n de paisajes regenerativos.<\/p>\n<p><strong><a href=\"https:\/\/forms.office.com\/Pages\/ResponsePage.aspx?id=LEUNj6S3ZEm4EIw5c3RHeyIjEofCwQRPoQtj2UeVdvtUOElDMElaUTA1RDhEVDFXM0FJUTlIWVpXMS4uhttps:\/\/forms.office.com\/Pages\/ResponsePage.aspx?id=LEUNj6S3ZEm4EIw5c3RHeyIjEofCwQRPoQtj2UeVdvtUOElDMElaUTA1RDhEVDFXM0FJUTlIWVpXMS4u\" target=\"_blank\" rel=\"noopener\">Inscripciones<\/a><\/strong><\/p>\n","protected":false},"excerpt":{"rendered":"<p>El Instituto de Biodiversidad Agraria y Desarrollo Rural (IBADER) de la USC pretende poner en valor a necesidad de uno ?medio de negociaci\u00f3n entre las diferentes<span class=\"excerpt-hellip\"> [\u2026]<\/span><\/p>\n","protected":false},"author":7,"featured_media":4273,"comment_status":"open","ping_status":"open","sticky":false,"template":"","format":"standard","meta":{"footnotes":""},"categories":[92],"tags":[238,465],"acf":[],"yoast_head":"<!-- This site is optimized with the Yoast SEO plugin v21.2 - https:\/\/yoast.com\/wordpress\/plugins\/seo\/ -->\n<title>El IBADER ponen en valor un medio de negociaci\u00f3n entre las diferentes visiones e intereses sociales sobre el territorio - Innova - Campo Galego<\/title>\n<meta name=\"robots\" content=\"index, follow, max-snippet:-1, max-image-preview:large, max-video-preview:-1\" \/>\n<link rel=\"canonical\" href=\"https:\/\/innova.campogalego.gal\/es\/campus-terra-es\/el-ibader-ponen-en-valor-un-medio-de-negociacion-entre-las-diferentes-visiones-e-intereses-sociales-sobre-el-territorio.html\" \/>\n<meta property=\"og:locale\" content=\"es_ES\" \/>\n<meta property=\"og:type\" content=\"article\" \/>\n<meta property=\"og:title\" content=\"El IBADER ponen en valor un medio de negociaci\u00f3n entre las diferentes visiones e intereses sociales sobre el territorio - Innova - Campo Galego\" \/>\n<meta property=\"og:description\" content=\"El Instituto de Biodiversidad Agraria y Desarrollo Rural (IBADER) de la USC pretende poner en valor a necesidad de uno ?medio de negociaci\u00f3n entre las diferentes [\u2026]\" \/>\n<meta property=\"og:url\" content=\"https:\/\/innova.campogalego.gal\/es\/campus-terra-es\/el-ibader-ponen-en-valor-un-medio-de-negociacion-entre-las-diferentes-visiones-e-intereses-sociales-sobre-el-territorio.html\" \/>\n<meta property=\"og:site_name\" content=\"Innova - Campo Galego\" \/>\n<meta property=\"article:published_time\" content=\"2025-03-06T09:50:26+00:00\" \/>\n<meta property=\"og:image\" content=\"https:\/\/innova.campogalego.gal\/wp-content\/uploads\/2024\/07\/Cervantes-vacas-montanha-1-1024x683-1.jpg\" \/>\n\t<meta property=\"og:image:width\" content=\"1200\" \/>\n\t<meta property=\"og:image:height\" content=\"800\" \/>\n\t<meta property=\"og:image:type\" content=\"image\/jpeg\" \/>\n<meta name=\"author\" content=\"noelia\" \/>\n<meta name=\"twitter:card\" content=\"summary_large_image\" \/>\n<meta name=\"twitter:label1\" content=\"Escrito por\" \/>\n\t<meta name=\"twitter:data1\" content=\"noelia\" \/>\n\t<meta name=\"twitter:label2\" content=\"Tiempo de lectura\" \/>\n\t<meta name=\"twitter:data2\" content=\"2 minutos\" \/>\n<script type=\"application\/ld+json\" class=\"yoast-schema-graph\">{\"@context\":\"https:\/\/schema.org\",\"@graph\":[{\"@type\":\"WebPage\",\"@id\":\"https:\/\/innova.campogalego.gal\/es\/campus-terra-es\/el-ibader-ponen-en-valor-un-medio-de-negociacion-entre-las-diferentes-visiones-e-intereses-sociales-sobre-el-territorio.html\",\"url\":\"https:\/\/innova.campogalego.gal\/es\/campus-terra-es\/el-ibader-ponen-en-valor-un-medio-de-negociacion-entre-las-diferentes-visiones-e-intereses-sociales-sobre-el-territorio.html\",\"name\":\"El IBADER ponen en valor un medio de negociaci\u00f3n entre las diferentes visiones e intereses sociales sobre el territorio - Innova - Campo Galego\",\"isPartOf\":{\"@id\":\"https:\/\/innova.campogalego.gal\/es#website\"},\"datePublished\":\"2025-03-06T09:50:26+00:00\",\"dateModified\":\"2025-03-06T09:50:26+00:00\",\"author\":{\"@id\":\"https:\/\/innova.campogalego.gal\/es#\/schema\/person\/5f73832eaae2d2d2fe19cdf56f76e921\"},\"breadcrumb\":{\"@id\":\"https:\/\/innova.campogalego.gal\/es\/campus-terra-es\/el-ibader-ponen-en-valor-un-medio-de-negociacion-entre-las-diferentes-visiones-e-intereses-sociales-sobre-el-territorio.html#breadcrumb\"},\"inLanguage\":\"es\",\"potentialAction\":[{\"@type\":\"ReadAction\",\"target\":[\"https:\/\/innova.campogalego.gal\/es\/campus-terra-es\/el-ibader-ponen-en-valor-un-medio-de-negociacion-entre-las-diferentes-visiones-e-intereses-sociales-sobre-el-territorio.html\"]}]},{\"@type\":\"BreadcrumbList\",\"@id\":\"https:\/\/innova.campogalego.gal\/es\/campus-terra-es\/el-ibader-ponen-en-valor-un-medio-de-negociacion-entre-las-diferentes-visiones-e-intereses-sociales-sobre-el-territorio.html#breadcrumb\",\"itemListElement\":[{\"@type\":\"ListItem\",\"position\":1,\"name\":\"Portada\",\"item\":\"https:\/\/innova.campogalego.gal\/es\"},{\"@type\":\"ListItem\",\"position\":2,\"name\":\"El IBADER ponen en valor un medio de negociaci\u00f3n entre las diferentes visiones e intereses sociales sobre el territorio\"}]},{\"@type\":\"WebSite\",\"@id\":\"https:\/\/innova.campogalego.gal\/es#website\",\"url\":\"https:\/\/innova.campogalego.gal\/es\",\"name\":\"Innova - Campo Galego\",\"description\":\"\",\"potentialAction\":[{\"@type\":\"SearchAction\",\"target\":{\"@type\":\"EntryPoint\",\"urlTemplate\":\"https:\/\/innova.campogalego.gal\/es?s={search_term_string}\"},\"query-input\":\"required name=search_term_string\"}],\"inLanguage\":\"es\"},{\"@type\":\"Person\",\"@id\":\"https:\/\/innova.campogalego.gal\/es#\/schema\/person\/5f73832eaae2d2d2fe19cdf56f76e921\",\"name\":\"noelia\",\"image\":{\"@type\":\"ImageObject\",\"inLanguage\":\"es\",\"@id\":\"https:\/\/innova.campogalego.gal\/es#\/schema\/person\/image\/\",\"url\":\"https:\/\/secure.gravatar.com\/avatar\/b4912756e566b19c7962f96cfebbb102?s=96&d=mm&r=g\",\"contentUrl\":\"https:\/\/secure.gravatar.com\/avatar\/b4912756e566b19c7962f96cfebbb102?s=96&d=mm&r=g\",\"caption\":\"noelia\"},\"url\":\"https:\/\/innova.campogalego.gal\/es\/author\/noelia\"}]}<\/script>\n<!-- \/ Yoast SEO plugin. -->","yoast_head_json":{"title":"El IBADER ponen en valor un medio de negociaci\u00f3n entre las diferentes visiones e intereses sociales sobre el territorio - Innova - Campo Galego","robots":{"index":"index","follow":"follow","max-snippet":"max-snippet:-1","max-image-preview":"max-image-preview:large","max-video-preview":"max-video-preview:-1"},"canonical":"https:\/\/innova.campogalego.gal\/es\/campus-terra-es\/el-ibader-ponen-en-valor-un-medio-de-negociacion-entre-las-diferentes-visiones-e-intereses-sociales-sobre-el-territorio.html","og_locale":"es_ES","og_type":"article","og_title":"El IBADER ponen en valor un medio de negociaci\u00f3n entre las diferentes visiones e intereses sociales sobre el territorio - Innova - Campo Galego","og_description":"El Instituto de Biodiversidad Agraria y Desarrollo Rural (IBADER) de la USC pretende poner en valor a necesidad de uno ?medio de negociaci\u00f3n entre las diferentes [\u2026]","og_url":"https:\/\/innova.campogalego.gal\/es\/campus-terra-es\/el-ibader-ponen-en-valor-un-medio-de-negociacion-entre-las-diferentes-visiones-e-intereses-sociales-sobre-el-territorio.html","og_site_name":"Innova - Campo Galego","article_published_time":"2025-03-06T09:50:26+00:00","og_image":[{"width":1200,"height":800,"url":"https:\/\/innova.campogalego.gal\/wp-content\/uploads\/2024\/07\/Cervantes-vacas-montanha-1-1024x683-1.jpg","type":"image\/jpeg"}],"author":"noelia","twitter_card":"summary_large_image","twitter_misc":{"Escrito por":"noelia","Tiempo de lectura":"2 minutos"},"schema":{"@context":"https:\/\/schema.org","@graph":[{"@type":"WebPage","@id":"https:\/\/innova.campogalego.gal\/es\/campus-terra-es\/el-ibader-ponen-en-valor-un-medio-de-negociacion-entre-las-diferentes-visiones-e-intereses-sociales-sobre-el-territorio.html","url":"https:\/\/innova.campogalego.gal\/es\/campus-terra-es\/el-ibader-ponen-en-valor-un-medio-de-negociacion-entre-las-diferentes-visiones-e-intereses-sociales-sobre-el-territorio.html","name":"El IBADER ponen en valor un medio de negociaci\u00f3n entre las diferentes visiones e intereses sociales sobre el territorio - Innova - Campo Galego","isPartOf":{"@id":"https:\/\/innova.campogalego.gal\/es#website"},"datePublished":"2025-03-06T09:50:26+00:00","dateModified":"2025-03-06T09:50:26+00:00","author":{"@id":"https:\/\/innova.campogalego.gal\/es#\/schema\/person\/5f73832eaae2d2d2fe19cdf56f76e921"},"breadcrumb":{"@id":"https:\/\/innova.campogalego.gal\/es\/campus-terra-es\/el-ibader-ponen-en-valor-un-medio-de-negociacion-entre-las-diferentes-visiones-e-intereses-sociales-sobre-el-territorio.html#breadcrumb"},"inLanguage":"es","potentialAction":[{"@type":"ReadAction","target":["https:\/\/innova.campogalego.gal\/es\/campus-terra-es\/el-ibader-ponen-en-valor-un-medio-de-negociacion-entre-las-diferentes-visiones-e-intereses-sociales-sobre-el-territorio.html"]}]},{"@type":"BreadcrumbList","@id":"https:\/\/innova.campogalego.gal\/es\/campus-terra-es\/el-ibader-ponen-en-valor-un-medio-de-negociacion-entre-las-diferentes-visiones-e-intereses-sociales-sobre-el-territorio.html#breadcrumb","itemListElement":[{"@type":"ListItem","position":1,"name":"Portada","item":"https:\/\/innova.campogalego.gal\/es"},{"@type":"ListItem","position":2,"name":"El IBADER ponen en valor un medio de negociaci\u00f3n entre las diferentes visiones e intereses sociales sobre el territorio"}]},{"@type":"WebSite","@id":"https:\/\/innova.campogalego.gal\/es#website","url":"https:\/\/innova.campogalego.gal\/es","name":"Innova - Campo Galego","description":"","potentialAction":[{"@type":"SearchAction","target":{"@type":"EntryPoint","urlTemplate":"https:\/\/innova.campogalego.gal\/es?s={search_term_string}"},"query-input":"required name=search_term_string"}],"inLanguage":"es"},{"@type":"Person","@id":"https:\/\/innova.campogalego.gal\/es#\/schema\/person\/5f73832eaae2d2d2fe19cdf56f76e921","name":"noelia","image":{"@type":"ImageObject","inLanguage":"es","@id":"https:\/\/innova.campogalego.gal\/es#\/schema\/person\/image\/","url":"https:\/\/secure.gravatar.com\/avatar\/b4912756e566b19c7962f96cfebbb102?s=96&d=mm&r=g","contentUrl":"https:\/\/secure.gravatar.com\/avatar\/b4912756e566b19c7962f96cfebbb102?s=96&d=mm&r=g","caption":"noelia"},"url":"https:\/\/innova.campogalego.gal\/es\/author\/noelia"}]}},"_links":{"self":[{"href":"https:\/\/innova.campogalego.gal\/es\/wp-json\/wp\/v2\/posts\/5665"}],"collection":[{"href":"https:\/\/innova.campogalego.gal\/es\/wp-json\/wp\/v2\/posts"}],"about":[{"href":"https:\/\/innova.campogalego.gal\/es\/wp-json\/wp\/v2\/types\/post"}],"author":[{"embeddable":true,"href":"https:\/\/innova.campogalego.gal\/es\/wp-json\/wp\/v2\/users\/7"}],"replies":[{"embeddable":true,"href":"https:\/\/innova.campogalego.gal\/es\/wp-json\/wp\/v2\/comments?post=5665"}],"version-history":[{"count":2,"href":"https:\/\/innova.campogalego.gal\/es\/wp-json\/wp\/v2\/posts\/5665\/revisions"}],"predecessor-version":[{"id":5684,"href":"https:\/\/innova.campogalego.gal\/es\/wp-json\/wp\/v2\/posts\/5665\/revisions\/5684"}],"wp:featuredmedia":[{"embeddable":true,"href":"https:\/\/innova.campogalego.gal\/es\/wp-json\/wp\/v2\/media\/4273"}],"wp:attachment":[{"href":"https:\/\/innova.campogalego.gal\/es\/wp-json\/wp\/v2\/media?parent=5665"}],"wp:term":[{"taxonomy":"category","embeddable":true,"href":"https:\/\/innova.campogalego.gal\/es\/wp-json\/wp\/v2\/categories?post=5665"},{"taxonomy":"post_tag","embeddable":true,"href":"https:\/\/innova.campogalego.gal\/es\/wp-json\/wp\/v2\/tags?post=5665"}],"curies":[{"name":"wp","href":"https:\/\/api.w.org\/{rel}","templated":true}]}}