{"id":5778,"date":"2025-03-28T19:42:08","date_gmt":"2025-03-28T18:42:08","guid":{"rendered":"https:\/\/innova.campogalego.gal\/?p=5778"},"modified":"2025-03-28T19:43:33","modified_gmt":"2025-03-28T18:43:33","slug":"a-granxa-gayoso-castro-recibe-la-visita-de-evaluadores-europeos","status":"publish","type":"post","link":"https:\/\/innova.campogalego.gal\/es\/campus-terra-es\/a-granxa-gayoso-castro-recibe-la-visita-de-evaluadores-europeos.html","title":{"rendered":"La Granxa Gayoso Castro recibe la visita de evaluadores europeos"},"content":{"rendered":"<div id=\"attachment_5775\" style=\"width: 1210px\" class=\"wp-caption aligncenter\"><img aria-describedby=\"caption-attachment-5775\" decoding=\"async\" loading=\"lazy\" class=\"size-full wp-image-5775 lazyload\" src=\"data:image\/gif;base64,R0lGODlhAQABAAAAACH5BAEKAAEALAAAAAABAAEAAAICTAEAOw==\" alt=\"\" width=\"1200\" height=\"800\" sizes=\"(max-width:767px) 480px, (max-width:1200px) 100vw, 1200px\" data-src=\"https:\/\/innova.campogalego.gal\/wp-content\/uploads\/2025\/03\/Granxa-Gayoso-Castro.jpg\" data-srcset=\"https:\/\/innova.campogalego.gal\/wp-content\/uploads\/2025\/03\/Granxa-Gayoso-Castro.jpg 1200w, https:\/\/innova.campogalego.gal\/wp-content\/uploads\/2025\/03\/Granxa-Gayoso-Castro-300x200.jpg 300w, https:\/\/innova.campogalego.gal\/wp-content\/uploads\/2025\/03\/Granxa-Gayoso-Castro-1024x683.jpg 1024w\"><p id=\"caption-attachment-5775\" class=\"wp-caption-text\">La Granxa Gayoso de la Diputaci\u00f3n recibe la visita de un equipo de la Agencia Europea que eval\u00faa el sello de calidad de la Facultad de Veterinaria.<\/p><\/div>\n<p>La Granxa Gayoso Castro, gestionada por la Diputaci\u00f3n de Lugo, recibi\u00f3 este mi\u00e9rcoles la visita de un equipo de evaluadores de la Asociaci\u00f3n Europea de Establecimientos de Formaci\u00f3n Veterinaria (EAEVE).<\/p>\n<p>Esta inspecci\u00f3n se enmarca en el proceso de evaluaci\u00f3n de la Facultad de Veterinaria del Campus de Lugo de la USC, con el objetivo de renovar el sello europeo de calidad que certifica el cumplimiento de los est\u00e1ndares de formaci\u00f3n veterinaria.<\/p>\n<p>Durante la visita, los evaluadores recorrieron las instalaciones de la Granxa Experimental de Leche, donde los estudiantes realizan pr\u00e1cticas fundamentales para su formaci\u00f3n. La directora del centro, Sonia Verdes, fue la encargada de dirigir la visita.<\/p>\n<p>Verdes tambi\u00e9n present\u00f3 el proyecto de la nueva granja de cerdo celta que la Diputaci\u00f3n prev\u00e9 implantar en el recinto. La colaboraci\u00f3n entre la Diputaci\u00f3n y la USC es clave para lograr la renovaci\u00f3n de este sello que permitir\u00e1 que los titulados puedan ejercer su profesi\u00f3n en cualquier pa\u00eds de la Uni\u00f3n Europea.<\/p>\n","protected":false},"excerpt":{"rendered":"<p>La Granxa Gayoso Castro, gestionada por la Diputaci\u00f3n de Lugo, recibi\u00f3 este mi\u00e9rcoles la visita de un equipo de evaluadores de la Asociaci\u00f3n Europea de Establecimientos<span class=\"excerpt-hellip\"> [\u2026]<\/span><\/p>\n","protected":false},"author":12,"featured_media":5775,"comment_status":"open","ping_status":"open","sticky":false,"template":"","format":"standard","meta":{"footnotes":""},"categories":[92],"tags":[],"acf":[],"yoast_head":"<!-- This site is optimized with the Yoast SEO plugin v21.2 - https:\/\/yoast.com\/wordpress\/plugins\/seo\/ -->\n<title>La Granxa Gayoso Castro recibe la visita de evaluadores europeos - Innova - Campo Galego<\/title>\n<meta name=\"robots\" content=\"index, follow, max-snippet:-1, max-image-preview:large, max-video-preview:-1\" \/>\n<link rel=\"canonical\" href=\"https:\/\/innova.campogalego.gal\/es\/campus-terra-es\/a-granxa-gayoso-castro-recibe-la-visita-de-evaluadores-europeos.html\" \/>\n<meta property=\"og:locale\" content=\"es_ES\" \/>\n<meta property=\"og:type\" content=\"article\" \/>\n<meta property=\"og:title\" content=\"La Granxa Gayoso Castro recibe la visita de evaluadores europeos - Innova - Campo Galego\" \/>\n<meta property=\"og:description\" content=\"La Granxa Gayoso Castro, gestionada por la Diputaci\u00f3n de Lugo, recibi\u00f3 este mi\u00e9rcoles la visita de un equipo de evaluadores de la Asociaci\u00f3n Europea de Establecimientos [\u2026]\" \/>\n<meta property=\"og:url\" content=\"https:\/\/innova.campogalego.gal\/es\/campus-terra-es\/a-granxa-gayoso-castro-recibe-la-visita-de-evaluadores-europeos.html\" \/>\n<meta property=\"og:site_name\" content=\"Innova - Campo Galego\" \/>\n<meta property=\"article:published_time\" content=\"2025-03-28T18:42:08+00:00\" \/>\n<meta property=\"article:modified_time\" content=\"2025-03-28T18:43:33+00:00\" \/>\n<meta property=\"og:image\" content=\"https:\/\/innova.campogalego.gal\/wp-content\/uploads\/2025\/03\/Granxa-Gayoso-Castro.jpg\" \/>\n\t<meta property=\"og:image:width\" content=\"1200\" \/>\n\t<meta property=\"og:image:height\" content=\"800\" \/>\n\t<meta property=\"og:image:type\" content=\"image\/jpeg\" \/>\n<meta name=\"author\" content=\"Ines Abelenda\" \/>\n<meta name=\"twitter:card\" content=\"summary_large_image\" \/>\n<meta name=\"twitter:label1\" content=\"Escrito por\" \/>\n\t<meta name=\"twitter:data1\" content=\"Ines Abelenda\" \/>\n\t<meta name=\"twitter:label2\" content=\"Tiempo de lectura\" \/>\n\t<meta name=\"twitter:data2\" content=\"2 minutos\" \/>\n<script type=\"application\/ld+json\" class=\"yoast-schema-graph\">{\"@context\":\"https:\/\/schema.org\",\"@graph\":[{\"@type\":\"WebPage\",\"@id\":\"https:\/\/innova.campogalego.gal\/es\/campus-terra-es\/a-granxa-gayoso-castro-recibe-la-visita-de-evaluadores-europeos.html\",\"url\":\"https:\/\/innova.campogalego.gal\/es\/campus-terra-es\/a-granxa-gayoso-castro-recibe-la-visita-de-evaluadores-europeos.html\",\"name\":\"La Granxa Gayoso Castro recibe la visita de evaluadores europeos - Innova - Campo Galego\",\"isPartOf\":{\"@id\":\"https:\/\/innova.campogalego.gal\/es#website\"},\"datePublished\":\"2025-03-28T18:42:08+00:00\",\"dateModified\":\"2025-03-28T18:43:33+00:00\",\"author\":{\"@id\":\"https:\/\/innova.campogalego.gal\/es#\/schema\/person\/6e4b7d6d686e401bec27d34264139b0e\"},\"breadcrumb\":{\"@id\":\"https:\/\/innova.campogalego.gal\/es\/campus-terra-es\/a-granxa-gayoso-castro-recibe-la-visita-de-evaluadores-europeos.html#breadcrumb\"},\"inLanguage\":\"es\",\"potentialAction\":[{\"@type\":\"ReadAction\",\"target\":[\"https:\/\/innova.campogalego.gal\/es\/campus-terra-es\/a-granxa-gayoso-castro-recibe-la-visita-de-evaluadores-europeos.html\"]}]},{\"@type\":\"BreadcrumbList\",\"@id\":\"https:\/\/innova.campogalego.gal\/es\/campus-terra-es\/a-granxa-gayoso-castro-recibe-la-visita-de-evaluadores-europeos.html#breadcrumb\",\"itemListElement\":[{\"@type\":\"ListItem\",\"position\":1,\"name\":\"Portada\",\"item\":\"https:\/\/innova.campogalego.gal\/es\"},{\"@type\":\"ListItem\",\"position\":2,\"name\":\"La Granxa Gayoso Castro recibe la visita de evaluadores europeos\"}]},{\"@type\":\"WebSite\",\"@id\":\"https:\/\/innova.campogalego.gal\/es#website\",\"url\":\"https:\/\/innova.campogalego.gal\/es\",\"name\":\"Innova - Campo Galego\",\"description\":\"\",\"potentialAction\":[{\"@type\":\"SearchAction\",\"target\":{\"@type\":\"EntryPoint\",\"urlTemplate\":\"https:\/\/innova.campogalego.gal\/es?s={search_term_string}\"},\"query-input\":\"required name=search_term_string\"}],\"inLanguage\":\"es\"},{\"@type\":\"Person\",\"@id\":\"https:\/\/innova.campogalego.gal\/es#\/schema\/person\/6e4b7d6d686e401bec27d34264139b0e\",\"name\":\"Ines Abelenda\",\"image\":{\"@type\":\"ImageObject\",\"inLanguage\":\"es\",\"@id\":\"https:\/\/innova.campogalego.gal\/es#\/schema\/person\/image\/\",\"url\":\"https:\/\/secure.gravatar.com\/avatar\/437a17220ee2261420e7298355a194eb?s=96&d=mm&r=g\",\"contentUrl\":\"https:\/\/secure.gravatar.com\/avatar\/437a17220ee2261420e7298355a194eb?s=96&d=mm&r=g\",\"caption\":\"Ines Abelenda\"},\"url\":\"https:\/\/innova.campogalego.gal\/es\/author\/ines\"}]}<\/script>\n<!-- \/ Yoast SEO plugin. -->","yoast_head_json":{"title":"La Granxa Gayoso Castro recibe la visita de evaluadores europeos - Innova - Campo Galego","robots":{"index":"index","follow":"follow","max-snippet":"max-snippet:-1","max-image-preview":"max-image-preview:large","max-video-preview":"max-video-preview:-1"},"canonical":"https:\/\/innova.campogalego.gal\/es\/campus-terra-es\/a-granxa-gayoso-castro-recibe-la-visita-de-evaluadores-europeos.html","og_locale":"es_ES","og_type":"article","og_title":"La Granxa Gayoso Castro recibe la visita de evaluadores europeos - Innova - Campo Galego","og_description":"La Granxa Gayoso Castro, gestionada por la Diputaci\u00f3n de Lugo, recibi\u00f3 este mi\u00e9rcoles la visita de un equipo de evaluadores de la Asociaci\u00f3n Europea de Establecimientos [\u2026]","og_url":"https:\/\/innova.campogalego.gal\/es\/campus-terra-es\/a-granxa-gayoso-castro-recibe-la-visita-de-evaluadores-europeos.html","og_site_name":"Innova - Campo Galego","article_published_time":"2025-03-28T18:42:08+00:00","article_modified_time":"2025-03-28T18:43:33+00:00","og_image":[{"width":1200,"height":800,"url":"https:\/\/innova.campogalego.gal\/wp-content\/uploads\/2025\/03\/Granxa-Gayoso-Castro.jpg","type":"image\/jpeg"}],"author":"Ines Abelenda","twitter_card":"summary_large_image","twitter_misc":{"Escrito por":"Ines Abelenda","Tiempo de lectura":"2 minutos"},"schema":{"@context":"https:\/\/schema.org","@graph":[{"@type":"WebPage","@id":"https:\/\/innova.campogalego.gal\/es\/campus-terra-es\/a-granxa-gayoso-castro-recibe-la-visita-de-evaluadores-europeos.html","url":"https:\/\/innova.campogalego.gal\/es\/campus-terra-es\/a-granxa-gayoso-castro-recibe-la-visita-de-evaluadores-europeos.html","name":"La Granxa Gayoso Castro recibe la visita de evaluadores europeos - Innova - Campo Galego","isPartOf":{"@id":"https:\/\/innova.campogalego.gal\/es#website"},"datePublished":"2025-03-28T18:42:08+00:00","dateModified":"2025-03-28T18:43:33+00:00","author":{"@id":"https:\/\/innova.campogalego.gal\/es#\/schema\/person\/6e4b7d6d686e401bec27d34264139b0e"},"breadcrumb":{"@id":"https:\/\/innova.campogalego.gal\/es\/campus-terra-es\/a-granxa-gayoso-castro-recibe-la-visita-de-evaluadores-europeos.html#breadcrumb"},"inLanguage":"es","potentialAction":[{"@type":"ReadAction","target":["https:\/\/innova.campogalego.gal\/es\/campus-terra-es\/a-granxa-gayoso-castro-recibe-la-visita-de-evaluadores-europeos.html"]}]},{"@type":"BreadcrumbList","@id":"https:\/\/innova.campogalego.gal\/es\/campus-terra-es\/a-granxa-gayoso-castro-recibe-la-visita-de-evaluadores-europeos.html#breadcrumb","itemListElement":[{"@type":"ListItem","position":1,"name":"Portada","item":"https:\/\/innova.campogalego.gal\/es"},{"@type":"ListItem","position":2,"name":"La Granxa Gayoso Castro recibe la visita de evaluadores europeos"}]},{"@type":"WebSite","@id":"https:\/\/innova.campogalego.gal\/es#website","url":"https:\/\/innova.campogalego.gal\/es","name":"Innova - Campo Galego","description":"","potentialAction":[{"@type":"SearchAction","target":{"@type":"EntryPoint","urlTemplate":"https:\/\/innova.campogalego.gal\/es?s={search_term_string}"},"query-input":"required name=search_term_string"}],"inLanguage":"es"},{"@type":"Person","@id":"https:\/\/innova.campogalego.gal\/es#\/schema\/person\/6e4b7d6d686e401bec27d34264139b0e","name":"Ines Abelenda","image":{"@type":"ImageObject","inLanguage":"es","@id":"https:\/\/innova.campogalego.gal\/es#\/schema\/person\/image\/","url":"https:\/\/secure.gravatar.com\/avatar\/437a17220ee2261420e7298355a194eb?s=96&d=mm&r=g","contentUrl":"https:\/\/secure.gravatar.com\/avatar\/437a17220ee2261420e7298355a194eb?s=96&d=mm&r=g","caption":"Ines Abelenda"},"url":"https:\/\/innova.campogalego.gal\/es\/author\/ines"}]}},"_links":{"self":[{"href":"https:\/\/innova.campogalego.gal\/es\/wp-json\/wp\/v2\/posts\/5778"}],"collection":[{"href":"https:\/\/innova.campogalego.gal\/es\/wp-json\/wp\/v2\/posts"}],"about":[{"href":"https:\/\/innova.campogalego.gal\/es\/wp-json\/wp\/v2\/types\/post"}],"author":[{"embeddable":true,"href":"https:\/\/innova.campogalego.gal\/es\/wp-json\/wp\/v2\/users\/12"}],"replies":[{"embeddable":true,"href":"https:\/\/innova.campogalego.gal\/es\/wp-json\/wp\/v2\/comments?post=5778"}],"version-history":[{"count":2,"href":"https:\/\/innova.campogalego.gal\/es\/wp-json\/wp\/v2\/posts\/5778\/revisions"}],"predecessor-version":[{"id":5792,"href":"https:\/\/innova.campogalego.gal\/es\/wp-json\/wp\/v2\/posts\/5778\/revisions\/5792"}],"wp:featuredmedia":[{"embeddable":true,"href":"https:\/\/innova.campogalego.gal\/es\/wp-json\/wp\/v2\/media\/5775"}],"wp:attachment":[{"href":"https:\/\/innova.campogalego.gal\/es\/wp-json\/wp\/v2\/media?parent=5778"}],"wp:term":[{"taxonomy":"category","embeddable":true,"href":"https:\/\/innova.campogalego.gal\/es\/wp-json\/wp\/v2\/categories?post=5778"},{"taxonomy":"post_tag","embeddable":true,"href":"https:\/\/innova.campogalego.gal\/es\/wp-json\/wp\/v2\/tags?post=5778"}],"curies":[{"name":"wp","href":"https:\/\/api.w.org\/{rel}","templated":true}]}}