{"id":5820,"date":"2025-04-03T12:23:25","date_gmt":"2025-04-03T10:23:25","guid":{"rendered":"https:\/\/innova.campogalego.gal\/?p=5820"},"modified":"2025-04-03T12:24:58","modified_gmt":"2025-04-03T10:24:58","slug":"la-ee-forestal-de-pontevedra-reunira-a-los-principales-especialistas-en-hongos-liquines-y-algas-de-espana-y-portugal","status":"publish","type":"post","link":"https:\/\/innova.campogalego.gal\/es\/forestal-es\/la-ee-forestal-de-pontevedra-reunira-a-los-principales-especialistas-en-hongos-liquines-y-algas-de-espana-y-portugal.html","title":{"rendered":"La EE Forestal de Pontevedra reunir\u00e1 a los principales especialistas en hongos, l\u00edquines y algas de Espa\u00f1a y Portugal"},"content":{"rendered":"<p><img decoding=\"async\" loading=\"lazy\" class=\"aligncenter wp-image-5818 size-full lazyload\" src=\"data:image\/gif;base64,R0lGODlhAQABAAAAACH5BAEKAAEALAAAAAABAAEAAAICTAEAOw==\" alt=\"\" width=\"660\" height=\"440\" sizes=\"(max-width:767px) 480px, 660px\" data-src=\"https:\/\/innova.campogalego.gal\/wp-content\/uploads\/2025\/04\/Algas.jpg\" data-srcset=\"https:\/\/innova.campogalego.gal\/wp-content\/uploads\/2025\/04\/Algas.jpg 660w, https:\/\/innova.campogalego.gal\/wp-content\/uploads\/2025\/04\/Algas-300x200.jpg 300w\"><\/p>\n<p>Expertos y expertas en el estudio de hongos, liques o algas de diferentes puntos de Espa\u00f1a y Portugal y de otros pa\u00edses europeos se reunir\u00e1n en Pontevedra entre el 7 y el 10 de julio, con motivo de la celebraci\u00f3n del <a href=\"https:\/\/www.cryptogamicbotany2025.es\/carta-de-benvida_798775705_137585.html\"><strong>XXIV Simposio Internacional de Bot\u00e1nica Criptog\u00e1mica<\/strong><\/a>, que tendr\u00e1 lugar en la Escuela de Ingenier\u00eda Forestal. Organizado por investigadores e investigadoras de las universidades de Vigo, A Coru\u00f1a y Santiago de Compostela, este foro cient\u00edfico se centra en el estudio de los organismos vegetales que no poseen flores, como hongos, liques, algas, bri\u00f3fitas, pterid\u00f3fitas o mixomicetos. Con un formato h\u00edbrido, que combina el seguimiento presencial y virtual, la organizaci\u00f3n prev\u00e9 reunir en Pontevedra m\u00e1s de 150 investigadores e investigadoras, en la que ser\u00e1 la primera edici\u00f3n de este evento en Galicia en los \u00faltimos 30 a\u00f1os.<\/p>\n<p>De car\u00e1cter bienal, se trata del foro \u00abde referencia\u00bb para los expertos y expertas en bot\u00e1nica criptog\u00e1mica, como explica el investigador de la <a href=\"https:\/\/www.uvigo.gal\/\">UVigo<\/a> y presidente del comit\u00e9 organizador, Mauro Rivas Ferreiro. Celebrado por primera vez en Pamplona en 1972, comenz\u00f3 siendo \u00abun simposio espa\u00f1ol, luego ib\u00e9rico y ahora internacional\u00bb, convirti\u00e9ndose en una \u00abcita imprescindible para la comunidad cient\u00edfica dedicada a la criptogamia\u00bb. Se trata adem\u00e1s de la primera edici\u00f3n en la que este evento tendr\u00e1 c\u00f3mo sede la Universidad de Vigo y la segunda que tendr\u00e1 lugar en Galicia, despu\u00e9s de que se desarrollara en Santiago de Compostela en 1995.<\/p>\n<p><strong>Del impacto del cambio clim\u00e1tico al aprovechamiento biotecnol\u00f3gico<\/strong><\/p>\n<p>El simposio tendr\u00e1 como l\u00e9emela <em>Diversidad criptog\u00e1mica: conservando el pasado, innovando el futuro<\/em> y buscar\u00e1 servir c\u00f3mo \u00abforo de discusi\u00f3n sobre los avances m\u00e1s recientes en el campo de la bot\u00e1nica criptog\u00e1mica, abordando temas clave como la biodiversidad y la conservaci\u00f3n, el impacto del cambio clim\u00e1tico, la fisiolog\u00eda o el aprovechamiento biotecnol\u00f3gico disteis organismos\u00bb. Con ese objetivo, el programa del simposio abarca seis sesiones plenarias, a cargo de \u00abdestacados especialistas cient\u00edficos\u00bb de los diferentes \u00e1mbitos de la criptogamia, como la neerlandesa Jorinde Nuytinck, experta en micolog\u00eda; el alem\u00e1n Patrick Jung, especialista en liquenolog\u00eda; Heroen Verburuggen, del \u00e1mbito de la ficolog\u00eda; o los espa\u00f1oles Jaime Pellicer, Teresa Boquete y Katia Cez\u00f3n.<\/p>\n<p>En el programa de este evento se incluyen tambi\u00e9n 16 sesiones tem\u00e1ticas, tres sesiones de presentaci\u00f3n de p\u00f3steres y una mesa de debate sobre los retos de la investigaci\u00f3n en criptogamia, dirigida a investigadores noveles. El encuentro acad\u00e9mico se ver\u00e1 complementado, en la jornada del 10 de julio, por dos salidas de campo; un recorrido por la Sierra del Cando y una actividad de inmersi\u00f3n en el entorno de las C\u00edes, dirigida a dar a conocer la biodiversidad marina del Parque Nacional de las Islas Atl\u00e1nticas.<\/p>\n<p><strong>Inscripciones abiertas<\/strong><\/p>\n<p>En esta XXIV edici\u00f3n, la organizaci\u00f3n prev\u00e9 reunir cerca de 150 personas de forma presencial y m\u00e1s de 60 en la modalidad virtual, que se llevar\u00e1 a cabo a trav\u00e9s del Campus Remoto de la UVigo. No obstante, las <a href=\"https:\/\/www.cryptogamicbotany2025.es\/rexistro_798775735_137510.html\">inscripciones<\/a> podr\u00e1n realizarse hasta el 24 de junio, de la misma forma permanece tambi\u00e9n abierto el plazo de <a href=\"https:\/\/www.cryptogamicbotany2025.es\/instrucions-para-o-envio-de-resumos_798775734_137506.html\">presentaci\u00f3n de res\u00famenes<\/a> para los investigadores e investigadoras que quieran presentar sus trabajos.<\/p>\n<p>Con un comit\u00e9 organizador integrado por profesorado y alumnado de las tres universidades p\u00fablicas gallegas, se trata de un simposio promovido por la Sociedad Ib\u00e9rica de Micolog\u00eda, la Sociedad Espa\u00f1ola de Liquenolog\u00eda, la Sociedad Espa\u00f1ola de Ficolog\u00eda, la Sociedad Espa\u00f1ola de Briolog\u00eda y el Grupo de Trabajo en Pteridolog\u00eda de la Sociedad Espa\u00f1ola de Bot\u00e1nica.<\/p>\n<div id=\"attachment_5815\" style=\"width: 1034px\" class=\"wp-caption aligncenter\"><img aria-describedby=\"caption-attachment-5815\" decoding=\"async\" loading=\"lazy\" class=\"wp-image-5815 size-large lazyload\" src=\"data:image\/gif;base64,R0lGODlhAQABAAAAACH5BAEKAAEALAAAAAABAAEAAAICTAEAOw==\" alt=\"\" width=\"1024\" height=\"576\" sizes=\"(max-width:767px) 480px, (max-width:1024px) 100vw, 1024px\" data-src=\"https:\/\/innova.campogalego.gal\/wp-content\/uploads\/2025\/04\/posimposiobotanica1-1024x576.jpg\" data-srcset=\"https:\/\/innova.campogalego.gal\/wp-content\/uploads\/2025\/04\/posimposiobotanica1-1024x576.jpg 1024w, https:\/\/innova.campogalego.gal\/wp-content\/uploads\/2025\/04\/posimposiobotanica1-300x169.jpg 300w, https:\/\/innova.campogalego.gal\/wp-content\/uploads\/2025\/04\/posimposiobotanica1-1200x675.jpg 1200w, https:\/\/innova.campogalego.gal\/wp-content\/uploads\/2025\/04\/posimposiobotanica1.jpg 1400w\"><p id=\"caption-attachment-5815\" class=\"wp-caption-text\">O simposio desenvolverase en Pontevedra entre o 7 e o 10 de xu\u00f1o<\/p><\/div>\n","protected":false},"excerpt":{"rendered":"<p>Expertos y expertas en el estudio de hongos, liques o algas de diferentes puntos de Espa\u00f1a y Portugal y de otros pa\u00edses europeos se reunir\u00e1n en<span class=\"excerpt-hellip\"> [\u2026]<\/span><\/p>\n","protected":false},"author":13,"featured_media":5818,"comment_status":"open","ping_status":"open","sticky":false,"template":"","format":"standard","meta":{"footnotes":""},"categories":[88],"tags":[477,460,396,235],"acf":[],"yoast_head":"<!-- This site is optimized with the Yoast SEO plugin v21.2 - https:\/\/yoast.com\/wordpress\/plugins\/seo\/ -->\n<title>La EE Forestal de Pontevedra reunir\u00e1 a los principales especialistas en hongos, l\u00edquines y algas de Espa\u00f1a y Portugal - Innova - Campo Galego<\/title>\n<meta name=\"robots\" content=\"index, follow, max-snippet:-1, max-image-preview:large, max-video-preview:-1\" \/>\n<link rel=\"canonical\" href=\"https:\/\/innova.campogalego.gal\/es\/forestal-es\/la-ee-forestal-de-pontevedra-reunira-a-los-principales-especialistas-en-hongos-liquines-y-algas-de-espana-y-portugal.html\" \/>\n<meta property=\"og:locale\" content=\"es_ES\" \/>\n<meta property=\"og:type\" content=\"article\" \/>\n<meta property=\"og:title\" content=\"La EE Forestal de Pontevedra reunir\u00e1 a los principales especialistas en hongos, l\u00edquines y algas de Espa\u00f1a y Portugal - Innova - Campo Galego\" \/>\n<meta property=\"og:description\" content=\"Expertos y expertas en el estudio de hongos, liques o algas de diferentes puntos de Espa\u00f1a y Portugal y de otros pa\u00edses europeos se reunir\u00e1n en [\u2026]\" \/>\n<meta property=\"og:url\" content=\"https:\/\/innova.campogalego.gal\/es\/forestal-es\/la-ee-forestal-de-pontevedra-reunira-a-los-principales-especialistas-en-hongos-liquines-y-algas-de-espana-y-portugal.html\" \/>\n<meta property=\"og:site_name\" content=\"Innova - Campo Galego\" \/>\n<meta property=\"article:published_time\" content=\"2025-04-03T10:23:25+00:00\" \/>\n<meta property=\"article:modified_time\" content=\"2025-04-03T10:24:58+00:00\" \/>\n<meta property=\"og:image\" content=\"https:\/\/innova.campogalego.gal\/wp-content\/uploads\/2025\/04\/Algas.jpg\" \/>\n\t<meta property=\"og:image:width\" content=\"660\" \/>\n\t<meta property=\"og:image:height\" content=\"440\" \/>\n\t<meta property=\"og:image:type\" content=\"image\/jpeg\" \/>\n<meta name=\"author\" content=\"Sara Garc\u00eda\" \/>\n<meta name=\"twitter:card\" content=\"summary_large_image\" \/>\n<meta name=\"twitter:label1\" content=\"Escrito por\" \/>\n\t<meta name=\"twitter:data1\" content=\"Sara Garc\u00eda\" \/>\n\t<meta name=\"twitter:label2\" content=\"Tiempo de lectura\" \/>\n\t<meta name=\"twitter:data2\" content=\"4 minutos\" \/>\n<script type=\"application\/ld+json\" class=\"yoast-schema-graph\">{\"@context\":\"https:\/\/schema.org\",\"@graph\":[{\"@type\":\"WebPage\",\"@id\":\"https:\/\/innova.campogalego.gal\/es\/forestal-es\/la-ee-forestal-de-pontevedra-reunira-a-los-principales-especialistas-en-hongos-liquines-y-algas-de-espana-y-portugal.html\",\"url\":\"https:\/\/innova.campogalego.gal\/es\/forestal-es\/la-ee-forestal-de-pontevedra-reunira-a-los-principales-especialistas-en-hongos-liquines-y-algas-de-espana-y-portugal.html\",\"name\":\"La EE Forestal de Pontevedra reunir\u00e1 a los principales especialistas en hongos, l\u00edquines y algas de Espa\u00f1a y Portugal - Innova - Campo Galego\",\"isPartOf\":{\"@id\":\"https:\/\/innova.campogalego.gal\/es#website\"},\"datePublished\":\"2025-04-03T10:23:25+00:00\",\"dateModified\":\"2025-04-03T10:24:58+00:00\",\"author\":{\"@id\":\"https:\/\/innova.campogalego.gal\/es#\/schema\/person\/ae83e9f2d2b18f1d08303bbddc6741e2\"},\"breadcrumb\":{\"@id\":\"https:\/\/innova.campogalego.gal\/es\/forestal-es\/la-ee-forestal-de-pontevedra-reunira-a-los-principales-especialistas-en-hongos-liquines-y-algas-de-espana-y-portugal.html#breadcrumb\"},\"inLanguage\":\"es\",\"potentialAction\":[{\"@type\":\"ReadAction\",\"target\":[\"https:\/\/innova.campogalego.gal\/es\/forestal-es\/la-ee-forestal-de-pontevedra-reunira-a-los-principales-especialistas-en-hongos-liquines-y-algas-de-espana-y-portugal.html\"]}]},{\"@type\":\"BreadcrumbList\",\"@id\":\"https:\/\/innova.campogalego.gal\/es\/forestal-es\/la-ee-forestal-de-pontevedra-reunira-a-los-principales-especialistas-en-hongos-liquines-y-algas-de-espana-y-portugal.html#breadcrumb\",\"itemListElement\":[{\"@type\":\"ListItem\",\"position\":1,\"name\":\"Portada\",\"item\":\"https:\/\/innova.campogalego.gal\/es\"},{\"@type\":\"ListItem\",\"position\":2,\"name\":\"La EE Forestal de Pontevedra reunir\u00e1 a los principales especialistas en hongos, l\u00edquines y algas de Espa\u00f1a y Portugal\"}]},{\"@type\":\"WebSite\",\"@id\":\"https:\/\/innova.campogalego.gal\/es#website\",\"url\":\"https:\/\/innova.campogalego.gal\/es\",\"name\":\"Innova - Campo Galego\",\"description\":\"\",\"potentialAction\":[{\"@type\":\"SearchAction\",\"target\":{\"@type\":\"EntryPoint\",\"urlTemplate\":\"https:\/\/innova.campogalego.gal\/es?s={search_term_string}\"},\"query-input\":\"required name=search_term_string\"}],\"inLanguage\":\"es\"},{\"@type\":\"Person\",\"@id\":\"https:\/\/innova.campogalego.gal\/es#\/schema\/person\/ae83e9f2d2b18f1d08303bbddc6741e2\",\"name\":\"Sara Garc\u00eda\",\"image\":{\"@type\":\"ImageObject\",\"inLanguage\":\"es\",\"@id\":\"https:\/\/innova.campogalego.gal\/es#\/schema\/person\/image\/\",\"url\":\"https:\/\/secure.gravatar.com\/avatar\/d5263b07faac1b02f3dbefa21837981f?s=96&d=mm&r=g\",\"contentUrl\":\"https:\/\/secure.gravatar.com\/avatar\/d5263b07faac1b02f3dbefa21837981f?s=96&d=mm&r=g\",\"caption\":\"Sara Garc\u00eda\"},\"url\":\"https:\/\/innova.campogalego.gal\/es\/author\/sara25\"}]}<\/script>\n<!-- \/ Yoast SEO plugin. -->","yoast_head_json":{"title":"La EE Forestal de Pontevedra reunir\u00e1 a los principales especialistas en hongos, l\u00edquines y algas de Espa\u00f1a y Portugal - Innova - Campo Galego","robots":{"index":"index","follow":"follow","max-snippet":"max-snippet:-1","max-image-preview":"max-image-preview:large","max-video-preview":"max-video-preview:-1"},"canonical":"https:\/\/innova.campogalego.gal\/es\/forestal-es\/la-ee-forestal-de-pontevedra-reunira-a-los-principales-especialistas-en-hongos-liquines-y-algas-de-espana-y-portugal.html","og_locale":"es_ES","og_type":"article","og_title":"La EE Forestal de Pontevedra reunir\u00e1 a los principales especialistas en hongos, l\u00edquines y algas de Espa\u00f1a y Portugal - Innova - Campo Galego","og_description":"Expertos y expertas en el estudio de hongos, liques o algas de diferentes puntos de Espa\u00f1a y Portugal y de otros pa\u00edses europeos se reunir\u00e1n en [\u2026]","og_url":"https:\/\/innova.campogalego.gal\/es\/forestal-es\/la-ee-forestal-de-pontevedra-reunira-a-los-principales-especialistas-en-hongos-liquines-y-algas-de-espana-y-portugal.html","og_site_name":"Innova - Campo Galego","article_published_time":"2025-04-03T10:23:25+00:00","article_modified_time":"2025-04-03T10:24:58+00:00","og_image":[{"width":660,"height":440,"url":"https:\/\/innova.campogalego.gal\/wp-content\/uploads\/2025\/04\/Algas.jpg","type":"image\/jpeg"}],"author":"Sara Garc\u00eda","twitter_card":"summary_large_image","twitter_misc":{"Escrito por":"Sara Garc\u00eda","Tiempo de lectura":"4 minutos"},"schema":{"@context":"https:\/\/schema.org","@graph":[{"@type":"WebPage","@id":"https:\/\/innova.campogalego.gal\/es\/forestal-es\/la-ee-forestal-de-pontevedra-reunira-a-los-principales-especialistas-en-hongos-liquines-y-algas-de-espana-y-portugal.html","url":"https:\/\/innova.campogalego.gal\/es\/forestal-es\/la-ee-forestal-de-pontevedra-reunira-a-los-principales-especialistas-en-hongos-liquines-y-algas-de-espana-y-portugal.html","name":"La EE Forestal de Pontevedra reunir\u00e1 a los principales especialistas en hongos, l\u00edquines y algas de Espa\u00f1a y Portugal - Innova - Campo Galego","isPartOf":{"@id":"https:\/\/innova.campogalego.gal\/es#website"},"datePublished":"2025-04-03T10:23:25+00:00","dateModified":"2025-04-03T10:24:58+00:00","author":{"@id":"https:\/\/innova.campogalego.gal\/es#\/schema\/person\/ae83e9f2d2b18f1d08303bbddc6741e2"},"breadcrumb":{"@id":"https:\/\/innova.campogalego.gal\/es\/forestal-es\/la-ee-forestal-de-pontevedra-reunira-a-los-principales-especialistas-en-hongos-liquines-y-algas-de-espana-y-portugal.html#breadcrumb"},"inLanguage":"es","potentialAction":[{"@type":"ReadAction","target":["https:\/\/innova.campogalego.gal\/es\/forestal-es\/la-ee-forestal-de-pontevedra-reunira-a-los-principales-especialistas-en-hongos-liquines-y-algas-de-espana-y-portugal.html"]}]},{"@type":"BreadcrumbList","@id":"https:\/\/innova.campogalego.gal\/es\/forestal-es\/la-ee-forestal-de-pontevedra-reunira-a-los-principales-especialistas-en-hongos-liquines-y-algas-de-espana-y-portugal.html#breadcrumb","itemListElement":[{"@type":"ListItem","position":1,"name":"Portada","item":"https:\/\/innova.campogalego.gal\/es"},{"@type":"ListItem","position":2,"name":"La EE Forestal de Pontevedra reunir\u00e1 a los principales especialistas en hongos, l\u00edquines y algas de Espa\u00f1a y Portugal"}]},{"@type":"WebSite","@id":"https:\/\/innova.campogalego.gal\/es#website","url":"https:\/\/innova.campogalego.gal\/es","name":"Innova - Campo Galego","description":"","potentialAction":[{"@type":"SearchAction","target":{"@type":"EntryPoint","urlTemplate":"https:\/\/innova.campogalego.gal\/es?s={search_term_string}"},"query-input":"required name=search_term_string"}],"inLanguage":"es"},{"@type":"Person","@id":"https:\/\/innova.campogalego.gal\/es#\/schema\/person\/ae83e9f2d2b18f1d08303bbddc6741e2","name":"Sara Garc\u00eda","image":{"@type":"ImageObject","inLanguage":"es","@id":"https:\/\/innova.campogalego.gal\/es#\/schema\/person\/image\/","url":"https:\/\/secure.gravatar.com\/avatar\/d5263b07faac1b02f3dbefa21837981f?s=96&d=mm&r=g","contentUrl":"https:\/\/secure.gravatar.com\/avatar\/d5263b07faac1b02f3dbefa21837981f?s=96&d=mm&r=g","caption":"Sara Garc\u00eda"},"url":"https:\/\/innova.campogalego.gal\/es\/author\/sara25"}]}},"_links":{"self":[{"href":"https:\/\/innova.campogalego.gal\/es\/wp-json\/wp\/v2\/posts\/5820"}],"collection":[{"href":"https:\/\/innova.campogalego.gal\/es\/wp-json\/wp\/v2\/posts"}],"about":[{"href":"https:\/\/innova.campogalego.gal\/es\/wp-json\/wp\/v2\/types\/post"}],"author":[{"embeddable":true,"href":"https:\/\/innova.campogalego.gal\/es\/wp-json\/wp\/v2\/users\/13"}],"replies":[{"embeddable":true,"href":"https:\/\/innova.campogalego.gal\/es\/wp-json\/wp\/v2\/comments?post=5820"}],"version-history":[{"count":2,"href":"https:\/\/innova.campogalego.gal\/es\/wp-json\/wp\/v2\/posts\/5820\/revisions"}],"predecessor-version":[{"id":5825,"href":"https:\/\/innova.campogalego.gal\/es\/wp-json\/wp\/v2\/posts\/5820\/revisions\/5825"}],"wp:featuredmedia":[{"embeddable":true,"href":"https:\/\/innova.campogalego.gal\/es\/wp-json\/wp\/v2\/media\/5818"}],"wp:attachment":[{"href":"https:\/\/innova.campogalego.gal\/es\/wp-json\/wp\/v2\/media?parent=5820"}],"wp:term":[{"taxonomy":"category","embeddable":true,"href":"https:\/\/innova.campogalego.gal\/es\/wp-json\/wp\/v2\/categories?post=5820"},{"taxonomy":"post_tag","embeddable":true,"href":"https:\/\/innova.campogalego.gal\/es\/wp-json\/wp\/v2\/tags?post=5820"}],"curies":[{"name":"wp","href":"https:\/\/api.w.org\/{rel}","templated":true}]}}