{"id":5842,"date":"2025-04-04T12:17:54","date_gmt":"2025-04-04T10:17:54","guid":{"rendered":"https:\/\/innova.campogalego.gal\/?p=5842"},"modified":"2025-04-04T12:17:54","modified_gmt":"2025-04-04T10:17:54","slug":"bio4trace-impulsa-la-trazabilidad-genetica-en-razas-porcinas-minoritarias-como-el-porco-celta","status":"publish","type":"post","link":"https:\/\/innova.campogalego.gal\/es\/ganaderia-es\/bio4trace-impulsa-la-trazabilidad-genetica-en-razas-porcinas-minoritarias-como-el-porco-celta.html","title":{"rendered":"BIO4TRACE impulsa la trazabilidad gen\u00e9tica en razas porcinas minoritarias, como el Porco Celta"},"content":{"rendered":"<div id=\"attachment_5839\" style=\"width: 1210px\" class=\"wp-caption aligncenter\"><img aria-describedby=\"caption-attachment-5839\" decoding=\"async\" loading=\"lazy\" class=\"size-full wp-image-5839 lazyload\" src=\"data:image\/gif;base64,R0lGODlhAQABAAAAACH5BAEKAAEALAAAAAABAAEAAAICTAEAOw==\" alt=\"\" width=\"1200\" height=\"800\" sizes=\"(max-width:767px) 480px, (max-width:1200px) 100vw, 1200px\" data-src=\"https:\/\/innova.campogalego.gal\/wp-content\/uploads\/2025\/04\/BIO4TRACE.jpg\" data-srcset=\"https:\/\/innova.campogalego.gal\/wp-content\/uploads\/2025\/04\/BIO4TRACE.jpg 1200w, https:\/\/innova.campogalego.gal\/wp-content\/uploads\/2025\/04\/BIO4TRACE-300x200.jpg 300w, https:\/\/innova.campogalego.gal\/wp-content\/uploads\/2025\/04\/BIO4TRACE-1024x683.jpg 1024w\"><p id=\"caption-attachment-5839\" class=\"wp-caption-text\">Representantes de Asoporcel, la Asociaci\u00f3n de Cochino Negro Canario y Cachamur en la FIGAN 2025.<\/p><\/div>\n<p>En el marco de la Feria Internacional para la Producci\u00f3n Animal (Figan), el Grupo Operativo BIO4TRACE present\u00f3 el pasado 26 de marzo en Zaragoza los avances de su proyecto. En la conferencia \u00abUniendo futuro y tradici\u00f3n: BIO4TRACE, gen\u00e9tica de razas minoritarias de porcino\u00bb, se expusieron los resultados obtenidos hasta el momento en trazabilidad y mejora gen\u00e9tica.<\/p>\n<p>BIO4TRACE busca desarrollar herramientas para la conservaci\u00f3n y mejora de razas porcinas aut\u00f3ctonas en peligro de extinci\u00f3n. Su objetivo es mejorar la calidad c\u00e1rnica y garantizar la autenticidad de estos productos para el consumidor. Para ello, el grupo ha realizado an\u00e1lisis gen\u00e9ticos y estudios sobre la calidad de la carne.<\/p>\n<p>Hasta la fecha, el proyecto ha llevado a cabo visitas t\u00e9cnicas a explotaciones en Galicia y Murcia. En estos estudios, se analizaron 44 ejemplares de Porco Celta y 41 de Chato Murciano. Los resultados mostraron que el contenido medio de grasa intramuscular es del 3 % en Porco Celta y del 3,9 % en Chato Murciano, valores comparables a los del cerdo ib\u00e9rico.<\/p>\n<p>Se observaron diferencias entre ambas razas. El Chato Murciano presenta un perfil adipog\u00e9nico, con correlaci\u00f3n entre magro, grasa dorsal y peso con la grasa intramuscular. En cambio, el Porco Celta, menos adipog\u00e9nico, no muestra la misma relaci\u00f3n. Adem\u00e1s, un an\u00e1lisis gen\u00e9tico con microsat\u00e9lites confirm\u00f3 que el Porco Celta pertenece a un tronco diferenciado respecto a Ib\u00e9rico, Duroc y Chato Murciano.<\/p>\n<p>El evento tambi\u00e9n incluy\u00f3 una mesa redonda sobre trazabilidad y selecci\u00f3n gen\u00e9tica, moderada por Guillermo Ramis, de la Universidad de Murcia. En el debate participaron asociaciones de criadores de estas razas, quienes resaltaron la importancia de la colaboraci\u00f3n para el \u00e9xito del proyecto.<\/p>\n<p>La jornada finaliz\u00f3 con una degustaci\u00f3n de productos de estas razas porcinas, permitiendo a los asistentes comprobar su calidad y singularidad.<\/p>\n","protected":false},"excerpt":{"rendered":"<p>En el marco de la Feria Internacional para la Producci\u00f3n Animal (Figan), el Grupo Operativo BIO4TRACE present\u00f3 el pasado 26 de marzo en Zaragoza los avances<span class=\"excerpt-hellip\"> [\u2026]<\/span><\/p>\n","protected":false},"author":12,"featured_media":5839,"comment_status":"open","ping_status":"open","sticky":false,"template":"","format":"standard","meta":{"footnotes":""},"categories":[89],"tags":[332],"acf":[],"yoast_head":"<!-- This site is optimized with the Yoast SEO plugin v21.2 - https:\/\/yoast.com\/wordpress\/plugins\/seo\/ -->\n<title>BIO4TRACE impulsa la trazabilidad gen\u00e9tica en razas porcinas minoritarias, como el Porco Celta - Innova - Campo Galego<\/title>\n<meta name=\"robots\" content=\"index, follow, max-snippet:-1, max-image-preview:large, max-video-preview:-1\" \/>\n<link rel=\"canonical\" href=\"https:\/\/innova.campogalego.gal\/es\/ganaderia-es\/bio4trace-impulsa-la-trazabilidad-genetica-en-razas-porcinas-minoritarias-como-el-porco-celta.html\" \/>\n<meta property=\"og:locale\" content=\"es_ES\" \/>\n<meta property=\"og:type\" content=\"article\" \/>\n<meta property=\"og:title\" content=\"BIO4TRACE impulsa la trazabilidad gen\u00e9tica en razas porcinas minoritarias, como el Porco Celta - Innova - Campo Galego\" \/>\n<meta property=\"og:description\" content=\"En el marco de la Feria Internacional para la Producci\u00f3n Animal (Figan), el Grupo Operativo BIO4TRACE present\u00f3 el pasado 26 de marzo en Zaragoza los avances [\u2026]\" \/>\n<meta property=\"og:url\" content=\"https:\/\/innova.campogalego.gal\/es\/ganaderia-es\/bio4trace-impulsa-la-trazabilidad-genetica-en-razas-porcinas-minoritarias-como-el-porco-celta.html\" \/>\n<meta property=\"og:site_name\" content=\"Innova - Campo Galego\" \/>\n<meta property=\"article:published_time\" content=\"2025-04-04T10:17:54+00:00\" \/>\n<meta property=\"og:image\" content=\"https:\/\/innova.campogalego.gal\/wp-content\/uploads\/2025\/04\/BIO4TRACE.jpg\" \/>\n\t<meta property=\"og:image:width\" content=\"1200\" \/>\n\t<meta property=\"og:image:height\" content=\"800\" \/>\n\t<meta property=\"og:image:type\" content=\"image\/jpeg\" \/>\n<meta name=\"author\" content=\"Ines Abelenda\" \/>\n<meta name=\"twitter:card\" content=\"summary_large_image\" \/>\n<meta name=\"twitter:label1\" content=\"Escrito por\" \/>\n\t<meta name=\"twitter:data1\" content=\"Ines Abelenda\" \/>\n\t<meta name=\"twitter:label2\" content=\"Tiempo de lectura\" \/>\n\t<meta name=\"twitter:data2\" content=\"2 minutos\" \/>\n<script type=\"application\/ld+json\" class=\"yoast-schema-graph\">{\"@context\":\"https:\/\/schema.org\",\"@graph\":[{\"@type\":\"WebPage\",\"@id\":\"https:\/\/innova.campogalego.gal\/es\/ganaderia-es\/bio4trace-impulsa-la-trazabilidad-genetica-en-razas-porcinas-minoritarias-como-el-porco-celta.html\",\"url\":\"https:\/\/innova.campogalego.gal\/es\/ganaderia-es\/bio4trace-impulsa-la-trazabilidad-genetica-en-razas-porcinas-minoritarias-como-el-porco-celta.html\",\"name\":\"BIO4TRACE impulsa la trazabilidad gen\u00e9tica en razas porcinas minoritarias, como el Porco Celta - Innova - Campo Galego\",\"isPartOf\":{\"@id\":\"https:\/\/innova.campogalego.gal\/es#website\"},\"datePublished\":\"2025-04-04T10:17:54+00:00\",\"dateModified\":\"2025-04-04T10:17:54+00:00\",\"author\":{\"@id\":\"https:\/\/innova.campogalego.gal\/es#\/schema\/person\/6e4b7d6d686e401bec27d34264139b0e\"},\"breadcrumb\":{\"@id\":\"https:\/\/innova.campogalego.gal\/es\/ganaderia-es\/bio4trace-impulsa-la-trazabilidad-genetica-en-razas-porcinas-minoritarias-como-el-porco-celta.html#breadcrumb\"},\"inLanguage\":\"es\",\"potentialAction\":[{\"@type\":\"ReadAction\",\"target\":[\"https:\/\/innova.campogalego.gal\/es\/ganaderia-es\/bio4trace-impulsa-la-trazabilidad-genetica-en-razas-porcinas-minoritarias-como-el-porco-celta.html\"]}]},{\"@type\":\"BreadcrumbList\",\"@id\":\"https:\/\/innova.campogalego.gal\/es\/ganaderia-es\/bio4trace-impulsa-la-trazabilidad-genetica-en-razas-porcinas-minoritarias-como-el-porco-celta.html#breadcrumb\",\"itemListElement\":[{\"@type\":\"ListItem\",\"position\":1,\"name\":\"Portada\",\"item\":\"https:\/\/innova.campogalego.gal\/es\"},{\"@type\":\"ListItem\",\"position\":2,\"name\":\"BIO4TRACE impulsa la trazabilidad gen\u00e9tica en razas porcinas minoritarias, como el Porco Celta\"}]},{\"@type\":\"WebSite\",\"@id\":\"https:\/\/innova.campogalego.gal\/es#website\",\"url\":\"https:\/\/innova.campogalego.gal\/es\",\"name\":\"Innova - Campo Galego\",\"description\":\"\",\"potentialAction\":[{\"@type\":\"SearchAction\",\"target\":{\"@type\":\"EntryPoint\",\"urlTemplate\":\"https:\/\/innova.campogalego.gal\/es?s={search_term_string}\"},\"query-input\":\"required name=search_term_string\"}],\"inLanguage\":\"es\"},{\"@type\":\"Person\",\"@id\":\"https:\/\/innova.campogalego.gal\/es#\/schema\/person\/6e4b7d6d686e401bec27d34264139b0e\",\"name\":\"Ines Abelenda\",\"image\":{\"@type\":\"ImageObject\",\"inLanguage\":\"es\",\"@id\":\"https:\/\/innova.campogalego.gal\/es#\/schema\/person\/image\/\",\"url\":\"https:\/\/secure.gravatar.com\/avatar\/437a17220ee2261420e7298355a194eb?s=96&d=mm&r=g\",\"contentUrl\":\"https:\/\/secure.gravatar.com\/avatar\/437a17220ee2261420e7298355a194eb?s=96&d=mm&r=g\",\"caption\":\"Ines Abelenda\"},\"url\":\"https:\/\/innova.campogalego.gal\/es\/author\/ines\"}]}<\/script>\n<!-- \/ Yoast SEO plugin. -->","yoast_head_json":{"title":"BIO4TRACE impulsa la trazabilidad gen\u00e9tica en razas porcinas minoritarias, como el Porco Celta - Innova - Campo Galego","robots":{"index":"index","follow":"follow","max-snippet":"max-snippet:-1","max-image-preview":"max-image-preview:large","max-video-preview":"max-video-preview:-1"},"canonical":"https:\/\/innova.campogalego.gal\/es\/ganaderia-es\/bio4trace-impulsa-la-trazabilidad-genetica-en-razas-porcinas-minoritarias-como-el-porco-celta.html","og_locale":"es_ES","og_type":"article","og_title":"BIO4TRACE impulsa la trazabilidad gen\u00e9tica en razas porcinas minoritarias, como el Porco Celta - Innova - Campo Galego","og_description":"En el marco de la Feria Internacional para la Producci\u00f3n Animal (Figan), el Grupo Operativo BIO4TRACE present\u00f3 el pasado 26 de marzo en Zaragoza los avances [\u2026]","og_url":"https:\/\/innova.campogalego.gal\/es\/ganaderia-es\/bio4trace-impulsa-la-trazabilidad-genetica-en-razas-porcinas-minoritarias-como-el-porco-celta.html","og_site_name":"Innova - Campo Galego","article_published_time":"2025-04-04T10:17:54+00:00","og_image":[{"width":1200,"height":800,"url":"https:\/\/innova.campogalego.gal\/wp-content\/uploads\/2025\/04\/BIO4TRACE.jpg","type":"image\/jpeg"}],"author":"Ines Abelenda","twitter_card":"summary_large_image","twitter_misc":{"Escrito por":"Ines Abelenda","Tiempo de lectura":"2 minutos"},"schema":{"@context":"https:\/\/schema.org","@graph":[{"@type":"WebPage","@id":"https:\/\/innova.campogalego.gal\/es\/ganaderia-es\/bio4trace-impulsa-la-trazabilidad-genetica-en-razas-porcinas-minoritarias-como-el-porco-celta.html","url":"https:\/\/innova.campogalego.gal\/es\/ganaderia-es\/bio4trace-impulsa-la-trazabilidad-genetica-en-razas-porcinas-minoritarias-como-el-porco-celta.html","name":"BIO4TRACE impulsa la trazabilidad gen\u00e9tica en razas porcinas minoritarias, como el Porco Celta - Innova - Campo Galego","isPartOf":{"@id":"https:\/\/innova.campogalego.gal\/es#website"},"datePublished":"2025-04-04T10:17:54+00:00","dateModified":"2025-04-04T10:17:54+00:00","author":{"@id":"https:\/\/innova.campogalego.gal\/es#\/schema\/person\/6e4b7d6d686e401bec27d34264139b0e"},"breadcrumb":{"@id":"https:\/\/innova.campogalego.gal\/es\/ganaderia-es\/bio4trace-impulsa-la-trazabilidad-genetica-en-razas-porcinas-minoritarias-como-el-porco-celta.html#breadcrumb"},"inLanguage":"es","potentialAction":[{"@type":"ReadAction","target":["https:\/\/innova.campogalego.gal\/es\/ganaderia-es\/bio4trace-impulsa-la-trazabilidad-genetica-en-razas-porcinas-minoritarias-como-el-porco-celta.html"]}]},{"@type":"BreadcrumbList","@id":"https:\/\/innova.campogalego.gal\/es\/ganaderia-es\/bio4trace-impulsa-la-trazabilidad-genetica-en-razas-porcinas-minoritarias-como-el-porco-celta.html#breadcrumb","itemListElement":[{"@type":"ListItem","position":1,"name":"Portada","item":"https:\/\/innova.campogalego.gal\/es"},{"@type":"ListItem","position":2,"name":"BIO4TRACE impulsa la trazabilidad gen\u00e9tica en razas porcinas minoritarias, como el Porco Celta"}]},{"@type":"WebSite","@id":"https:\/\/innova.campogalego.gal\/es#website","url":"https:\/\/innova.campogalego.gal\/es","name":"Innova - Campo Galego","description":"","potentialAction":[{"@type":"SearchAction","target":{"@type":"EntryPoint","urlTemplate":"https:\/\/innova.campogalego.gal\/es?s={search_term_string}"},"query-input":"required name=search_term_string"}],"inLanguage":"es"},{"@type":"Person","@id":"https:\/\/innova.campogalego.gal\/es#\/schema\/person\/6e4b7d6d686e401bec27d34264139b0e","name":"Ines Abelenda","image":{"@type":"ImageObject","inLanguage":"es","@id":"https:\/\/innova.campogalego.gal\/es#\/schema\/person\/image\/","url":"https:\/\/secure.gravatar.com\/avatar\/437a17220ee2261420e7298355a194eb?s=96&d=mm&r=g","contentUrl":"https:\/\/secure.gravatar.com\/avatar\/437a17220ee2261420e7298355a194eb?s=96&d=mm&r=g","caption":"Ines Abelenda"},"url":"https:\/\/innova.campogalego.gal\/es\/author\/ines"}]}},"_links":{"self":[{"href":"https:\/\/innova.campogalego.gal\/es\/wp-json\/wp\/v2\/posts\/5842"}],"collection":[{"href":"https:\/\/innova.campogalego.gal\/es\/wp-json\/wp\/v2\/posts"}],"about":[{"href":"https:\/\/innova.campogalego.gal\/es\/wp-json\/wp\/v2\/types\/post"}],"author":[{"embeddable":true,"href":"https:\/\/innova.campogalego.gal\/es\/wp-json\/wp\/v2\/users\/12"}],"replies":[{"embeddable":true,"href":"https:\/\/innova.campogalego.gal\/es\/wp-json\/wp\/v2\/comments?post=5842"}],"version-history":[{"count":2,"href":"https:\/\/innova.campogalego.gal\/es\/wp-json\/wp\/v2\/posts\/5842\/revisions"}],"predecessor-version":[{"id":5846,"href":"https:\/\/innova.campogalego.gal\/es\/wp-json\/wp\/v2\/posts\/5842\/revisions\/5846"}],"wp:featuredmedia":[{"embeddable":true,"href":"https:\/\/innova.campogalego.gal\/es\/wp-json\/wp\/v2\/media\/5839"}],"wp:attachment":[{"href":"https:\/\/innova.campogalego.gal\/es\/wp-json\/wp\/v2\/media?parent=5842"}],"wp:term":[{"taxonomy":"category","embeddable":true,"href":"https:\/\/innova.campogalego.gal\/es\/wp-json\/wp\/v2\/categories?post=5842"},{"taxonomy":"post_tag","embeddable":true,"href":"https:\/\/innova.campogalego.gal\/es\/wp-json\/wp\/v2\/tags?post=5842"}],"curies":[{"name":"wp","href":"https:\/\/api.w.org\/{rel}","templated":true}]}}