{"id":5865,"date":"2025-04-08T17:10:17","date_gmt":"2025-04-08T15:10:17","guid":{"rendered":"https:\/\/innova.campogalego.gal\/?p=5865"},"modified":"2025-04-08T17:10:17","modified_gmt":"2025-04-08T15:10:17","slug":"la-universidad-de-vigo-lidera-dos-proyectos-del-programa-europeo-eu-fora-de-seguridad-alimentaria","status":"publish","type":"post","link":"https:\/\/innova.campogalego.gal\/es\/agroalimentacion-es\/la-universidad-de-vigo-lidera-dos-proyectos-del-programa-europeo-eu-fora-de-seguridad-alimentaria.html","title":{"rendered":"La Universidad de Vigo lidera dos proyectos del programa europeo EU-FORA de seguridad alimentaria"},"content":{"rendered":"<p><img decoding=\"async\" loading=\"lazy\" class=\"wp-image-4929 size-full lazyload\" src=\"data:image\/gif;base64,R0lGODlhAQABAAAAACH5BAEKAAEALAAAAAABAAEAAAICTAEAOw==\" alt=\"\" width=\"1200\" height=\"800\" sizes=\"(max-width:767px) 480px, (max-width:1200px) 100vw, 1200px\" data-src=\"https:\/\/innova.campogalego.gal\/wp-content\/uploads\/2024\/11\/uvigo_gras.jpg\" data-srcset=\"https:\/\/innova.campogalego.gal\/wp-content\/uploads\/2024\/11\/uvigo_gras.jpg 1200w, https:\/\/innova.campogalego.gal\/wp-content\/uploads\/2024\/11\/uvigo_gras-300x200.jpg 300w, https:\/\/innova.campogalego.gal\/wp-content\/uploads\/2024\/11\/uvigo_gras-1024x683.jpg 1024w\"><\/p>\n<p>La Universidad de Vigo coordina este curso acad\u00e9mico dos proyectos EU-FORA, programa de formaci\u00f3n de la Autoridad Europea de Seguridad Alimentaria (EFSA) de evaluaci\u00f3n de riesgo alimentario. Se trata de los proyectos AlgaeSafe, centrado en aditivos funcionales derivados de algas, y Innov2Safety, de evaluaci\u00f3n del riesgo de sustituir conservantes sint\u00e9ticos por ingredientes naturales. A su amparo, dos investigadoras lusas realizan estad\u00edas formativas en la UVigo.<\/p>\n<p>El programa europeo EU-FORA busca a trav\u00e9s de sus bolsas formar especialistas en evaluaci\u00f3n de riesgos en seguridad alimentaria mediante estancias internacionales en instituciones de referencia. Las iniciativas, indican desde la Oficina de Proyectos Internacionales de la UVigo, reafirman el compromiso de la instituci\u00f3n acad\u00e9mica con la seguridad alimentaria a nivel europeo e impulsan la formaci\u00f3n y especializaci\u00f3n en evaluaci\u00f3n de riesgos alimentarios. AlgaeSafe y Innov2Safety, se\u00f1alan, \u00abcontribuyen significativamente al desarrollo del conocimiento en evaluaci\u00f3n del riesgo alimentario y a la seguridad alimentaria en Europa\u00bb y la Universidad de Vigo, a trav\u00e9s de estos proyectos, \u00absigue consolidando su compromiso con la investigaci\u00f3n y la formaci\u00f3n en este \u00e1mbito\u00bb.<\/p>\n<p><strong>Formaci\u00f3n especializada para fortalecer la cooperaci\u00f3n<\/strong><\/p>\n<p>El coordinador de los dos proyectos en el caso de la Universidad de Vigo es el profesor Miguel \u00c1ngel Prieto Lage, investigador del Nutrition Food Group (NuFoG). Las dos iniciativas se enmarcan en el Instituto de Agroecolox\u00eda e Alimentaci\u00f3n da UVigo, con sede en el campus de Ourense, y su parte experimental se lleva a cabo en laboratorios del grupo en CITEXVI, en el campus de Vigo. AlgaeSafe <em>(Algal-derived functional additives fuere ensured safety and efficacy)<\/em> tiene como objetivo principal fortalecer la red de expertos en Europa en su \u00e1mbito, fomentando la formaci\u00f3n de personal investigador que colabore con instituciones y cient\u00edficos s\u00e9niores para avanzar en el campo de los aditivos funcionales derivados de algas. Con una duraci\u00f3n que va del 1 de septiembre de 2024 al 31 de agosto de 2025, busca mejorar la seguridad y eficacia de los alimentos mediante el uso de aditivos de origen marino y analiza los riesgos del consumo de estos aditivos. La investigadora participante en este proyecto al amparo de EFSA es Mar\u00eda Aurora Soares de la Silva, t\u00e9cnica en el Laborat\u00f3rio Associado para a Qu\u00edmica Verde (LAQV-REQUIMTE) de Portugal, bajo la direcci\u00f3n de la profesora Mar\u00eda F\u00e1tima de S\u00e1 Barroso, coordinadora del proyecto en la instituci\u00f3n de origen.<\/p>\n<p>El segundo de los proyectos es Innov2Safety <em>(Risk assessment of replacing synthetic preservatives with natural ingredients)<\/em>. Tiene como objetivo evaluar los riesgos asociados al relevo de conservantes sint\u00e9ticos por ingredientes naturales a partir de subproductos de la industria alimentaria. En \u00e9l colabora el Instituto Polit\u00e9cnico de Braganza (IPB) bajo la supervisi\u00f3n de la profesora Lillian Bou\u00e7ada de Barros, coordinadora del proyecto en la instituci\u00f3n de origen. Ella adem\u00e1s forma parte del comit\u00e9 asesor externo del Instituto de Agroecolox\u00eda e Alimentaci\u00f3n da Universidade de Vigo, reforzando as\u00ed la colaboraci\u00f3n entre personal investigador e instituciones a un y otro lado de la raya. La investigadora lusa Tatiane Cristina Gon\u00e7alves de Oliveira, procedente del IPB, es la beneficiaria en este caso del programa EU-FORA, realizando su estancia en la UVigo durante el per\u00edodo comprendido entre el 1 de septiembre de 2024 y el 31 de agosto de 2025, trabajando en estrecha colaboraci\u00f3n con el equipo de investigaci\u00f3n de la Universidad de Vigo.<\/p>\n<p>Este programa EU-FORA les permite a las investigadoras participantes una inmersi\u00f3n completa en la evaluaci\u00f3n del riesgo alimentario y fortalece la cooperaci\u00f3n internacional en el sector. Asisten a una formaci\u00f3n estructurada en colaboraci\u00f3n con la Autoridad Europea de Seguridad Alimentaria, que incluye un m\u00f3dulo introductorio de tres semanas en su sede en Parma (Italia), seguido de cuatro m\u00f3dulos adicionales, tres de ellos en modalidad on line y uno presencial nuevamente en Parma. Adem\u00e1s, en el marco de su estad\u00eda, las dos beneficiarias han realizado visitas a la Agencia Espa\u00f1ola de Seguridad Alimentaria y Nutrici\u00f3n y al Centro Nacional de Alimentaci\u00f3n en Madrid, fortaleciendo los v\u00ednculos entre instituciones y promoviendo la cooperaci\u00f3n internacional en seguridad alimentaria. En junio, como parte de las actividades de divulgaci\u00f3n relacionadas con el proyecto, asistir\u00e1n a la XXIII Conferencia Europea sobre Qu\u00edmica de los Alimentos que se celebrar\u00e1 en Bratislava, Eslovaquia. Asimismo, est\u00e1 prevista la publicaci\u00f3n de dos art\u00edculos cient\u00edficos en el Journal de EFSA que recojan los resultados de los proyectos.<\/p>\n<p><strong>Continuidad<\/strong><\/p>\n<p>Esta participaci\u00f3n en el programa EU-FORA no es la primera vez que produce, ya que el pasado curso acad\u00e9mico, al amparo tambi\u00e9n de su convocatoria de bolsas y tambi\u00e9n bajo la coordinaci\u00f3n del profesor Miguel \u00c1. Prieto, la investigadora y estudiante de doctorado de la Universidad de Vigo, Mar\u00eda Carpena Rodr\u00edguez, realiz\u00f3 una estancia de tres meses en la Warsaw University of Life Sciences (Polonia) en un proyecto llamado AherbsFlowersAlgae, centrado en evaluar exhaustivamente los riesgos en el consumo de plantas silvestres comestibles (hierbas y flores).<\/p>\n","protected":false},"excerpt":{"rendered":"<p>La Universidad de Vigo coordina este curso acad\u00e9mico dos proyectos EU-FORA, programa de formaci\u00f3n de la Autoridad Europea de Seguridad Alimentaria (EFSA) de evaluaci\u00f3n de riesgo<span class=\"excerpt-hellip\"> [\u2026]<\/span><\/p>\n","protected":false},"author":13,"featured_media":4929,"comment_status":"open","ping_status":"open","sticky":false,"template":"","format":"standard","meta":{"footnotes":""},"categories":[87],"tags":[486,412,488,487,257,489,484,485,235],"acf":[],"yoast_head":"<!-- This site is optimized with the Yoast SEO plugin v21.2 - https:\/\/yoast.com\/wordpress\/plugins\/seo\/ -->\n<title>La Universidad de Vigo lidera dos proyectos del programa europeo EU-FORA de seguridad alimentaria - Innova - Campo Galego<\/title>\n<meta name=\"robots\" content=\"index, follow, max-snippet:-1, max-image-preview:large, max-video-preview:-1\" \/>\n<link rel=\"canonical\" href=\"https:\/\/innova.campogalego.gal\/es\/agroalimentacion-es\/la-universidad-de-vigo-lidera-dos-proyectos-del-programa-europeo-eu-fora-de-seguridad-alimentaria.html\" \/>\n<meta property=\"og:locale\" content=\"es_ES\" \/>\n<meta property=\"og:type\" content=\"article\" \/>\n<meta property=\"og:title\" content=\"La Universidad de Vigo lidera dos proyectos del programa europeo EU-FORA de seguridad alimentaria - Innova - Campo Galego\" \/>\n<meta property=\"og:description\" content=\"La Universidad de Vigo coordina este curso acad\u00e9mico dos proyectos EU-FORA, programa de formaci\u00f3n de la Autoridad Europea de Seguridad Alimentaria (EFSA) de evaluaci\u00f3n de riesgo [\u2026]\" \/>\n<meta property=\"og:url\" content=\"https:\/\/innova.campogalego.gal\/es\/agroalimentacion-es\/la-universidad-de-vigo-lidera-dos-proyectos-del-programa-europeo-eu-fora-de-seguridad-alimentaria.html\" \/>\n<meta property=\"og:site_name\" content=\"Innova - Campo Galego\" \/>\n<meta property=\"article:published_time\" content=\"2025-04-08T15:10:17+00:00\" \/>\n<meta property=\"og:image\" content=\"https:\/\/innova.campogalego.gal\/wp-content\/uploads\/2024\/11\/uvigo_gras.jpg\" \/>\n\t<meta property=\"og:image:width\" content=\"1200\" \/>\n\t<meta property=\"og:image:height\" content=\"800\" \/>\n\t<meta property=\"og:image:type\" content=\"image\/jpeg\" \/>\n<meta name=\"author\" content=\"Sara Garc\u00eda\" \/>\n<meta name=\"twitter:card\" content=\"summary_large_image\" \/>\n<meta name=\"twitter:label1\" content=\"Escrito por\" \/>\n\t<meta name=\"twitter:data1\" content=\"Sara Garc\u00eda\" \/>\n\t<meta name=\"twitter:label2\" content=\"Tiempo de lectura\" \/>\n\t<meta name=\"twitter:data2\" content=\"5 minutos\" \/>\n<script type=\"application\/ld+json\" class=\"yoast-schema-graph\">{\"@context\":\"https:\/\/schema.org\",\"@graph\":[{\"@type\":\"WebPage\",\"@id\":\"https:\/\/innova.campogalego.gal\/es\/agroalimentacion-es\/la-universidad-de-vigo-lidera-dos-proyectos-del-programa-europeo-eu-fora-de-seguridad-alimentaria.html\",\"url\":\"https:\/\/innova.campogalego.gal\/es\/agroalimentacion-es\/la-universidad-de-vigo-lidera-dos-proyectos-del-programa-europeo-eu-fora-de-seguridad-alimentaria.html\",\"name\":\"La Universidad de Vigo lidera dos proyectos del programa europeo EU-FORA de seguridad alimentaria - Innova - Campo Galego\",\"isPartOf\":{\"@id\":\"https:\/\/innova.campogalego.gal\/es#website\"},\"datePublished\":\"2025-04-08T15:10:17+00:00\",\"dateModified\":\"2025-04-08T15:10:17+00:00\",\"author\":{\"@id\":\"https:\/\/innova.campogalego.gal\/es#\/schema\/person\/ae83e9f2d2b18f1d08303bbddc6741e2\"},\"breadcrumb\":{\"@id\":\"https:\/\/innova.campogalego.gal\/es\/agroalimentacion-es\/la-universidad-de-vigo-lidera-dos-proyectos-del-programa-europeo-eu-fora-de-seguridad-alimentaria.html#breadcrumb\"},\"inLanguage\":\"es\",\"potentialAction\":[{\"@type\":\"ReadAction\",\"target\":[\"https:\/\/innova.campogalego.gal\/es\/agroalimentacion-es\/la-universidad-de-vigo-lidera-dos-proyectos-del-programa-europeo-eu-fora-de-seguridad-alimentaria.html\"]}]},{\"@type\":\"BreadcrumbList\",\"@id\":\"https:\/\/innova.campogalego.gal\/es\/agroalimentacion-es\/la-universidad-de-vigo-lidera-dos-proyectos-del-programa-europeo-eu-fora-de-seguridad-alimentaria.html#breadcrumb\",\"itemListElement\":[{\"@type\":\"ListItem\",\"position\":1,\"name\":\"Portada\",\"item\":\"https:\/\/innova.campogalego.gal\/es\"},{\"@type\":\"ListItem\",\"position\":2,\"name\":\"La Universidad de Vigo lidera dos proyectos del programa europeo EU-FORA de seguridad alimentaria\"}]},{\"@type\":\"WebSite\",\"@id\":\"https:\/\/innova.campogalego.gal\/es#website\",\"url\":\"https:\/\/innova.campogalego.gal\/es\",\"name\":\"Innova - Campo Galego\",\"description\":\"\",\"potentialAction\":[{\"@type\":\"SearchAction\",\"target\":{\"@type\":\"EntryPoint\",\"urlTemplate\":\"https:\/\/innova.campogalego.gal\/es?s={search_term_string}\"},\"query-input\":\"required name=search_term_string\"}],\"inLanguage\":\"es\"},{\"@type\":\"Person\",\"@id\":\"https:\/\/innova.campogalego.gal\/es#\/schema\/person\/ae83e9f2d2b18f1d08303bbddc6741e2\",\"name\":\"Sara Garc\u00eda\",\"image\":{\"@type\":\"ImageObject\",\"inLanguage\":\"es\",\"@id\":\"https:\/\/innova.campogalego.gal\/es#\/schema\/person\/image\/\",\"url\":\"https:\/\/secure.gravatar.com\/avatar\/d5263b07faac1b02f3dbefa21837981f?s=96&d=mm&r=g\",\"contentUrl\":\"https:\/\/secure.gravatar.com\/avatar\/d5263b07faac1b02f3dbefa21837981f?s=96&d=mm&r=g\",\"caption\":\"Sara Garc\u00eda\"},\"url\":\"https:\/\/innova.campogalego.gal\/es\/author\/sara25\"}]}<\/script>\n<!-- \/ Yoast SEO plugin. -->","yoast_head_json":{"title":"La Universidad de Vigo lidera dos proyectos del programa europeo EU-FORA de seguridad alimentaria - Innova - Campo Galego","robots":{"index":"index","follow":"follow","max-snippet":"max-snippet:-1","max-image-preview":"max-image-preview:large","max-video-preview":"max-video-preview:-1"},"canonical":"https:\/\/innova.campogalego.gal\/es\/agroalimentacion-es\/la-universidad-de-vigo-lidera-dos-proyectos-del-programa-europeo-eu-fora-de-seguridad-alimentaria.html","og_locale":"es_ES","og_type":"article","og_title":"La Universidad de Vigo lidera dos proyectos del programa europeo EU-FORA de seguridad alimentaria - Innova - Campo Galego","og_description":"La Universidad de Vigo coordina este curso acad\u00e9mico dos proyectos EU-FORA, programa de formaci\u00f3n de la Autoridad Europea de Seguridad Alimentaria (EFSA) de evaluaci\u00f3n de riesgo [\u2026]","og_url":"https:\/\/innova.campogalego.gal\/es\/agroalimentacion-es\/la-universidad-de-vigo-lidera-dos-proyectos-del-programa-europeo-eu-fora-de-seguridad-alimentaria.html","og_site_name":"Innova - Campo Galego","article_published_time":"2025-04-08T15:10:17+00:00","og_image":[{"width":1200,"height":800,"url":"https:\/\/innova.campogalego.gal\/wp-content\/uploads\/2024\/11\/uvigo_gras.jpg","type":"image\/jpeg"}],"author":"Sara Garc\u00eda","twitter_card":"summary_large_image","twitter_misc":{"Escrito por":"Sara Garc\u00eda","Tiempo de lectura":"5 minutos"},"schema":{"@context":"https:\/\/schema.org","@graph":[{"@type":"WebPage","@id":"https:\/\/innova.campogalego.gal\/es\/agroalimentacion-es\/la-universidad-de-vigo-lidera-dos-proyectos-del-programa-europeo-eu-fora-de-seguridad-alimentaria.html","url":"https:\/\/innova.campogalego.gal\/es\/agroalimentacion-es\/la-universidad-de-vigo-lidera-dos-proyectos-del-programa-europeo-eu-fora-de-seguridad-alimentaria.html","name":"La Universidad de Vigo lidera dos proyectos del programa europeo EU-FORA de seguridad alimentaria - Innova - Campo Galego","isPartOf":{"@id":"https:\/\/innova.campogalego.gal\/es#website"},"datePublished":"2025-04-08T15:10:17+00:00","dateModified":"2025-04-08T15:10:17+00:00","author":{"@id":"https:\/\/innova.campogalego.gal\/es#\/schema\/person\/ae83e9f2d2b18f1d08303bbddc6741e2"},"breadcrumb":{"@id":"https:\/\/innova.campogalego.gal\/es\/agroalimentacion-es\/la-universidad-de-vigo-lidera-dos-proyectos-del-programa-europeo-eu-fora-de-seguridad-alimentaria.html#breadcrumb"},"inLanguage":"es","potentialAction":[{"@type":"ReadAction","target":["https:\/\/innova.campogalego.gal\/es\/agroalimentacion-es\/la-universidad-de-vigo-lidera-dos-proyectos-del-programa-europeo-eu-fora-de-seguridad-alimentaria.html"]}]},{"@type":"BreadcrumbList","@id":"https:\/\/innova.campogalego.gal\/es\/agroalimentacion-es\/la-universidad-de-vigo-lidera-dos-proyectos-del-programa-europeo-eu-fora-de-seguridad-alimentaria.html#breadcrumb","itemListElement":[{"@type":"ListItem","position":1,"name":"Portada","item":"https:\/\/innova.campogalego.gal\/es"},{"@type":"ListItem","position":2,"name":"La Universidad de Vigo lidera dos proyectos del programa europeo EU-FORA de seguridad alimentaria"}]},{"@type":"WebSite","@id":"https:\/\/innova.campogalego.gal\/es#website","url":"https:\/\/innova.campogalego.gal\/es","name":"Innova - Campo Galego","description":"","potentialAction":[{"@type":"SearchAction","target":{"@type":"EntryPoint","urlTemplate":"https:\/\/innova.campogalego.gal\/es?s={search_term_string}"},"query-input":"required name=search_term_string"}],"inLanguage":"es"},{"@type":"Person","@id":"https:\/\/innova.campogalego.gal\/es#\/schema\/person\/ae83e9f2d2b18f1d08303bbddc6741e2","name":"Sara Garc\u00eda","image":{"@type":"ImageObject","inLanguage":"es","@id":"https:\/\/innova.campogalego.gal\/es#\/schema\/person\/image\/","url":"https:\/\/secure.gravatar.com\/avatar\/d5263b07faac1b02f3dbefa21837981f?s=96&d=mm&r=g","contentUrl":"https:\/\/secure.gravatar.com\/avatar\/d5263b07faac1b02f3dbefa21837981f?s=96&d=mm&r=g","caption":"Sara Garc\u00eda"},"url":"https:\/\/innova.campogalego.gal\/es\/author\/sara25"}]}},"_links":{"self":[{"href":"https:\/\/innova.campogalego.gal\/es\/wp-json\/wp\/v2\/posts\/5865"}],"collection":[{"href":"https:\/\/innova.campogalego.gal\/es\/wp-json\/wp\/v2\/posts"}],"about":[{"href":"https:\/\/innova.campogalego.gal\/es\/wp-json\/wp\/v2\/types\/post"}],"author":[{"embeddable":true,"href":"https:\/\/innova.campogalego.gal\/es\/wp-json\/wp\/v2\/users\/13"}],"replies":[{"embeddable":true,"href":"https:\/\/innova.campogalego.gal\/es\/wp-json\/wp\/v2\/comments?post=5865"}],"version-history":[{"count":2,"href":"https:\/\/innova.campogalego.gal\/es\/wp-json\/wp\/v2\/posts\/5865\/revisions"}],"predecessor-version":[{"id":5872,"href":"https:\/\/innova.campogalego.gal\/es\/wp-json\/wp\/v2\/posts\/5865\/revisions\/5872"}],"wp:featuredmedia":[{"embeddable":true,"href":"https:\/\/innova.campogalego.gal\/es\/wp-json\/wp\/v2\/media\/4929"}],"wp:attachment":[{"href":"https:\/\/innova.campogalego.gal\/es\/wp-json\/wp\/v2\/media?parent=5865"}],"wp:term":[{"taxonomy":"category","embeddable":true,"href":"https:\/\/innova.campogalego.gal\/es\/wp-json\/wp\/v2\/categories?post=5865"},{"taxonomy":"post_tag","embeddable":true,"href":"https:\/\/innova.campogalego.gal\/es\/wp-json\/wp\/v2\/tags?post=5865"}],"curies":[{"name":"wp","href":"https:\/\/api.w.org\/{rel}","templated":true}]}}