{"id":6104,"date":"2025-05-08T15:48:07","date_gmt":"2025-05-08T13:48:07","guid":{"rendered":"https:\/\/innova.campogalego.gal\/?p=6104"},"modified":"2025-05-08T18:08:36","modified_gmt":"2025-05-08T16:08:36","slug":"fortexval-ciencia-tradicion-y-territorio-para-una-nueva-economia-forestal","status":"publish","type":"post","link":"https:\/\/innova.campogalego.gal\/es\/forestal-es\/fortexval-ciencia-tradicion-y-territorio-para-una-nueva-economia-forestal.html","title":{"rendered":"FORTEXVAL: Ciencia, tradici\u00f3n y territorio para una nueva econom\u00eda forestal"},"content":{"rendered":"<div id=\"attachment_6091\" style=\"width: 1034px\" class=\"wp-caption aligncenter\"><img aria-describedby=\"caption-attachment-6091\" decoding=\"async\" loading=\"lazy\" class=\"wp-image-6091 size-large lazyload\" src=\"data:image\/gif;base64,R0lGODlhAQABAAAAACH5BAEKAAEALAAAAAABAAEAAAICTAEAOw==\" alt=\"\" width=\"1024\" height=\"683\" sizes=\"(max-width:767px) 480px, (max-width:1024px) 100vw, 1024px\" data-src=\"https:\/\/innova.campogalego.gal\/wp-content\/uploads\/2025\/05\/DSC07165-1024x683.jpg\" data-srcset=\"https:\/\/innova.campogalego.gal\/wp-content\/uploads\/2025\/05\/DSC07165-1024x683.jpg 1024w, https:\/\/innova.campogalego.gal\/wp-content\/uploads\/2025\/05\/DSC07165-300x200.jpg 300w, https:\/\/innova.campogalego.gal\/wp-content\/uploads\/2025\/05\/DSC07165.jpg 1200w\"><p id=\"caption-attachment-6091\" class=\"wp-caption-text\">Foto de grupo tras la jornada del proyecto FORTEXVAL en el Ctag-Centro Tecnol\u00f3gico De Automoci\u00f3n De Galicia<\/p><\/div>\n<p><span style=\"font-weight: 400;\">En el coraz\u00f3n del Parque Natural Saja-Besaya (Cantabria), una de las zonas con mayor valor ecol\u00f3gico del norte peninsular, se est\u00e1 desarrollando un modelo pionero de gesti\u00f3n forestal que combina tecnolog\u00eda avanzada, conocimiento cient\u00edfico y saberes tradicionales. Se trata del proyecto <a href=\"https:\/\/fortexval.es\/\"><strong>FORTEXVAL<\/strong><\/a>, impulsado por la <strong>Mancomunidad Reserva del Saja<\/strong>, el <strong>Centro Tecnol\u00f3gico de Automoci\u00f3n de Galicia (CTAG)<\/strong> y el<strong> Centro Tecnol\u00f3gico de Cantabria CTC<\/strong>, con financiaci\u00f3n de la <strong>Fundaci\u00f3n Biodiversidad<\/strong> a trav\u00e9s del <strong>Ministerio para la Transici\u00f3n Ecol\u00f3gica y el Reto Demogr\u00e1fico (MITECO)<\/strong>. En unas jornadas celebradas recientemente en Porri\u00f1o (Pontevedra), los equipos implicados compartieron avances y reflexiones sobre esta iniciativa que plantea una bioeconom\u00eda circular adaptada a entornos forestales protegidos y en riesgo de despoblaci\u00f3n.<\/span><\/p>\n<p><strong>Un modelo de innovaci\u00f3n territorial<\/strong><\/p>\n<p>La jornada fue inaugurada por Raquel Ledo, responsable del Departamento de Innovaci\u00f3n en Materiales del CTAG. En su intervenci\u00f3n se\u00f1al\u00f3 que FORTEXVAL se enmarca en una estrategia de aprovechamiento integral del monte, desde una perspectiva ecol\u00f3gica, social y econ\u00f3mica, que requiere tanto del desarrollo tecnol\u00f3gico como del conocimiento pr\u00e1ctico del territorio. \u201cEste tipo de iniciativas no ser\u00edan posibles sin el respaldo p\u00fablico\u201d, dijo destacando el papel de la financiaci\u00f3n del MITECO y la Fundaci\u00f3n Biodiversidad, gracias a las l\u00edneas de ayuda a proyectos de bioeconom\u00eda en el medio rural. Tambi\u00e9n hizo hincapi\u00e9 en la importancia de la colaboraci\u00f3n entre las tres entidades participantes: CTAG, CTC y la Mancomunidad del Saja.<\/p>\n<p>\u201cEllos son los brazos, nosotros el tronco: el territorio\u201d, explic\u00f3 Manuel Manrique Gonz\u00e1lez, Agente de Desarrollo Local de la Mancomunidad en la que se desenvuelve el proyecto. Esta entidad supramunicipal que agrupa cuatro ayuntamientos rurales del occidente c\u00e1ntabro (con una poblaci\u00f3n total de 4.500 personas) cuenta con el mayor parque natural de Cantabria, el Saja Besaya, de 24.500 hect\u00e1reas. Adem\u00e1s de una comunidad de pastos con biomasas de muy alto valor. Con m\u00e1s de 20 a\u00f1os de experiencia en proyectos de valorizaci\u00f3n de recursos locales, esta mancomunidad ha sido clave para articular las necesidades del territorio con las capacidades t\u00e9cnicas de los dos centros tecnol\u00f3gicos socios del proyecto: el CTC y el CTAG.<\/p>\n<p>Manrique explic\u00f3 que el proyecto surgi\u00f3 como respuesta a la necesidad de generar nuevas oportunidades econ\u00f3micas sin desvincularse de la identidad natural de la comarca. Su enfoque part\u00eda de la premisa de que el monte, m\u00e1s all\u00e1 de su valor tur\u00edstico o paisaj\u00edstico, requiere de una gesti\u00f3n activa. Y subray\u00f3 que durante d\u00e9cadas, el abandono rural ha provocado un uso pasivo de estos espacios, donde los incendios se han convertido en el principal gestor de los montes.<\/p>\n<p>Frente a este modelo, FORTEXVAL propone un manejo responsable y planificado, compatible con la conservaci\u00f3n ambiental. Cabe destacar que es un proyecto muy centrado en zonas rurales en las que hay un especial inter\u00e9s por la conservaci\u00f3n y preservaci\u00f3n de la naturaleza. As\u00ed lo refleja el papel de la Mancomunidad Reserva del Saja, que se ha centrado en analizar el territorio y ponderar las \u00e1reas de posible actuaci\u00f3n en funci\u00f3n de las distintas especies que haya como \u00e1rboles monumentales, favoreciendo un menor impacto y una mayor operatividad en su extracci\u00f3n.<\/p>\n<div id=\"attachment_6112\" style=\"width: 1034px\" class=\"wp-caption aligncenter\"><img aria-describedby=\"caption-attachment-6112\" decoding=\"async\" loading=\"lazy\" class=\"wp-image-6112 size-large lazyload\" src=\"data:image\/gif;base64,R0lGODlhAQABAAAAACH5BAEKAAEALAAAAAABAAEAAAICTAEAOw==\" alt=\"\" width=\"1024\" height=\"683\" sizes=\"(max-width:767px) 480px, (max-width:1024px) 100vw, 1024px\" data-src=\"https:\/\/innova.campogalego.gal\/wp-content\/uploads\/2025\/05\/DSC04476-3-1024x683.jpg\" data-srcset=\"https:\/\/innova.campogalego.gal\/wp-content\/uploads\/2025\/05\/DSC04476-3-1024x683.jpg 1024w, https:\/\/innova.campogalego.gal\/wp-content\/uploads\/2025\/05\/DSC04476-3-300x200.jpg 300w, https:\/\/innova.campogalego.gal\/wp-content\/uploads\/2025\/05\/DSC04476-3.jpg 1200w\"><p id=\"caption-attachment-6112\" class=\"wp-caption-text\">Los ponentes Manuel Manrique Gonz\u00e1lez y Ana Magdalena P\u00e9rez-Lafuente en las jornadas del proyecto FORTEXVAL<\/p><\/div>\n<p>Uno de los ejes clave del proyecto es el uso de t\u00e9cnicas tradicionales combinadas con innovaci\u00f3n, como la tracci\u00f3n animal para extraer la biomasa de manera compatible con espacios protegidos. Seg\u00fan subray\u00f3 Manrique, su conocimiento en este \u00e1rea ha permitido este tipo de trabajo con animales apoyado por cuadrillas, que no es s\u00f3lo m\u00e1s respetuoso con el entorno y m\u00e1s rentable econ\u00f3micamente, sino que adem\u00e1s preserva la cultura del manejo del caballo: \u201cque da empleo, forma a personas y mantiene vivos oficios esenciales en el medio rural\u201d.<\/p>\n<p>Gracias a esta v\u00eda, se logr\u00f3 una haza\u00f1a administrativa: por primera vez en 30 a\u00f1os, se autoriz\u00f3 una intervenci\u00f3n forestal en un monte de utilidad p\u00fablica dentro del Parque Natural Saja-Besaya, mediante t\u00e9cnicas de resalveo, que permiten extraer biomasa sin da\u00f1ar el ecosistema. Una muestra tangible de c\u00f3mo los m\u00e9todos tradicionales pueden integrarse en la gesti\u00f3n moderna del territorio protegido.<br \/>\nFORTEXVAL aspira a ser un modelo replicable en otras \u00e1reas rurales, por ello el proyecto tambi\u00e9n promueve actividades de sensibilizaci\u00f3n y demostraci\u00f3n como rutas interpretativas, diagn\u00f3sticos de \u00e1rboles monumentales y cuadernos de campo para involucrar a la poblaci\u00f3n local, estudiantes, instituciones y empresas en la protecci\u00f3n del entorno. \u00abPorque al cuidar del bosque, cuidamos de todos\u201d, reflexion\u00f3 Manrique en su intervenci\u00f3n.<\/p>\n<p><strong>Tecnolog\u00eda al servicio de la sostenibilidad<\/strong><\/p>\n<p>Desde el punto de vista tecnol\u00f3gico, la participaci\u00f3n del Centro Tecnol\u00f3gico de Automoci\u00f3n de Galicia (CTAG) ha sido fundamental para demostrar que los residuos forestales no industriales pueden tener aplicaciones de alto valor a\u00f1adido. Ana Magdalena P\u00e9rez-Lafuente, especialista del \u00e1rea de materiales, present\u00f3 las l\u00edneas de investigaci\u00f3n desarrolladas por este centro privado.<\/p>\n<p>A la pregunta de por qu\u00e9 un centro tecnol\u00f3gico de automoci\u00f3n participa de un proyecto forestal, la ponente del CTAG respondi\u00f3 que la sostenibilidad es una de las l\u00edneas clave que demanda actualmente el mercado: \u201clos fabricantes est\u00e1n pidiendo nuevas opciones, y todo lo que sea econom\u00eda circular\u201d. Por eso uno de los objetivos principales del CTAG ha sido ir incorporando l\u00edneas de investigaci\u00f3n de aligeramiento de materiales, reciclaje y biocomposites: materiales h\u00edbridos entre pol\u00edmeros y fibra natural.<\/p>\n<p>En este proyecto, el CTAG se encarga de dos fases clave. Por un lado: la densificaci\u00f3n de biomasa en el propio monte para luego llevar a dos v\u00edas de valorizaci\u00f3n. Para ello han desarrollado, junto con Basilio Fern\u00e1ndez, uno de los profesionales del centro, un prototipo de m\u00e1quina m\u00f3vil capaz de triturar, secar, tamizar y pelletizar biomasa como el tojo directamente en el monte, lo que permite reducir el coste log\u00edstico y trabajar de forma descentralizada. El empleo de esta especie (Ulex europaeus), un arbusto invasor y altamente inflamable que crece de forma abundante en la cornisa cant\u00e1brica, tiene un doble beneficio: reduce el riesgo de incendios y genera valor econ\u00f3mico a partir de una biomasa considerada hasta ahora residual.<\/p>\n<div id=\"attachment_6097\" style=\"width: 1034px\" class=\"wp-caption aligncenter\"><img aria-describedby=\"caption-attachment-6097\" decoding=\"async\" loading=\"lazy\" class=\"wp-image-6097 size-large lazyload\" src=\"data:image\/gif;base64,R0lGODlhAQABAAAAACH5BAEKAAEALAAAAAABAAEAAAICTAEAOw==\" alt=\"\" width=\"1024\" height=\"683\" sizes=\"(max-width:767px) 480px, (max-width:1024px) 100vw, 1024px\" data-src=\"https:\/\/innova.campogalego.gal\/wp-content\/uploads\/2025\/05\/DSC06963-1024x683.jpg\" data-srcset=\"https:\/\/innova.campogalego.gal\/wp-content\/uploads\/2025\/05\/DSC06963-1024x683.jpg 1024w, https:\/\/innova.campogalego.gal\/wp-content\/uploads\/2025\/05\/DSC06963-300x200.jpg 300w, https:\/\/innova.campogalego.gal\/wp-content\/uploads\/2025\/05\/DSC06963.jpg 1200w\"><p id=\"caption-attachment-6097\" class=\"wp-caption-text\">Prototipo de la maquina desarrollada por CTAG capaz de triturar, secar, tamizar y pelletizar biomasa<\/p><\/div>\n<p>La conversi\u00f3n de esos pellets en biocomposites mediante procesos de compounding e inyecci\u00f3n es la otra fase clave en la que se centra CTAG. \u201cTodo este material lo ensayamos en flexi\u00f3n, tracci\u00f3n e impacto para verificar su comportamiento t\u00e9cnico frente a pol\u00edmeros v\u00edrgenes\u201d, se\u00f1al\u00f3 Magdalena P\u00e9rez-Lafuente mostrando ejemplos reales como lapiceros o prototipos de consolas para autom\u00f3viles. Los resultados han demostrado que es posible obtener materiales con propiedades funcionales para el sector de la automoci\u00f3n, especialmente en piezas no estructurales. Al acabar las ponencias, las personas participantes en la jornada pudieron conocer la m\u00e1quina prototipo, su funcionamiento y los resultados en una visita guiada a las instalaciones del centro junto al responsable.<\/p>\n<p>Adem\u00e1s del potencial industrial, la investigadora subray\u00f3 los beneficios territoriales del modelo: Ayuda a limpiar el monte, prevenir incendios y generar valor econ\u00f3mico y social a partir de un residuo. No obstante, tambi\u00e9n apunt\u00f3 los desaf\u00edos pendientes en este tipo de procesos, como el tratamiento de biomasa h\u00fameda o la necesidad de integrar ciclos t\u00e9cnicos y biol\u00f3gicos en una econom\u00eda circular completa. Puesto que el objetivo no es solo valorizar el residuo una vez, sino que el material pueda reincorporarse a nuevos ciclos de uso y recuperaci\u00f3n.<\/p>\n<p><strong>Investigaci\u00f3n en biochar para cerrar el ciclo<\/strong><\/p>\n<p>El Dr. \u00c1ngel Yedra Mart\u00ednez, Responsable del \u00c1rea de Materiales Avanzados del CTC, present\u00f3 la participaci\u00f3n del Centro Tecnol\u00f3gico de Cantabria en el proyecto FORTEXVAL, centrado en el desarrollo de un modelo de bioeconom\u00eda circular en zonas rurales con alto valor natural y escasa densidad de poblaci\u00f3n. Ya que el modelo busca no solo conservar, sino tambi\u00e9n reactivar estas zonas mediante nuevas actividades econ\u00f3micas como la extracci\u00f3n de biomasa para su aprovechamiento.<\/p>\n<p>Por su parte, el CTC ha liderado la investigaci\u00f3n en procesos t\u00e9rmicos para la valorizaci\u00f3n del tojo mediante pir\u00f3lisis. Yedra, responsable de esta l\u00ednea, explic\u00f3 que el trabajo se ha centrado en obtener biochar, conocido como el \u201coro negro de la naturaleza\u201d. Este tipo de carb\u00f3n vegetal creado a partir de la combusti\u00f3n de biomasa sometida a altas temperaturas, presenta propiedades destacadas como la alta porosidad, estabilidad y capacidad de fijaci\u00f3n de carbono, lo que lo convierte en un aditivo ideal para la mejora de suelos, la retenci\u00f3n de agua y la reducci\u00f3n de emisiones de carbono en sistemas agr\u00edcolas.<\/p>\n<div id=\"attachment_6114\" style=\"width: 1034px\" class=\"wp-caption aligncenter\"><img aria-describedby=\"caption-attachment-6114\" decoding=\"async\" loading=\"lazy\" class=\"wp-image-6114 size-large lazyload\" src=\"data:image\/gif;base64,R0lGODlhAQABAAAAACH5BAEKAAEALAAAAAABAAEAAAICTAEAOw==\" alt=\"\" width=\"1024\" height=\"683\" sizes=\"(max-width:767px) 480px, (max-width:1024px) 100vw, 1024px\" data-src=\"https:\/\/innova.campogalego.gal\/wp-content\/uploads\/2025\/05\/DSC04491-3-1024x683.jpg\" data-srcset=\"https:\/\/innova.campogalego.gal\/wp-content\/uploads\/2025\/05\/DSC04491-3-1024x683.jpg 1024w, https:\/\/innova.campogalego.gal\/wp-content\/uploads\/2025\/05\/DSC04491-3-300x200.jpg 300w, https:\/\/innova.campogalego.gal\/wp-content\/uploads\/2025\/05\/DSC04491-3.jpg 1200w\"><p id=\"caption-attachment-6114\" class=\"wp-caption-text\">El Dr. \u00c1ngel Yedra Mart\u00ednez, responsable del \u00e1rea de Materiales Avanzados del CTC, durante su ponencia en las jornadas<\/p><\/div>\n<p>En FORTEXVAL, este subproducto representa una salida adicional para la biomasa, que permite cerrar el ciclo de aprovechamiento local con una l\u00f3gica de cero residuos. \u201cEl objetivo no es simplemente sustituir materiales, sino procesarlos y obtener un producto diferente al original, con un valor real en el mercado. Eso es valorizaci\u00f3n\u201d. En cuanto al proceso t\u00e9cnico, el Dr. Yedra detall\u00f3 c\u00f3mo se ha trabajado con diferentes temperaturas para maximizar el rendimiento de biochar en el laboratorio, confirmando que \u00aba temperaturas m\u00e1s bajas, como 300 \u00baC, se consigue mayor porcentaje de biochar \u2014hasta un 66%\u2014, lo que lo hace m\u00e1s eficiente para este proyecto\u00bb. A\u00f1adi\u00f3 que el conocimiento adquirido est\u00e1 pensado para escalarse industrialmente, mencionando la colaboraci\u00f3n con una nueva planta de pir\u00f3lisis en Cantabria.<\/p>\n<p>Adem\u00e1s del componente t\u00e9cnico, el CTC ha contribuido a estructurar el modelo de cadena de valor circular, articulando desde la extracci\u00f3n de biomasa hasta la transformaci\u00f3n y aplicaci\u00f3n final de los productos generados. La experiencia adquirida permitir\u00e1 replicar este modelo en otras zonas rurales con problem\u00e1ticas similares. El Dr. Yedra concluy\u00f3 su ponencia reivindicando el valor de los proyectos colaborativos: \u201cLo importante para generar proyectos es conocerse, saber qu\u00e9 tiene cada entidad, qu\u00e9 necesita\u2026 y eso genera ideas que benefician a todos\u201d.<\/p>\n<p><strong>Conclusi\u00f3n<\/strong><\/p>\n<p>El proyecto FORTEXVAL muestra c\u00f3mo la gesti\u00f3n forestal puede reinventarse a partir del di\u00e1logo entre tradici\u00f3n e innovaci\u00f3n. En lugar de optar entre conservaci\u00f3n o producci\u00f3n, plantea una v\u00eda intermedia: un uso sostenible, basado en el conocimiento, que reactive el valor ecol\u00f3gico y econ\u00f3mico del monte. A trav\u00e9s de la integraci\u00f3n de t\u00e9cnicas como la tracci\u00f3n animal, procesos como la pir\u00f3lisis o materiales como los biocomposites, se construye un modelo de bioeconom\u00eda rural pensado para durar en el tiempo, expandirse y adaptarse a nuevos escenarios. Ciencia, territorio y cooperaci\u00f3n institucional se alinean en una experiencia que convierte el reto forestal en oportunidad de futuro.<\/p>\n","protected":false},"excerpt":{"rendered":"<p>En el coraz\u00f3n del Parque Natural Saja-Besaya (Cantabria), una de las zonas con mayor valor ecol\u00f3gico del norte peninsular, se est\u00e1 desarrollando un modelo pionero de<span class=\"excerpt-hellip\"> [\u2026]<\/span><\/p>\n","protected":false},"author":13,"featured_media":6091,"comment_status":"open","ping_status":"open","sticky":false,"template":"","format":"standard","meta":{"footnotes":""},"categories":[88],"tags":[509,527,528,506,526],"acf":[],"yoast_head":"<!-- This site is optimized with the Yoast SEO plugin v21.2 - https:\/\/yoast.com\/wordpress\/plugins\/seo\/ -->\n<title>FORTEXVAL: Ciencia, tradici\u00f3n y territorio para una nueva econom\u00eda forestal - Innova - Campo Galego<\/title>\n<meta name=\"robots\" content=\"index, follow, max-snippet:-1, max-image-preview:large, max-video-preview:-1\" \/>\n<link rel=\"canonical\" href=\"https:\/\/innova.campogalego.gal\/es\/forestal-es\/fortexval-ciencia-tradicion-y-territorio-para-una-nueva-economia-forestal.html\" \/>\n<meta property=\"og:locale\" content=\"es_ES\" \/>\n<meta property=\"og:type\" content=\"article\" \/>\n<meta property=\"og:title\" content=\"FORTEXVAL: Ciencia, tradici\u00f3n y territorio para una nueva econom\u00eda forestal - Innova - Campo Galego\" \/>\n<meta property=\"og:description\" content=\"En el coraz\u00f3n del Parque Natural Saja-Besaya (Cantabria), una de las zonas con mayor valor ecol\u00f3gico del norte peninsular, se est\u00e1 desarrollando un modelo pionero de [\u2026]\" \/>\n<meta property=\"og:url\" content=\"https:\/\/innova.campogalego.gal\/es\/forestal-es\/fortexval-ciencia-tradicion-y-territorio-para-una-nueva-economia-forestal.html\" \/>\n<meta property=\"og:site_name\" content=\"Innova - Campo Galego\" \/>\n<meta property=\"article:published_time\" content=\"2025-05-08T13:48:07+00:00\" \/>\n<meta property=\"article:modified_time\" content=\"2025-05-08T16:08:36+00:00\" \/>\n<meta property=\"og:image\" content=\"https:\/\/innova.campogalego.gal\/wp-content\/uploads\/2025\/05\/DSC07165.jpg\" \/>\n\t<meta property=\"og:image:width\" content=\"1200\" \/>\n\t<meta property=\"og:image:height\" content=\"800\" \/>\n\t<meta property=\"og:image:type\" content=\"image\/jpeg\" \/>\n<meta name=\"author\" content=\"Sara Garc\u00eda\" \/>\n<meta name=\"twitter:card\" content=\"summary_large_image\" \/>\n<meta name=\"twitter:label1\" content=\"Escrito por\" \/>\n\t<meta name=\"twitter:data1\" content=\"Sara Garc\u00eda\" \/>\n\t<meta name=\"twitter:label2\" content=\"Tiempo de lectura\" \/>\n\t<meta name=\"twitter:data2\" content=\"11 minutos\" \/>\n<script type=\"application\/ld+json\" class=\"yoast-schema-graph\">{\"@context\":\"https:\/\/schema.org\",\"@graph\":[{\"@type\":\"WebPage\",\"@id\":\"https:\/\/innova.campogalego.gal\/es\/forestal-es\/fortexval-ciencia-tradicion-y-territorio-para-una-nueva-economia-forestal.html\",\"url\":\"https:\/\/innova.campogalego.gal\/es\/forestal-es\/fortexval-ciencia-tradicion-y-territorio-para-una-nueva-economia-forestal.html\",\"name\":\"FORTEXVAL: Ciencia, tradici\u00f3n y territorio para una nueva econom\u00eda forestal - Innova - Campo Galego\",\"isPartOf\":{\"@id\":\"https:\/\/innova.campogalego.gal\/es#website\"},\"datePublished\":\"2025-05-08T13:48:07+00:00\",\"dateModified\":\"2025-05-08T16:08:36+00:00\",\"author\":{\"@id\":\"https:\/\/innova.campogalego.gal\/es#\/schema\/person\/ae83e9f2d2b18f1d08303bbddc6741e2\"},\"breadcrumb\":{\"@id\":\"https:\/\/innova.campogalego.gal\/es\/forestal-es\/fortexval-ciencia-tradicion-y-territorio-para-una-nueva-economia-forestal.html#breadcrumb\"},\"inLanguage\":\"es\",\"potentialAction\":[{\"@type\":\"ReadAction\",\"target\":[\"https:\/\/innova.campogalego.gal\/es\/forestal-es\/fortexval-ciencia-tradicion-y-territorio-para-una-nueva-economia-forestal.html\"]}]},{\"@type\":\"BreadcrumbList\",\"@id\":\"https:\/\/innova.campogalego.gal\/es\/forestal-es\/fortexval-ciencia-tradicion-y-territorio-para-una-nueva-economia-forestal.html#breadcrumb\",\"itemListElement\":[{\"@type\":\"ListItem\",\"position\":1,\"name\":\"Portada\",\"item\":\"https:\/\/innova.campogalego.gal\/es\"},{\"@type\":\"ListItem\",\"position\":2,\"name\":\"FORTEXVAL: Ciencia, tradici\u00f3n y territorio para una nueva econom\u00eda forestal\"}]},{\"@type\":\"WebSite\",\"@id\":\"https:\/\/innova.campogalego.gal\/es#website\",\"url\":\"https:\/\/innova.campogalego.gal\/es\",\"name\":\"Innova - Campo Galego\",\"description\":\"\",\"potentialAction\":[{\"@type\":\"SearchAction\",\"target\":{\"@type\":\"EntryPoint\",\"urlTemplate\":\"https:\/\/innova.campogalego.gal\/es?s={search_term_string}\"},\"query-input\":\"required name=search_term_string\"}],\"inLanguage\":\"es\"},{\"@type\":\"Person\",\"@id\":\"https:\/\/innova.campogalego.gal\/es#\/schema\/person\/ae83e9f2d2b18f1d08303bbddc6741e2\",\"name\":\"Sara Garc\u00eda\",\"image\":{\"@type\":\"ImageObject\",\"inLanguage\":\"es\",\"@id\":\"https:\/\/innova.campogalego.gal\/es#\/schema\/person\/image\/\",\"url\":\"https:\/\/secure.gravatar.com\/avatar\/d5263b07faac1b02f3dbefa21837981f?s=96&d=mm&r=g\",\"contentUrl\":\"https:\/\/secure.gravatar.com\/avatar\/d5263b07faac1b02f3dbefa21837981f?s=96&d=mm&r=g\",\"caption\":\"Sara Garc\u00eda\"},\"url\":\"https:\/\/innova.campogalego.gal\/es\/author\/sara25\"}]}<\/script>\n<!-- \/ Yoast SEO plugin. -->","yoast_head_json":{"title":"FORTEXVAL: Ciencia, tradici\u00f3n y territorio para una nueva econom\u00eda forestal - Innova - Campo Galego","robots":{"index":"index","follow":"follow","max-snippet":"max-snippet:-1","max-image-preview":"max-image-preview:large","max-video-preview":"max-video-preview:-1"},"canonical":"https:\/\/innova.campogalego.gal\/es\/forestal-es\/fortexval-ciencia-tradicion-y-territorio-para-una-nueva-economia-forestal.html","og_locale":"es_ES","og_type":"article","og_title":"FORTEXVAL: Ciencia, tradici\u00f3n y territorio para una nueva econom\u00eda forestal - Innova - Campo Galego","og_description":"En el coraz\u00f3n del Parque Natural Saja-Besaya (Cantabria), una de las zonas con mayor valor ecol\u00f3gico del norte peninsular, se est\u00e1 desarrollando un modelo pionero de [\u2026]","og_url":"https:\/\/innova.campogalego.gal\/es\/forestal-es\/fortexval-ciencia-tradicion-y-territorio-para-una-nueva-economia-forestal.html","og_site_name":"Innova - Campo Galego","article_published_time":"2025-05-08T13:48:07+00:00","article_modified_time":"2025-05-08T16:08:36+00:00","og_image":[{"width":1200,"height":800,"url":"https:\/\/innova.campogalego.gal\/wp-content\/uploads\/2025\/05\/DSC07165.jpg","type":"image\/jpeg"}],"author":"Sara Garc\u00eda","twitter_card":"summary_large_image","twitter_misc":{"Escrito por":"Sara Garc\u00eda","Tiempo de lectura":"11 minutos"},"schema":{"@context":"https:\/\/schema.org","@graph":[{"@type":"WebPage","@id":"https:\/\/innova.campogalego.gal\/es\/forestal-es\/fortexval-ciencia-tradicion-y-territorio-para-una-nueva-economia-forestal.html","url":"https:\/\/innova.campogalego.gal\/es\/forestal-es\/fortexval-ciencia-tradicion-y-territorio-para-una-nueva-economia-forestal.html","name":"FORTEXVAL: Ciencia, tradici\u00f3n y territorio para una nueva econom\u00eda forestal - Innova - Campo Galego","isPartOf":{"@id":"https:\/\/innova.campogalego.gal\/es#website"},"datePublished":"2025-05-08T13:48:07+00:00","dateModified":"2025-05-08T16:08:36+00:00","author":{"@id":"https:\/\/innova.campogalego.gal\/es#\/schema\/person\/ae83e9f2d2b18f1d08303bbddc6741e2"},"breadcrumb":{"@id":"https:\/\/innova.campogalego.gal\/es\/forestal-es\/fortexval-ciencia-tradicion-y-territorio-para-una-nueva-economia-forestal.html#breadcrumb"},"inLanguage":"es","potentialAction":[{"@type":"ReadAction","target":["https:\/\/innova.campogalego.gal\/es\/forestal-es\/fortexval-ciencia-tradicion-y-territorio-para-una-nueva-economia-forestal.html"]}]},{"@type":"BreadcrumbList","@id":"https:\/\/innova.campogalego.gal\/es\/forestal-es\/fortexval-ciencia-tradicion-y-territorio-para-una-nueva-economia-forestal.html#breadcrumb","itemListElement":[{"@type":"ListItem","position":1,"name":"Portada","item":"https:\/\/innova.campogalego.gal\/es"},{"@type":"ListItem","position":2,"name":"FORTEXVAL: Ciencia, tradici\u00f3n y territorio para una nueva econom\u00eda forestal"}]},{"@type":"WebSite","@id":"https:\/\/innova.campogalego.gal\/es#website","url":"https:\/\/innova.campogalego.gal\/es","name":"Innova - Campo Galego","description":"","potentialAction":[{"@type":"SearchAction","target":{"@type":"EntryPoint","urlTemplate":"https:\/\/innova.campogalego.gal\/es?s={search_term_string}"},"query-input":"required name=search_term_string"}],"inLanguage":"es"},{"@type":"Person","@id":"https:\/\/innova.campogalego.gal\/es#\/schema\/person\/ae83e9f2d2b18f1d08303bbddc6741e2","name":"Sara Garc\u00eda","image":{"@type":"ImageObject","inLanguage":"es","@id":"https:\/\/innova.campogalego.gal\/es#\/schema\/person\/image\/","url":"https:\/\/secure.gravatar.com\/avatar\/d5263b07faac1b02f3dbefa21837981f?s=96&d=mm&r=g","contentUrl":"https:\/\/secure.gravatar.com\/avatar\/d5263b07faac1b02f3dbefa21837981f?s=96&d=mm&r=g","caption":"Sara Garc\u00eda"},"url":"https:\/\/innova.campogalego.gal\/es\/author\/sara25"}]}},"_links":{"self":[{"href":"https:\/\/innova.campogalego.gal\/es\/wp-json\/wp\/v2\/posts\/6104"}],"collection":[{"href":"https:\/\/innova.campogalego.gal\/es\/wp-json\/wp\/v2\/posts"}],"about":[{"href":"https:\/\/innova.campogalego.gal\/es\/wp-json\/wp\/v2\/types\/post"}],"author":[{"embeddable":true,"href":"https:\/\/innova.campogalego.gal\/es\/wp-json\/wp\/v2\/users\/13"}],"replies":[{"embeddable":true,"href":"https:\/\/innova.campogalego.gal\/es\/wp-json\/wp\/v2\/comments?post=6104"}],"version-history":[{"count":2,"href":"https:\/\/innova.campogalego.gal\/es\/wp-json\/wp\/v2\/posts\/6104\/revisions"}],"predecessor-version":[{"id":6119,"href":"https:\/\/innova.campogalego.gal\/es\/wp-json\/wp\/v2\/posts\/6104\/revisions\/6119"}],"wp:featuredmedia":[{"embeddable":true,"href":"https:\/\/innova.campogalego.gal\/es\/wp-json\/wp\/v2\/media\/6091"}],"wp:attachment":[{"href":"https:\/\/innova.campogalego.gal\/es\/wp-json\/wp\/v2\/media?parent=6104"}],"wp:term":[{"taxonomy":"category","embeddable":true,"href":"https:\/\/innova.campogalego.gal\/es\/wp-json\/wp\/v2\/categories?post=6104"},{"taxonomy":"post_tag","embeddable":true,"href":"https:\/\/innova.campogalego.gal\/es\/wp-json\/wp\/v2\/tags?post=6104"}],"curies":[{"name":"wp","href":"https:\/\/api.w.org\/{rel}","templated":true}]}}