{"id":6130,"date":"2025-05-09T20:55:48","date_gmt":"2025-05-09T18:55:48","guid":{"rendered":"https:\/\/innova.campogalego.gal\/?p=6130"},"modified":"2025-05-09T20:55:48","modified_gmt":"2025-05-09T18:55:48","slug":"curso-sobre-teledeteccion-forestal-herramientas-y-aplicaciones","status":"publish","type":"post","link":"https:\/\/innova.campogalego.gal\/es\/campus-terra-es\/curso-sobre-teledeteccion-forestal-herramientas-y-aplicaciones.html","title":{"rendered":"Curso sobre Teledetecci\u00f3n Forestal: Herramientas y Aplicaciones"},"content":{"rendered":"<div id=\"attachment_6123\" style=\"width: 1210px\" class=\"wp-caption aligncenter\"><img aria-describedby=\"caption-attachment-6123\" decoding=\"async\" loading=\"lazy\" class=\"size-full wp-image-6123 lazyload\" src=\"data:image\/gif;base64,R0lGODlhAQABAAAAACH5BAEKAAEALAAAAAABAAEAAAICTAEAOw==\" alt=\"\" width=\"1200\" height=\"821\" sizes=\"(max-width:767px) 480px, (max-width:1200px) 100vw, 1200px\" data-src=\"https:\/\/innova.campogalego.gal\/wp-content\/uploads\/2025\/05\/teledeteccion.jpg\" data-srcset=\"https:\/\/innova.campogalego.gal\/wp-content\/uploads\/2025\/05\/teledeteccion.jpg 1200w, https:\/\/innova.campogalego.gal\/wp-content\/uploads\/2025\/05\/teledeteccion-300x205.jpg 300w, https:\/\/innova.campogalego.gal\/wp-content\/uploads\/2025\/05\/teledeteccion-1024x701.jpg 1024w\"><p id=\"caption-attachment-6123\" class=\"wp-caption-text\">Imaxe do Campus Terra.<\/p><\/div>\n<p>El curso \u201cTeledetecci\u00f3n Forestal: Ferramentas e Aplicaci\u00f3ns\u201d, organizado por la Escuela Polit\u00e9cnica Superior, tendr\u00e1 lugar del 28 al 30 de mayo de 9.00h a 14.00h en el Aula Inform\u00e1tica 1, Pavell\u00f3n 3 de la EPS de Ingenier\u00eda.<\/p>\n<p>Estar\u00e1 impartido por Fernando Montes, del Instituto Nacional de Investigaci\u00f3n y Tecnolog\u00eda Agraria y Alimentaria (INIA); Cristina G\u00f3mez, del Instituto Universitario de Investigaci\u00f3n en Gesti\u00f3n Forestal Sostenible de la Universidad de Valladolid (UVA); e Isabel Aull\u00f3, investigadora en el Instituto de Ciencias Forestales ICIFOR-INIA (CSIC).<\/p>\n<p>Esta formaci\u00f3n ofrece una introducci\u00f3n a los fundamentos de la teledetecci\u00f3n, para luego profundizar en herramientas y aplicaciones espec\u00edficas en el \u00e1mbito forestal. Se tratar\u00e1n temas como la clasificaci\u00f3n de especies y metodolog\u00edas avanzadas para la detecci\u00f3n de cambios.<\/p>\n<p>El alumnado adquirir\u00e1 conocimientos b\u00e1sicos sobre la radiaci\u00f3n electromagn\u00e9tica, los sensores remotos (activos y pasivos) y las principales plataformas utilizadas para el seguimiento forestal, como sat\u00e9lites, aeronaves y drones.<\/p>\n<p>Tambi\u00e9n se trabajar\u00e1 con im\u00e1genes satelitales de misiones clave como Landsat y Sentinel-2. Para gestionar estos datos se utilizar\u00e1n plataformas como EarthExplorer y Google Earth Engine, tanto para su descarga como para el filtrado y visualizaci\u00f3n.<\/p>\n<p>El curso incluye el an\u00e1lisis de series temporales y el uso de \u00edndices espectrales como NDVI, MSI y NBR, para el seguimiento de cambios en la cobertura forestal. Se abordar\u00e1n diferentes t\u00e9cnicas de clasificaci\u00f3n de im\u00e1genes, con \u00e9nfasis en m\u00e9todos de Machine Learning como Random Forest, Support Vector Machine y Redes Neuronales, aplicados a la identificaci\u00f3n de especies.<\/p>\n<p>En la parte final del curso, se trabajar\u00e1 con la plataforma GEE y la herramienta ProLand, donde el alumnado aplicar\u00e1 los conocimientos adquiridos en un caso pr\u00e1ctico sobre din\u00e1micas forestales.<\/p>\n<p>La formaci\u00f3n est\u00e1 dirigida a estudiantes, personal docente e investigador (PDI), as\u00ed como al sector productivo. El periodo de inscripci\u00f3n est\u00e1 abierto, y las personas interesadas pueden inscribirse en el <a href=\"https:\/\/forms.office.com\/pages\/responsepage.aspx?id=LEUNj6S3ZEm4EIw5c3RHe2pSadVNiD9Gu1ikK2v_Qr9UNzNaMEo4STRUQzBPVFc0S0xJS0VYUDNTRi4u&amp;origin=lprLink&amp;route=shorturl\" target=\"_blank\" rel=\"noopener\">siguiente enlace<\/a>.<\/p>\n","protected":false},"excerpt":{"rendered":"<p>El curso \u201cTeledetecci\u00f3n Forestal: Ferramentas e Aplicaci\u00f3ns\u201d, organizado por la Escuela Polit\u00e9cnica Superior, tendr\u00e1 lugar del 28 al 30 de mayo de 9.00h a 14.00h en<span class=\"excerpt-hellip\"> [\u2026]<\/span><\/p>\n","protected":false},"author":12,"featured_media":6123,"comment_status":"open","ping_status":"open","sticky":false,"template":"","format":"standard","meta":{"footnotes":""},"categories":[92],"tags":[],"acf":[],"yoast_head":"<!-- This site is optimized with the Yoast SEO plugin v21.2 - https:\/\/yoast.com\/wordpress\/plugins\/seo\/ -->\n<title>Curso sobre Teledetecci\u00f3n Forestal: Herramientas y Aplicaciones - Innova - Campo Galego<\/title>\n<meta name=\"robots\" content=\"index, follow, max-snippet:-1, max-image-preview:large, max-video-preview:-1\" \/>\n<link rel=\"canonical\" href=\"https:\/\/innova.campogalego.gal\/es\/campus-terra-es\/curso-sobre-teledeteccion-forestal-herramientas-y-aplicaciones.html\" \/>\n<meta property=\"og:locale\" content=\"es_ES\" \/>\n<meta property=\"og:type\" content=\"article\" \/>\n<meta property=\"og:title\" content=\"Curso sobre Teledetecci\u00f3n Forestal: Herramientas y Aplicaciones - Innova - Campo Galego\" \/>\n<meta property=\"og:description\" content=\"El curso \u201cTeledetecci\u00f3n Forestal: Ferramentas e Aplicaci\u00f3ns\u201d, organizado por la Escuela Polit\u00e9cnica Superior, tendr\u00e1 lugar del 28 al 30 de mayo de 9.00h a 14.00h en [\u2026]\" \/>\n<meta property=\"og:url\" content=\"https:\/\/innova.campogalego.gal\/es\/campus-terra-es\/curso-sobre-teledeteccion-forestal-herramientas-y-aplicaciones.html\" \/>\n<meta property=\"og:site_name\" content=\"Innova - Campo Galego\" \/>\n<meta property=\"article:published_time\" content=\"2025-05-09T18:55:48+00:00\" \/>\n<meta property=\"og:image\" content=\"https:\/\/innova.campogalego.gal\/wp-content\/uploads\/2025\/05\/teledeteccion.jpg\" \/>\n\t<meta property=\"og:image:width\" content=\"1200\" \/>\n\t<meta property=\"og:image:height\" content=\"821\" \/>\n\t<meta property=\"og:image:type\" content=\"image\/jpeg\" \/>\n<meta name=\"author\" content=\"Ines Abelenda\" \/>\n<meta name=\"twitter:card\" content=\"summary_large_image\" \/>\n<meta name=\"twitter:label1\" content=\"Escrito por\" \/>\n\t<meta name=\"twitter:data1\" content=\"Ines Abelenda\" \/>\n\t<meta name=\"twitter:label2\" content=\"Tiempo de lectura\" \/>\n\t<meta name=\"twitter:data2\" content=\"2 minutos\" \/>\n<script type=\"application\/ld+json\" class=\"yoast-schema-graph\">{\"@context\":\"https:\/\/schema.org\",\"@graph\":[{\"@type\":\"WebPage\",\"@id\":\"https:\/\/innova.campogalego.gal\/es\/campus-terra-es\/curso-sobre-teledeteccion-forestal-herramientas-y-aplicaciones.html\",\"url\":\"https:\/\/innova.campogalego.gal\/es\/campus-terra-es\/curso-sobre-teledeteccion-forestal-herramientas-y-aplicaciones.html\",\"name\":\"Curso sobre Teledetecci\u00f3n Forestal: Herramientas y Aplicaciones - Innova - Campo Galego\",\"isPartOf\":{\"@id\":\"https:\/\/innova.campogalego.gal\/es#website\"},\"datePublished\":\"2025-05-09T18:55:48+00:00\",\"dateModified\":\"2025-05-09T18:55:48+00:00\",\"author\":{\"@id\":\"https:\/\/innova.campogalego.gal\/es#\/schema\/person\/6e4b7d6d686e401bec27d34264139b0e\"},\"breadcrumb\":{\"@id\":\"https:\/\/innova.campogalego.gal\/es\/campus-terra-es\/curso-sobre-teledeteccion-forestal-herramientas-y-aplicaciones.html#breadcrumb\"},\"inLanguage\":\"es\",\"potentialAction\":[{\"@type\":\"ReadAction\",\"target\":[\"https:\/\/innova.campogalego.gal\/es\/campus-terra-es\/curso-sobre-teledeteccion-forestal-herramientas-y-aplicaciones.html\"]}]},{\"@type\":\"BreadcrumbList\",\"@id\":\"https:\/\/innova.campogalego.gal\/es\/campus-terra-es\/curso-sobre-teledeteccion-forestal-herramientas-y-aplicaciones.html#breadcrumb\",\"itemListElement\":[{\"@type\":\"ListItem\",\"position\":1,\"name\":\"Portada\",\"item\":\"https:\/\/innova.campogalego.gal\/es\"},{\"@type\":\"ListItem\",\"position\":2,\"name\":\"Curso sobre Teledetecci\u00f3n Forestal: Herramientas y Aplicaciones\"}]},{\"@type\":\"WebSite\",\"@id\":\"https:\/\/innova.campogalego.gal\/es#website\",\"url\":\"https:\/\/innova.campogalego.gal\/es\",\"name\":\"Innova - Campo Galego\",\"description\":\"\",\"potentialAction\":[{\"@type\":\"SearchAction\",\"target\":{\"@type\":\"EntryPoint\",\"urlTemplate\":\"https:\/\/innova.campogalego.gal\/es?s={search_term_string}\"},\"query-input\":\"required name=search_term_string\"}],\"inLanguage\":\"es\"},{\"@type\":\"Person\",\"@id\":\"https:\/\/innova.campogalego.gal\/es#\/schema\/person\/6e4b7d6d686e401bec27d34264139b0e\",\"name\":\"Ines Abelenda\",\"image\":{\"@type\":\"ImageObject\",\"inLanguage\":\"es\",\"@id\":\"https:\/\/innova.campogalego.gal\/es#\/schema\/person\/image\/\",\"url\":\"https:\/\/secure.gravatar.com\/avatar\/437a17220ee2261420e7298355a194eb?s=96&d=mm&r=g\",\"contentUrl\":\"https:\/\/secure.gravatar.com\/avatar\/437a17220ee2261420e7298355a194eb?s=96&d=mm&r=g\",\"caption\":\"Ines Abelenda\"},\"url\":\"https:\/\/innova.campogalego.gal\/es\/author\/ines\"}]}<\/script>\n<!-- \/ Yoast SEO plugin. -->","yoast_head_json":{"title":"Curso sobre Teledetecci\u00f3n Forestal: Herramientas y Aplicaciones - Innova - Campo Galego","robots":{"index":"index","follow":"follow","max-snippet":"max-snippet:-1","max-image-preview":"max-image-preview:large","max-video-preview":"max-video-preview:-1"},"canonical":"https:\/\/innova.campogalego.gal\/es\/campus-terra-es\/curso-sobre-teledeteccion-forestal-herramientas-y-aplicaciones.html","og_locale":"es_ES","og_type":"article","og_title":"Curso sobre Teledetecci\u00f3n Forestal: Herramientas y Aplicaciones - Innova - Campo Galego","og_description":"El curso \u201cTeledetecci\u00f3n Forestal: Ferramentas e Aplicaci\u00f3ns\u201d, organizado por la Escuela Polit\u00e9cnica Superior, tendr\u00e1 lugar del 28 al 30 de mayo de 9.00h a 14.00h en [\u2026]","og_url":"https:\/\/innova.campogalego.gal\/es\/campus-terra-es\/curso-sobre-teledeteccion-forestal-herramientas-y-aplicaciones.html","og_site_name":"Innova - Campo Galego","article_published_time":"2025-05-09T18:55:48+00:00","og_image":[{"width":1200,"height":821,"url":"https:\/\/innova.campogalego.gal\/wp-content\/uploads\/2025\/05\/teledeteccion.jpg","type":"image\/jpeg"}],"author":"Ines Abelenda","twitter_card":"summary_large_image","twitter_misc":{"Escrito por":"Ines Abelenda","Tiempo de lectura":"2 minutos"},"schema":{"@context":"https:\/\/schema.org","@graph":[{"@type":"WebPage","@id":"https:\/\/innova.campogalego.gal\/es\/campus-terra-es\/curso-sobre-teledeteccion-forestal-herramientas-y-aplicaciones.html","url":"https:\/\/innova.campogalego.gal\/es\/campus-terra-es\/curso-sobre-teledeteccion-forestal-herramientas-y-aplicaciones.html","name":"Curso sobre Teledetecci\u00f3n Forestal: Herramientas y Aplicaciones - Innova - Campo Galego","isPartOf":{"@id":"https:\/\/innova.campogalego.gal\/es#website"},"datePublished":"2025-05-09T18:55:48+00:00","dateModified":"2025-05-09T18:55:48+00:00","author":{"@id":"https:\/\/innova.campogalego.gal\/es#\/schema\/person\/6e4b7d6d686e401bec27d34264139b0e"},"breadcrumb":{"@id":"https:\/\/innova.campogalego.gal\/es\/campus-terra-es\/curso-sobre-teledeteccion-forestal-herramientas-y-aplicaciones.html#breadcrumb"},"inLanguage":"es","potentialAction":[{"@type":"ReadAction","target":["https:\/\/innova.campogalego.gal\/es\/campus-terra-es\/curso-sobre-teledeteccion-forestal-herramientas-y-aplicaciones.html"]}]},{"@type":"BreadcrumbList","@id":"https:\/\/innova.campogalego.gal\/es\/campus-terra-es\/curso-sobre-teledeteccion-forestal-herramientas-y-aplicaciones.html#breadcrumb","itemListElement":[{"@type":"ListItem","position":1,"name":"Portada","item":"https:\/\/innova.campogalego.gal\/es"},{"@type":"ListItem","position":2,"name":"Curso sobre Teledetecci\u00f3n Forestal: Herramientas y Aplicaciones"}]},{"@type":"WebSite","@id":"https:\/\/innova.campogalego.gal\/es#website","url":"https:\/\/innova.campogalego.gal\/es","name":"Innova - Campo Galego","description":"","potentialAction":[{"@type":"SearchAction","target":{"@type":"EntryPoint","urlTemplate":"https:\/\/innova.campogalego.gal\/es?s={search_term_string}"},"query-input":"required name=search_term_string"}],"inLanguage":"es"},{"@type":"Person","@id":"https:\/\/innova.campogalego.gal\/es#\/schema\/person\/6e4b7d6d686e401bec27d34264139b0e","name":"Ines Abelenda","image":{"@type":"ImageObject","inLanguage":"es","@id":"https:\/\/innova.campogalego.gal\/es#\/schema\/person\/image\/","url":"https:\/\/secure.gravatar.com\/avatar\/437a17220ee2261420e7298355a194eb?s=96&d=mm&r=g","contentUrl":"https:\/\/secure.gravatar.com\/avatar\/437a17220ee2261420e7298355a194eb?s=96&d=mm&r=g","caption":"Ines Abelenda"},"url":"https:\/\/innova.campogalego.gal\/es\/author\/ines"}]}},"_links":{"self":[{"href":"https:\/\/innova.campogalego.gal\/es\/wp-json\/wp\/v2\/posts\/6130"}],"collection":[{"href":"https:\/\/innova.campogalego.gal\/es\/wp-json\/wp\/v2\/posts"}],"about":[{"href":"https:\/\/innova.campogalego.gal\/es\/wp-json\/wp\/v2\/types\/post"}],"author":[{"embeddable":true,"href":"https:\/\/innova.campogalego.gal\/es\/wp-json\/wp\/v2\/users\/12"}],"replies":[{"embeddable":true,"href":"https:\/\/innova.campogalego.gal\/es\/wp-json\/wp\/v2\/comments?post=6130"}],"version-history":[{"count":2,"href":"https:\/\/innova.campogalego.gal\/es\/wp-json\/wp\/v2\/posts\/6130\/revisions"}],"predecessor-version":[{"id":6136,"href":"https:\/\/innova.campogalego.gal\/es\/wp-json\/wp\/v2\/posts\/6130\/revisions\/6136"}],"wp:featuredmedia":[{"embeddable":true,"href":"https:\/\/innova.campogalego.gal\/es\/wp-json\/wp\/v2\/media\/6123"}],"wp:attachment":[{"href":"https:\/\/innova.campogalego.gal\/es\/wp-json\/wp\/v2\/media?parent=6130"}],"wp:term":[{"taxonomy":"category","embeddable":true,"href":"https:\/\/innova.campogalego.gal\/es\/wp-json\/wp\/v2\/categories?post=6130"},{"taxonomy":"post_tag","embeddable":true,"href":"https:\/\/innova.campogalego.gal\/es\/wp-json\/wp\/v2\/tags?post=6130"}],"curies":[{"name":"wp","href":"https:\/\/api.w.org\/{rel}","templated":true}]}}