{"id":6180,"date":"2025-05-20T19:59:07","date_gmt":"2025-05-20T17:59:07","guid":{"rendered":"https:\/\/innova.campogalego.gal\/?p=6180"},"modified":"2025-05-21T20:06:22","modified_gmt":"2025-05-21T18:06:22","slug":"el-uso-de-agua-en-el-vinedo-sin-una-buena-gestion-influye-negativamente-en-la-calidad-de-la-uva","status":"publish","type":"post","link":"https:\/\/innova.campogalego.gal\/es\/vina-es\/el-uso-de-agua-en-el-vinedo-sin-una-buena-gestion-influye-negativamente-en-la-calidad-de-la-uva.html","title":{"rendered":"\u201cEl uso de agua en el vi\u00f1edo sin una buena gesti\u00f3n influye negativamente en la calidad de la uva\u201d"},"content":{"rendered":"<p><strong><img decoding=\"async\" loading=\"lazy\" class=\"aligncenter size-full wp-image-6178 lazyload\" src=\"data:image\/gif;base64,R0lGODlhAQABAAAAACH5BAEKAAEALAAAAAABAAEAAAICTAEAOw==\" alt=\"\" width=\"1320\" height=\"880\" sizes=\"(max-width:767px) 480px, (max-width:1320px) 100vw, 1320px\" data-src=\"https:\/\/innova.campogalego.gal\/wp-content\/uploads\/2025\/05\/Mar-Vilanova-prerivid.jpg\" data-srcset=\"https:\/\/innova.campogalego.gal\/wp-content\/uploads\/2025\/05\/Mar-Vilanova-prerivid.jpg 1320w, https:\/\/innova.campogalego.gal\/wp-content\/uploads\/2025\/05\/Mar-Vilanova-prerivid-300x200.jpg 300w, https:\/\/innova.campogalego.gal\/wp-content\/uploads\/2025\/05\/Mar-Vilanova-prerivid-1024x683.jpg 1024w\">Mar Vilanova de la Torre<\/strong> es investigadora del CSIC en el <a href=\"https:\/\/www.icvv.es\/\" target=\"_blank\" rel=\"noopener\"><strong>Instituto de Ciencias de la Vid y del Vino (ICVV)<\/strong> <\/a>y acumula unha amplia trayectoria profesional en el estudio de la mejora de la calidad de la uva y el vino mediante procesos enol\u00f3gicos y optimizaci\u00f3n de sistemas de producci\u00f3n vit\u00edcola, asi como sobre el efecto del estr\u00e9s abi\u00f3tico sobre la calidad arom\u00e1tica de la uva y del vino.<\/p>\n<p>Hablamos con ella sobre estas l\u00edneas de investigaci\u00f3n y sobre su participaci\u00f3n en el proyecto<a href=\"https:\/\/prerivid.es\/\" target=\"_blank\" rel=\"noopener\"><em><strong>\u00a0\u201cPRERIVID:\u00a0Predicci\u00f3n de necesidades h\u00eddricas del vi\u00f1edo para un uso sostenible del agua de riego\u201d.\u00a0<\/strong><\/em><\/a><\/p>\n<p><strong>-\u00bfEn que consiste tu trabajo dentro del CSIC?<\/strong><br \/>\nSoy investigadora del CSIC en el Instituto de Ciencias de la Vid y del Vino (ICVV), en Logro\u00f1o (La Rioja) y desde octubre de 2024 asum\u00ed la direcci\u00f3n del Instituto despu\u00e9s de la jubilaci\u00f3n de Jos\u00e9 Miguel Mart\u00ednez-Zapater.<\/p>\n<p>Reparto mi tiempo entre la direcci\u00f3n del ICVV y mi trabajo como investigadora en el grupo \u201cCalidad de uva y vino y dieta Mediterr\u00e1nea\u201d (MedWineQuality). Mi l\u00ednea de investigaci\u00f3n va dirigida a la mejora de la calidad de la uva y el vino mediante procesos enol\u00f3gicos y optimizaci\u00f3n de sistemas de producci\u00f3n vit\u00edcola, asi como al efecto del estr\u00e9s abi\u00f3tico sobre la calidad arom\u00e1tica de la uva y del vino.<\/p>\n<p><strong>-En este sentido, \u00bfque os llev\u00f3 a participar en el proyecto PRERIVID?<\/strong><br \/>\nMi l\u00ednea de trabajo incluye estr\u00e9s abi\u00f3tico y sus efectos sobre la calidad de la uva, por lo que llevo a\u00f1os trabajando en estr\u00e9s h\u00eddrico y gesti\u00f3n eficiente del agua de riego en el vi\u00f1edo. Junto con la Unidad Asociada al CSIC (CropQuality) de la Universidad de Santiago de Compostela (USC-PROePLA), dirigida por el Dr. Javier Cancela, llevamos a\u00f1os trabajando en esta l\u00ednea desarrollando proyectos con otros grupos de Espa\u00f1a y tambi\u00e9n en Galicia. Dada nuestra experiencia en este tema, contactaron con nosotros para participar en este proyecto. Adem\u00e1s con uno de los l\u00edderes del proyecto (Bodega Quinta Couselo) ya llev\u00e1bamos a\u00f1os trabajando en la zona de la Ribeira Sacra (Bodega Ponte da Boga).<\/p>\n<p><strong>-\u00bfCu\u00e1les son los cometidos del CSIC dentro de este proyecto y que actuaciones se realizaron hasta ahora y cuales se prev\u00e9n para este 2025?<\/strong><br \/>\nDesde el CSIC-ICVV desarrollamos los estudios de calidad arom\u00e1tica de la uva y el vino en funci\u00f3n del uso del agua, con la finalidad de poder predecir las necesidades h\u00eddricas del vi\u00f1edo para un uso sostenible del agua de riego, preservando la calidad de la uva. En este sentido estamos trabajando con la variedad Cai\u00f1o blanco en colaboraci\u00f3n con la Bodega Quinta Couselo (Galicia).<\/p>\n<p>Por otra parte, tambi\u00e9n estamos implicados en el estudio de efecto del uso de caol\u00edn, mineral que protege las hojas reduciendo estr\u00e9s t\u00e9rmico y transpiraci\u00f3n excesiva, sobre la calidad de la uva y el vino elaborado con las variedades Monastrell y Tempranillo en colaboraci\u00f3n con Bodegas Enguera (Valencia).<\/p>\n<p>Por \u00faltimo, uno de nuestros objetivos es poder predecir el estado h\u00eddrico de la planta, para ello estamos estudiando la correlaci\u00f3n del potencial h\u00eddrico del tallo con espectroscop\u00eda en diferentes rangos: Visible, Ultravioleta, Infrarrojo cercano e Infrarrojo Medio (VIS-UV-NIR-MIR). Este trabajo se lleva a cabo en las Bodegas Quinta Couselo y Bodegas Enguera y para ello estamos utilizando un equipo espectrosc\u00f3pico de alta capacidad con un amplio rango espectral (190-2600 nm) junto con los potenciales h\u00eddricos de tallo. El objetivo es hacer un an\u00e1lisis integral de la variabilidad del estado h\u00eddrico en los vi\u00f1edos. En este primer a\u00f1o, hemos utilizado los datos obtenidos de las muestras de hoja para calibrar y validar el modelo que posteriormente utilizaremos para establecer las correlaciones.<\/p>\n<blockquote><p>\u201cEl uso de agua en el vi\u00f1edo sin una buena gesti\u00f3n influye negativamente en la calidad de la uva\u201d<\/p><\/blockquote>\n<p><strong>-En base a tu experiencia y los trabajos publicados, \u00bfComo influye el riego del vi\u00f1edo en el perfil arom\u00e1tico de los vinos?<\/strong><br \/>\nComo dije anteriormente, nosotros llevamos trabajando en esta l\u00ednea de investigaci\u00f3n desde hace a\u00f1os en diferentes zonas de Espa\u00f1a y con diferentes variedades de vid. Esto nos ha permitido observar diferencias en el comportamiento en funci\u00f3n de la variedad, ya que la composici\u00f3n arom\u00e1tica es diferente y las familias afectadas son diferentes.<\/p>\n<p>Sin embargo, tambi\u00e9n hemos observado que es fundamental saber cu\u00e1ndo y cuanto regar, es decir, conocer las necesidades h\u00eddricas de la planta y el momento en el que se producen estas necesidades, para poder gestionar el uso del agua de forma adecuada.<\/p>\n<p>Hemos observado que el uso de agua en el vi\u00f1edo sin una buena gesti\u00f3n influye negativamente en la calidad de la uva.<\/p>\n<blockquote><p>\u201cEl uso de caol\u00edn en la variedad Monastrell repercuti\u00f3 positivamente en el nivel de calidad arom\u00e1tica del vino\u201d<\/p><\/blockquote>\n<p><strong>-Otra l\u00ednea de trabajo que se analiza en el proyecto PRERIVID es el empleo del caol\u00edn para reducir las necesidades h\u00eddricas del vi\u00f1edo. \u00bfComo influye tambi\u00e9n en las caracter\u00edsticas de la uva y del vino?<\/strong><br \/>\nEn este proyecto estamos implicados en el estudio de efecto del uso de caol\u00edn sobre la calidad arom\u00e1tica de las variedades Tempranillo y Monastrell cultivadas en Valencia (Bodegas Enguera). El caol\u00edn es un mineral que forma una pel\u00edcula protectora en las hojas, ayudando a reducir el estr\u00e9s t\u00e9rmico y la transpiraci\u00f3n excesiva, lo que permite optimizar el uso del agua en condiciones de alta temperatura y radiaci\u00f3n solar.<\/p>\n<p>A nivel de resultados es pronto para sacar conclusiones. Sin embargo, podemos decir que en esta primera cosecha 2024 hemos observado algunos cambios en algunas familias de compuestos arom\u00e1ticos de la uva cuando se aplica caol\u00edn en el vi\u00f1edo frente al control. Esteres, C13-noriproneoides o compuestos C6, todos ellos muy interesantes a nivel de calidad arom\u00e1tica del vino, se vieron afectados positivamente por el uso del caol\u00edn en la variedad Monastrell. Este resultado es importante, pero debemos confirmarlo con m\u00e1s a\u00f1os de estudio.<\/p>\n<p><strong>-En general, \u00bfque esperas que\u00a0aporte este proyecto al sector?<\/strong><br \/>\nPor un lado, aportar nuevos conocimientos sobre la gesti\u00f3n del agua en el vi\u00f1edo en este nuevo escenario, de forma que el viticultor pueda ajustar el riego de forma precisa para preservar y mejorar la calidad de la uva.<\/p>\n<p>Por otra parte, ayudar\u00e1 a la concienciaci\u00f3n respecto al uso responsable de los recursos h\u00eddricos que cada vez ser\u00e1n m\u00e1s escasos. Debemos ser conscientes de que el sector vitivin\u00edcola se enfrenta a un gran desaf\u00edo como es la adaptaci\u00f3n a las nuevas condiciones clim\u00e1ticas que est\u00e1n provocando serios problemas debido a los aumentos de temperatura y descenso del agua disponible. Como consecuencia de esta nueva situaci\u00f3n, se est\u00e1n produciendo cambios en la calidad de la uva por el exceso de maduraci\u00f3n que adelanta el momento de vendimia lo que provoca desequilibrios entre el metabolismo primario y secundario, afectando negativamente a la calidad de la uva y, en consecuencia, tambi\u00e9n del vino. Debemos adaptarnos a los efectos del cambio clim\u00e1tico y para ello debemos cambiar nuestra forma de gestionar el vi\u00f1edo.<\/p>\n<p><img decoding=\"async\" loading=\"lazy\" class=\"aligncenter size-full wp-image-5893 lazyload\" src=\"data:image\/gif;base64,R0lGODlhAQABAAAAACH5BAEKAAEALAAAAAABAAEAAAICTAEAOw==\" alt=\"\" width=\"1064\" height=\"182\" sizes=\"(max-width:767px) 480px, (max-width:1064px) 100vw, 1064px\" data-src=\"https:\/\/innova.campogalego.gal\/wp-content\/uploads\/2025\/04\/logos.png\" data-srcset=\"https:\/\/innova.campogalego.gal\/wp-content\/uploads\/2025\/04\/logos.png 1064w, https:\/\/innova.campogalego.gal\/wp-content\/uploads\/2025\/04\/logos-300x51.png 300w, https:\/\/innova.campogalego.gal\/wp-content\/uploads\/2025\/04\/logos-1024x175.png 1024w\"><\/p>\n<p><em>El Grupo Operativo PRERIVID est\u00e1 enmarcado en el Plan Estrat\u00e9gico de la Pol\u00edtica Agraria Com\u00fan (PEPAC) 2023-2027, financiado en un 80 % por el Fondo Europeo Agr\u00edcola de Desarrollo Rural (FEADER) de la Uni\u00f3n Europea y en un 20 % por el Ministerio de Agricultura, Pesca y Alimentaci\u00f3n (MAPA). La Direcci\u00f3n General de Desarrollo Rural, Innovaci\u00f3n y Formaci\u00f3n Agroalimentaria (DGDRIFA) es la autoridad encargada de la aplicaci\u00f3n de dichas ayudas. Presupuesto total del proyecto: 589.371,54 \u20ac. Subvenci\u00f3n total: 583.385,01 \u20ac.<\/em><br \/>\n<em>El Grupo Operativo PRERIVID es la entidad responsable de este contenido.<\/em><\/p>\n","protected":false},"excerpt":{"rendered":"<p>Mar Vilanova de la Torre es investigadora del CSIC en el Instituto de Ciencias de la Vid y del Vino (ICVV) y acumula unha amplia trayectoria<span class=\"excerpt-hellip\"> [\u2026]<\/span><\/p>\n","protected":false},"author":8,"featured_media":6178,"comment_status":"open","ping_status":"open","sticky":false,"template":"","format":"standard","meta":{"footnotes":""},"categories":[91],"tags":[460,116,317],"acf":[],"yoast_head":"<!-- This site is optimized with the Yoast SEO plugin v21.2 - https:\/\/yoast.com\/wordpress\/plugins\/seo\/ -->\n<title>\u201cEl uso de agua en el vi\u00f1edo sin una buena gesti\u00f3n influye negativamente en la calidad de la uva\u201d - Innova - Campo Galego<\/title>\n<meta name=\"robots\" content=\"index, follow, max-snippet:-1, max-image-preview:large, max-video-preview:-1\" \/>\n<link rel=\"canonical\" href=\"https:\/\/innova.campogalego.gal\/es\/vina-es\/el-uso-de-agua-en-el-vinedo-sin-una-buena-gestion-influye-negativamente-en-la-calidad-de-la-uva.html\" \/>\n<meta property=\"og:locale\" content=\"es_ES\" \/>\n<meta property=\"og:type\" content=\"article\" \/>\n<meta property=\"og:title\" content=\"\u201cEl uso de agua en el vi\u00f1edo sin una buena gesti\u00f3n influye negativamente en la calidad de la uva\u201d - Innova - Campo Galego\" \/>\n<meta property=\"og:description\" content=\"Mar Vilanova de la Torre es investigadora del CSIC en el Instituto de Ciencias de la Vid y del Vino (ICVV) y acumula unha amplia trayectoria [\u2026]\" \/>\n<meta property=\"og:url\" content=\"https:\/\/innova.campogalego.gal\/es\/vina-es\/el-uso-de-agua-en-el-vinedo-sin-una-buena-gestion-influye-negativamente-en-la-calidad-de-la-uva.html\" \/>\n<meta property=\"og:site_name\" content=\"Innova - Campo Galego\" \/>\n<meta property=\"article:published_time\" content=\"2025-05-20T17:59:07+00:00\" \/>\n<meta property=\"article:modified_time\" content=\"2025-05-21T18:06:22+00:00\" \/>\n<meta property=\"og:image\" content=\"https:\/\/innova.campogalego.gal\/wp-content\/uploads\/2025\/05\/Mar-Vilanova-prerivid.jpg\" \/>\n\t<meta property=\"og:image:width\" content=\"1320\" \/>\n\t<meta property=\"og:image:height\" content=\"880\" \/>\n\t<meta property=\"og:image:type\" content=\"image\/jpeg\" \/>\n<meta name=\"author\" content=\"David Gonz\u00e1lez\" \/>\n<meta name=\"twitter:card\" content=\"summary_large_image\" \/>\n<meta name=\"twitter:label1\" content=\"Escrito por\" \/>\n\t<meta name=\"twitter:data1\" content=\"David Gonz\u00e1lez\" \/>\n\t<meta name=\"twitter:label2\" content=\"Tiempo de lectura\" \/>\n\t<meta name=\"twitter:data2\" content=\"7 minutos\" \/>\n<script type=\"application\/ld+json\" class=\"yoast-schema-graph\">{\"@context\":\"https:\/\/schema.org\",\"@graph\":[{\"@type\":\"WebPage\",\"@id\":\"https:\/\/innova.campogalego.gal\/es\/vina-es\/el-uso-de-agua-en-el-vinedo-sin-una-buena-gestion-influye-negativamente-en-la-calidad-de-la-uva.html\",\"url\":\"https:\/\/innova.campogalego.gal\/es\/vina-es\/el-uso-de-agua-en-el-vinedo-sin-una-buena-gestion-influye-negativamente-en-la-calidad-de-la-uva.html\",\"name\":\"\u201cEl uso de agua en el vi\u00f1edo sin una buena gesti\u00f3n influye negativamente en la calidad de la uva\u201d - Innova - Campo Galego\",\"isPartOf\":{\"@id\":\"https:\/\/innova.campogalego.gal\/es#website\"},\"datePublished\":\"2025-05-20T17:59:07+00:00\",\"dateModified\":\"2025-05-21T18:06:22+00:00\",\"author\":{\"@id\":\"https:\/\/innova.campogalego.gal\/es#\/schema\/person\/9da4eb4e8b2916b8ccf46b6dd679f8fa\"},\"breadcrumb\":{\"@id\":\"https:\/\/innova.campogalego.gal\/es\/vina-es\/el-uso-de-agua-en-el-vinedo-sin-una-buena-gestion-influye-negativamente-en-la-calidad-de-la-uva.html#breadcrumb\"},\"inLanguage\":\"es\",\"potentialAction\":[{\"@type\":\"ReadAction\",\"target\":[\"https:\/\/innova.campogalego.gal\/es\/vina-es\/el-uso-de-agua-en-el-vinedo-sin-una-buena-gestion-influye-negativamente-en-la-calidad-de-la-uva.html\"]}]},{\"@type\":\"BreadcrumbList\",\"@id\":\"https:\/\/innova.campogalego.gal\/es\/vina-es\/el-uso-de-agua-en-el-vinedo-sin-una-buena-gestion-influye-negativamente-en-la-calidad-de-la-uva.html#breadcrumb\",\"itemListElement\":[{\"@type\":\"ListItem\",\"position\":1,\"name\":\"Portada\",\"item\":\"https:\/\/innova.campogalego.gal\/es\"},{\"@type\":\"ListItem\",\"position\":2,\"name\":\"\u201cEl uso de agua en el vi\u00f1edo sin una buena gesti\u00f3n influye negativamente en la calidad de la uva\u201d\"}]},{\"@type\":\"WebSite\",\"@id\":\"https:\/\/innova.campogalego.gal\/es#website\",\"url\":\"https:\/\/innova.campogalego.gal\/es\",\"name\":\"Innova - Campo Galego\",\"description\":\"\",\"potentialAction\":[{\"@type\":\"SearchAction\",\"target\":{\"@type\":\"EntryPoint\",\"urlTemplate\":\"https:\/\/innova.campogalego.gal\/es?s={search_term_string}\"},\"query-input\":\"required name=search_term_string\"}],\"inLanguage\":\"es\"},{\"@type\":\"Person\",\"@id\":\"https:\/\/innova.campogalego.gal\/es#\/schema\/person\/9da4eb4e8b2916b8ccf46b6dd679f8fa\",\"name\":\"David Gonz\u00e1lez\",\"image\":{\"@type\":\"ImageObject\",\"inLanguage\":\"es\",\"@id\":\"https:\/\/innova.campogalego.gal\/es#\/schema\/person\/image\/\",\"url\":\"https:\/\/secure.gravatar.com\/avatar\/04102c824107627242b6f1350a10c01f?s=96&d=mm&r=g\",\"contentUrl\":\"https:\/\/secure.gravatar.com\/avatar\/04102c824107627242b6f1350a10c01f?s=96&d=mm&r=g\",\"caption\":\"David Gonz\u00e1lez\"},\"url\":\"https:\/\/innova.campogalego.gal\/es\/author\/david\"}]}<\/script>\n<!-- \/ Yoast SEO plugin. -->","yoast_head_json":{"title":"\u201cEl uso de agua en el vi\u00f1edo sin una buena gesti\u00f3n influye negativamente en la calidad de la uva\u201d - Innova - Campo Galego","robots":{"index":"index","follow":"follow","max-snippet":"max-snippet:-1","max-image-preview":"max-image-preview:large","max-video-preview":"max-video-preview:-1"},"canonical":"https:\/\/innova.campogalego.gal\/es\/vina-es\/el-uso-de-agua-en-el-vinedo-sin-una-buena-gestion-influye-negativamente-en-la-calidad-de-la-uva.html","og_locale":"es_ES","og_type":"article","og_title":"\u201cEl uso de agua en el vi\u00f1edo sin una buena gesti\u00f3n influye negativamente en la calidad de la uva\u201d - Innova - Campo Galego","og_description":"Mar Vilanova de la Torre es investigadora del CSIC en el Instituto de Ciencias de la Vid y del Vino (ICVV) y acumula unha amplia trayectoria [\u2026]","og_url":"https:\/\/innova.campogalego.gal\/es\/vina-es\/el-uso-de-agua-en-el-vinedo-sin-una-buena-gestion-influye-negativamente-en-la-calidad-de-la-uva.html","og_site_name":"Innova - Campo Galego","article_published_time":"2025-05-20T17:59:07+00:00","article_modified_time":"2025-05-21T18:06:22+00:00","og_image":[{"width":1320,"height":880,"url":"https:\/\/innova.campogalego.gal\/wp-content\/uploads\/2025\/05\/Mar-Vilanova-prerivid.jpg","type":"image\/jpeg"}],"author":"David Gonz\u00e1lez","twitter_card":"summary_large_image","twitter_misc":{"Escrito por":"David Gonz\u00e1lez","Tiempo de lectura":"7 minutos"},"schema":{"@context":"https:\/\/schema.org","@graph":[{"@type":"WebPage","@id":"https:\/\/innova.campogalego.gal\/es\/vina-es\/el-uso-de-agua-en-el-vinedo-sin-una-buena-gestion-influye-negativamente-en-la-calidad-de-la-uva.html","url":"https:\/\/innova.campogalego.gal\/es\/vina-es\/el-uso-de-agua-en-el-vinedo-sin-una-buena-gestion-influye-negativamente-en-la-calidad-de-la-uva.html","name":"\u201cEl uso de agua en el vi\u00f1edo sin una buena gesti\u00f3n influye negativamente en la calidad de la uva\u201d - Innova - Campo Galego","isPartOf":{"@id":"https:\/\/innova.campogalego.gal\/es#website"},"datePublished":"2025-05-20T17:59:07+00:00","dateModified":"2025-05-21T18:06:22+00:00","author":{"@id":"https:\/\/innova.campogalego.gal\/es#\/schema\/person\/9da4eb4e8b2916b8ccf46b6dd679f8fa"},"breadcrumb":{"@id":"https:\/\/innova.campogalego.gal\/es\/vina-es\/el-uso-de-agua-en-el-vinedo-sin-una-buena-gestion-influye-negativamente-en-la-calidad-de-la-uva.html#breadcrumb"},"inLanguage":"es","potentialAction":[{"@type":"ReadAction","target":["https:\/\/innova.campogalego.gal\/es\/vina-es\/el-uso-de-agua-en-el-vinedo-sin-una-buena-gestion-influye-negativamente-en-la-calidad-de-la-uva.html"]}]},{"@type":"BreadcrumbList","@id":"https:\/\/innova.campogalego.gal\/es\/vina-es\/el-uso-de-agua-en-el-vinedo-sin-una-buena-gestion-influye-negativamente-en-la-calidad-de-la-uva.html#breadcrumb","itemListElement":[{"@type":"ListItem","position":1,"name":"Portada","item":"https:\/\/innova.campogalego.gal\/es"},{"@type":"ListItem","position":2,"name":"\u201cEl uso de agua en el vi\u00f1edo sin una buena gesti\u00f3n influye negativamente en la calidad de la uva\u201d"}]},{"@type":"WebSite","@id":"https:\/\/innova.campogalego.gal\/es#website","url":"https:\/\/innova.campogalego.gal\/es","name":"Innova - Campo Galego","description":"","potentialAction":[{"@type":"SearchAction","target":{"@type":"EntryPoint","urlTemplate":"https:\/\/innova.campogalego.gal\/es?s={search_term_string}"},"query-input":"required name=search_term_string"}],"inLanguage":"es"},{"@type":"Person","@id":"https:\/\/innova.campogalego.gal\/es#\/schema\/person\/9da4eb4e8b2916b8ccf46b6dd679f8fa","name":"David Gonz\u00e1lez","image":{"@type":"ImageObject","inLanguage":"es","@id":"https:\/\/innova.campogalego.gal\/es#\/schema\/person\/image\/","url":"https:\/\/secure.gravatar.com\/avatar\/04102c824107627242b6f1350a10c01f?s=96&d=mm&r=g","contentUrl":"https:\/\/secure.gravatar.com\/avatar\/04102c824107627242b6f1350a10c01f?s=96&d=mm&r=g","caption":"David Gonz\u00e1lez"},"url":"https:\/\/innova.campogalego.gal\/es\/author\/david"}]}},"_links":{"self":[{"href":"https:\/\/innova.campogalego.gal\/es\/wp-json\/wp\/v2\/posts\/6180"}],"collection":[{"href":"https:\/\/innova.campogalego.gal\/es\/wp-json\/wp\/v2\/posts"}],"about":[{"href":"https:\/\/innova.campogalego.gal\/es\/wp-json\/wp\/v2\/types\/post"}],"author":[{"embeddable":true,"href":"https:\/\/innova.campogalego.gal\/es\/wp-json\/wp\/v2\/users\/8"}],"replies":[{"embeddable":true,"href":"https:\/\/innova.campogalego.gal\/es\/wp-json\/wp\/v2\/comments?post=6180"}],"version-history":[{"count":2,"href":"https:\/\/innova.campogalego.gal\/es\/wp-json\/wp\/v2\/posts\/6180\/revisions"}],"predecessor-version":[{"id":6195,"href":"https:\/\/innova.campogalego.gal\/es\/wp-json\/wp\/v2\/posts\/6180\/revisions\/6195"}],"wp:featuredmedia":[{"embeddable":true,"href":"https:\/\/innova.campogalego.gal\/es\/wp-json\/wp\/v2\/media\/6178"}],"wp:attachment":[{"href":"https:\/\/innova.campogalego.gal\/es\/wp-json\/wp\/v2\/media?parent=6180"}],"wp:term":[{"taxonomy":"category","embeddable":true,"href":"https:\/\/innova.campogalego.gal\/es\/wp-json\/wp\/v2\/categories?post=6180"},{"taxonomy":"post_tag","embeddable":true,"href":"https:\/\/innova.campogalego.gal\/es\/wp-json\/wp\/v2\/tags?post=6180"}],"curies":[{"name":"wp","href":"https:\/\/api.w.org\/{rel}","templated":true}]}}