{"id":6320,"date":"2026-01-20T11:57:20","date_gmt":"2026-01-20T10:57:20","guid":{"rendered":"https:\/\/innova.campogalego.gal\/?p=6320"},"modified":"2026-01-20T11:57:20","modified_gmt":"2026-01-20T10:57:20","slug":"los-incendios-de-o-courel-provocaron-una-perdida-masiva-de-suelo-en-zonas-altas-por-escorrentia","status":"publish","type":"post","link":"https:\/\/innova.campogalego.gal\/es\/campus-terra-es\/los-incendios-de-o-courel-provocaron-una-perdida-masiva-de-suelo-en-zonas-altas-por-escorrentia.html","title":{"rendered":"\u201cLos incendios de O Courel provocaron una p\u00e9rdida masiva de suelo en zonas altas por escorrent\u00eda\u201d"},"content":{"rendered":"<div id=\"attachment_6234\" style=\"width: 1210px\" class=\"wp-caption aligncenter\"><img aria-describedby=\"caption-attachment-6234\" decoding=\"async\" loading=\"lazy\" class=\"size-full wp-image-6234 lazyload\" src=\"data:image\/gif;base64,R0lGODlhAQABAAAAACH5BAEKAAEALAAAAAABAAEAAAICTAEAOw==\" alt=\"\" width=\"1200\" height=\"800\" sizes=\"(max-width:767px) 480px, (max-width:1200px) 100vw, 1200px\" data-src=\"https:\/\/innova.campogalego.gal\/wp-content\/uploads\/2025\/05\/Proxectos-Colaborativos-Campus-Terra-EDUCASOILFIRE-Pablo-Souza.jpg\" data-srcset=\"https:\/\/innova.campogalego.gal\/wp-content\/uploads\/2025\/05\/Proxectos-Colaborativos-Campus-Terra-EDUCASOILFIRE-Pablo-Souza.jpg 1200w, https:\/\/innova.campogalego.gal\/wp-content\/uploads\/2025\/05\/Proxectos-Colaborativos-Campus-Terra-EDUCASOILFIRE-Pablo-Souza-300x200.jpg 300w, https:\/\/innova.campogalego.gal\/wp-content\/uploads\/2025\/05\/Proxectos-Colaborativos-Campus-Terra-EDUCASOILFIRE-Pablo-Souza-1024x683.jpg 1024w\"><p id=\"caption-attachment-6234\" class=\"wp-caption-text\">Pablo Souza, explicando los objetivos del proyecto<\/p><\/div>\n<p>Cuando las llamas arrasan una zona forestal, son claramente visibles los efectos del fuego sobre la superficie arbolada o arbustiva del monte, pero menos las consecuencias directas sobre el suelo, que sin embargo tarda mucho m\u00e1s tiempo en regenerarse que la propia vegetaci\u00f3n.<\/p>\n<p>\u201cEn Galicia los incendios son la problem\u00e1tica ambiental n\u00famero uno, pero muchas veces pasan desapercibidos sus efectos en el suelo\u201d, afirma Pablo Souza, investigador principal del proyecto (E)4DUCASOILfire, un <a href=\"https:\/\/innova.campogalego.gal\/es\/campus-terra-es\/queremos-que-la-juventud-lidere-la-investigacion-en-el-sector-agroganadero-y-forestal.html\" target=\"_blank\" rel=\"noopener\">Proyecto Colaborativo<\/a> del Campus Terra que analiza las consecuencias de los incendios que en el verano de 2022 quemaron cerca de 12.000 hect\u00e1reas en distintos puntos de la sierra del Courel.<\/p>\n<p>\u201cLos incendios son una de las principales amenazas ambientales de Galicia y los suelos sus principales perjudicados por la erosi\u00f3n y p\u00e9rdida de suelo que provocan los fuegos, y hay que tener en cuenta que el suelo tarda miles de a\u00f1os en formarse\u201d, aclara el investigador de la Escuela Polit\u00e9cnica de Lugo.<\/p>\n<p>En el suelo, la capa m\u00e1s afectada por el paso de un incendio forestal es la superficial, los primeros 30 cent\u00edmetros, que es donde se encuentra la materia org\u00e1nica y el carbono almacenado.<\/p>\n<p>\u201cLa materia org\u00e1nica del suelo es un componente clave e indicador de la salud del sistema, participando en diferentes procesos, ya que es esencial a nivel nutricional, mejorando la fertilidad del suelo y aumentando la disponibilidad de nutrientes, adem\u00e1s de aumentar la retenci\u00f3n de agua, mejorar la estructura y aireaci\u00f3n del suelo, reducir la erosi\u00f3n y proporcionar h\u00e1bitat para macro y microorganismos\u201d, enumera.<\/p>\n<blockquote><p>La materia org\u00e1nica del suelo es especialmente sensible al impacto producido por los incendios forestales<\/p><\/blockquote>\n<p>Pero a pesar de su importancia, la investigaci\u00f3n sobre la calidad de la materia org\u00e1nica es a\u00fan escasa. \u201cLos m\u00e9todos cuantitativos, y sobre todo cualitativos, para abordar la recuperaci\u00f3n de la materia org\u00e1nica y f\u00f3sforo en suelos degradados son escasos, pero comprender el impacto, respuesta y recuperaci\u00f3n de la materia org\u00e1nica y del f\u00f3sforo es fundamental para entender la resiliencia del sistema o la necesidad de restauraci\u00f3n\u201d, argumenta Pablo.<\/p>\n<h2><strong>Afectaciones al f\u00f3sforo y al carbono a diferentes profundidades<\/strong><\/h2>\n<p>Por eso, el estudio de las consecuencias de los incendios forestales de 2022 en el Courel sobre el suelo incluye an\u00e1lisis de la calidad y composici\u00f3n de la materia org\u00e1nica a distintas profundidades (0-2,5 cm; 2,5-5 cm; 5-10 cm), ya que las consecuencias son diferentes en funci\u00f3n de la severidad del fuego y la profundidad de la afectaci\u00f3n.<\/p>\n<blockquote><p>Cuando la virulencia del fuego es elevada se produce una mineralizaci\u00f3n casi completa del f\u00f3sforo org\u00e1nico<\/p><\/blockquote>\n<p>\u201cTenemos ya un estudio finalizado en relaci\u00f3n al f\u00f3sforo y se est\u00e1 trabajando en un an\u00e1lisis similar en relaci\u00f3n al carbono. Lo que vemos es que cuanto mayor es la intensidad del fuego, m\u00e1s graves son las consecuencias sobre el suelo. Es decir, cuando la virulencia del incendio es mayor, no solo perdemos f\u00f3sforo, sino que perdemos mucha calidad de f\u00f3sforo. A mayor severidad del fuego, se produce una mineralizaci\u00f3n casi completa del f\u00f3sforo org\u00e1nico, que es la reserva a largo plazo\u201d, indica.<\/p>\n<h2><strong>Calidad del suelo y restauraci\u00f3n pasiva tras el incendio<\/strong><\/h2>\n<div id=\"attachment_2921\" style=\"width: 1330px\" class=\"wp-caption aligncenter\"><img aria-describedby=\"caption-attachment-2921\" decoding=\"async\" loading=\"lazy\" class=\"size-full wp-image-2921 lazyload\" src=\"data:image\/gif;base64,R0lGODlhAQABAAAAACH5BAEKAAEALAAAAAABAAEAAAICTAEAOw==\" alt=\"\" width=\"1320\" height=\"880\" sizes=\"(max-width:767px) 480px, (max-width:1320px) 100vw, 1320px\" data-src=\"https:\/\/innova.campogalego.gal\/wp-content\/uploads\/2024\/01\/courel-souto-vilar-castineiros-lume-incendio-3.jpeg\" data-srcset=\"https:\/\/innova.campogalego.gal\/wp-content\/uploads\/2024\/01\/courel-souto-vilar-castineiros-lume-incendio-3.jpeg 1320w, https:\/\/innova.campogalego.gal\/wp-content\/uploads\/2024\/01\/courel-souto-vilar-castineiros-lume-incendio-3-300x200.jpeg 300w, https:\/\/innova.campogalego.gal\/wp-content\/uploads\/2024\/01\/courel-souto-vilar-castineiros-lume-incendio-3-1024x683.jpeg 1024w\"><p id=\"caption-attachment-2921\" class=\"wp-caption-text\">Soto de casta\u00f1os calcinado por el incendio del 2022 en la aldea de Vilar, en O Courel<\/p><\/div>\n<p>Adem\u00e1s de valorar la relaci\u00f3n entre los cambios post-incendio en la composici\u00f3n del suelo a diferentes profundidades con la severidad del fuego, otro de los objetivos del proyecto es estudiar la influencia de la calidad del suelo en la restauraci\u00f3n pasiva tras el incendio, en concreto, evaluando la recuperaci\u00f3n de la estructura y composici\u00f3n de la vegetaci\u00f3n en diferentes tipos de masas arboladas y arbustivas: plantaciones de pino pinaster y silvestre; matorral de brezo (<em>Erica australis<\/em>) y bosque aut\u00f3ctono dominado por casta\u00f1os y robles (<em>Quercus pyrenaica<\/em>).<\/p>\n<blockquote><p>El estudio pretende relacionar la capacidad de recuperaci\u00f3n post-incendio de la vegetaci\u00f3n aut\u00f3ctona con la calidad y composici\u00f3n de la materia org\u00e1nica<\/p><\/blockquote>\n<p>En O Courel, el fuego arras\u00f3 m\u00e1s de 7.000 hect\u00e1reas de matorral y alrededor de 4.000 hect\u00e1reas arboladas, principalmente pinares, pero tambi\u00e9n afect\u00f3 a algunos soutos de casta\u00f1os y zonas de frondosas. Por eso, el estudio pretende relacionar la capacidad de recuperaci\u00f3n de la vegetaci\u00f3n aut\u00f3ctona con la calidad y composici\u00f3n de la materia org\u00e1nica en espacios afectados por el fuego.<\/p>\n<h2><strong>Problemas a\u00f1adidos: escorrent\u00eda y erosi\u00f3n<\/strong><\/h2>\n<p>\u201cA nivel de p\u00e9rdida de suelo y de su restauraci\u00f3n posterior, uno de los mayores problemas de los incendios de O Courel fue que ardieron zonas altas con mucha pendiente, donde despu\u00e9s de los fuegos llegaron las lluvias en los meses de septiembre y octubre, provocando escorrent\u00edas. Eso desencaden\u00f3 una p\u00e9rdida masiva de suelo por arrastre que se detecta a simple vista, porque hay zonas donde aparece la roca completamente desnuda\u201d, relata Pablo.<\/p>\n<blockquote><p>Una parte importante de la superficie quemada en O Courel fueron plantaciones forestales situadas en zonas altas con mucha pendiente<\/p><\/blockquote>\n<p>Adem\u00e1s, en estos casos los incendios provocan tambi\u00e9n una p\u00e9rdida de producci\u00f3n agr\u00edcola asociada, por la contaminaci\u00f3n de acu\u00edferos y cauces de agua, lo que afecta tambi\u00e9n a las zonas bajas no forestales donde se asientan otro tipo de cultivos, alerta.<\/p>\n<h2><strong>Riesgos de las quemas prescritas para el suelo<\/strong><\/h2>\n<p>Otra de las tareas que afronta el proyecto es la de medir los efectos sobre la calidad del suelo de las quemas prescritas en comparaci\u00f3n con los incendios forestales. \u201cLa afectaci\u00f3n del fuego en un incendio llega a 2-3 cent\u00edmetros. El suelo act\u00faa como un tamp\u00f3n, pero si la temperatura que alcanza el fuego es mayor puede llegar a mayor profundidad. Esto ocurre tanto en el caso de los incendios forestales como en el caso de las quemas prescritas, que es algo novedoso que pudimos constatar, ya que hab\u00eda la creencia de que no hac\u00edan da\u00f1o al suelo. Lo que vemos es que este tipo de quemas no se pueden hacer de cualquier manera; hay que ver c\u00f3mo se hacen y en qu\u00e9 \u00e9poca\u201d, alerta.<\/p>\n<blockquote><p>Hab\u00eda la creencia de que las quemas prescritas no hac\u00edan da\u00f1o al suelo pero si la temperatura que alcanza el fuego es mayor, los da\u00f1os en el suelo son similares a los de un incendio<\/p><\/blockquote>\n<p>Las quemas autorizadas en Galicia se hacen normalmente entre los meses de febrero y abril, en d\u00edas sin viento y con condiciones de humedad y temperatura muy espec\u00edficas (humedad elevada y temperaturas bajas) para evitar la propagaci\u00f3n del fuego y la afectaci\u00f3n al suelo.<\/p>\n<p>\u201cSi se hace bien, la quema provoca la p\u00e9rdida de la capa org\u00e1nica, pero la capa mineral que hay debajo ni se entera\u201d, dice Pablo. Sin embargo, si no se tienen en cuenta estos par\u00e1metros, las consecuencias de las quemas se asemejan a las de los incendios. \u201cLa concentraci\u00f3n y calidad del f\u00f3sforo en las capas org\u00e1nicas del suelo se ve afectada de forma notable por la severidad del incendio, sin importar si es de origen natural o quema prescrita\u201d, concluyen los investigadores de la Escuela Polit\u00e9cnica de Lugo.<\/p>\n<h2><strong>Educaci\u00f3n ambiental y concienciaci\u00f3n de la poblaci\u00f3n<\/strong><\/h2>\n<p>O Courel sufri\u00f3 hace 3 a\u00f1os el mayor incendio forestal de la \u00faltima d\u00e9cada en Galicia, con m\u00e1s de 11.700 hect\u00e1reas afectadas y una aldea arrasada por el fuego, <a href=\"https:\/\/www.campogalego.es\/algunas-reflexiones-sobre-la-perdida-de-la-aldea-de-vilar-en-el-courel\/\" target=\"_blank\" rel=\"noopener\">la de Vilar<\/a>. Factores como el cambio clim\u00e1tico, el despoblamiento de los entornos rurales o el abandono de las actividades tradicionales de limpieza y pastoreo con ganado del monte inciden en un mayor riesgo de sufrir fuegos de gran envergadura.<\/p>\n<p>Por eso, el proyecto (E)4DUCASOILfire pretende llevar a cabo acciones de difusi\u00f3n y transferencia de conocimiento dirigidas a la sociedad. \u201cEn Galicia la mitad de la superficie es forestal, tanto arb\u00f3rea como arbustiva. De ah\u00ed, la importancia de la educaci\u00f3n, tanto en la concienciaci\u00f3n sobre los incendios como sobre la conservaci\u00f3n del suelo\u201d, argumenta Pablo.<\/p>\n","protected":false},"excerpt":{"rendered":"<p>Cuando las llamas arrasan una zona forestal, son claramente visibles los efectos del fuego sobre la superficie arbolada o arbustiva del monte, pero menos las consecuencias<span class=\"excerpt-hellip\"> [\u2026]<\/span><\/p>\n","protected":false},"author":9,"featured_media":6235,"comment_status":"open","ping_status":"open","sticky":false,"template":"","format":"standard","meta":{"footnotes":""},"categories":[92,88],"tags":[111,226],"acf":[],"yoast_head":"<!-- This site is optimized with the Yoast SEO plugin v21.2 - https:\/\/yoast.com\/wordpress\/plugins\/seo\/ -->\n<title>\u201cLos incendios de O Courel provocaron una p\u00e9rdida masiva de suelo en zonas altas por escorrent\u00eda\u201d - Innova - Campo Galego<\/title>\n<meta name=\"robots\" content=\"index, follow, max-snippet:-1, max-image-preview:large, max-video-preview:-1\" \/>\n<link rel=\"canonical\" href=\"https:\/\/innova.campogalego.gal\/es\/campus-terra-es\/los-incendios-de-o-courel-provocaron-una-perdida-masiva-de-suelo-en-zonas-altas-por-escorrentia.html\" \/>\n<meta property=\"og:locale\" content=\"es_ES\" \/>\n<meta property=\"og:type\" content=\"article\" \/>\n<meta property=\"og:title\" content=\"\u201cLos incendios de O Courel provocaron una p\u00e9rdida masiva de suelo en zonas altas por escorrent\u00eda\u201d - Innova - Campo Galego\" \/>\n<meta property=\"og:description\" content=\"Cuando las llamas arrasan una zona forestal, son claramente visibles los efectos del fuego sobre la superficie arbolada o arbustiva del monte, pero menos las consecuencias [\u2026]\" \/>\n<meta property=\"og:url\" content=\"https:\/\/innova.campogalego.gal\/es\/campus-terra-es\/los-incendios-de-o-courel-provocaron-una-perdida-masiva-de-suelo-en-zonas-altas-por-escorrentia.html\" \/>\n<meta property=\"og:site_name\" content=\"Innova - Campo Galego\" \/>\n<meta property=\"article:published_time\" content=\"2026-01-20T10:57:20+00:00\" \/>\n<meta property=\"og:image\" content=\"https:\/\/innova.campogalego.gal\/wp-content\/uploads\/2025\/05\/Proxectos-Colaborativos-Campus-Terra-EDUCASOILFIRE-Pablo-Souza.jpg\" \/>\n\t<meta property=\"og:image:width\" content=\"1200\" \/>\n\t<meta property=\"og:image:height\" content=\"800\" \/>\n\t<meta property=\"og:image:type\" content=\"image\/jpeg\" \/>\n<meta name=\"author\" content=\"Camilo Friol\" \/>\n<meta name=\"twitter:card\" content=\"summary_large_image\" \/>\n<meta name=\"twitter:label1\" content=\"Escrito por\" \/>\n\t<meta name=\"twitter:data1\" content=\"Camilo Friol\" \/>\n\t<meta name=\"twitter:label2\" content=\"Tiempo de lectura\" \/>\n\t<meta name=\"twitter:data2\" content=\"7 minutos\" \/>\n<script type=\"application\/ld+json\" class=\"yoast-schema-graph\">{\"@context\":\"https:\/\/schema.org\",\"@graph\":[{\"@type\":\"WebPage\",\"@id\":\"https:\/\/innova.campogalego.gal\/es\/campus-terra-es\/los-incendios-de-o-courel-provocaron-una-perdida-masiva-de-suelo-en-zonas-altas-por-escorrentia.html\",\"url\":\"https:\/\/innova.campogalego.gal\/es\/campus-terra-es\/los-incendios-de-o-courel-provocaron-una-perdida-masiva-de-suelo-en-zonas-altas-por-escorrentia.html\",\"name\":\"\u201cLos incendios de O Courel provocaron una p\u00e9rdida masiva de suelo en zonas altas por escorrent\u00eda\u201d - Innova - Campo Galego\",\"isPartOf\":{\"@id\":\"https:\/\/innova.campogalego.gal\/es#website\"},\"datePublished\":\"2026-01-20T10:57:20+00:00\",\"dateModified\":\"2026-01-20T10:57:20+00:00\",\"author\":{\"@id\":\"https:\/\/innova.campogalego.gal\/es#\/schema\/person\/43ef2a264f89fbad17a4d71b9940ba3f\"},\"breadcrumb\":{\"@id\":\"https:\/\/innova.campogalego.gal\/es\/campus-terra-es\/los-incendios-de-o-courel-provocaron-una-perdida-masiva-de-suelo-en-zonas-altas-por-escorrentia.html#breadcrumb\"},\"inLanguage\":\"es\",\"potentialAction\":[{\"@type\":\"ReadAction\",\"target\":[\"https:\/\/innova.campogalego.gal\/es\/campus-terra-es\/los-incendios-de-o-courel-provocaron-una-perdida-masiva-de-suelo-en-zonas-altas-por-escorrentia.html\"]}]},{\"@type\":\"BreadcrumbList\",\"@id\":\"https:\/\/innova.campogalego.gal\/es\/campus-terra-es\/los-incendios-de-o-courel-provocaron-una-perdida-masiva-de-suelo-en-zonas-altas-por-escorrentia.html#breadcrumb\",\"itemListElement\":[{\"@type\":\"ListItem\",\"position\":1,\"name\":\"Portada\",\"item\":\"https:\/\/innova.campogalego.gal\/es\"},{\"@type\":\"ListItem\",\"position\":2,\"name\":\"\u201cLos incendios de O Courel provocaron una p\u00e9rdida masiva de suelo en zonas altas por escorrent\u00eda\u201d\"}]},{\"@type\":\"WebSite\",\"@id\":\"https:\/\/innova.campogalego.gal\/es#website\",\"url\":\"https:\/\/innova.campogalego.gal\/es\",\"name\":\"Innova - Campo Galego\",\"description\":\"\",\"potentialAction\":[{\"@type\":\"SearchAction\",\"target\":{\"@type\":\"EntryPoint\",\"urlTemplate\":\"https:\/\/innova.campogalego.gal\/es?s={search_term_string}\"},\"query-input\":\"required name=search_term_string\"}],\"inLanguage\":\"es\"},{\"@type\":\"Person\",\"@id\":\"https:\/\/innova.campogalego.gal\/es#\/schema\/person\/43ef2a264f89fbad17a4d71b9940ba3f\",\"name\":\"Camilo Friol\",\"image\":{\"@type\":\"ImageObject\",\"inLanguage\":\"es\",\"@id\":\"https:\/\/innova.campogalego.gal\/es#\/schema\/person\/image\/\",\"url\":\"https:\/\/secure.gravatar.com\/avatar\/48d51faf37391b64030fa586bd562069?s=96&d=mm&r=g\",\"contentUrl\":\"https:\/\/secure.gravatar.com\/avatar\/48d51faf37391b64030fa586bd562069?s=96&d=mm&r=g\",\"caption\":\"Camilo Friol\"},\"url\":\"https:\/\/innova.campogalego.gal\/es\/author\/camilo\"}]}<\/script>\n<!-- \/ Yoast SEO plugin. -->","yoast_head_json":{"title":"\u201cLos incendios de O Courel provocaron una p\u00e9rdida masiva de suelo en zonas altas por escorrent\u00eda\u201d - Innova - Campo Galego","robots":{"index":"index","follow":"follow","max-snippet":"max-snippet:-1","max-image-preview":"max-image-preview:large","max-video-preview":"max-video-preview:-1"},"canonical":"https:\/\/innova.campogalego.gal\/es\/campus-terra-es\/los-incendios-de-o-courel-provocaron-una-perdida-masiva-de-suelo-en-zonas-altas-por-escorrentia.html","og_locale":"es_ES","og_type":"article","og_title":"\u201cLos incendios de O Courel provocaron una p\u00e9rdida masiva de suelo en zonas altas por escorrent\u00eda\u201d - Innova - Campo Galego","og_description":"Cuando las llamas arrasan una zona forestal, son claramente visibles los efectos del fuego sobre la superficie arbolada o arbustiva del monte, pero menos las consecuencias [\u2026]","og_url":"https:\/\/innova.campogalego.gal\/es\/campus-terra-es\/los-incendios-de-o-courel-provocaron-una-perdida-masiva-de-suelo-en-zonas-altas-por-escorrentia.html","og_site_name":"Innova - Campo Galego","article_published_time":"2026-01-20T10:57:20+00:00","og_image":[{"width":1200,"height":800,"url":"https:\/\/innova.campogalego.gal\/wp-content\/uploads\/2025\/05\/Proxectos-Colaborativos-Campus-Terra-EDUCASOILFIRE-Pablo-Souza.jpg","type":"image\/jpeg"}],"author":"Camilo Friol","twitter_card":"summary_large_image","twitter_misc":{"Escrito por":"Camilo Friol","Tiempo de lectura":"7 minutos"},"schema":{"@context":"https:\/\/schema.org","@graph":[{"@type":"WebPage","@id":"https:\/\/innova.campogalego.gal\/es\/campus-terra-es\/los-incendios-de-o-courel-provocaron-una-perdida-masiva-de-suelo-en-zonas-altas-por-escorrentia.html","url":"https:\/\/innova.campogalego.gal\/es\/campus-terra-es\/los-incendios-de-o-courel-provocaron-una-perdida-masiva-de-suelo-en-zonas-altas-por-escorrentia.html","name":"\u201cLos incendios de O Courel provocaron una p\u00e9rdida masiva de suelo en zonas altas por escorrent\u00eda\u201d - Innova - Campo Galego","isPartOf":{"@id":"https:\/\/innova.campogalego.gal\/es#website"},"datePublished":"2026-01-20T10:57:20+00:00","dateModified":"2026-01-20T10:57:20+00:00","author":{"@id":"https:\/\/innova.campogalego.gal\/es#\/schema\/person\/43ef2a264f89fbad17a4d71b9940ba3f"},"breadcrumb":{"@id":"https:\/\/innova.campogalego.gal\/es\/campus-terra-es\/los-incendios-de-o-courel-provocaron-una-perdida-masiva-de-suelo-en-zonas-altas-por-escorrentia.html#breadcrumb"},"inLanguage":"es","potentialAction":[{"@type":"ReadAction","target":["https:\/\/innova.campogalego.gal\/es\/campus-terra-es\/los-incendios-de-o-courel-provocaron-una-perdida-masiva-de-suelo-en-zonas-altas-por-escorrentia.html"]}]},{"@type":"BreadcrumbList","@id":"https:\/\/innova.campogalego.gal\/es\/campus-terra-es\/los-incendios-de-o-courel-provocaron-una-perdida-masiva-de-suelo-en-zonas-altas-por-escorrentia.html#breadcrumb","itemListElement":[{"@type":"ListItem","position":1,"name":"Portada","item":"https:\/\/innova.campogalego.gal\/es"},{"@type":"ListItem","position":2,"name":"\u201cLos incendios de O Courel provocaron una p\u00e9rdida masiva de suelo en zonas altas por escorrent\u00eda\u201d"}]},{"@type":"WebSite","@id":"https:\/\/innova.campogalego.gal\/es#website","url":"https:\/\/innova.campogalego.gal\/es","name":"Innova - Campo Galego","description":"","potentialAction":[{"@type":"SearchAction","target":{"@type":"EntryPoint","urlTemplate":"https:\/\/innova.campogalego.gal\/es?s={search_term_string}"},"query-input":"required name=search_term_string"}],"inLanguage":"es"},{"@type":"Person","@id":"https:\/\/innova.campogalego.gal\/es#\/schema\/person\/43ef2a264f89fbad17a4d71b9940ba3f","name":"Camilo Friol","image":{"@type":"ImageObject","inLanguage":"es","@id":"https:\/\/innova.campogalego.gal\/es#\/schema\/person\/image\/","url":"https:\/\/secure.gravatar.com\/avatar\/48d51faf37391b64030fa586bd562069?s=96&d=mm&r=g","contentUrl":"https:\/\/secure.gravatar.com\/avatar\/48d51faf37391b64030fa586bd562069?s=96&d=mm&r=g","caption":"Camilo Friol"},"url":"https:\/\/innova.campogalego.gal\/es\/author\/camilo"}]}},"_links":{"self":[{"href":"https:\/\/innova.campogalego.gal\/es\/wp-json\/wp\/v2\/posts\/6320"}],"collection":[{"href":"https:\/\/innova.campogalego.gal\/es\/wp-json\/wp\/v2\/posts"}],"about":[{"href":"https:\/\/innova.campogalego.gal\/es\/wp-json\/wp\/v2\/types\/post"}],"author":[{"embeddable":true,"href":"https:\/\/innova.campogalego.gal\/es\/wp-json\/wp\/v2\/users\/9"}],"replies":[{"embeddable":true,"href":"https:\/\/innova.campogalego.gal\/es\/wp-json\/wp\/v2\/comments?post=6320"}],"version-history":[{"count":1,"href":"https:\/\/innova.campogalego.gal\/es\/wp-json\/wp\/v2\/posts\/6320\/revisions"}],"predecessor-version":[{"id":6321,"href":"https:\/\/innova.campogalego.gal\/es\/wp-json\/wp\/v2\/posts\/6320\/revisions\/6321"}],"wp:featuredmedia":[{"embeddable":true,"href":"https:\/\/innova.campogalego.gal\/es\/wp-json\/wp\/v2\/media\/6235"}],"wp:attachment":[{"href":"https:\/\/innova.campogalego.gal\/es\/wp-json\/wp\/v2\/media?parent=6320"}],"wp:term":[{"taxonomy":"category","embeddable":true,"href":"https:\/\/innova.campogalego.gal\/es\/wp-json\/wp\/v2\/categories?post=6320"},{"taxonomy":"post_tag","embeddable":true,"href":"https:\/\/innova.campogalego.gal\/es\/wp-json\/wp\/v2\/tags?post=6320"}],"curies":[{"name":"wp","href":"https:\/\/api.w.org\/{rel}","templated":true}]}}