{"id":6329,"date":"2025-05-29T10:55:47","date_gmt":"2025-05-29T08:55:47","guid":{"rendered":"https:\/\/innova.campogalego.gal\/?p=6329"},"modified":"2025-05-29T10:55:47","modified_gmt":"2025-05-29T08:55:47","slug":"empresas-y-personal-investigador-gallegos-tejen-alianzas-para-la-innovacion-alimentaria-en-ourense","status":"publish","type":"post","link":"https:\/\/innova.campogalego.gal\/es\/agroalimentacion-es\/empresas-y-personal-investigador-gallegos-tejen-alianzas-para-la-innovacion-alimentaria-en-ourense.html","title":{"rendered":"Empresas y personal investigador gallegos tejen alianzas para la innovaci\u00f3n alimentaria en Ourense"},"content":{"rendered":"<div id=\"attachment_6326\" style=\"width: 1210px\" class=\"wp-caption aligncenter\"><img aria-describedby=\"caption-attachment-6326\" decoding=\"async\" loading=\"lazy\" class=\"size-full wp-image-6326 lazyload\" src=\"data:image\/gif;base64,R0lGODlhAQABAAAAACH5BAEKAAEALAAAAAABAAEAAAICTAEAOw==\" alt=\"\" width=\"1200\" height=\"800\" sizes=\"(max-width:767px) 480px, (max-width:1200px) 100vw, 1200px\" data-src=\"https:\/\/innova.campogalego.gal\/wp-content\/uploads\/2025\/05\/net4food1.jpg\" data-srcset=\"https:\/\/innova.campogalego.gal\/wp-content\/uploads\/2025\/05\/net4food1.jpg 1200w, https:\/\/innova.campogalego.gal\/wp-content\/uploads\/2025\/05\/net4food1-300x200.jpg 300w, https:\/\/innova.campogalego.gal\/wp-content\/uploads\/2025\/05\/net4food1-1024x683.jpg 1024w\"><p id=\"caption-attachment-6326\" class=\"wp-caption-text\">El campus de Ourense acogi\u00f3 la jornada Net4Food. \/ DUVI Ourense.<\/p><\/div>\n<p>La Facultad de Ciencias del campus de Ourense acogi\u00f3 este mi\u00e9rcoles la jornada Net4Food Matching: Conectando empresas e investigadores para la innovaci\u00f3n alimentaria, organizada por el Instituto de Agroecolog\u00eda y Alimentaci\u00f3n de la Universidad de Vigo y el Cl\u00faster Alimentario de Galicia (Clusaga). Cerca de 80 profesionales del sector alimentario participaron con la vista puesta en abrir nuevas oportunidades de colaboraci\u00f3n en I+D+i.<\/p>\n<p>La iniciativa se enmarca en el proyecto transfronterizo <a href=\"https:\/\/net4food.eu\/\" target=\"_blank\" rel=\"noopener\">Net4Food<\/a>, nacido en 2023 para crear una red de excelencia alimentaria en la eurorregi\u00f3n Galicia\u2013norte de Portugal. El programa est\u00e1 coordinado por el Instituto Polit\u00e9cnico de Bragan\u00e7a y cuenta, adem\u00e1s de con la UVigo y Clusaga, con el Laboratorio Ib\u00e9rico Internacional de Nanotecnolog\u00eda, el cl\u00faster Portugal Foods y los laboratorios colaborativos More y Aqua Valor.<\/p>\n<p>La jornada comenz\u00f3 con la bienvenida de David Fern\u00e1ndez Calvi\u00f1o, director del Instituto de Agroecolog\u00eda y Alimentaci\u00f3n, quien present\u00f3 Net4Food. Le siguieron presentaciones sobre convocatorias de financiaci\u00f3n para proyectos universidad-empresa y sobre los procedimientos de contrataci\u00f3n con la UVigo, antes de dar paso a las exposiciones de los grupos de investigaci\u00f3n del campus.<\/p>\n<p>Tambi\u00e9n hubo un panel sobre los retos actuales de la industria alimentaria y las v\u00edas de cooperaci\u00f3n con la universidad, una muestra de productos y proyectos con empresas, la visita a la planta piloto alimentaria, una cata de aceites y reuniones bilaterales para fomentar sinergias.<\/p>\n<p>El proyecto Net4Food, con un presupuesto de 688.264 euros financiado por el programa POCTEP y fondos FEDER, se desarrollar\u00e1 hasta finales de 2025 con el objetivo de crear una red alimentaria de excelencia entre Galicia y el norte de Portugal.<\/p>\n<p>Los socios trabajan en el an\u00e1lisis del conocimiento innovador, en la creaci\u00f3n del Iberian FoodTec Lab, en nuevas v\u00edas de transferencia tecnol\u00f3gica y en la promoci\u00f3n de la innovaci\u00f3n y la formaci\u00f3n en el sector.<\/p>\n<p>La Universidad de Vigo, a trav\u00e9s de su Instituto de Agroecolog\u00eda y Alimentaci\u00f3n y del Campus Auga, lidera acciones como el plan estrat\u00e9gico de la red, la capacitaci\u00f3n de talento investigador y la organizaci\u00f3n de seminarios, congresos e intercambios acad\u00e9micos, como la jornada celebrada este mi\u00e9rcoles en Ourense.<\/p>\n","protected":false},"excerpt":{"rendered":"<p>La Facultad de Ciencias del campus de Ourense acogi\u00f3 este mi\u00e9rcoles la jornada Net4Food Matching: Conectando empresas e investigadores para la innovaci\u00f3n alimentaria, organizada por el<span class=\"excerpt-hellip\"> [\u2026]<\/span><\/p>\n","protected":false},"author":12,"featured_media":6326,"comment_status":"open","ping_status":"open","sticky":false,"template":"","format":"standard","meta":{"footnotes":""},"categories":[87],"tags":[],"acf":[],"yoast_head":"<!-- This site is optimized with the Yoast SEO plugin v21.2 - https:\/\/yoast.com\/wordpress\/plugins\/seo\/ -->\n<title>Empresas y personal investigador gallegos tejen alianzas para la innovaci\u00f3n alimentaria en Ourense - Innova - Campo Galego<\/title>\n<meta name=\"robots\" content=\"index, follow, max-snippet:-1, max-image-preview:large, max-video-preview:-1\" \/>\n<link rel=\"canonical\" href=\"https:\/\/innova.campogalego.gal\/es\/agroalimentacion-es\/empresas-y-personal-investigador-gallegos-tejen-alianzas-para-la-innovacion-alimentaria-en-ourense.html\" \/>\n<meta property=\"og:locale\" content=\"es_ES\" \/>\n<meta property=\"og:type\" content=\"article\" \/>\n<meta property=\"og:title\" content=\"Empresas y personal investigador gallegos tejen alianzas para la innovaci\u00f3n alimentaria en Ourense - Innova - Campo Galego\" \/>\n<meta property=\"og:description\" content=\"La Facultad de Ciencias del campus de Ourense acogi\u00f3 este mi\u00e9rcoles la jornada Net4Food Matching: Conectando empresas e investigadores para la innovaci\u00f3n alimentaria, organizada por el [\u2026]\" \/>\n<meta property=\"og:url\" content=\"https:\/\/innova.campogalego.gal\/es\/agroalimentacion-es\/empresas-y-personal-investigador-gallegos-tejen-alianzas-para-la-innovacion-alimentaria-en-ourense.html\" \/>\n<meta property=\"og:site_name\" content=\"Innova - Campo Galego\" \/>\n<meta property=\"article:published_time\" content=\"2025-05-29T08:55:47+00:00\" \/>\n<meta property=\"og:image\" content=\"https:\/\/innova.campogalego.gal\/wp-content\/uploads\/2025\/05\/net4food1.jpg\" \/>\n\t<meta property=\"og:image:width\" content=\"1200\" \/>\n\t<meta property=\"og:image:height\" content=\"800\" \/>\n\t<meta property=\"og:image:type\" content=\"image\/jpeg\" \/>\n<meta name=\"author\" content=\"Ines Abelenda\" \/>\n<meta name=\"twitter:card\" content=\"summary_large_image\" \/>\n<meta name=\"twitter:label1\" content=\"Escrito por\" \/>\n\t<meta name=\"twitter:data1\" content=\"Ines Abelenda\" \/>\n\t<meta name=\"twitter:label2\" content=\"Tiempo de lectura\" \/>\n\t<meta name=\"twitter:data2\" content=\"3 minutos\" \/>\n<script type=\"application\/ld+json\" class=\"yoast-schema-graph\">{\"@context\":\"https:\/\/schema.org\",\"@graph\":[{\"@type\":\"WebPage\",\"@id\":\"https:\/\/innova.campogalego.gal\/es\/agroalimentacion-es\/empresas-y-personal-investigador-gallegos-tejen-alianzas-para-la-innovacion-alimentaria-en-ourense.html\",\"url\":\"https:\/\/innova.campogalego.gal\/es\/agroalimentacion-es\/empresas-y-personal-investigador-gallegos-tejen-alianzas-para-la-innovacion-alimentaria-en-ourense.html\",\"name\":\"Empresas y personal investigador gallegos tejen alianzas para la innovaci\u00f3n alimentaria en Ourense - Innova - Campo Galego\",\"isPartOf\":{\"@id\":\"https:\/\/innova.campogalego.gal\/es#website\"},\"datePublished\":\"2025-05-29T08:55:47+00:00\",\"dateModified\":\"2025-05-29T08:55:47+00:00\",\"author\":{\"@id\":\"https:\/\/innova.campogalego.gal\/es#\/schema\/person\/6e4b7d6d686e401bec27d34264139b0e\"},\"breadcrumb\":{\"@id\":\"https:\/\/innova.campogalego.gal\/es\/agroalimentacion-es\/empresas-y-personal-investigador-gallegos-tejen-alianzas-para-la-innovacion-alimentaria-en-ourense.html#breadcrumb\"},\"inLanguage\":\"es\",\"potentialAction\":[{\"@type\":\"ReadAction\",\"target\":[\"https:\/\/innova.campogalego.gal\/es\/agroalimentacion-es\/empresas-y-personal-investigador-gallegos-tejen-alianzas-para-la-innovacion-alimentaria-en-ourense.html\"]}]},{\"@type\":\"BreadcrumbList\",\"@id\":\"https:\/\/innova.campogalego.gal\/es\/agroalimentacion-es\/empresas-y-personal-investigador-gallegos-tejen-alianzas-para-la-innovacion-alimentaria-en-ourense.html#breadcrumb\",\"itemListElement\":[{\"@type\":\"ListItem\",\"position\":1,\"name\":\"Portada\",\"item\":\"https:\/\/innova.campogalego.gal\/es\"},{\"@type\":\"ListItem\",\"position\":2,\"name\":\"Empresas y personal investigador gallegos tejen alianzas para la innovaci\u00f3n alimentaria en Ourense\"}]},{\"@type\":\"WebSite\",\"@id\":\"https:\/\/innova.campogalego.gal\/es#website\",\"url\":\"https:\/\/innova.campogalego.gal\/es\",\"name\":\"Innova - Campo Galego\",\"description\":\"\",\"potentialAction\":[{\"@type\":\"SearchAction\",\"target\":{\"@type\":\"EntryPoint\",\"urlTemplate\":\"https:\/\/innova.campogalego.gal\/es?s={search_term_string}\"},\"query-input\":\"required name=search_term_string\"}],\"inLanguage\":\"es\"},{\"@type\":\"Person\",\"@id\":\"https:\/\/innova.campogalego.gal\/es#\/schema\/person\/6e4b7d6d686e401bec27d34264139b0e\",\"name\":\"Ines Abelenda\",\"image\":{\"@type\":\"ImageObject\",\"inLanguage\":\"es\",\"@id\":\"https:\/\/innova.campogalego.gal\/es#\/schema\/person\/image\/\",\"url\":\"https:\/\/secure.gravatar.com\/avatar\/437a17220ee2261420e7298355a194eb?s=96&d=mm&r=g\",\"contentUrl\":\"https:\/\/secure.gravatar.com\/avatar\/437a17220ee2261420e7298355a194eb?s=96&d=mm&r=g\",\"caption\":\"Ines Abelenda\"},\"url\":\"https:\/\/innova.campogalego.gal\/es\/author\/ines\"}]}<\/script>\n<!-- \/ Yoast SEO plugin. -->","yoast_head_json":{"title":"Empresas y personal investigador gallegos tejen alianzas para la innovaci\u00f3n alimentaria en Ourense - Innova - Campo Galego","robots":{"index":"index","follow":"follow","max-snippet":"max-snippet:-1","max-image-preview":"max-image-preview:large","max-video-preview":"max-video-preview:-1"},"canonical":"https:\/\/innova.campogalego.gal\/es\/agroalimentacion-es\/empresas-y-personal-investigador-gallegos-tejen-alianzas-para-la-innovacion-alimentaria-en-ourense.html","og_locale":"es_ES","og_type":"article","og_title":"Empresas y personal investigador gallegos tejen alianzas para la innovaci\u00f3n alimentaria en Ourense - Innova - Campo Galego","og_description":"La Facultad de Ciencias del campus de Ourense acogi\u00f3 este mi\u00e9rcoles la jornada Net4Food Matching: Conectando empresas e investigadores para la innovaci\u00f3n alimentaria, organizada por el [\u2026]","og_url":"https:\/\/innova.campogalego.gal\/es\/agroalimentacion-es\/empresas-y-personal-investigador-gallegos-tejen-alianzas-para-la-innovacion-alimentaria-en-ourense.html","og_site_name":"Innova - Campo Galego","article_published_time":"2025-05-29T08:55:47+00:00","og_image":[{"width":1200,"height":800,"url":"https:\/\/innova.campogalego.gal\/wp-content\/uploads\/2025\/05\/net4food1.jpg","type":"image\/jpeg"}],"author":"Ines Abelenda","twitter_card":"summary_large_image","twitter_misc":{"Escrito por":"Ines Abelenda","Tiempo de lectura":"3 minutos"},"schema":{"@context":"https:\/\/schema.org","@graph":[{"@type":"WebPage","@id":"https:\/\/innova.campogalego.gal\/es\/agroalimentacion-es\/empresas-y-personal-investigador-gallegos-tejen-alianzas-para-la-innovacion-alimentaria-en-ourense.html","url":"https:\/\/innova.campogalego.gal\/es\/agroalimentacion-es\/empresas-y-personal-investigador-gallegos-tejen-alianzas-para-la-innovacion-alimentaria-en-ourense.html","name":"Empresas y personal investigador gallegos tejen alianzas para la innovaci\u00f3n alimentaria en Ourense - Innova - Campo Galego","isPartOf":{"@id":"https:\/\/innova.campogalego.gal\/es#website"},"datePublished":"2025-05-29T08:55:47+00:00","dateModified":"2025-05-29T08:55:47+00:00","author":{"@id":"https:\/\/innova.campogalego.gal\/es#\/schema\/person\/6e4b7d6d686e401bec27d34264139b0e"},"breadcrumb":{"@id":"https:\/\/innova.campogalego.gal\/es\/agroalimentacion-es\/empresas-y-personal-investigador-gallegos-tejen-alianzas-para-la-innovacion-alimentaria-en-ourense.html#breadcrumb"},"inLanguage":"es","potentialAction":[{"@type":"ReadAction","target":["https:\/\/innova.campogalego.gal\/es\/agroalimentacion-es\/empresas-y-personal-investigador-gallegos-tejen-alianzas-para-la-innovacion-alimentaria-en-ourense.html"]}]},{"@type":"BreadcrumbList","@id":"https:\/\/innova.campogalego.gal\/es\/agroalimentacion-es\/empresas-y-personal-investigador-gallegos-tejen-alianzas-para-la-innovacion-alimentaria-en-ourense.html#breadcrumb","itemListElement":[{"@type":"ListItem","position":1,"name":"Portada","item":"https:\/\/innova.campogalego.gal\/es"},{"@type":"ListItem","position":2,"name":"Empresas y personal investigador gallegos tejen alianzas para la innovaci\u00f3n alimentaria en Ourense"}]},{"@type":"WebSite","@id":"https:\/\/innova.campogalego.gal\/es#website","url":"https:\/\/innova.campogalego.gal\/es","name":"Innova - Campo Galego","description":"","potentialAction":[{"@type":"SearchAction","target":{"@type":"EntryPoint","urlTemplate":"https:\/\/innova.campogalego.gal\/es?s={search_term_string}"},"query-input":"required name=search_term_string"}],"inLanguage":"es"},{"@type":"Person","@id":"https:\/\/innova.campogalego.gal\/es#\/schema\/person\/6e4b7d6d686e401bec27d34264139b0e","name":"Ines Abelenda","image":{"@type":"ImageObject","inLanguage":"es","@id":"https:\/\/innova.campogalego.gal\/es#\/schema\/person\/image\/","url":"https:\/\/secure.gravatar.com\/avatar\/437a17220ee2261420e7298355a194eb?s=96&d=mm&r=g","contentUrl":"https:\/\/secure.gravatar.com\/avatar\/437a17220ee2261420e7298355a194eb?s=96&d=mm&r=g","caption":"Ines Abelenda"},"url":"https:\/\/innova.campogalego.gal\/es\/author\/ines"}]}},"_links":{"self":[{"href":"https:\/\/innova.campogalego.gal\/es\/wp-json\/wp\/v2\/posts\/6329"}],"collection":[{"href":"https:\/\/innova.campogalego.gal\/es\/wp-json\/wp\/v2\/posts"}],"about":[{"href":"https:\/\/innova.campogalego.gal\/es\/wp-json\/wp\/v2\/types\/post"}],"author":[{"embeddable":true,"href":"https:\/\/innova.campogalego.gal\/es\/wp-json\/wp\/v2\/users\/12"}],"replies":[{"embeddable":true,"href":"https:\/\/innova.campogalego.gal\/es\/wp-json\/wp\/v2\/comments?post=6329"}],"version-history":[{"count":2,"href":"https:\/\/innova.campogalego.gal\/es\/wp-json\/wp\/v2\/posts\/6329\/revisions"}],"predecessor-version":[{"id":6341,"href":"https:\/\/innova.campogalego.gal\/es\/wp-json\/wp\/v2\/posts\/6329\/revisions\/6341"}],"wp:featuredmedia":[{"embeddable":true,"href":"https:\/\/innova.campogalego.gal\/es\/wp-json\/wp\/v2\/media\/6326"}],"wp:attachment":[{"href":"https:\/\/innova.campogalego.gal\/es\/wp-json\/wp\/v2\/media?parent=6329"}],"wp:term":[{"taxonomy":"category","embeddable":true,"href":"https:\/\/innova.campogalego.gal\/es\/wp-json\/wp\/v2\/categories?post=6329"},{"taxonomy":"post_tag","embeddable":true,"href":"https:\/\/innova.campogalego.gal\/es\/wp-json\/wp\/v2\/tags?post=6329"}],"curies":[{"name":"wp","href":"https:\/\/api.w.org\/{rel}","templated":true}]}}