{"id":6535,"date":"2025-06-13T08:58:10","date_gmt":"2025-06-13T06:58:10","guid":{"rendered":"https:\/\/innova.campogalego.gal\/?p=6535"},"modified":"2025-06-13T08:58:10","modified_gmt":"2025-06-13T06:58:10","slug":"murcia-acogera-el-foro-datagri-2025-los-dias-12-y-13-de-noviembre","status":"publish","type":"post","link":"https:\/\/innova.campogalego.gal\/es\/agroalimentacion-es\/murcia-acogera-el-foro-datagri-2025-los-dias-12-y-13-de-noviembre.html","title":{"rendered":"Murcia acoger\u00e1 el Foro DATAGRI 2025 los d\u00edas 12 y 13 de noviembre"},"content":{"rendered":"<div id=\"attachment_6532\" style=\"width: 1210px\" class=\"wp-caption aligncenter\"><img aria-describedby=\"caption-attachment-6532\" decoding=\"async\" loading=\"lazy\" class=\"size-full wp-image-6532 lazyload\" src=\"data:image\/gif;base64,R0lGODlhAQABAAAAACH5BAEKAAEALAAAAAABAAEAAAICTAEAOw==\" alt=\"\" width=\"1200\" height=\"800\" sizes=\"(max-width:767px) 480px, (max-width:1200px) 100vw, 1200px\" data-src=\"https:\/\/innova.campogalego.gal\/wp-content\/uploads\/2025\/06\/DATAGRI-2025-Murcia.jpg\" data-srcset=\"https:\/\/innova.campogalego.gal\/wp-content\/uploads\/2025\/06\/DATAGRI-2025-Murcia.jpg 1200w, https:\/\/innova.campogalego.gal\/wp-content\/uploads\/2025\/06\/DATAGRI-2025-Murcia-300x200.jpg 300w, https:\/\/innova.campogalego.gal\/wp-content\/uploads\/2025\/06\/DATAGRI-2025-Murcia-1024x683.jpg 1024w\"><p id=\"caption-attachment-6532\" class=\"wp-caption-text\">Paso de testigo a Foro DATAGRI 2025 Murcia.<\/p><\/div>\n<p>Murcia ser\u00e1 la sede del Foro DATAGRI 2025, los d\u00edas 12 y 13 de noviembre, convirti\u00e9ndose en el epicentro de la transformaci\u00f3n digital agroalimentaria en el sur de Europa. La jornada inaugural se celebrar\u00e1 en el Auditorio y Centro de Congresos \u201cV\u00edctor Villegas\u201d, mientras que la segunda jornada tendr\u00e1 lugar en las instalaciones del Instituto Murciano de Investigaci\u00f3n y Desarrollo Agrario y Medioambiental (IMIDA), en La Alberca.<\/p>\n<p>Durante ambos d\u00edas, m\u00e1s de 1.500 profesionales del sector agroalimentario se dar\u00e1n cita para compartir experiencias, debatir e informarse sobre las \u00faltimas innovaciones tecnol\u00f3gicas aplicadas a la cadena de valor del sector.<\/p>\n<p>Empresas tecnol\u00f3gicas, startups, instituciones, cooperativas, centros de investigaci\u00f3n y universidades formar\u00e1n parte del programa, que incluir\u00e1 ponencias magistrales, mesas redondas, espacios de networking y demostraciones tecnol\u00f3gicas en campo.<\/p>\n<p>El presidente de la Asociaci\u00f3n DATAGRI, Jos\u00e9 Luis Miguel, ha subrayado que Murcia ha sido elegida como sede del foro por \u201csu potente ecosistema agroalimentario\u201d. \u201cEs una regi\u00f3n puntera en la aplicaci\u00f3n de tecnolog\u00edas para una agricultura m\u00e1s eficiente, resiliente y conectada, y estamos convencidos de que su ejemplo inspirar\u00e1 a otros territorios\u201d, a\u00f1adi\u00f3.<\/p>\n<p>La consejera de Agua, Agricultura, Ganader\u00eda y Pesca de la Regi\u00f3n de Murcia, Sara Rubira, ha afirmado que la digitalizaci\u00f3n basada en datos est\u00e1 transformando el sector, mejorando la eficiencia y sostenibilidad agr\u00edcola.<\/p>\n<p>Rubira tambi\u00e9n ha mostrado su satisfacci\u00f3n por haber sido seleccionados como anfitriones del evento, destacando la oportunidad de reunir a \u201cprofesionales e investigadores de todo el mundo con la finalidad de buscar soluciones de base cient\u00edfica para modernizar y hacer m\u00e1s competitivo y sostenible el sector\u201d.<\/p>\n<p>El Comit\u00e9 Organizador del foro est\u00e1 compuesto por COAG, HISPATEC Agrointeligencia, la Universidad de C\u00f3rdoba (ETSIAM), Cooperativas Agro-alimentarias de Espa\u00f1a, Grupo CAJAMAR, la Universidad Polit\u00e9cnica de Madrid (ETSIAAB), ASAJA y UPA, con la colaboraci\u00f3n del Foro Interalimentario, Fertinagro Biotech y Santander Agro.<\/p>\n<p>DATAGRI tambi\u00e9n ha agradecido el respaldo del Ministerio de Agricultura y del Gobierno regional de Murcia, especialmente de la Consejer\u00eda de Agua, Agricultura, Ganader\u00eda y Pesca y del IMIDA.<\/p>\n","protected":false},"excerpt":{"rendered":"<p>Murcia ser\u00e1 la sede del Foro DATAGRI 2025, los d\u00edas 12 y 13 de noviembre, convirti\u00e9ndose en el epicentro de la transformaci\u00f3n digital agroalimentaria en el<span class=\"excerpt-hellip\"> [\u2026]<\/span><\/p>\n","protected":false},"author":12,"featured_media":6532,"comment_status":"open","ping_status":"open","sticky":false,"template":"","format":"standard","meta":{"footnotes":""},"categories":[87],"tags":[],"acf":[],"yoast_head":"<!-- This site is optimized with the Yoast SEO plugin v21.2 - https:\/\/yoast.com\/wordpress\/plugins\/seo\/ -->\n<title>Murcia acoger\u00e1 el Foro DATAGRI 2025 los d\u00edas 12 y 13 de noviembre - Innova - Campo Galego<\/title>\n<meta name=\"robots\" content=\"index, follow, max-snippet:-1, max-image-preview:large, max-video-preview:-1\" \/>\n<link rel=\"canonical\" href=\"https:\/\/innova.campogalego.gal\/es\/agroalimentacion-es\/murcia-acogera-el-foro-datagri-2025-los-dias-12-y-13-de-noviembre.html\" \/>\n<meta property=\"og:locale\" content=\"es_ES\" \/>\n<meta property=\"og:type\" content=\"article\" \/>\n<meta property=\"og:title\" content=\"Murcia acoger\u00e1 el Foro DATAGRI 2025 los d\u00edas 12 y 13 de noviembre - Innova - Campo Galego\" \/>\n<meta property=\"og:description\" content=\"Murcia ser\u00e1 la sede del Foro DATAGRI 2025, los d\u00edas 12 y 13 de noviembre, convirti\u00e9ndose en el epicentro de la transformaci\u00f3n digital agroalimentaria en el [\u2026]\" \/>\n<meta property=\"og:url\" content=\"https:\/\/innova.campogalego.gal\/es\/agroalimentacion-es\/murcia-acogera-el-foro-datagri-2025-los-dias-12-y-13-de-noviembre.html\" \/>\n<meta property=\"og:site_name\" content=\"Innova - Campo Galego\" \/>\n<meta property=\"article:published_time\" content=\"2025-06-13T06:58:10+00:00\" \/>\n<meta property=\"og:image\" content=\"https:\/\/innova.campogalego.gal\/wp-content\/uploads\/2025\/06\/DATAGRI-2025-Murcia.jpg\" \/>\n\t<meta property=\"og:image:width\" content=\"1200\" \/>\n\t<meta property=\"og:image:height\" content=\"800\" \/>\n\t<meta property=\"og:image:type\" content=\"image\/jpeg\" \/>\n<meta name=\"author\" content=\"Ines Abelenda\" \/>\n<meta name=\"twitter:card\" content=\"summary_large_image\" \/>\n<meta name=\"twitter:label1\" content=\"Escrito por\" \/>\n\t<meta name=\"twitter:data1\" content=\"Ines Abelenda\" \/>\n\t<meta name=\"twitter:label2\" content=\"Tiempo de lectura\" \/>\n\t<meta name=\"twitter:data2\" content=\"3 minutos\" \/>\n<script type=\"application\/ld+json\" class=\"yoast-schema-graph\">{\"@context\":\"https:\/\/schema.org\",\"@graph\":[{\"@type\":\"WebPage\",\"@id\":\"https:\/\/innova.campogalego.gal\/es\/agroalimentacion-es\/murcia-acogera-el-foro-datagri-2025-los-dias-12-y-13-de-noviembre.html\",\"url\":\"https:\/\/innova.campogalego.gal\/es\/agroalimentacion-es\/murcia-acogera-el-foro-datagri-2025-los-dias-12-y-13-de-noviembre.html\",\"name\":\"Murcia acoger\u00e1 el Foro DATAGRI 2025 los d\u00edas 12 y 13 de noviembre - Innova - Campo Galego\",\"isPartOf\":{\"@id\":\"https:\/\/innova.campogalego.gal\/es#website\"},\"datePublished\":\"2025-06-13T06:58:10+00:00\",\"dateModified\":\"2025-06-13T06:58:10+00:00\",\"author\":{\"@id\":\"https:\/\/innova.campogalego.gal\/es#\/schema\/person\/6e4b7d6d686e401bec27d34264139b0e\"},\"breadcrumb\":{\"@id\":\"https:\/\/innova.campogalego.gal\/es\/agroalimentacion-es\/murcia-acogera-el-foro-datagri-2025-los-dias-12-y-13-de-noviembre.html#breadcrumb\"},\"inLanguage\":\"es\",\"potentialAction\":[{\"@type\":\"ReadAction\",\"target\":[\"https:\/\/innova.campogalego.gal\/es\/agroalimentacion-es\/murcia-acogera-el-foro-datagri-2025-los-dias-12-y-13-de-noviembre.html\"]}]},{\"@type\":\"BreadcrumbList\",\"@id\":\"https:\/\/innova.campogalego.gal\/es\/agroalimentacion-es\/murcia-acogera-el-foro-datagri-2025-los-dias-12-y-13-de-noviembre.html#breadcrumb\",\"itemListElement\":[{\"@type\":\"ListItem\",\"position\":1,\"name\":\"Portada\",\"item\":\"https:\/\/innova.campogalego.gal\/es\"},{\"@type\":\"ListItem\",\"position\":2,\"name\":\"Murcia acoger\u00e1 el Foro DATAGRI 2025 los d\u00edas 12 y 13 de noviembre\"}]},{\"@type\":\"WebSite\",\"@id\":\"https:\/\/innova.campogalego.gal\/es#website\",\"url\":\"https:\/\/innova.campogalego.gal\/es\",\"name\":\"Innova - Campo Galego\",\"description\":\"\",\"potentialAction\":[{\"@type\":\"SearchAction\",\"target\":{\"@type\":\"EntryPoint\",\"urlTemplate\":\"https:\/\/innova.campogalego.gal\/es?s={search_term_string}\"},\"query-input\":\"required name=search_term_string\"}],\"inLanguage\":\"es\"},{\"@type\":\"Person\",\"@id\":\"https:\/\/innova.campogalego.gal\/es#\/schema\/person\/6e4b7d6d686e401bec27d34264139b0e\",\"name\":\"Ines Abelenda\",\"image\":{\"@type\":\"ImageObject\",\"inLanguage\":\"es\",\"@id\":\"https:\/\/innova.campogalego.gal\/es#\/schema\/person\/image\/\",\"url\":\"https:\/\/secure.gravatar.com\/avatar\/437a17220ee2261420e7298355a194eb?s=96&d=mm&r=g\",\"contentUrl\":\"https:\/\/secure.gravatar.com\/avatar\/437a17220ee2261420e7298355a194eb?s=96&d=mm&r=g\",\"caption\":\"Ines Abelenda\"},\"url\":\"https:\/\/innova.campogalego.gal\/es\/author\/ines\"}]}<\/script>\n<!-- \/ Yoast SEO plugin. -->","yoast_head_json":{"title":"Murcia acoger\u00e1 el Foro DATAGRI 2025 los d\u00edas 12 y 13 de noviembre - Innova - Campo Galego","robots":{"index":"index","follow":"follow","max-snippet":"max-snippet:-1","max-image-preview":"max-image-preview:large","max-video-preview":"max-video-preview:-1"},"canonical":"https:\/\/innova.campogalego.gal\/es\/agroalimentacion-es\/murcia-acogera-el-foro-datagri-2025-los-dias-12-y-13-de-noviembre.html","og_locale":"es_ES","og_type":"article","og_title":"Murcia acoger\u00e1 el Foro DATAGRI 2025 los d\u00edas 12 y 13 de noviembre - Innova - Campo Galego","og_description":"Murcia ser\u00e1 la sede del Foro DATAGRI 2025, los d\u00edas 12 y 13 de noviembre, convirti\u00e9ndose en el epicentro de la transformaci\u00f3n digital agroalimentaria en el [\u2026]","og_url":"https:\/\/innova.campogalego.gal\/es\/agroalimentacion-es\/murcia-acogera-el-foro-datagri-2025-los-dias-12-y-13-de-noviembre.html","og_site_name":"Innova - Campo Galego","article_published_time":"2025-06-13T06:58:10+00:00","og_image":[{"width":1200,"height":800,"url":"https:\/\/innova.campogalego.gal\/wp-content\/uploads\/2025\/06\/DATAGRI-2025-Murcia.jpg","type":"image\/jpeg"}],"author":"Ines Abelenda","twitter_card":"summary_large_image","twitter_misc":{"Escrito por":"Ines Abelenda","Tiempo de lectura":"3 minutos"},"schema":{"@context":"https:\/\/schema.org","@graph":[{"@type":"WebPage","@id":"https:\/\/innova.campogalego.gal\/es\/agroalimentacion-es\/murcia-acogera-el-foro-datagri-2025-los-dias-12-y-13-de-noviembre.html","url":"https:\/\/innova.campogalego.gal\/es\/agroalimentacion-es\/murcia-acogera-el-foro-datagri-2025-los-dias-12-y-13-de-noviembre.html","name":"Murcia acoger\u00e1 el Foro DATAGRI 2025 los d\u00edas 12 y 13 de noviembre - Innova - Campo Galego","isPartOf":{"@id":"https:\/\/innova.campogalego.gal\/es#website"},"datePublished":"2025-06-13T06:58:10+00:00","dateModified":"2025-06-13T06:58:10+00:00","author":{"@id":"https:\/\/innova.campogalego.gal\/es#\/schema\/person\/6e4b7d6d686e401bec27d34264139b0e"},"breadcrumb":{"@id":"https:\/\/innova.campogalego.gal\/es\/agroalimentacion-es\/murcia-acogera-el-foro-datagri-2025-los-dias-12-y-13-de-noviembre.html#breadcrumb"},"inLanguage":"es","potentialAction":[{"@type":"ReadAction","target":["https:\/\/innova.campogalego.gal\/es\/agroalimentacion-es\/murcia-acogera-el-foro-datagri-2025-los-dias-12-y-13-de-noviembre.html"]}]},{"@type":"BreadcrumbList","@id":"https:\/\/innova.campogalego.gal\/es\/agroalimentacion-es\/murcia-acogera-el-foro-datagri-2025-los-dias-12-y-13-de-noviembre.html#breadcrumb","itemListElement":[{"@type":"ListItem","position":1,"name":"Portada","item":"https:\/\/innova.campogalego.gal\/es"},{"@type":"ListItem","position":2,"name":"Murcia acoger\u00e1 el Foro DATAGRI 2025 los d\u00edas 12 y 13 de noviembre"}]},{"@type":"WebSite","@id":"https:\/\/innova.campogalego.gal\/es#website","url":"https:\/\/innova.campogalego.gal\/es","name":"Innova - Campo Galego","description":"","potentialAction":[{"@type":"SearchAction","target":{"@type":"EntryPoint","urlTemplate":"https:\/\/innova.campogalego.gal\/es?s={search_term_string}"},"query-input":"required name=search_term_string"}],"inLanguage":"es"},{"@type":"Person","@id":"https:\/\/innova.campogalego.gal\/es#\/schema\/person\/6e4b7d6d686e401bec27d34264139b0e","name":"Ines Abelenda","image":{"@type":"ImageObject","inLanguage":"es","@id":"https:\/\/innova.campogalego.gal\/es#\/schema\/person\/image\/","url":"https:\/\/secure.gravatar.com\/avatar\/437a17220ee2261420e7298355a194eb?s=96&d=mm&r=g","contentUrl":"https:\/\/secure.gravatar.com\/avatar\/437a17220ee2261420e7298355a194eb?s=96&d=mm&r=g","caption":"Ines Abelenda"},"url":"https:\/\/innova.campogalego.gal\/es\/author\/ines"}]}},"_links":{"self":[{"href":"https:\/\/innova.campogalego.gal\/es\/wp-json\/wp\/v2\/posts\/6535"}],"collection":[{"href":"https:\/\/innova.campogalego.gal\/es\/wp-json\/wp\/v2\/posts"}],"about":[{"href":"https:\/\/innova.campogalego.gal\/es\/wp-json\/wp\/v2\/types\/post"}],"author":[{"embeddable":true,"href":"https:\/\/innova.campogalego.gal\/es\/wp-json\/wp\/v2\/users\/12"}],"replies":[{"embeddable":true,"href":"https:\/\/innova.campogalego.gal\/es\/wp-json\/wp\/v2\/comments?post=6535"}],"version-history":[{"count":2,"href":"https:\/\/innova.campogalego.gal\/es\/wp-json\/wp\/v2\/posts\/6535\/revisions"}],"predecessor-version":[{"id":6539,"href":"https:\/\/innova.campogalego.gal\/es\/wp-json\/wp\/v2\/posts\/6535\/revisions\/6539"}],"wp:featuredmedia":[{"embeddable":true,"href":"https:\/\/innova.campogalego.gal\/es\/wp-json\/wp\/v2\/media\/6532"}],"wp:attachment":[{"href":"https:\/\/innova.campogalego.gal\/es\/wp-json\/wp\/v2\/media?parent=6535"}],"wp:term":[{"taxonomy":"category","embeddable":true,"href":"https:\/\/innova.campogalego.gal\/es\/wp-json\/wp\/v2\/categories?post=6535"},{"taxonomy":"post_tag","embeddable":true,"href":"https:\/\/innova.campogalego.gal\/es\/wp-json\/wp\/v2\/tags?post=6535"}],"curies":[{"name":"wp","href":"https:\/\/api.w.org\/{rel}","templated":true}]}}