{"id":6544,"date":"2025-06-20T14:16:06","date_gmt":"2025-06-20T12:16:06","guid":{"rendered":"https:\/\/innova.campogalego.gal\/?p=6544"},"modified":"2025-06-20T14:16:06","modified_gmt":"2025-06-20T12:16:06","slug":"la-usc-cospeito-y-moexmu-se-unen-para-impulsar-el-sector-primario-y-la-investigacion","status":"publish","type":"post","link":"https:\/\/innova.campogalego.gal\/es\/campus-terra-es\/la-usc-cospeito-y-moexmu-se-unen-para-impulsar-el-sector-primario-y-la-investigacion.html","title":{"rendered":"La USC, Cospeito y Moexmu se unen para impulsar el sector primario y la investigaci\u00f3n"},"content":{"rendered":"<div id=\"attachment_4617\" style=\"width: 1210px\" class=\"wp-caption aligncenter\"><img aria-describedby=\"caption-attachment-4617\" decoding=\"async\" loading=\"lazy\" class=\"size-full wp-image-4617 lazyload\" src=\"data:image\/gif;base64,R0lGODlhAQABAAAAACH5BAEKAAEALAAAAAABAAEAAAICTAEAOw==\" alt=\"\" width=\"1200\" height=\"800\" sizes=\"(max-width:767px) 480px, (max-width:1200px) 100vw, 1200px\" data-src=\"https:\/\/innova.campogalego.gal\/wp-content\/uploads\/2024\/10\/lugo.jpg\" data-srcset=\"https:\/\/innova.campogalego.gal\/wp-content\/uploads\/2024\/10\/lugo.jpg 1200w, https:\/\/innova.campogalego.gal\/wp-content\/uploads\/2024\/10\/lugo-300x200.jpg 300w, https:\/\/innova.campogalego.gal\/wp-content\/uploads\/2024\/10\/lugo-1024x683.jpg 1024w\"><p id=\"caption-attachment-4617\" class=\"wp-caption-text\">Vista a\u00e9rea do Campus de Lugo. \/ Santi Alvite.<\/p><\/div>\n<p>La Universidad de Santiago de Compostela, el Ayuntamiento de Cospeito y la Asociaci\u00f3n de comerciantes, empresarios, profesionales, ganaderos y aut\u00f3nomos de Muimenta (Moexmu) acaban de firmar un convenio marco que regular\u00e1 la colaboraci\u00f3n entre las tres partes. El objetivo principal es promocionar actividades relacionadas con el sector primario, empresarial, medioambiental, cultural y patrimonial.<\/p>\n<p>El acuerdo, con una duraci\u00f3n de cuatro a\u00f1os, pretende contribuir a la modernizaci\u00f3n del sistema productivo y fomentar el desarrollo de actividades de investigaci\u00f3n, formaci\u00f3n y divulgaci\u00f3n. Tambi\u00e9n se promover\u00e1 el intercambio de experiencias y materiales de inter\u00e9s com\u00fan entre las entidades firmantes.<\/p>\n<p>A trav\u00e9s de este marco, se llevar\u00e1n a cabo proyectos, programas de investigaci\u00f3n y desarrollo y acciones formativas. El convenio contempla tambi\u00e9n el asesoramiento mutuo en relaci\u00f3n con los \u00e1mbitos de actividad de cada entidad y la organizaci\u00f3n de iniciativas conjuntas para fomentar la investigaci\u00f3n y el desarrollo tecnol\u00f3gico.<\/p>\n<p>Otro de los objetivos destacados es incentivar el inter\u00e9s de la infancia por las actividades relacionadas con la promoci\u00f3n del pueblo y de la comarca. El convenio tambi\u00e9n recoge acciones para apoyar la artesan\u00eda, los productos gallegos de calidad y el medio rural en su conjunto.<\/p>\n<p>Asimismo, la formaci\u00f3n espec\u00edfica cobra protagonismo a trav\u00e9s de cursos y charlas informativas destinadas al sector agr\u00edcola y ganadero. Se incluyen tambi\u00e9n demostraciones t\u00e9cnicas e iniciativas para recuperar utensilios agr\u00edcolas tradicionales, entre otros aspectos.<\/p>\n","protected":false},"excerpt":{"rendered":"<p>La Universidad de Santiago de Compostela, el Ayuntamiento de Cospeito y la Asociaci\u00f3n de comerciantes, empresarios, profesionales, ganaderos y aut\u00f3nomos de Muimenta (Moexmu) acaban de firmar<span class=\"excerpt-hellip\"> [\u2026]<\/span><\/p>\n","protected":false},"author":12,"featured_media":4617,"comment_status":"open","ping_status":"open","sticky":false,"template":"","format":"standard","meta":{"footnotes":""},"categories":[92],"tags":[],"acf":[],"yoast_head":"<!-- This site is optimized with the Yoast SEO plugin v21.2 - https:\/\/yoast.com\/wordpress\/plugins\/seo\/ -->\n<title>La USC, Cospeito y Moexmu se unen para impulsar el sector primario y la investigaci\u00f3n - Innova - Campo Galego<\/title>\n<meta name=\"robots\" content=\"index, follow, max-snippet:-1, max-image-preview:large, max-video-preview:-1\" \/>\n<link rel=\"canonical\" href=\"https:\/\/innova.campogalego.gal\/es\/campus-terra-es\/la-usc-cospeito-y-moexmu-se-unen-para-impulsar-el-sector-primario-y-la-investigacion.html\" \/>\n<meta property=\"og:locale\" content=\"es_ES\" \/>\n<meta property=\"og:type\" content=\"article\" \/>\n<meta property=\"og:title\" content=\"La USC, Cospeito y Moexmu se unen para impulsar el sector primario y la investigaci\u00f3n - Innova - Campo Galego\" \/>\n<meta property=\"og:description\" content=\"La Universidad de Santiago de Compostela, el Ayuntamiento de Cospeito y la Asociaci\u00f3n de comerciantes, empresarios, profesionales, ganaderos y aut\u00f3nomos de Muimenta (Moexmu) acaban de firmar [\u2026]\" \/>\n<meta property=\"og:url\" content=\"https:\/\/innova.campogalego.gal\/es\/campus-terra-es\/la-usc-cospeito-y-moexmu-se-unen-para-impulsar-el-sector-primario-y-la-investigacion.html\" \/>\n<meta property=\"og:site_name\" content=\"Innova - Campo Galego\" \/>\n<meta property=\"article:published_time\" content=\"2025-06-20T12:16:06+00:00\" \/>\n<meta property=\"og:image\" content=\"https:\/\/innova.campogalego.gal\/wp-content\/uploads\/2024\/10\/lugo.jpg\" \/>\n\t<meta property=\"og:image:width\" content=\"1200\" \/>\n\t<meta property=\"og:image:height\" content=\"800\" \/>\n\t<meta property=\"og:image:type\" content=\"image\/jpeg\" \/>\n<meta name=\"author\" content=\"Ines Abelenda\" \/>\n<meta name=\"twitter:card\" content=\"summary_large_image\" \/>\n<meta name=\"twitter:label1\" content=\"Escrito por\" \/>\n\t<meta name=\"twitter:data1\" content=\"Ines Abelenda\" \/>\n\t<meta name=\"twitter:label2\" content=\"Tiempo de lectura\" \/>\n\t<meta name=\"twitter:data2\" content=\"2 minutos\" \/>\n<script type=\"application\/ld+json\" class=\"yoast-schema-graph\">{\"@context\":\"https:\/\/schema.org\",\"@graph\":[{\"@type\":\"WebPage\",\"@id\":\"https:\/\/innova.campogalego.gal\/es\/campus-terra-es\/la-usc-cospeito-y-moexmu-se-unen-para-impulsar-el-sector-primario-y-la-investigacion.html\",\"url\":\"https:\/\/innova.campogalego.gal\/es\/campus-terra-es\/la-usc-cospeito-y-moexmu-se-unen-para-impulsar-el-sector-primario-y-la-investigacion.html\",\"name\":\"La USC, Cospeito y Moexmu se unen para impulsar el sector primario y la investigaci\u00f3n - Innova - Campo Galego\",\"isPartOf\":{\"@id\":\"https:\/\/innova.campogalego.gal\/es#website\"},\"datePublished\":\"2025-06-20T12:16:06+00:00\",\"dateModified\":\"2025-06-20T12:16:06+00:00\",\"author\":{\"@id\":\"https:\/\/innova.campogalego.gal\/es#\/schema\/person\/6e4b7d6d686e401bec27d34264139b0e\"},\"breadcrumb\":{\"@id\":\"https:\/\/innova.campogalego.gal\/es\/campus-terra-es\/la-usc-cospeito-y-moexmu-se-unen-para-impulsar-el-sector-primario-y-la-investigacion.html#breadcrumb\"},\"inLanguage\":\"es\",\"potentialAction\":[{\"@type\":\"ReadAction\",\"target\":[\"https:\/\/innova.campogalego.gal\/es\/campus-terra-es\/la-usc-cospeito-y-moexmu-se-unen-para-impulsar-el-sector-primario-y-la-investigacion.html\"]}]},{\"@type\":\"BreadcrumbList\",\"@id\":\"https:\/\/innova.campogalego.gal\/es\/campus-terra-es\/la-usc-cospeito-y-moexmu-se-unen-para-impulsar-el-sector-primario-y-la-investigacion.html#breadcrumb\",\"itemListElement\":[{\"@type\":\"ListItem\",\"position\":1,\"name\":\"Portada\",\"item\":\"https:\/\/innova.campogalego.gal\/es\"},{\"@type\":\"ListItem\",\"position\":2,\"name\":\"La USC, Cospeito y Moexmu se unen para impulsar el sector primario y la investigaci\u00f3n\"}]},{\"@type\":\"WebSite\",\"@id\":\"https:\/\/innova.campogalego.gal\/es#website\",\"url\":\"https:\/\/innova.campogalego.gal\/es\",\"name\":\"Innova - Campo Galego\",\"description\":\"\",\"potentialAction\":[{\"@type\":\"SearchAction\",\"target\":{\"@type\":\"EntryPoint\",\"urlTemplate\":\"https:\/\/innova.campogalego.gal\/es?s={search_term_string}\"},\"query-input\":\"required name=search_term_string\"}],\"inLanguage\":\"es\"},{\"@type\":\"Person\",\"@id\":\"https:\/\/innova.campogalego.gal\/es#\/schema\/person\/6e4b7d6d686e401bec27d34264139b0e\",\"name\":\"Ines Abelenda\",\"image\":{\"@type\":\"ImageObject\",\"inLanguage\":\"es\",\"@id\":\"https:\/\/innova.campogalego.gal\/es#\/schema\/person\/image\/\",\"url\":\"https:\/\/secure.gravatar.com\/avatar\/437a17220ee2261420e7298355a194eb?s=96&d=mm&r=g\",\"contentUrl\":\"https:\/\/secure.gravatar.com\/avatar\/437a17220ee2261420e7298355a194eb?s=96&d=mm&r=g\",\"caption\":\"Ines Abelenda\"},\"url\":\"https:\/\/innova.campogalego.gal\/es\/author\/ines\"}]}<\/script>\n<!-- \/ Yoast SEO plugin. -->","yoast_head_json":{"title":"La USC, Cospeito y Moexmu se unen para impulsar el sector primario y la investigaci\u00f3n - Innova - Campo Galego","robots":{"index":"index","follow":"follow","max-snippet":"max-snippet:-1","max-image-preview":"max-image-preview:large","max-video-preview":"max-video-preview:-1"},"canonical":"https:\/\/innova.campogalego.gal\/es\/campus-terra-es\/la-usc-cospeito-y-moexmu-se-unen-para-impulsar-el-sector-primario-y-la-investigacion.html","og_locale":"es_ES","og_type":"article","og_title":"La USC, Cospeito y Moexmu se unen para impulsar el sector primario y la investigaci\u00f3n - Innova - Campo Galego","og_description":"La Universidad de Santiago de Compostela, el Ayuntamiento de Cospeito y la Asociaci\u00f3n de comerciantes, empresarios, profesionales, ganaderos y aut\u00f3nomos de Muimenta (Moexmu) acaban de firmar [\u2026]","og_url":"https:\/\/innova.campogalego.gal\/es\/campus-terra-es\/la-usc-cospeito-y-moexmu-se-unen-para-impulsar-el-sector-primario-y-la-investigacion.html","og_site_name":"Innova - Campo Galego","article_published_time":"2025-06-20T12:16:06+00:00","og_image":[{"width":1200,"height":800,"url":"https:\/\/innova.campogalego.gal\/wp-content\/uploads\/2024\/10\/lugo.jpg","type":"image\/jpeg"}],"author":"Ines Abelenda","twitter_card":"summary_large_image","twitter_misc":{"Escrito por":"Ines Abelenda","Tiempo de lectura":"2 minutos"},"schema":{"@context":"https:\/\/schema.org","@graph":[{"@type":"WebPage","@id":"https:\/\/innova.campogalego.gal\/es\/campus-terra-es\/la-usc-cospeito-y-moexmu-se-unen-para-impulsar-el-sector-primario-y-la-investigacion.html","url":"https:\/\/innova.campogalego.gal\/es\/campus-terra-es\/la-usc-cospeito-y-moexmu-se-unen-para-impulsar-el-sector-primario-y-la-investigacion.html","name":"La USC, Cospeito y Moexmu se unen para impulsar el sector primario y la investigaci\u00f3n - Innova - Campo Galego","isPartOf":{"@id":"https:\/\/innova.campogalego.gal\/es#website"},"datePublished":"2025-06-20T12:16:06+00:00","dateModified":"2025-06-20T12:16:06+00:00","author":{"@id":"https:\/\/innova.campogalego.gal\/es#\/schema\/person\/6e4b7d6d686e401bec27d34264139b0e"},"breadcrumb":{"@id":"https:\/\/innova.campogalego.gal\/es\/campus-terra-es\/la-usc-cospeito-y-moexmu-se-unen-para-impulsar-el-sector-primario-y-la-investigacion.html#breadcrumb"},"inLanguage":"es","potentialAction":[{"@type":"ReadAction","target":["https:\/\/innova.campogalego.gal\/es\/campus-terra-es\/la-usc-cospeito-y-moexmu-se-unen-para-impulsar-el-sector-primario-y-la-investigacion.html"]}]},{"@type":"BreadcrumbList","@id":"https:\/\/innova.campogalego.gal\/es\/campus-terra-es\/la-usc-cospeito-y-moexmu-se-unen-para-impulsar-el-sector-primario-y-la-investigacion.html#breadcrumb","itemListElement":[{"@type":"ListItem","position":1,"name":"Portada","item":"https:\/\/innova.campogalego.gal\/es"},{"@type":"ListItem","position":2,"name":"La USC, Cospeito y Moexmu se unen para impulsar el sector primario y la investigaci\u00f3n"}]},{"@type":"WebSite","@id":"https:\/\/innova.campogalego.gal\/es#website","url":"https:\/\/innova.campogalego.gal\/es","name":"Innova - Campo Galego","description":"","potentialAction":[{"@type":"SearchAction","target":{"@type":"EntryPoint","urlTemplate":"https:\/\/innova.campogalego.gal\/es?s={search_term_string}"},"query-input":"required name=search_term_string"}],"inLanguage":"es"},{"@type":"Person","@id":"https:\/\/innova.campogalego.gal\/es#\/schema\/person\/6e4b7d6d686e401bec27d34264139b0e","name":"Ines Abelenda","image":{"@type":"ImageObject","inLanguage":"es","@id":"https:\/\/innova.campogalego.gal\/es#\/schema\/person\/image\/","url":"https:\/\/secure.gravatar.com\/avatar\/437a17220ee2261420e7298355a194eb?s=96&d=mm&r=g","contentUrl":"https:\/\/secure.gravatar.com\/avatar\/437a17220ee2261420e7298355a194eb?s=96&d=mm&r=g","caption":"Ines Abelenda"},"url":"https:\/\/innova.campogalego.gal\/es\/author\/ines"}]}},"_links":{"self":[{"href":"https:\/\/innova.campogalego.gal\/es\/wp-json\/wp\/v2\/posts\/6544"}],"collection":[{"href":"https:\/\/innova.campogalego.gal\/es\/wp-json\/wp\/v2\/posts"}],"about":[{"href":"https:\/\/innova.campogalego.gal\/es\/wp-json\/wp\/v2\/types\/post"}],"author":[{"embeddable":true,"href":"https:\/\/innova.campogalego.gal\/es\/wp-json\/wp\/v2\/users\/12"}],"replies":[{"embeddable":true,"href":"https:\/\/innova.campogalego.gal\/es\/wp-json\/wp\/v2\/comments?post=6544"}],"version-history":[{"count":2,"href":"https:\/\/innova.campogalego.gal\/es\/wp-json\/wp\/v2\/posts\/6544\/revisions"}],"predecessor-version":[{"id":6549,"href":"https:\/\/innova.campogalego.gal\/es\/wp-json\/wp\/v2\/posts\/6544\/revisions\/6549"}],"wp:featuredmedia":[{"embeddable":true,"href":"https:\/\/innova.campogalego.gal\/es\/wp-json\/wp\/v2\/media\/4617"}],"wp:attachment":[{"href":"https:\/\/innova.campogalego.gal\/es\/wp-json\/wp\/v2\/media?parent=6544"}],"wp:term":[{"taxonomy":"category","embeddable":true,"href":"https:\/\/innova.campogalego.gal\/es\/wp-json\/wp\/v2\/categories?post=6544"},{"taxonomy":"post_tag","embeddable":true,"href":"https:\/\/innova.campogalego.gal\/es\/wp-json\/wp\/v2\/tags?post=6544"}],"curies":[{"name":"wp","href":"https:\/\/api.w.org\/{rel}","templated":true}]}}