{"id":6722,"date":"2025-09-12T10:31:19","date_gmt":"2025-09-12T08:31:19","guid":{"rendered":"https:\/\/innova.campogalego.gal\/?p=6722"},"modified":"2025-09-12T10:31:19","modified_gmt":"2025-09-12T08:31:19","slug":"la-vega-innova-impulsa-la-digitalizacion-agroalimentaria-con-nuevas-actividades-formativas","status":"publish","type":"post","link":"https:\/\/innova.campogalego.gal\/es\/agricultura-es\/la-vega-innova-impulsa-la-digitalizacion-agroalimentaria-con-nuevas-actividades-formativas.html","title":{"rendered":"La Vega Innova impulsa la digitalizaci\u00f3n agroalimentaria con nuevas actividades formativas"},"content":{"rendered":"<div id=\"attachment_2475\" style=\"width: 1210px\" class=\"wp-caption aligncenter\"><img aria-describedby=\"caption-attachment-2475\" decoding=\"async\" loading=\"lazy\" class=\"size-full wp-image-2475 lazyload\" src=\"data:image\/gif;base64,R0lGODlhAQABAAAAACH5BAEKAAEALAAAAAABAAEAAAICTAEAOw==\" alt=\"\" width=\"1200\" height=\"800\" sizes=\"(max-width:767px) 480px, (max-width:1200px) 100vw, 1200px\" data-src=\"https:\/\/innova.campogalego.gal\/wp-content\/uploads\/2023\/12\/TECNOLOXIA-MODERNIZACION-CULTIVO-DIXITALIZACION-1.jpg\" data-srcset=\"https:\/\/innova.campogalego.gal\/wp-content\/uploads\/2023\/12\/TECNOLOXIA-MODERNIZACION-CULTIVO-DIXITALIZACION-1.jpg 1200w, https:\/\/innova.campogalego.gal\/wp-content\/uploads\/2023\/12\/TECNOLOXIA-MODERNIZACION-CULTIVO-DIXITALIZACION-1-300x200.jpg 300w, https:\/\/innova.campogalego.gal\/wp-content\/uploads\/2023\/12\/TECNOLOXIA-MODERNIZACION-CULTIVO-DIXITALIZACION-1-1024x683.jpg 1024w\"><p id=\"caption-attachment-2475\" class=\"wp-caption-text\">Imagen de archivo.<\/p><\/div>\n<p>El Ministerio de Agricultura, Pesca y Alimentaci\u00f3n, a trav\u00e9s de su nodo de innovaci\u00f3n La Vega Innova, ha lanzado una nueva agenda de actividades formativas gratuitas dirigidas al sector agroalimentario.<\/p>\n<p>Desde este mes de septiembre, el hub mantiene su compromiso de impulsar la digitalizaci\u00f3n del sector AgrifoodTech mediante formaci\u00f3n especializada, experimentaci\u00f3n tecnol\u00f3gica y la resoluci\u00f3n de retos reales.<\/p>\n<p>El objetivo es facilitar un espacio en el que empresas, startups, investigadores y t\u00e9cnicos puedan colaborar para desarrollar soluciones inteligentes y sostenibles.<\/p>\n<p>Una de las actividades, del 22 al 25 de septiembre, es el curso <a href=\"https:\/\/lavegainnova.es\/formacion-instalaciones-solares-fotovoltaicas-agricolas\/\" target=\"_blank\" rel=\"noopener\">\u201cInstalaciones Agrivoltaicas\u201d<\/a>, con inscripciones abiertas hasta el 16 de septiembre. La formaci\u00f3n est\u00e1 dirigida a profesionales del sector agrario y energ\u00e9tico, a estudiantes y agricultores interesados en aplicar soluciones sostenibles de abastecimiento energ\u00e9tico a trav\u00e9s de sistemas solares fotovoltaicos.<\/p>\n<p>Dentro del cat\u00e1logo de servicios de La Vega Innova destaca el <a href=\"https:\/\/lavegainnova.es\/emprendimiento\/\" target=\"_blank\" rel=\"noopener\">programa de incubaci\u00f3n y aceleraci\u00f3n de startups<\/a>. Esta convocatoria, abierta hasta el 12 de septiembre, ofrece un itinerario que abarca desde la fase de idea hasta la llegada al mercado.<\/p>\n<p>Durante el proceso, los participantes cuentan con mentor\u00eda de expertos en agro y tecnolog\u00eda, acceso a financiaci\u00f3n, conexiones estrat\u00e9gicas en la industria y un entorno de apoyo para fomentar la innovaci\u00f3n sostenible.<\/p>\n<p>La agenda formativa tambi\u00e9n incorpora actividades en l\u00ednea y presenciales de car\u00e1cter t\u00e9cnico y pr\u00e1ctico. Entre ellas figura el curso <a href=\"https:\/\/lavegainnova.es\/introduccion-a-espacios-de-datos-y-aplicacion-en-el-sector-agrifoodtech\/\" target=\"_blank\" rel=\"noopener\">\u201cIntroducci\u00f3n a Espacios de Datos y aplicaci\u00f3n en el sector AgriFoodTech\u201d.<\/a><\/p>\n<p>Esta formaci\u00f3n, que se celebrar\u00e1 el 11 de septiembre con inscripciones disponibles hasta el d\u00eda 9, ofrece una visi\u00f3n completa de los espacios de datos, sus beneficios y retos, con especial atenci\u00f3n al contexto agroalimentario.<\/p>\n<p>El 10 de septiembre tendr\u00e1 lugar el webinar<a href=\"https:\/\/events.teams.microsoft.com\/event\/990b7fa1-da46-49d4-bc31-97dd37e7935b@2ba43f72-f52f-426d-b76b-0a1416b88b92\" target=\"_blank\" rel=\"noopener\"> \u201cPiloto estimaci\u00f3n de rendimiento\u201d<\/a>, en el que se presentar\u00e1n los avances del sistema desarrollado por La Vega Innova para optimizar cultivos mediante algoritmos de inteligencia artificial. Esta sesi\u00f3n explorar\u00e1 el potencial del Big Data y el Machine Learning en la mejora del rendimiento agr\u00edcola.<\/p>\n<p>La agenda de La Vega Innova se completa con la participaci\u00f3n en ferias y eventos de referencia del sector. Entre ellos destacan Al Andalus Innovation Venture, Fruit Attraction 2025, Expo AgriTech 2025, el VIII Foro Datagri y Expo Sagris 2025, todos centrados en dar visibilidad a la innovaci\u00f3n y la transformaci\u00f3n digital en el \u00e1mbito agropecuario.<\/p>\n","protected":false},"excerpt":{"rendered":"<p>El Ministerio de Agricultura, Pesca y Alimentaci\u00f3n, a trav\u00e9s de su nodo de innovaci\u00f3n La Vega Innova, ha lanzado una nueva agenda de actividades formativas gratuitas<span class=\"excerpt-hellip\"> [\u2026]<\/span><\/p>\n","protected":false},"author":12,"featured_media":2475,"comment_status":"open","ping_status":"open","sticky":false,"template":"","format":"standard","meta":{"footnotes":""},"categories":[86],"tags":[],"acf":[],"yoast_head":"<!-- This site is optimized with the Yoast SEO plugin v21.2 - https:\/\/yoast.com\/wordpress\/plugins\/seo\/ -->\n<title>La Vega Innova impulsa la digitalizaci\u00f3n agroalimentaria con nuevas actividades formativas - Innova - Campo Galego<\/title>\n<meta name=\"robots\" content=\"index, follow, max-snippet:-1, max-image-preview:large, max-video-preview:-1\" \/>\n<link rel=\"canonical\" href=\"https:\/\/innova.campogalego.gal\/es\/agricultura-es\/la-vega-innova-impulsa-la-digitalizacion-agroalimentaria-con-nuevas-actividades-formativas.html\" \/>\n<meta property=\"og:locale\" content=\"es_ES\" \/>\n<meta property=\"og:type\" content=\"article\" \/>\n<meta property=\"og:title\" content=\"La Vega Innova impulsa la digitalizaci\u00f3n agroalimentaria con nuevas actividades formativas - Innova - Campo Galego\" \/>\n<meta property=\"og:description\" content=\"El Ministerio de Agricultura, Pesca y Alimentaci\u00f3n, a trav\u00e9s de su nodo de innovaci\u00f3n La Vega Innova, ha lanzado una nueva agenda de actividades formativas gratuitas [\u2026]\" \/>\n<meta property=\"og:url\" content=\"https:\/\/innova.campogalego.gal\/es\/agricultura-es\/la-vega-innova-impulsa-la-digitalizacion-agroalimentaria-con-nuevas-actividades-formativas.html\" \/>\n<meta property=\"og:site_name\" content=\"Innova - Campo Galego\" \/>\n<meta property=\"article:published_time\" content=\"2025-09-12T08:31:19+00:00\" \/>\n<meta property=\"og:image\" content=\"https:\/\/innova.campogalego.gal\/wp-content\/uploads\/2023\/12\/TECNOLOXIA-MODERNIZACION-CULTIVO-DIXITALIZACION-1.jpg\" \/>\n\t<meta property=\"og:image:width\" content=\"1200\" \/>\n\t<meta property=\"og:image:height\" content=\"800\" \/>\n\t<meta property=\"og:image:type\" content=\"image\/jpeg\" \/>\n<meta name=\"author\" content=\"Ines Abelenda\" \/>\n<meta name=\"twitter:card\" content=\"summary_large_image\" \/>\n<meta name=\"twitter:label1\" content=\"Escrito por\" \/>\n\t<meta name=\"twitter:data1\" content=\"Ines Abelenda\" \/>\n\t<meta name=\"twitter:label2\" content=\"Tiempo de lectura\" \/>\n\t<meta name=\"twitter:data2\" content=\"3 minutos\" \/>\n<script type=\"application\/ld+json\" class=\"yoast-schema-graph\">{\"@context\":\"https:\/\/schema.org\",\"@graph\":[{\"@type\":\"WebPage\",\"@id\":\"https:\/\/innova.campogalego.gal\/es\/agricultura-es\/la-vega-innova-impulsa-la-digitalizacion-agroalimentaria-con-nuevas-actividades-formativas.html\",\"url\":\"https:\/\/innova.campogalego.gal\/es\/agricultura-es\/la-vega-innova-impulsa-la-digitalizacion-agroalimentaria-con-nuevas-actividades-formativas.html\",\"name\":\"La Vega Innova impulsa la digitalizaci\u00f3n agroalimentaria con nuevas actividades formativas - Innova - Campo Galego\",\"isPartOf\":{\"@id\":\"https:\/\/innova.campogalego.gal\/es#website\"},\"datePublished\":\"2025-09-12T08:31:19+00:00\",\"dateModified\":\"2025-09-12T08:31:19+00:00\",\"author\":{\"@id\":\"https:\/\/innova.campogalego.gal\/es#\/schema\/person\/6e4b7d6d686e401bec27d34264139b0e\"},\"breadcrumb\":{\"@id\":\"https:\/\/innova.campogalego.gal\/es\/agricultura-es\/la-vega-innova-impulsa-la-digitalizacion-agroalimentaria-con-nuevas-actividades-formativas.html#breadcrumb\"},\"inLanguage\":\"es\",\"potentialAction\":[{\"@type\":\"ReadAction\",\"target\":[\"https:\/\/innova.campogalego.gal\/es\/agricultura-es\/la-vega-innova-impulsa-la-digitalizacion-agroalimentaria-con-nuevas-actividades-formativas.html\"]}]},{\"@type\":\"BreadcrumbList\",\"@id\":\"https:\/\/innova.campogalego.gal\/es\/agricultura-es\/la-vega-innova-impulsa-la-digitalizacion-agroalimentaria-con-nuevas-actividades-formativas.html#breadcrumb\",\"itemListElement\":[{\"@type\":\"ListItem\",\"position\":1,\"name\":\"Portada\",\"item\":\"https:\/\/innova.campogalego.gal\/es\"},{\"@type\":\"ListItem\",\"position\":2,\"name\":\"La Vega Innova impulsa la digitalizaci\u00f3n agroalimentaria con nuevas actividades formativas\"}]},{\"@type\":\"WebSite\",\"@id\":\"https:\/\/innova.campogalego.gal\/es#website\",\"url\":\"https:\/\/innova.campogalego.gal\/es\",\"name\":\"Innova - Campo Galego\",\"description\":\"\",\"potentialAction\":[{\"@type\":\"SearchAction\",\"target\":{\"@type\":\"EntryPoint\",\"urlTemplate\":\"https:\/\/innova.campogalego.gal\/es?s={search_term_string}\"},\"query-input\":\"required name=search_term_string\"}],\"inLanguage\":\"es\"},{\"@type\":\"Person\",\"@id\":\"https:\/\/innova.campogalego.gal\/es#\/schema\/person\/6e4b7d6d686e401bec27d34264139b0e\",\"name\":\"Ines Abelenda\",\"image\":{\"@type\":\"ImageObject\",\"inLanguage\":\"es\",\"@id\":\"https:\/\/innova.campogalego.gal\/es#\/schema\/person\/image\/\",\"url\":\"https:\/\/secure.gravatar.com\/avatar\/437a17220ee2261420e7298355a194eb?s=96&d=mm&r=g\",\"contentUrl\":\"https:\/\/secure.gravatar.com\/avatar\/437a17220ee2261420e7298355a194eb?s=96&d=mm&r=g\",\"caption\":\"Ines Abelenda\"},\"url\":\"https:\/\/innova.campogalego.gal\/es\/author\/ines\"}]}<\/script>\n<!-- \/ Yoast SEO plugin. -->","yoast_head_json":{"title":"La Vega Innova impulsa la digitalizaci\u00f3n agroalimentaria con nuevas actividades formativas - Innova - Campo Galego","robots":{"index":"index","follow":"follow","max-snippet":"max-snippet:-1","max-image-preview":"max-image-preview:large","max-video-preview":"max-video-preview:-1"},"canonical":"https:\/\/innova.campogalego.gal\/es\/agricultura-es\/la-vega-innova-impulsa-la-digitalizacion-agroalimentaria-con-nuevas-actividades-formativas.html","og_locale":"es_ES","og_type":"article","og_title":"La Vega Innova impulsa la digitalizaci\u00f3n agroalimentaria con nuevas actividades formativas - Innova - Campo Galego","og_description":"El Ministerio de Agricultura, Pesca y Alimentaci\u00f3n, a trav\u00e9s de su nodo de innovaci\u00f3n La Vega Innova, ha lanzado una nueva agenda de actividades formativas gratuitas [\u2026]","og_url":"https:\/\/innova.campogalego.gal\/es\/agricultura-es\/la-vega-innova-impulsa-la-digitalizacion-agroalimentaria-con-nuevas-actividades-formativas.html","og_site_name":"Innova - Campo Galego","article_published_time":"2025-09-12T08:31:19+00:00","og_image":[{"width":1200,"height":800,"url":"https:\/\/innova.campogalego.gal\/wp-content\/uploads\/2023\/12\/TECNOLOXIA-MODERNIZACION-CULTIVO-DIXITALIZACION-1.jpg","type":"image\/jpeg"}],"author":"Ines Abelenda","twitter_card":"summary_large_image","twitter_misc":{"Escrito por":"Ines Abelenda","Tiempo de lectura":"3 minutos"},"schema":{"@context":"https:\/\/schema.org","@graph":[{"@type":"WebPage","@id":"https:\/\/innova.campogalego.gal\/es\/agricultura-es\/la-vega-innova-impulsa-la-digitalizacion-agroalimentaria-con-nuevas-actividades-formativas.html","url":"https:\/\/innova.campogalego.gal\/es\/agricultura-es\/la-vega-innova-impulsa-la-digitalizacion-agroalimentaria-con-nuevas-actividades-formativas.html","name":"La Vega Innova impulsa la digitalizaci\u00f3n agroalimentaria con nuevas actividades formativas - Innova - Campo Galego","isPartOf":{"@id":"https:\/\/innova.campogalego.gal\/es#website"},"datePublished":"2025-09-12T08:31:19+00:00","dateModified":"2025-09-12T08:31:19+00:00","author":{"@id":"https:\/\/innova.campogalego.gal\/es#\/schema\/person\/6e4b7d6d686e401bec27d34264139b0e"},"breadcrumb":{"@id":"https:\/\/innova.campogalego.gal\/es\/agricultura-es\/la-vega-innova-impulsa-la-digitalizacion-agroalimentaria-con-nuevas-actividades-formativas.html#breadcrumb"},"inLanguage":"es","potentialAction":[{"@type":"ReadAction","target":["https:\/\/innova.campogalego.gal\/es\/agricultura-es\/la-vega-innova-impulsa-la-digitalizacion-agroalimentaria-con-nuevas-actividades-formativas.html"]}]},{"@type":"BreadcrumbList","@id":"https:\/\/innova.campogalego.gal\/es\/agricultura-es\/la-vega-innova-impulsa-la-digitalizacion-agroalimentaria-con-nuevas-actividades-formativas.html#breadcrumb","itemListElement":[{"@type":"ListItem","position":1,"name":"Portada","item":"https:\/\/innova.campogalego.gal\/es"},{"@type":"ListItem","position":2,"name":"La Vega Innova impulsa la digitalizaci\u00f3n agroalimentaria con nuevas actividades formativas"}]},{"@type":"WebSite","@id":"https:\/\/innova.campogalego.gal\/es#website","url":"https:\/\/innova.campogalego.gal\/es","name":"Innova - Campo Galego","description":"","potentialAction":[{"@type":"SearchAction","target":{"@type":"EntryPoint","urlTemplate":"https:\/\/innova.campogalego.gal\/es?s={search_term_string}"},"query-input":"required name=search_term_string"}],"inLanguage":"es"},{"@type":"Person","@id":"https:\/\/innova.campogalego.gal\/es#\/schema\/person\/6e4b7d6d686e401bec27d34264139b0e","name":"Ines Abelenda","image":{"@type":"ImageObject","inLanguage":"es","@id":"https:\/\/innova.campogalego.gal\/es#\/schema\/person\/image\/","url":"https:\/\/secure.gravatar.com\/avatar\/437a17220ee2261420e7298355a194eb?s=96&d=mm&r=g","contentUrl":"https:\/\/secure.gravatar.com\/avatar\/437a17220ee2261420e7298355a194eb?s=96&d=mm&r=g","caption":"Ines Abelenda"},"url":"https:\/\/innova.campogalego.gal\/es\/author\/ines"}]}},"_links":{"self":[{"href":"https:\/\/innova.campogalego.gal\/es\/wp-json\/wp\/v2\/posts\/6722"}],"collection":[{"href":"https:\/\/innova.campogalego.gal\/es\/wp-json\/wp\/v2\/posts"}],"about":[{"href":"https:\/\/innova.campogalego.gal\/es\/wp-json\/wp\/v2\/types\/post"}],"author":[{"embeddable":true,"href":"https:\/\/innova.campogalego.gal\/es\/wp-json\/wp\/v2\/users\/12"}],"replies":[{"embeddable":true,"href":"https:\/\/innova.campogalego.gal\/es\/wp-json\/wp\/v2\/comments?post=6722"}],"version-history":[{"count":2,"href":"https:\/\/innova.campogalego.gal\/es\/wp-json\/wp\/v2\/posts\/6722\/revisions"}],"predecessor-version":[{"id":6728,"href":"https:\/\/innova.campogalego.gal\/es\/wp-json\/wp\/v2\/posts\/6722\/revisions\/6728"}],"wp:featuredmedia":[{"embeddable":true,"href":"https:\/\/innova.campogalego.gal\/es\/wp-json\/wp\/v2\/media\/2475"}],"wp:attachment":[{"href":"https:\/\/innova.campogalego.gal\/es\/wp-json\/wp\/v2\/media?parent=6722"}],"wp:term":[{"taxonomy":"category","embeddable":true,"href":"https:\/\/innova.campogalego.gal\/es\/wp-json\/wp\/v2\/categories?post=6722"},{"taxonomy":"post_tag","embeddable":true,"href":"https:\/\/innova.campogalego.gal\/es\/wp-json\/wp\/v2\/tags?post=6722"}],"curies":[{"name":"wp","href":"https:\/\/api.w.org\/{rel}","templated":true}]}}